{"id":10719,"date":"2025-03-02T00:55:00","date_gmt":"2025-03-02T06:55:00","guid":{"rendered":"https:\/\/sanluisinforma.com\/?p=10719"},"modified":"2025-03-01T20:15:23","modified_gmt":"2025-03-02T02:15:23","slug":"gestion-de-ricardo-gallardo-fortalece-conexion-aerea-de-slp","status":"publish","type":"post","link":"https:\/\/sanluisinforma.com\/?p=10719","title":{"rendered":"Gesti\u00f3n de Ricardo Gallardo fortalece conexi\u00f3n A\u00e9rea de SLP"},"content":{"rendered":"\n<p><\/p>\n\n\n\n<p>Aerus, TAR, Aerom\u00e9xico, Delta y Volaris ampl\u00edan sus operaciones con nuevas&nbsp; rutas nacionales e internacionales este 2025<\/p>\n\n\n\n<p>Para seguir fortaleciendo la conectividad a nivel mundial y llevar m\u00e1s apoyo a las y los potosinos, el Gobernador del Estado, Ricardo Gallardo Cardona, ha impulsado estrategias de gesti\u00f3n para la apertura de nuevas rutas a\u00e9reas de las empresas, Aerus, TAR, Aerom\u00e9xico, Delta y Volaris, tanto nacionales como internacionales, que apuntalan a la entidad como punto clave para el desarrollo econ\u00f3mico y tur\u00edstico de la regi\u00f3n.<\/p>\n\n\n\n<p>El Mandatario Estatal destac\u00f3 que las rutas gestionadas por la actual administraci\u00f3n brindan m\u00e1s apoyo a las familias potosinas con una mejor movilidad, la atracci\u00f3n de inversiones extranjeras y consolidar a San Luis Potos\u00ed como nuevo polo tur\u00edstico de M\u00e9xico, que contribuye al desarrollo integral de las y los potosinos de las cuatro regiones.<\/p>\n\n\n\n<p>El Gobernador Ricardo Gallardo, mencion\u00f3 que entre las nuevas rutas destacan el reciente anuncio de la empresa Aerus que lanzar\u00e1 su primera conexi\u00f3n directa con la Ciudad de M\u00e9xico, a partir del 10 de marzo, adem\u00e1s de aumentar a 17 vuelos semanales la ruta a Monterrey.<\/p>\n\n\n\n<p>Por su parte el titular de la Secretar\u00eda de Desarrollo Econ\u00f3mico (Sedeco), Jes\u00fas Salvador Gonz\u00e1lez Mart\u00ednez, detall\u00f3 que TAR Aerol\u00edneas tambi\u00e9n sum\u00f3 dos nuevas conexiones hacia Monterrey y Quer\u00e9taro el 24 de febrero; Aerom\u00e9xico y Delta Airlines abrir\u00e1n la ruta San Luis Potos\u00ed &#8211; Atlanta, con vuelos diarios a partir del 5 de junio, mientras que Volaris operar\u00e1 tres rutas internacionales hacia Dallas-Fort Worth, Houston y San Antonio, Texas, iniciando el 4 de julio.<\/p>\n\n\n\n<p>Finalmente, el funcionario estatal agreg\u00f3 que el crecimiento de la oferta a\u00e9rea \u201ces una muestra clara del trabajo realizado para posicionar a la entidad como un referente en desarrollo econ\u00f3mico y conectividad.<\/p>\n","protected":false},"excerpt":{"rendered":"<p>Aerus, TAR, Aerom\u00e9xico, Delta y Volaris ampl\u00edan sus operaciones con nuevas&nbsp; rutas nacionales e internacionales este 2025 Para seguir fortaleciendo<\/p>\n","protected":false},"author":2,"featured_media":10713,"comment_status":"closed","ping_status":"closed","sticky":false,"template":"","format":"standard","meta":{"footnotes":""},"categories":[25,30],"tags":[],"class_list":["post-10719","post","type-post","status-publish","format-standard","has-post-thumbnail","hentry","category-local","category-portada"],"yoast_head":"<!-- This site is optimized with the Yoast SEO plugin v24.1 - https:\/\/yoast.com\/wordpress\/plugins\/seo\/ -->\n<title>Gesti\u00f3n de Ricardo Gallardo fortalece conexi\u00f3n A\u00e9rea de SLP - sanluisinforma.com<\/title>\n<meta name=\"robots\" content=\"index, follow, max-snippet:-1, max-image-preview:large, max-video-preview:-1\" \/>\n<link rel=\"canonical\" href=\"https:\/\/sanluisinforma.com\/?p=10719\" \/>\n<meta property=\"og:locale\" content=\"es_MX\" \/>\n<meta property=\"og:type\" content=\"article\" \/>\n<meta property=\"og:title\" content=\"Gesti\u00f3n de Ricardo Gallardo fortalece conexi\u00f3n A\u00e9rea de SLP - sanluisinforma.com\" \/>\n<meta property=\"og:description\" content=\"Aerus, TAR, Aerom\u00e9xico, Delta y Volaris ampl\u00edan sus operaciones con nuevas&nbsp; rutas nacionales e internacionales este 2025 Para seguir fortaleciendo\" \/>\n<meta property=\"og:url\" content=\"https:\/\/sanluisinforma.com\/?p=10719\" \/>\n<meta property=\"og:site_name\" content=\"sanluisinforma.com\" \/>\n<meta property=\"article:published_time\" content=\"2025-03-02T06:55:00+00:00\" \/>\n<meta property=\"article:modified_time\" content=\"2025-03-02T02:15:23+00:00\" \/>\n<meta property=\"og:image\" content=\"https:\/\/sanluisinforma.com\/wp-content\/uploads\/2025\/03\/59d662cd-0c55-4619-81e6-e23c30e65e11.jpg\" \/>\n\t<meta property=\"og:image:width\" content=\"480\" \/>\n\t<meta property=\"og:image:height\" content=\"287\" \/>\n\t<meta property=\"og:image:type\" content=\"image\/jpeg\" \/>\n<meta name=\"author\" content=\"sanluisinforma.com\" \/>\n<meta name=\"twitter:card\" content=\"summary_large_image\" \/>\n<meta name=\"twitter:label1\" content=\"Escrito por\" \/>\n\t<meta name=\"twitter:data1\" content=\"sanluisinforma.com\" \/>\n\t<meta name=\"twitter:label2\" content=\"Tiempo de lectura\" \/>\n\t<meta name=\"twitter:data2\" content=\"2 minutos\" \/>\n<script type=\"application\/ld+json\" class=\"yoast-schema-graph\">{\"@context\":\"https:\/\/schema.org\",\"@graph\":[{\"@type\":\"Article\",\"@id\":\"https:\/\/sanluisinforma.com\/?p=10719#article\",\"isPartOf\":{\"@id\":\"https:\/\/sanluisinforma.com\/?p=10719\"},\"author\":{\"name\":\"sanluisinforma.com\",\"@id\":\"https:\/\/sanluisinforma.com\/#\/schema\/person\/c30648f71476be533b6f59d092905c8b\"},\"headline\":\"Gesti\u00f3n de Ricardo Gallardo fortalece conexi\u00f3n A\u00e9rea de SLP\",\"datePublished\":\"2025-03-02T06:55:00+00:00\",\"dateModified\":\"2025-03-02T02:15:23+00:00\",\"mainEntityOfPage\":{\"@id\":\"https:\/\/sanluisinforma.com\/?p=10719\"},\"wordCount\":325,\"publisher\":{\"@id\":\"https:\/\/sanluisinforma.com\/#organization\"},\"image\":{\"@id\":\"https:\/\/sanluisinforma.com\/?p=10719#primaryimage\"},\"thumbnailUrl\":\"https:\/\/sanluisinforma.com\/wp-content\/uploads\/2025\/03\/59d662cd-0c55-4619-81e6-e23c30e65e11.jpg\",\"articleSection\":[\"Local\",\"Portada\"],\"inLanguage\":\"es\"},{\"@type\":\"WebPage\",\"@id\":\"https:\/\/sanluisinforma.com\/?p=10719\",\"url\":\"https:\/\/sanluisinforma.com\/?p=10719\",\"name\":\"Gesti\u00f3n de Ricardo Gallardo fortalece conexi\u00f3n A\u00e9rea de SLP - sanluisinforma.com\",\"isPartOf\":{\"@id\":\"https:\/\/sanluisinforma.com\/#website\"},\"primaryImageOfPage\":{\"@id\":\"https:\/\/sanluisinforma.com\/?p=10719#primaryimage\"},\"image\":{\"@id\":\"https:\/\/sanluisinforma.com\/?p=10719#primaryimage\"},\"thumbnailUrl\":\"https:\/\/sanluisinforma.com\/wp-content\/uploads\/2025\/03\/59d662cd-0c55-4619-81e6-e23c30e65e11.jpg\",\"datePublished\":\"2025-03-02T06:55:00+00:00\",\"dateModified\":\"2025-03-02T02:15:23+00:00\",\"breadcrumb\":{\"@id\":\"https:\/\/sanluisinforma.com\/?p=10719#breadcrumb\"},\"inLanguage\":\"es\",\"potentialAction\":[{\"@type\":\"ReadAction\",\"target\":[\"https:\/\/sanluisinforma.com\/?p=10719\"]}]},{\"@type\":\"ImageObject\",\"inLanguage\":\"es\",\"@id\":\"https:\/\/sanluisinforma.com\/?p=10719#primaryimage\",\"url\":\"https:\/\/sanluisinforma.com\/wp-content\/uploads\/2025\/03\/59d662cd-0c55-4619-81e6-e23c30e65e11.jpg\",\"contentUrl\":\"https:\/\/sanluisinforma.com\/wp-content\/uploads\/2025\/03\/59d662cd-0c55-4619-81e6-e23c30e65e11.jpg\",\"width\":480,\"height\":287},{\"@type\":\"BreadcrumbList\",\"@id\":\"https:\/\/sanluisinforma.com\/?p=10719#breadcrumb\",\"itemListElement\":[{\"@type\":\"ListItem\",\"position\":1,\"name\":\"Inicio\",\"item\":\"https:\/\/sanluisinforma.com\/\"},{\"@type\":\"ListItem\",\"position\":2,\"name\":\"Gesti\u00f3n de Ricardo Gallardo fortalece conexi\u00f3n A\u00e9rea de SLP\"}]},{\"@type\":\"WebSite\",\"@id\":\"https:\/\/sanluisinforma.com\/#website\",\"url\":\"https:\/\/sanluisinforma.com\/\",\"name\":\"sanluisinforma.com\",\"description\":\"Periodico San Luis Informa\",\"publisher\":{\"@id\":\"https:\/\/sanluisinforma.com\/#organization\"},\"potentialAction\":[{\"@type\":\"SearchAction\",\"target\":{\"@type\":\"EntryPoint\",\"urlTemplate\":\"https:\/\/sanluisinforma.com\/?s={search_term_string}\"},\"query-input\":{\"@type\":\"PropertyValueSpecification\",\"valueRequired\":true,\"valueName\":\"search_term_string\"}}],\"inLanguage\":\"es\"},{\"@type\":\"Organization\",\"@id\":\"https:\/\/sanluisinforma.com\/#organization\",\"name\":\"sanluisinforma.com\",\"url\":\"https:\/\/sanluisinforma.com\/\",\"logo\":{\"@type\":\"ImageObject\",\"inLanguage\":\"es\",\"@id\":\"https:\/\/sanluisinforma.com\/#\/schema\/logo\/image\/\",\"url\":\"https:\/\/sanluisinforma.com\/wp-content\/uploads\/2026\/03\/sanluisinforma-V.jpg\",\"contentUrl\":\"https:\/\/sanluisinforma.com\/wp-content\/uploads\/2026\/03\/sanluisinforma-V.jpg\",\"width\":500,\"height\":156,\"caption\":\"sanluisinforma.com\"},\"image\":{\"@id\":\"https:\/\/sanluisinforma.com\/#\/schema\/logo\/image\/\"}},{\"@type\":\"Person\",\"@id\":\"https:\/\/sanluisinforma.com\/#\/schema\/person\/c30648f71476be533b6f59d092905c8b\",\"name\":\"sanluisinforma.com\",\"image\":{\"@type\":\"ImageObject\",\"inLanguage\":\"es\",\"@id\":\"https:\/\/sanluisinforma.com\/#\/schema\/person\/image\/\",\"url\":\"https:\/\/secure.gravatar.com\/avatar\/86e3114e34a1eecefb963e0a02f0093f93b092dddb2fe1517596343751081a87?s=96&d=mm&r=g\",\"contentUrl\":\"https:\/\/secure.gravatar.com\/avatar\/86e3114e34a1eecefb963e0a02f0093f93b092dddb2fe1517596343751081a87?s=96&d=mm&r=g\",\"caption\":\"sanluisinforma.com\"},\"url\":\"https:\/\/sanluisinforma.com\/?author=2\"}]}<\/script>\n<!-- \/ Yoast SEO plugin. -->","yoast_head_json":{"title":"Gesti\u00f3n de Ricardo Gallardo fortalece conexi\u00f3n A\u00e9rea de SLP - sanluisinforma.com","robots":{"index":"index","follow":"follow","max-snippet":"max-snippet:-1","max-image-preview":"max-image-preview:large","max-video-preview":"max-video-preview:-1"},"canonical":"https:\/\/sanluisinforma.com\/?p=10719","og_locale":"es_MX","og_type":"article","og_title":"Gesti\u00f3n de Ricardo Gallardo fortalece conexi\u00f3n A\u00e9rea de SLP - sanluisinforma.com","og_description":"Aerus, TAR, Aerom\u00e9xico, Delta y Volaris ampl\u00edan sus operaciones con nuevas&nbsp; rutas nacionales e internacionales este 2025 Para seguir fortaleciendo","og_url":"https:\/\/sanluisinforma.com\/?p=10719","og_site_name":"sanluisinforma.com","article_published_time":"2025-03-02T06:55:00+00:00","article_modified_time":"2025-03-02T02:15:23+00:00","og_image":[{"width":480,"height":287,"url":"https:\/\/sanluisinforma.com\/wp-content\/uploads\/2025\/03\/59d662cd-0c55-4619-81e6-e23c30e65e11.jpg","type":"image\/jpeg"}],"author":"sanluisinforma.com","twitter_card":"summary_large_image","twitter_misc":{"Escrito por":"sanluisinforma.com","Tiempo de lectura":"2 minutos"},"schema":{"@context":"https:\/\/schema.org","@graph":[{"@type":"Article","@id":"https:\/\/sanluisinforma.com\/?p=10719#article","isPartOf":{"@id":"https:\/\/sanluisinforma.com\/?p=10719"},"author":{"name":"sanluisinforma.com","@id":"https:\/\/sanluisinforma.com\/#\/schema\/person\/c30648f71476be533b6f59d092905c8b"},"headline":"Gesti\u00f3n de Ricardo Gallardo fortalece conexi\u00f3n A\u00e9rea de SLP","datePublished":"2025-03-02T06:55:00+00:00","dateModified":"2025-03-02T02:15:23+00:00","mainEntityOfPage":{"@id":"https:\/\/sanluisinforma.com\/?p=10719"},"wordCount":325,"publisher":{"@id":"https:\/\/sanluisinforma.com\/#organization"},"image":{"@id":"https:\/\/sanluisinforma.com\/?p=10719#primaryimage"},"thumbnailUrl":"https:\/\/sanluisinforma.com\/wp-content\/uploads\/2025\/03\/59d662cd-0c55-4619-81e6-e23c30e65e11.jpg","articleSection":["Local","Portada"],"inLanguage":"es"},{"@type":"WebPage","@id":"https:\/\/sanluisinforma.com\/?p=10719","url":"https:\/\/sanluisinforma.com\/?p=10719","name":"Gesti\u00f3n de Ricardo Gallardo fortalece conexi\u00f3n A\u00e9rea de SLP - sanluisinforma.com","isPartOf":{"@id":"https:\/\/sanluisinforma.com\/#website"},"primaryImageOfPage":{"@id":"https:\/\/sanluisinforma.com\/?p=10719#primaryimage"},"image":{"@id":"https:\/\/sanluisinforma.com\/?p=10719#primaryimage"},"thumbnailUrl":"https:\/\/sanluisinforma.com\/wp-content\/uploads\/2025\/03\/59d662cd-0c55-4619-81e6-e23c30e65e11.jpg","datePublished":"2025-03-02T06:55:00+00:00","dateModified":"2025-03-02T02:15:23+00:00","breadcrumb":{"@id":"https:\/\/sanluisinforma.com\/?p=10719#breadcrumb"},"inLanguage":"es","potentialAction":[{"@type":"ReadAction","target":["https:\/\/sanluisinforma.com\/?p=10719"]}]},{"@type":"ImageObject","inLanguage":"es","@id":"https:\/\/sanluisinforma.com\/?p=10719#primaryimage","url":"https:\/\/sanluisinforma.com\/wp-content\/uploads\/2025\/03\/59d662cd-0c55-4619-81e6-e23c30e65e11.jpg","contentUrl":"https:\/\/sanluisinforma.com\/wp-content\/uploads\/2025\/03\/59d662cd-0c55-4619-81e6-e23c30e65e11.jpg","width":480,"height":287},{"@type":"BreadcrumbList","@id":"https:\/\/sanluisinforma.com\/?p=10719#breadcrumb","itemListElement":[{"@type":"ListItem","position":1,"name":"Inicio","item":"https:\/\/sanluisinforma.com\/"},{"@type":"ListItem","position":2,"name":"Gesti\u00f3n de Ricardo Gallardo fortalece conexi\u00f3n A\u00e9rea de SLP"}]},{"@type":"WebSite","@id":"https:\/\/sanluisinforma.com\/#website","url":"https:\/\/sanluisinforma.com\/","name":"sanluisinforma.com","description":"Periodico San Luis Informa","publisher":{"@id":"https:\/\/sanluisinforma.com\/#organization"},"potentialAction":[{"@type":"SearchAction","target":{"@type":"EntryPoint","urlTemplate":"https:\/\/sanluisinforma.com\/?s={search_term_string}"},"query-input":{"@type":"PropertyValueSpecification","valueRequired":true,"valueName":"search_term_string"}}],"inLanguage":"es"},{"@type":"Organization","@id":"https:\/\/sanluisinforma.com\/#organization","name":"sanluisinforma.com","url":"https:\/\/sanluisinforma.com\/","logo":{"@type":"ImageObject","inLanguage":"es","@id":"https:\/\/sanluisinforma.com\/#\/schema\/logo\/image\/","url":"https:\/\/sanluisinforma.com\/wp-content\/uploads\/2026\/03\/sanluisinforma-V.jpg","contentUrl":"https:\/\/sanluisinforma.com\/wp-content\/uploads\/2026\/03\/sanluisinforma-V.jpg","width":500,"height":156,"caption":"sanluisinforma.com"},"image":{"@id":"https:\/\/sanluisinforma.com\/#\/schema\/logo\/image\/"}},{"@type":"Person","@id":"https:\/\/sanluisinforma.com\/#\/schema\/person\/c30648f71476be533b6f59d092905c8b","name":"sanluisinforma.com","image":{"@type":"ImageObject","inLanguage":"es","@id":"https:\/\/sanluisinforma.com\/#\/schema\/person\/image\/","url":"https:\/\/secure.gravatar.com\/avatar\/86e3114e34a1eecefb963e0a02f0093f93b092dddb2fe1517596343751081a87?s=96&d=mm&r=g","contentUrl":"https:\/\/secure.gravatar.com\/avatar\/86e3114e34a1eecefb963e0a02f0093f93b092dddb2fe1517596343751081a87?s=96&d=mm&r=g","caption":"sanluisinforma.com"},"url":"https:\/\/sanluisinforma.com\/?author=2"}]}},"_links":{"self":[{"href":"https:\/\/sanluisinforma.com\/index.php?rest_route=\/wp\/v2\/posts\/10719","targetHints":{"allow":["GET"]}}],"collection":[{"href":"https:\/\/sanluisinforma.com\/index.php?rest_route=\/wp\/v2\/posts"}],"about":[{"href":"https:\/\/sanluisinforma.com\/index.php?rest_route=\/wp\/v2\/types\/post"}],"author":[{"embeddable":true,"href":"https:\/\/sanluisinforma.com\/index.php?rest_route=\/wp\/v2\/users\/2"}],"replies":[{"embeddable":true,"href":"https:\/\/sanluisinforma.com\/index.php?rest_route=%2Fwp%2Fv2%2Fcomments&post=10719"}],"version-history":[{"count":1,"href":"https:\/\/sanluisinforma.com\/index.php?rest_route=\/wp\/v2\/posts\/10719\/revisions"}],"predecessor-version":[{"id":10720,"href":"https:\/\/sanluisinforma.com\/index.php?rest_route=\/wp\/v2\/posts\/10719\/revisions\/10720"}],"wp:featuredmedia":[{"embeddable":true,"href":"https:\/\/sanluisinforma.com\/index.php?rest_route=\/wp\/v2\/media\/10713"}],"wp:attachment":[{"href":"https:\/\/sanluisinforma.com\/index.php?rest_route=%2Fwp%2Fv2%2Fmedia&parent=10719"}],"wp:term":[{"taxonomy":"category","embeddable":true,"href":"https:\/\/sanluisinforma.com\/index.php?rest_route=%2Fwp%2Fv2%2Fcategories&post=10719"},{"taxonomy":"post_tag","embeddable":true,"href":"https:\/\/sanluisinforma.com\/index.php?rest_route=%2Fwp%2Fv2%2Ftags&post=10719"}],"curies":[{"name":"wp","href":"https:\/\/api.w.org\/{rel}","templated":true}]}}