{"id":10726,"date":"2025-03-02T00:45:00","date_gmt":"2025-03-02T06:45:00","guid":{"rendered":"https:\/\/sanluisinforma.com\/?p=10726"},"modified":"2025-03-01T20:28:04","modified_gmt":"2025-03-02T02:28:04","slug":"presidenta-claudia-sheinbaum-inaugura-central-de-ciclo-combinado-salamanca-de-la-cfe-en-beneficio-de-5-millones-de-personas-en-al-zona-del-bajio","status":"publish","type":"post","link":"https:\/\/sanluisinforma.com\/?p=10726","title":{"rendered":"Presidenta Claudia Sheinbaum, Inaugura Central de Ciclo combinado Salamanca de la CFE en beneficio de 5 millones de Personas en al Zona del Baj\u00edo"},"content":{"rendered":"\n<p><\/p>\n\n\n\n<p>* Aportar\u00e1 927 megawatts (MW) al Sistema El\u00e9ctrico Nacional para una energ\u00eda generada anual promedio de 7.3 terawatt Hora operando con gas natural, lo que equivale a sacar de circulaci\u00f3n 750 mil autom\u00f3viles.<\/p>\n\n\n\n<p>* Anunci\u00f3 que gracias a la reforma que regresa a la CFE a ser una empresa p\u00fablica del Estado, pr\u00f3ximamente se eliminar\u00e1n las subsidiarias y ser\u00e1 integrada verticalmente<\/p>\n\n\n\n<p>* \u201cAqu\u00ed luchamos por la soberan\u00eda y la independencia de M\u00e9xico (&#8230;) no entregamos los recursos de la naci\u00f3n a nadie, son del pueblo de M\u00e9xico\u201d, asegur\u00f3<\/p>\n\n\n\n<p>Salamanca, Guanajuato, 1 de marzo de 2025.- En Guanajuato, la Presidenta de M\u00e9xico, Claudia Sheinbaum Pardo, inaugur\u00f3 la Central Ciclo Combinado Salamanca de la Comisi\u00f3n Federal de Electricidad (CFE), la cual aportar\u00e1 927 megawatts (MW) al Sistema El\u00e9ctrico Nacional, en beneficio de 5 millones de personas en la zona del Baj\u00edo. Adem\u00e1s, anunci\u00f3 que pr\u00f3ximamente esta empresa p\u00fablica del Estado volver\u00e1 a estar integrada verticalmente y se eliminar\u00e1n las subsidiarias.<\/p>\n\n\n\n<p>\u201cRecientemente cambiamos la Constituci\u00f3n y ahora regresa CFE a ser empresa p\u00fablica del Estado. Y tiene una condici\u00f3n adicional: no puede ser considerada monopolio, CFE puede generar la cantidad de energ\u00eda el\u00e9ctrica que requiere nuestro pa\u00eds y la naci\u00f3n\u201d.<\/p>\n\n\n\n<p>\u201cEso permiti\u00f3 que recientemente hayamos enviado un mont\u00f3n de leyes secundarias vinculadas con la reforma constitucional, que recupera la soberan\u00eda energ\u00e9tica y recupera la Comisi\u00f3n Federal de Electricidad. As\u00ed que les comento que muy pronto, probablemente este a\u00f1o, CFE va a volver a ser integrada verticalmente y van a dejar de haber subsidiarias que generan tantos problemas en la operaci\u00f3n\u201d, inform\u00f3.<\/p>\n\n\n\n<p>La Jefa del Ejecutivo Federal reconoci\u00f3 a las y los trabajadores de CFE por su labor en la generaci\u00f3n de energ\u00eda en todo el pa\u00eds.<\/p>\n\n\n\n<p>\u201cMi mayor reconocimiento a ustedes. Sepan que los llevamos en el coraz\u00f3n y que sabemos que son siempre el centro de la generaci\u00f3n de energ\u00eda el\u00e9ctrica de nuestro pa\u00eds y con ello el coraz\u00f3n de la naci\u00f3n\u201d, asever\u00f3.<\/p>\n\n\n\n<p>Durante la inauguraci\u00f3n de la Central Ciclo Combinado Salamanca de la CFE record\u00f3 las palabras del expresidente Adolfo L\u00f3pez Mateos cuando nacionaliz\u00f3 la industria el\u00e9ctrica, quien asegur\u00f3 que \u201csolo un traidor entrega su pa\u00eds a los extranjeros\u201d, ante esto destac\u00f3 que en el Segundo Piso de la Cuarta Transformaci\u00f3n se lucha por la soberan\u00eda y la independencia.&nbsp;<\/p>\n\n\n\n<p>\u201cAqu\u00ed luchamos por la soberan\u00eda y la independencia de M\u00e9xico, somos un pa\u00eds libre, independiente y soberano y no entregamos los recursos de la naci\u00f3n a nadie, son del pueblo de M\u00e9xico y de la naci\u00f3n\u201d, puntualiz\u00f3.<\/p>\n\n\n\n<p>La secretaria de Energ\u00eda, Luz Elena Gonz\u00e1lez Escobar, inform\u00f3 que, como parte de la recuperaci\u00f3n de CFE como empresa p\u00fablica del Estado se impulsa un plan de expansi\u00f3n a trav\u00e9s del cual en los siguientes dos a\u00f1os se agregar\u00e1n 7 mil 527 MW de capacidad, lo que se lograr\u00e1 gracias a obras iniciadas en el sexenio del expresidente Andr\u00e9s Manuel L\u00f3pez Obrador, como es el caso de la Central Ciclo Combinado Salamanca, la cual utilizar\u00e1 gas natural y sustituir\u00e1 por completo a la antigua central termoel\u00e9ctrica que oper\u00f3 durante 55 a\u00f1os.<\/p>\n\n\n\n<p>Precis\u00f3 que, con el plan de expansi\u00f3n, para el 2030 se alcanzar\u00e1 un total de 21 mil 846 MW adicionales generados con una inversi\u00f3n de m\u00e1s de 29 mil millones de d\u00f3lares (mdd).<\/p>\n\n\n\n<p>Adem\u00e1s,anunci\u00f3 que se desarrollar\u00e1 Salamanca II donde se sumar\u00e1n mil 500 MW de capacidad adicional.<\/p>\n\n\n\n<p>La directora general de la CFE, Emilia Esther Calleja Alor, destac\u00f3 que esta central es la primera de diversos proyectos con los cuales el pa\u00eds recupera el control del Sistema El\u00e9ctrico Nacional, con la aportaci\u00f3n de 927 MW para una energ\u00eda generada anual promedio de 7.3 terawatt Hora operando con gas natural, lo que equivale a sacar de circulaci\u00f3n 750 mil autom\u00f3viles.<\/p>\n\n\n\n<p>Asever\u00f3 que gracias a su sistema de enfriamiento de \u00faltima tecnolog\u00eda tambi\u00e9n reduce significativamente el uso del agua en una proporci\u00f3n de mil a uno y por supuesto se optimiza el uso de combustible, con esto se estima lograr un factor superior al 90 por ciento y aprovechamiento de sus activos y tener una mayor eficiencia t\u00e9rmica a nivel mundial.<\/p>\n\n\n\n<p>\u201cEl objetivo es claro, Presidenta: proveer la electricidad a los hogares mexicanos al menor costo posible. Nuestro inter\u00e9s no es el lucro, nuestro inter\u00e9s y nuestro \u00fanico prop\u00f3sito es garantizar la soberan\u00eda el\u00e9ctrica de M\u00e9xico\u201d, coment\u00f3.<\/p>\n\n\n\n<p>La gobernadora de Guanajuato, Libia Dennise Garc\u00eda Mu\u00f1oz Ledo, destac\u00f3 que la Central Ciclo Combinado Salamanca de la CFE genera bienestar y desarrollo.<\/p>\n\n\n\n<p>*\u201cEsta que es la Central m\u00e1s moderna y m\u00e1s eficiente que tiene este pa\u00eds; nos da muestras de que es mucho lo que podemos avanzar, de que M\u00e9xico es un gran pa\u00eds y que, si vamos unidos en los proyectos estrat\u00e9gicos, no hay nada que detenga al esp\u00edritu y a la fuerza, a la capacidad y al talento de las y los mexicanos\u201d,*destac\u00f3. En la inauguraci\u00f3n de la Central Ciclo Combinado Salamanca, acompa\u00f1aron a la Presidenta de M\u00e9xico, la secretaria de Gobernaci\u00f3n, Rosa Icela Rodr\u00edguez Vel\u00e1zquez; el director general de Pemex Transformaci\u00f3n Industrial, Carlos Armando Lechuga Agui\u00f1aga; el secretario t\u00e9cnico del Gabinete de la Presidencia y coordinador general de Programas para el Bienestar, Carlos Torres Rosas; el coordinador del Sindicato \u00danico de Trabajadores Electricistas de la Rep\u00fablica Mexicana (Suterm) en la regi\u00f3n Baj\u00edo, Carlos Ortega Calatayud; la coordinadora general de Asuntos Intergubernamentales y Participaci\u00f3n Social de la Presidencia de la Rep\u00fablica, Leticia Ram\u00edrez Amaya y el presidente municipal de Salamanca, Julio C\u00e9sar Ernesto Prie<\/p>\n","protected":false},"excerpt":{"rendered":"<p>* Aportar\u00e1 927 megawatts (MW) al Sistema El\u00e9ctrico Nacional para una energ\u00eda generada anual promedio de 7.3 terawatt Hora operando<\/p>\n","protected":false},"author":2,"featured_media":10727,"comment_status":"closed","ping_status":"closed","sticky":false,"template":"","format":"standard","meta":{"footnotes":""},"categories":[25,26],"tags":[],"class_list":["post-10726","post","type-post","status-publish","format-standard","has-post-thumbnail","hentry","category-local","category-nacional"],"yoast_head":"<!-- This site is optimized with the Yoast SEO plugin v24.1 - https:\/\/yoast.com\/wordpress\/plugins\/seo\/ -->\n<title>Presidenta Claudia Sheinbaum, Inaugura Central de Ciclo combinado Salamanca de la CFE en beneficio de 5 millones de Personas en al Zona del Baj\u00edo - sanluisinforma.com<\/title>\n<meta name=\"robots\" content=\"index, follow, max-snippet:-1, max-image-preview:large, max-video-preview:-1\" \/>\n<link rel=\"canonical\" href=\"https:\/\/sanluisinforma.com\/?p=10726\" \/>\n<meta property=\"og:locale\" content=\"es_MX\" \/>\n<meta property=\"og:type\" content=\"article\" \/>\n<meta property=\"og:title\" content=\"Presidenta Claudia Sheinbaum, Inaugura Central de Ciclo combinado Salamanca de la CFE en beneficio de 5 millones de Personas en al Zona del Baj\u00edo - sanluisinforma.com\" \/>\n<meta property=\"og:description\" content=\"* Aportar\u00e1 927 megawatts (MW) al Sistema El\u00e9ctrico Nacional para una energ\u00eda generada anual promedio de 7.3 terawatt Hora operando\" \/>\n<meta property=\"og:url\" content=\"https:\/\/sanluisinforma.com\/?p=10726\" \/>\n<meta property=\"og:site_name\" content=\"sanluisinforma.com\" \/>\n<meta property=\"article:published_time\" content=\"2025-03-02T06:45:00+00:00\" \/>\n<meta property=\"article:modified_time\" content=\"2025-03-02T02:28:04+00:00\" \/>\n<meta property=\"og:image\" content=\"https:\/\/sanluisinforma.com\/wp-content\/uploads\/2025\/03\/6a22aa1b-2d63-46a6-bc8d-6514fdda2d5c.jpg\" \/>\n\t<meta property=\"og:image:width\" content=\"480\" \/>\n\t<meta property=\"og:image:height\" content=\"319\" \/>\n\t<meta property=\"og:image:type\" content=\"image\/jpeg\" \/>\n<meta name=\"author\" content=\"sanluisinforma.com\" \/>\n<meta name=\"twitter:card\" content=\"summary_large_image\" \/>\n<meta name=\"twitter:label1\" content=\"Escrito por\" \/>\n\t<meta name=\"twitter:data1\" content=\"sanluisinforma.com\" \/>\n\t<meta name=\"twitter:label2\" content=\"Tiempo de lectura\" \/>\n\t<meta name=\"twitter:data2\" content=\"5 minutos\" \/>\n<script type=\"application\/ld+json\" class=\"yoast-schema-graph\">{\"@context\":\"https:\/\/schema.org\",\"@graph\":[{\"@type\":\"Article\",\"@id\":\"https:\/\/sanluisinforma.com\/?p=10726#article\",\"isPartOf\":{\"@id\":\"https:\/\/sanluisinforma.com\/?p=10726\"},\"author\":{\"name\":\"sanluisinforma.com\",\"@id\":\"https:\/\/sanluisinforma.com\/#\/schema\/person\/c30648f71476be533b6f59d092905c8b\"},\"headline\":\"Presidenta Claudia Sheinbaum, Inaugura Central de Ciclo combinado Salamanca de la CFE en beneficio de 5 millones de Personas en al Zona del Baj\u00edo\",\"datePublished\":\"2025-03-02T06:45:00+00:00\",\"dateModified\":\"2025-03-02T02:28:04+00:00\",\"mainEntityOfPage\":{\"@id\":\"https:\/\/sanluisinforma.com\/?p=10726\"},\"wordCount\":1017,\"publisher\":{\"@id\":\"https:\/\/sanluisinforma.com\/#organization\"},\"image\":{\"@id\":\"https:\/\/sanluisinforma.com\/?p=10726#primaryimage\"},\"thumbnailUrl\":\"https:\/\/sanluisinforma.com\/wp-content\/uploads\/2025\/03\/6a22aa1b-2d63-46a6-bc8d-6514fdda2d5c.jpg\",\"articleSection\":[\"Local\",\"Nacional\"],\"inLanguage\":\"es\"},{\"@type\":\"WebPage\",\"@id\":\"https:\/\/sanluisinforma.com\/?p=10726\",\"url\":\"https:\/\/sanluisinforma.com\/?p=10726\",\"name\":\"Presidenta Claudia Sheinbaum, Inaugura Central de Ciclo combinado Salamanca de la CFE en beneficio de 5 millones de Personas en al Zona del Baj\u00edo - sanluisinforma.com\",\"isPartOf\":{\"@id\":\"https:\/\/sanluisinforma.com\/#website\"},\"primaryImageOfPage\":{\"@id\":\"https:\/\/sanluisinforma.com\/?p=10726#primaryimage\"},\"image\":{\"@id\":\"https:\/\/sanluisinforma.com\/?p=10726#primaryimage\"},\"thumbnailUrl\":\"https:\/\/sanluisinforma.com\/wp-content\/uploads\/2025\/03\/6a22aa1b-2d63-46a6-bc8d-6514fdda2d5c.jpg\",\"datePublished\":\"2025-03-02T06:45:00+00:00\",\"dateModified\":\"2025-03-02T02:28:04+00:00\",\"breadcrumb\":{\"@id\":\"https:\/\/sanluisinforma.com\/?p=10726#breadcrumb\"},\"inLanguage\":\"es\",\"potentialAction\":[{\"@type\":\"ReadAction\",\"target\":[\"https:\/\/sanluisinforma.com\/?p=10726\"]}]},{\"@type\":\"ImageObject\",\"inLanguage\":\"es\",\"@id\":\"https:\/\/sanluisinforma.com\/?p=10726#primaryimage\",\"url\":\"https:\/\/sanluisinforma.com\/wp-content\/uploads\/2025\/03\/6a22aa1b-2d63-46a6-bc8d-6514fdda2d5c.jpg\",\"contentUrl\":\"https:\/\/sanluisinforma.com\/wp-content\/uploads\/2025\/03\/6a22aa1b-2d63-46a6-bc8d-6514fdda2d5c.jpg\",\"width\":480,\"height\":319},{\"@type\":\"BreadcrumbList\",\"@id\":\"https:\/\/sanluisinforma.com\/?p=10726#breadcrumb\",\"itemListElement\":[{\"@type\":\"ListItem\",\"position\":1,\"name\":\"Inicio\",\"item\":\"https:\/\/sanluisinforma.com\/\"},{\"@type\":\"ListItem\",\"position\":2,\"name\":\"Presidenta Claudia Sheinbaum, Inaugura Central de Ciclo combinado Salamanca de la CFE en beneficio de 5 millones de Personas en al Zona del Baj\u00edo\"}]},{\"@type\":\"WebSite\",\"@id\":\"https:\/\/sanluisinforma.com\/#website\",\"url\":\"https:\/\/sanluisinforma.com\/\",\"name\":\"sanluisinforma.com\",\"description\":\"Periodico San Luis Informa\",\"publisher\":{\"@id\":\"https:\/\/sanluisinforma.com\/#organization\"},\"potentialAction\":[{\"@type\":\"SearchAction\",\"target\":{\"@type\":\"EntryPoint\",\"urlTemplate\":\"https:\/\/sanluisinforma.com\/?s={search_term_string}\"},\"query-input\":{\"@type\":\"PropertyValueSpecification\",\"valueRequired\":true,\"valueName\":\"search_term_string\"}}],\"inLanguage\":\"es\"},{\"@type\":\"Organization\",\"@id\":\"https:\/\/sanluisinforma.com\/#organization\",\"name\":\"sanluisinforma.com\",\"url\":\"https:\/\/sanluisinforma.com\/\",\"logo\":{\"@type\":\"ImageObject\",\"inLanguage\":\"es\",\"@id\":\"https:\/\/sanluisinforma.com\/#\/schema\/logo\/image\/\",\"url\":\"https:\/\/sanluisinforma.com\/wp-content\/uploads\/2026\/03\/sanluisinforma-V.jpg\",\"contentUrl\":\"https:\/\/sanluisinforma.com\/wp-content\/uploads\/2026\/03\/sanluisinforma-V.jpg\",\"width\":500,\"height\":156,\"caption\":\"sanluisinforma.com\"},\"image\":{\"@id\":\"https:\/\/sanluisinforma.com\/#\/schema\/logo\/image\/\"}},{\"@type\":\"Person\",\"@id\":\"https:\/\/sanluisinforma.com\/#\/schema\/person\/c30648f71476be533b6f59d092905c8b\",\"name\":\"sanluisinforma.com\",\"image\":{\"@type\":\"ImageObject\",\"inLanguage\":\"es\",\"@id\":\"https:\/\/sanluisinforma.com\/#\/schema\/person\/image\/\",\"url\":\"https:\/\/secure.gravatar.com\/avatar\/86e3114e34a1eecefb963e0a02f0093f93b092dddb2fe1517596343751081a87?s=96&d=mm&r=g\",\"contentUrl\":\"https:\/\/secure.gravatar.com\/avatar\/86e3114e34a1eecefb963e0a02f0093f93b092dddb2fe1517596343751081a87?s=96&d=mm&r=g\",\"caption\":\"sanluisinforma.com\"},\"url\":\"https:\/\/sanluisinforma.com\/?author=2\"}]}<\/script>\n<!-- \/ Yoast SEO plugin. -->","yoast_head_json":{"title":"Presidenta Claudia Sheinbaum, Inaugura Central de Ciclo combinado Salamanca de la CFE en beneficio de 5 millones de Personas en al Zona del Baj\u00edo - sanluisinforma.com","robots":{"index":"index","follow":"follow","max-snippet":"max-snippet:-1","max-image-preview":"max-image-preview:large","max-video-preview":"max-video-preview:-1"},"canonical":"https:\/\/sanluisinforma.com\/?p=10726","og_locale":"es_MX","og_type":"article","og_title":"Presidenta Claudia Sheinbaum, Inaugura Central de Ciclo combinado Salamanca de la CFE en beneficio de 5 millones de Personas en al Zona del Baj\u00edo - sanluisinforma.com","og_description":"* Aportar\u00e1 927 megawatts (MW) al Sistema El\u00e9ctrico Nacional para una energ\u00eda generada anual promedio de 7.3 terawatt Hora operando","og_url":"https:\/\/sanluisinforma.com\/?p=10726","og_site_name":"sanluisinforma.com","article_published_time":"2025-03-02T06:45:00+00:00","article_modified_time":"2025-03-02T02:28:04+00:00","og_image":[{"width":480,"height":319,"url":"https:\/\/sanluisinforma.com\/wp-content\/uploads\/2025\/03\/6a22aa1b-2d63-46a6-bc8d-6514fdda2d5c.jpg","type":"image\/jpeg"}],"author":"sanluisinforma.com","twitter_card":"summary_large_image","twitter_misc":{"Escrito por":"sanluisinforma.com","Tiempo de lectura":"5 minutos"},"schema":{"@context":"https:\/\/schema.org","@graph":[{"@type":"Article","@id":"https:\/\/sanluisinforma.com\/?p=10726#article","isPartOf":{"@id":"https:\/\/sanluisinforma.com\/?p=10726"},"author":{"name":"sanluisinforma.com","@id":"https:\/\/sanluisinforma.com\/#\/schema\/person\/c30648f71476be533b6f59d092905c8b"},"headline":"Presidenta Claudia Sheinbaum, Inaugura Central de Ciclo combinado Salamanca de la CFE en beneficio de 5 millones de Personas en al Zona del Baj\u00edo","datePublished":"2025-03-02T06:45:00+00:00","dateModified":"2025-03-02T02:28:04+00:00","mainEntityOfPage":{"@id":"https:\/\/sanluisinforma.com\/?p=10726"},"wordCount":1017,"publisher":{"@id":"https:\/\/sanluisinforma.com\/#organization"},"image":{"@id":"https:\/\/sanluisinforma.com\/?p=10726#primaryimage"},"thumbnailUrl":"https:\/\/sanluisinforma.com\/wp-content\/uploads\/2025\/03\/6a22aa1b-2d63-46a6-bc8d-6514fdda2d5c.jpg","articleSection":["Local","Nacional"],"inLanguage":"es"},{"@type":"WebPage","@id":"https:\/\/sanluisinforma.com\/?p=10726","url":"https:\/\/sanluisinforma.com\/?p=10726","name":"Presidenta Claudia Sheinbaum, Inaugura Central de Ciclo combinado Salamanca de la CFE en beneficio de 5 millones de Personas en al Zona del Baj\u00edo - sanluisinforma.com","isPartOf":{"@id":"https:\/\/sanluisinforma.com\/#website"},"primaryImageOfPage":{"@id":"https:\/\/sanluisinforma.com\/?p=10726#primaryimage"},"image":{"@id":"https:\/\/sanluisinforma.com\/?p=10726#primaryimage"},"thumbnailUrl":"https:\/\/sanluisinforma.com\/wp-content\/uploads\/2025\/03\/6a22aa1b-2d63-46a6-bc8d-6514fdda2d5c.jpg","datePublished":"2025-03-02T06:45:00+00:00","dateModified":"2025-03-02T02:28:04+00:00","breadcrumb":{"@id":"https:\/\/sanluisinforma.com\/?p=10726#breadcrumb"},"inLanguage":"es","potentialAction":[{"@type":"ReadAction","target":["https:\/\/sanluisinforma.com\/?p=10726"]}]},{"@type":"ImageObject","inLanguage":"es","@id":"https:\/\/sanluisinforma.com\/?p=10726#primaryimage","url":"https:\/\/sanluisinforma.com\/wp-content\/uploads\/2025\/03\/6a22aa1b-2d63-46a6-bc8d-6514fdda2d5c.jpg","contentUrl":"https:\/\/sanluisinforma.com\/wp-content\/uploads\/2025\/03\/6a22aa1b-2d63-46a6-bc8d-6514fdda2d5c.jpg","width":480,"height":319},{"@type":"BreadcrumbList","@id":"https:\/\/sanluisinforma.com\/?p=10726#breadcrumb","itemListElement":[{"@type":"ListItem","position":1,"name":"Inicio","item":"https:\/\/sanluisinforma.com\/"},{"@type":"ListItem","position":2,"name":"Presidenta Claudia Sheinbaum, Inaugura Central de Ciclo combinado Salamanca de la CFE en beneficio de 5 millones de Personas en al Zona del Baj\u00edo"}]},{"@type":"WebSite","@id":"https:\/\/sanluisinforma.com\/#website","url":"https:\/\/sanluisinforma.com\/","name":"sanluisinforma.com","description":"Periodico San Luis Informa","publisher":{"@id":"https:\/\/sanluisinforma.com\/#organization"},"potentialAction":[{"@type":"SearchAction","target":{"@type":"EntryPoint","urlTemplate":"https:\/\/sanluisinforma.com\/?s={search_term_string}"},"query-input":{"@type":"PropertyValueSpecification","valueRequired":true,"valueName":"search_term_string"}}],"inLanguage":"es"},{"@type":"Organization","@id":"https:\/\/sanluisinforma.com\/#organization","name":"sanluisinforma.com","url":"https:\/\/sanluisinforma.com\/","logo":{"@type":"ImageObject","inLanguage":"es","@id":"https:\/\/sanluisinforma.com\/#\/schema\/logo\/image\/","url":"https:\/\/sanluisinforma.com\/wp-content\/uploads\/2026\/03\/sanluisinforma-V.jpg","contentUrl":"https:\/\/sanluisinforma.com\/wp-content\/uploads\/2026\/03\/sanluisinforma-V.jpg","width":500,"height":156,"caption":"sanluisinforma.com"},"image":{"@id":"https:\/\/sanluisinforma.com\/#\/schema\/logo\/image\/"}},{"@type":"Person","@id":"https:\/\/sanluisinforma.com\/#\/schema\/person\/c30648f71476be533b6f59d092905c8b","name":"sanluisinforma.com","image":{"@type":"ImageObject","inLanguage":"es","@id":"https:\/\/sanluisinforma.com\/#\/schema\/person\/image\/","url":"https:\/\/secure.gravatar.com\/avatar\/86e3114e34a1eecefb963e0a02f0093f93b092dddb2fe1517596343751081a87?s=96&d=mm&r=g","contentUrl":"https:\/\/secure.gravatar.com\/avatar\/86e3114e34a1eecefb963e0a02f0093f93b092dddb2fe1517596343751081a87?s=96&d=mm&r=g","caption":"sanluisinforma.com"},"url":"https:\/\/sanluisinforma.com\/?author=2"}]}},"_links":{"self":[{"href":"https:\/\/sanluisinforma.com\/index.php?rest_route=\/wp\/v2\/posts\/10726","targetHints":{"allow":["GET"]}}],"collection":[{"href":"https:\/\/sanluisinforma.com\/index.php?rest_route=\/wp\/v2\/posts"}],"about":[{"href":"https:\/\/sanluisinforma.com\/index.php?rest_route=\/wp\/v2\/types\/post"}],"author":[{"embeddable":true,"href":"https:\/\/sanluisinforma.com\/index.php?rest_route=\/wp\/v2\/users\/2"}],"replies":[{"embeddable":true,"href":"https:\/\/sanluisinforma.com\/index.php?rest_route=%2Fwp%2Fv2%2Fcomments&post=10726"}],"version-history":[{"count":1,"href":"https:\/\/sanluisinforma.com\/index.php?rest_route=\/wp\/v2\/posts\/10726\/revisions"}],"predecessor-version":[{"id":10728,"href":"https:\/\/sanluisinforma.com\/index.php?rest_route=\/wp\/v2\/posts\/10726\/revisions\/10728"}],"wp:featuredmedia":[{"embeddable":true,"href":"https:\/\/sanluisinforma.com\/index.php?rest_route=\/wp\/v2\/media\/10727"}],"wp:attachment":[{"href":"https:\/\/sanluisinforma.com\/index.php?rest_route=%2Fwp%2Fv2%2Fmedia&parent=10726"}],"wp:term":[{"taxonomy":"category","embeddable":true,"href":"https:\/\/sanluisinforma.com\/index.php?rest_route=%2Fwp%2Fv2%2Fcategories&post=10726"},{"taxonomy":"post_tag","embeddable":true,"href":"https:\/\/sanluisinforma.com\/index.php?rest_route=%2Fwp%2Fv2%2Ftags&post=10726"}],"curies":[{"name":"wp","href":"https:\/\/api.w.org\/{rel}","templated":true}]}}