{"id":10729,"date":"2025-03-03T00:50:00","date_gmt":"2025-03-03T06:50:00","guid":{"rendered":"https:\/\/sanluisinforma.com\/?p=10729"},"modified":"2025-03-02T18:42:55","modified_gmt":"2025-03-03T00:42:55","slug":"ciudadania-y-ayuntamiento-trabajo-en-equipo-en-las-colonias","status":"publish","type":"post","link":"https:\/\/sanluisinforma.com\/?p=10729","title":{"rendered":"Ciudadan\u00eda y Ayuntamiento, trabajo en equipo en las colonias"},"content":{"rendered":"\n<ul class=\"wp-block-list\">\n<li><strong>Durante el Domingo de Pilas en Prados de San Vicente, el Alcalde Enrique Galindo Ceballos resalt\u00f3 la importancia de la participaci\u00f3n ciudadana para el desarrollo de San Luis Potos\u00ed. Gracias a la coordinaci\u00f3n entre vecinos y el Ayuntamiento, se han impulsado mejoras en servicios p\u00fablicos y abastecimiento de agua en la zona.<\/strong><\/li>\n<\/ul>\n\n\n\n<p><\/p>\n\n\n\n<p>En el Domingo de Pilas realizado en Prados de San Vicente, el Alcalde Enrique Galindo Ceballos destac\u00f3 que la participaci\u00f3n ciudadana es clave para fortalecer el desarrollo de San Luis Potos\u00ed y que programas como este permiten consolidar el trabajo conjunto entre la sociedad y el Gobierno Municipal.<\/p>\n\n\n\n<p>El Presidente Municipal Enrique Galindo reconoci\u00f3 el esfuerzo de los vecinos integrantes de la Junta de Participaci\u00f3n Ciudadana por organizarse y atender las necesidades de su colonia. Resalt\u00f3 la labor de la agrupaci\u00f3n Prados 1 con Prop\u00f3sito, un referente de participaci\u00f3n vecinal al impulsar mejoras en su comunidad. Como muestra de su compromiso, los integrantes de la organizaci\u00f3n entregaron al Alcalde una camiseta distintiva, simbolizando su colaboraci\u00f3n con la administraci\u00f3n municipal para seguir transformando su entorno.<\/p>\n\n\n\n<p>La coordinaci\u00f3n entre los vecinos y las distintas \u00e1reas del Ayuntamiento ha permitido atender de manera efectiva las problem\u00e1ticas de la zona. Por ello, se establecieron enlaces espec\u00edficos entre la Junta de Participaci\u00f3n Ciudadana y el Ayuntamiento, en temas correspondientes a las \u00e1reas de&nbsp; Servicios Municipales, la Secretar\u00eda de Seguridad y Protecci\u00f3n Ciudadana, la Direcci\u00f3n de Gesti\u00f3n Ecol\u00f3gica y Manejo de Residuos, Instancia de las Mujeres e Interapas, para canalizar y dar respuesta a sus peticiones.<\/p>\n\n\n\n<p>Uno de los temas prioritarios en la colonia es el abastecimiento de agua, por lo que el Gobierno de la Capital ha trabajado en mejorar la distribuci\u00f3n del vital l\u00edquido. Como parte de estas acciones, en las pr\u00f3ximas semanas se pondr\u00e1 en operaci\u00f3n el pozo de Abastos, lo que ha permitido reforzar el suministro en la zona. Adem\u00e1s, ante las fallas en el sistema de El Realito, se han implementado estrategias emergentes para garantizar el acceso al agua en Prados de San Vicente y otras colonias afectadas.<\/p>\n","protected":false},"excerpt":{"rendered":"<p>En el Domingo de Pilas realizado en Prados de San Vicente, el Alcalde Enrique Galindo Ceballos destac\u00f3 que la participaci\u00f3n<\/p>\n","protected":false},"author":2,"featured_media":10730,"comment_status":"closed","ping_status":"closed","sticky":false,"template":"","format":"standard","meta":{"footnotes":""},"categories":[25,30],"tags":[],"class_list":["post-10729","post","type-post","status-publish","format-standard","has-post-thumbnail","hentry","category-local","category-portada"],"yoast_head":"<!-- This site is optimized with the Yoast SEO plugin v24.1 - https:\/\/yoast.com\/wordpress\/plugins\/seo\/ -->\n<title>Ciudadan\u00eda y Ayuntamiento, trabajo en equipo en las colonias - sanluisinforma.com<\/title>\n<meta name=\"robots\" content=\"index, follow, max-snippet:-1, max-image-preview:large, max-video-preview:-1\" \/>\n<link rel=\"canonical\" href=\"https:\/\/sanluisinforma.com\/?p=10729\" \/>\n<meta property=\"og:locale\" content=\"es_MX\" \/>\n<meta property=\"og:type\" content=\"article\" \/>\n<meta property=\"og:title\" content=\"Ciudadan\u00eda y Ayuntamiento, trabajo en equipo en las colonias - sanluisinforma.com\" \/>\n<meta property=\"og:description\" content=\"En el Domingo de Pilas realizado en Prados de San Vicente, el Alcalde Enrique Galindo Ceballos destac\u00f3 que la participaci\u00f3n\" \/>\n<meta property=\"og:url\" content=\"https:\/\/sanluisinforma.com\/?p=10729\" \/>\n<meta property=\"og:site_name\" content=\"sanluisinforma.com\" \/>\n<meta property=\"article:published_time\" content=\"2025-03-03T06:50:00+00:00\" \/>\n<meta property=\"article:modified_time\" content=\"2025-03-03T00:42:55+00:00\" \/>\n<meta property=\"og:image\" content=\"https:\/\/sanluisinforma.com\/wp-content\/uploads\/2025\/03\/e6740794-a606-46e6-ab8e-e01354bd9f4f.jpg\" \/>\n\t<meta property=\"og:image:width\" content=\"1280\" \/>\n\t<meta property=\"og:image:height\" content=\"853\" \/>\n\t<meta property=\"og:image:type\" content=\"image\/jpeg\" \/>\n<meta name=\"author\" content=\"sanluisinforma.com\" \/>\n<meta name=\"twitter:card\" content=\"summary_large_image\" \/>\n<meta name=\"twitter:label1\" content=\"Escrito por\" \/>\n\t<meta name=\"twitter:data1\" content=\"sanluisinforma.com\" \/>\n\t<meta name=\"twitter:label2\" content=\"Tiempo de lectura\" \/>\n\t<meta name=\"twitter:data2\" content=\"2 minutos\" \/>\n<script type=\"application\/ld+json\" class=\"yoast-schema-graph\">{\"@context\":\"https:\/\/schema.org\",\"@graph\":[{\"@type\":\"Article\",\"@id\":\"https:\/\/sanluisinforma.com\/?p=10729#article\",\"isPartOf\":{\"@id\":\"https:\/\/sanluisinforma.com\/?p=10729\"},\"author\":{\"name\":\"sanluisinforma.com\",\"@id\":\"https:\/\/sanluisinforma.com\/#\/schema\/person\/c30648f71476be533b6f59d092905c8b\"},\"headline\":\"Ciudadan\u00eda y Ayuntamiento, trabajo en equipo en las colonias\",\"datePublished\":\"2025-03-03T06:50:00+00:00\",\"dateModified\":\"2025-03-03T00:42:55+00:00\",\"mainEntityOfPage\":{\"@id\":\"https:\/\/sanluisinforma.com\/?p=10729\"},\"wordCount\":374,\"publisher\":{\"@id\":\"https:\/\/sanluisinforma.com\/#organization\"},\"image\":{\"@id\":\"https:\/\/sanluisinforma.com\/?p=10729#primaryimage\"},\"thumbnailUrl\":\"https:\/\/sanluisinforma.com\/wp-content\/uploads\/2025\/03\/e6740794-a606-46e6-ab8e-e01354bd9f4f.jpg\",\"articleSection\":[\"Local\",\"Portada\"],\"inLanguage\":\"es\"},{\"@type\":\"WebPage\",\"@id\":\"https:\/\/sanluisinforma.com\/?p=10729\",\"url\":\"https:\/\/sanluisinforma.com\/?p=10729\",\"name\":\"Ciudadan\u00eda y Ayuntamiento, trabajo en equipo en las colonias - sanluisinforma.com\",\"isPartOf\":{\"@id\":\"https:\/\/sanluisinforma.com\/#website\"},\"primaryImageOfPage\":{\"@id\":\"https:\/\/sanluisinforma.com\/?p=10729#primaryimage\"},\"image\":{\"@id\":\"https:\/\/sanluisinforma.com\/?p=10729#primaryimage\"},\"thumbnailUrl\":\"https:\/\/sanluisinforma.com\/wp-content\/uploads\/2025\/03\/e6740794-a606-46e6-ab8e-e01354bd9f4f.jpg\",\"datePublished\":\"2025-03-03T06:50:00+00:00\",\"dateModified\":\"2025-03-03T00:42:55+00:00\",\"breadcrumb\":{\"@id\":\"https:\/\/sanluisinforma.com\/?p=10729#breadcrumb\"},\"inLanguage\":\"es\",\"potentialAction\":[{\"@type\":\"ReadAction\",\"target\":[\"https:\/\/sanluisinforma.com\/?p=10729\"]}]},{\"@type\":\"ImageObject\",\"inLanguage\":\"es\",\"@id\":\"https:\/\/sanluisinforma.com\/?p=10729#primaryimage\",\"url\":\"https:\/\/sanluisinforma.com\/wp-content\/uploads\/2025\/03\/e6740794-a606-46e6-ab8e-e01354bd9f4f.jpg\",\"contentUrl\":\"https:\/\/sanluisinforma.com\/wp-content\/uploads\/2025\/03\/e6740794-a606-46e6-ab8e-e01354bd9f4f.jpg\",\"width\":1280,\"height\":853},{\"@type\":\"BreadcrumbList\",\"@id\":\"https:\/\/sanluisinforma.com\/?p=10729#breadcrumb\",\"itemListElement\":[{\"@type\":\"ListItem\",\"position\":1,\"name\":\"Inicio\",\"item\":\"https:\/\/sanluisinforma.com\/\"},{\"@type\":\"ListItem\",\"position\":2,\"name\":\"Ciudadan\u00eda y Ayuntamiento, trabajo en equipo en las colonias\"}]},{\"@type\":\"WebSite\",\"@id\":\"https:\/\/sanluisinforma.com\/#website\",\"url\":\"https:\/\/sanluisinforma.com\/\",\"name\":\"sanluisinforma.com\",\"description\":\"Periodico San Luis Informa\",\"publisher\":{\"@id\":\"https:\/\/sanluisinforma.com\/#organization\"},\"potentialAction\":[{\"@type\":\"SearchAction\",\"target\":{\"@type\":\"EntryPoint\",\"urlTemplate\":\"https:\/\/sanluisinforma.com\/?s={search_term_string}\"},\"query-input\":{\"@type\":\"PropertyValueSpecification\",\"valueRequired\":true,\"valueName\":\"search_term_string\"}}],\"inLanguage\":\"es\"},{\"@type\":\"Organization\",\"@id\":\"https:\/\/sanluisinforma.com\/#organization\",\"name\":\"sanluisinforma.com\",\"url\":\"https:\/\/sanluisinforma.com\/\",\"logo\":{\"@type\":\"ImageObject\",\"inLanguage\":\"es\",\"@id\":\"https:\/\/sanluisinforma.com\/#\/schema\/logo\/image\/\",\"url\":\"https:\/\/sanluisinforma.com\/wp-content\/uploads\/2026\/03\/sanluisinforma-V.jpg\",\"contentUrl\":\"https:\/\/sanluisinforma.com\/wp-content\/uploads\/2026\/03\/sanluisinforma-V.jpg\",\"width\":500,\"height\":156,\"caption\":\"sanluisinforma.com\"},\"image\":{\"@id\":\"https:\/\/sanluisinforma.com\/#\/schema\/logo\/image\/\"}},{\"@type\":\"Person\",\"@id\":\"https:\/\/sanluisinforma.com\/#\/schema\/person\/c30648f71476be533b6f59d092905c8b\",\"name\":\"sanluisinforma.com\",\"image\":{\"@type\":\"ImageObject\",\"inLanguage\":\"es\",\"@id\":\"https:\/\/sanluisinforma.com\/#\/schema\/person\/image\/\",\"url\":\"https:\/\/secure.gravatar.com\/avatar\/86e3114e34a1eecefb963e0a02f0093f93b092dddb2fe1517596343751081a87?s=96&d=mm&r=g\",\"contentUrl\":\"https:\/\/secure.gravatar.com\/avatar\/86e3114e34a1eecefb963e0a02f0093f93b092dddb2fe1517596343751081a87?s=96&d=mm&r=g\",\"caption\":\"sanluisinforma.com\"},\"url\":\"https:\/\/sanluisinforma.com\/?author=2\"}]}<\/script>\n<!-- \/ Yoast SEO plugin. -->","yoast_head_json":{"title":"Ciudadan\u00eda y Ayuntamiento, trabajo en equipo en las colonias - sanluisinforma.com","robots":{"index":"index","follow":"follow","max-snippet":"max-snippet:-1","max-image-preview":"max-image-preview:large","max-video-preview":"max-video-preview:-1"},"canonical":"https:\/\/sanluisinforma.com\/?p=10729","og_locale":"es_MX","og_type":"article","og_title":"Ciudadan\u00eda y Ayuntamiento, trabajo en equipo en las colonias - sanluisinforma.com","og_description":"En el Domingo de Pilas realizado en Prados de San Vicente, el Alcalde Enrique Galindo Ceballos destac\u00f3 que la participaci\u00f3n","og_url":"https:\/\/sanluisinforma.com\/?p=10729","og_site_name":"sanluisinforma.com","article_published_time":"2025-03-03T06:50:00+00:00","article_modified_time":"2025-03-03T00:42:55+00:00","og_image":[{"width":1280,"height":853,"url":"https:\/\/sanluisinforma.com\/wp-content\/uploads\/2025\/03\/e6740794-a606-46e6-ab8e-e01354bd9f4f.jpg","type":"image\/jpeg"}],"author":"sanluisinforma.com","twitter_card":"summary_large_image","twitter_misc":{"Escrito por":"sanluisinforma.com","Tiempo de lectura":"2 minutos"},"schema":{"@context":"https:\/\/schema.org","@graph":[{"@type":"Article","@id":"https:\/\/sanluisinforma.com\/?p=10729#article","isPartOf":{"@id":"https:\/\/sanluisinforma.com\/?p=10729"},"author":{"name":"sanluisinforma.com","@id":"https:\/\/sanluisinforma.com\/#\/schema\/person\/c30648f71476be533b6f59d092905c8b"},"headline":"Ciudadan\u00eda y Ayuntamiento, trabajo en equipo en las colonias","datePublished":"2025-03-03T06:50:00+00:00","dateModified":"2025-03-03T00:42:55+00:00","mainEntityOfPage":{"@id":"https:\/\/sanluisinforma.com\/?p=10729"},"wordCount":374,"publisher":{"@id":"https:\/\/sanluisinforma.com\/#organization"},"image":{"@id":"https:\/\/sanluisinforma.com\/?p=10729#primaryimage"},"thumbnailUrl":"https:\/\/sanluisinforma.com\/wp-content\/uploads\/2025\/03\/e6740794-a606-46e6-ab8e-e01354bd9f4f.jpg","articleSection":["Local","Portada"],"inLanguage":"es"},{"@type":"WebPage","@id":"https:\/\/sanluisinforma.com\/?p=10729","url":"https:\/\/sanluisinforma.com\/?p=10729","name":"Ciudadan\u00eda y Ayuntamiento, trabajo en equipo en las colonias - sanluisinforma.com","isPartOf":{"@id":"https:\/\/sanluisinforma.com\/#website"},"primaryImageOfPage":{"@id":"https:\/\/sanluisinforma.com\/?p=10729#primaryimage"},"image":{"@id":"https:\/\/sanluisinforma.com\/?p=10729#primaryimage"},"thumbnailUrl":"https:\/\/sanluisinforma.com\/wp-content\/uploads\/2025\/03\/e6740794-a606-46e6-ab8e-e01354bd9f4f.jpg","datePublished":"2025-03-03T06:50:00+00:00","dateModified":"2025-03-03T00:42:55+00:00","breadcrumb":{"@id":"https:\/\/sanluisinforma.com\/?p=10729#breadcrumb"},"inLanguage":"es","potentialAction":[{"@type":"ReadAction","target":["https:\/\/sanluisinforma.com\/?p=10729"]}]},{"@type":"ImageObject","inLanguage":"es","@id":"https:\/\/sanluisinforma.com\/?p=10729#primaryimage","url":"https:\/\/sanluisinforma.com\/wp-content\/uploads\/2025\/03\/e6740794-a606-46e6-ab8e-e01354bd9f4f.jpg","contentUrl":"https:\/\/sanluisinforma.com\/wp-content\/uploads\/2025\/03\/e6740794-a606-46e6-ab8e-e01354bd9f4f.jpg","width":1280,"height":853},{"@type":"BreadcrumbList","@id":"https:\/\/sanluisinforma.com\/?p=10729#breadcrumb","itemListElement":[{"@type":"ListItem","position":1,"name":"Inicio","item":"https:\/\/sanluisinforma.com\/"},{"@type":"ListItem","position":2,"name":"Ciudadan\u00eda y Ayuntamiento, trabajo en equipo en las colonias"}]},{"@type":"WebSite","@id":"https:\/\/sanluisinforma.com\/#website","url":"https:\/\/sanluisinforma.com\/","name":"sanluisinforma.com","description":"Periodico San Luis Informa","publisher":{"@id":"https:\/\/sanluisinforma.com\/#organization"},"potentialAction":[{"@type":"SearchAction","target":{"@type":"EntryPoint","urlTemplate":"https:\/\/sanluisinforma.com\/?s={search_term_string}"},"query-input":{"@type":"PropertyValueSpecification","valueRequired":true,"valueName":"search_term_string"}}],"inLanguage":"es"},{"@type":"Organization","@id":"https:\/\/sanluisinforma.com\/#organization","name":"sanluisinforma.com","url":"https:\/\/sanluisinforma.com\/","logo":{"@type":"ImageObject","inLanguage":"es","@id":"https:\/\/sanluisinforma.com\/#\/schema\/logo\/image\/","url":"https:\/\/sanluisinforma.com\/wp-content\/uploads\/2026\/03\/sanluisinforma-V.jpg","contentUrl":"https:\/\/sanluisinforma.com\/wp-content\/uploads\/2026\/03\/sanluisinforma-V.jpg","width":500,"height":156,"caption":"sanluisinforma.com"},"image":{"@id":"https:\/\/sanluisinforma.com\/#\/schema\/logo\/image\/"}},{"@type":"Person","@id":"https:\/\/sanluisinforma.com\/#\/schema\/person\/c30648f71476be533b6f59d092905c8b","name":"sanluisinforma.com","image":{"@type":"ImageObject","inLanguage":"es","@id":"https:\/\/sanluisinforma.com\/#\/schema\/person\/image\/","url":"https:\/\/secure.gravatar.com\/avatar\/86e3114e34a1eecefb963e0a02f0093f93b092dddb2fe1517596343751081a87?s=96&d=mm&r=g","contentUrl":"https:\/\/secure.gravatar.com\/avatar\/86e3114e34a1eecefb963e0a02f0093f93b092dddb2fe1517596343751081a87?s=96&d=mm&r=g","caption":"sanluisinforma.com"},"url":"https:\/\/sanluisinforma.com\/?author=2"}]}},"_links":{"self":[{"href":"https:\/\/sanluisinforma.com\/index.php?rest_route=\/wp\/v2\/posts\/10729","targetHints":{"allow":["GET"]}}],"collection":[{"href":"https:\/\/sanluisinforma.com\/index.php?rest_route=\/wp\/v2\/posts"}],"about":[{"href":"https:\/\/sanluisinforma.com\/index.php?rest_route=\/wp\/v2\/types\/post"}],"author":[{"embeddable":true,"href":"https:\/\/sanluisinforma.com\/index.php?rest_route=\/wp\/v2\/users\/2"}],"replies":[{"embeddable":true,"href":"https:\/\/sanluisinforma.com\/index.php?rest_route=%2Fwp%2Fv2%2Fcomments&post=10729"}],"version-history":[{"count":1,"href":"https:\/\/sanluisinforma.com\/index.php?rest_route=\/wp\/v2\/posts\/10729\/revisions"}],"predecessor-version":[{"id":10731,"href":"https:\/\/sanluisinforma.com\/index.php?rest_route=\/wp\/v2\/posts\/10729\/revisions\/10731"}],"wp:featuredmedia":[{"embeddable":true,"href":"https:\/\/sanluisinforma.com\/index.php?rest_route=\/wp\/v2\/media\/10730"}],"wp:attachment":[{"href":"https:\/\/sanluisinforma.com\/index.php?rest_route=%2Fwp%2Fv2%2Fmedia&parent=10729"}],"wp:term":[{"taxonomy":"category","embeddable":true,"href":"https:\/\/sanluisinforma.com\/index.php?rest_route=%2Fwp%2Fv2%2Fcategories&post=10729"},{"taxonomy":"post_tag","embeddable":true,"href":"https:\/\/sanluisinforma.com\/index.php?rest_route=%2Fwp%2Fv2%2Ftags&post=10729"}],"curies":[{"name":"wp","href":"https:\/\/api.w.org\/{rel}","templated":true}]}}