{"id":10735,"date":"2025-03-03T00:30:16","date_gmt":"2025-03-03T06:30:16","guid":{"rendered":"https:\/\/sanluisinforma.com\/?p=10735"},"modified":"2025-03-02T18:49:00","modified_gmt":"2025-03-03T00:49:00","slug":"exito-en-la-tercera-edicion-de-viernes-de-recreo-en-las-canchas","status":"publish","type":"post","link":"https:\/\/sanluisinforma.com\/?p=10735","title":{"rendered":"\u00c9xito en la tercera edici\u00f3n de Viernes de Recreo en Las Canchas"},"content":{"rendered":"\n<ul class=\"wp-block-list\">\n<li><strong>Por instrucciones del Alcalde Enrique Galindo Ceballos, se dise\u00f1\u00f3 un programa que acompa\u00f1e a las familias donde ambos padres trabajan, para que cuenten con un espacio seguro para sus hijas e hijos<\/strong><\/li>\n\n\n\n<li><strong>En esta tercera edici\u00f3n, se cont\u00f3 con la participaci\u00f3n de 277 ni\u00f1as y ni\u00f1os de las diferentes colonias.<\/strong><\/li>\n<\/ul>\n\n\n\n<p><\/p>\n\n\n\n<p>Con gran participaci\u00f3n, este viernes se llev\u00f3 a cabo con \u00e9xito la tercera edici\u00f3n del programa Viernes de Recreo en Las Canchas, iniciativa dise\u00f1ada para apoyar a madres y padres trabajadores que, durante las sesiones de Consejo T\u00e9cnico Escolar, requieren un espacio seguro para sus hijas e hijos, inform\u00f3 el Director de Centros de Desarrollo Comunitario y Vinculaci\u00f3n Ignacio Delgado P\u00e9rez, quien destac\u00f3 que el Gobierno Municipal que encabeza el Alcalde Enrique Galindo Ceballos acompa\u00f1a a las madres y padres de familia, sobre todo aquellos que trabajan en este d\u00eda de Consejo T\u00e9cnico que no hay clase.<\/p>\n\n\n\n<p>El mun\u00edcipe destac\u00f3 que en 12 Centros de Desarrollo Comunitario (CDC), conocidos tambi\u00e9n como Las Canchas, se acondicionaron espacios para recibir a ni\u00f1as y ni\u00f1os en un horario de 8:00 a 14:00 horas. Durante su estancia, los peque\u00f1os participaron en actividades c\u00edvicas, l\u00fadicas, recreativas y culturales, contando con el respaldo de diversas \u00e1reas del Gobierno Municipal, como la Secretar\u00eda de Seguridad y Protecci\u00f3n Ciudadana, Casa Colorada, Educaci\u00f3n, Cultura, Desarrollo Econ\u00f3mico, Atenci\u00f3n a la Juventud, Instancia de la Mujer, Deportes, as\u00ed como la coordinaci\u00f3n de Derechos Humanos y voluntarios de los CDC.<\/p>\n\n\n\n<p>Asimismo, detall\u00f3 que por instrucciones del Alcalde Enrique Galindo Ceballos, Viernes de Recreo se realizar\u00e1 el \u00faltimo viernes de cada mes, coincidiendo con el Consejo T\u00e9cnico Escolar, para ofrecer una alternativa segura y confiable para las familias potosinas. En esta tercera edici\u00f3n, 277 ni\u00f1as y ni\u00f1os de distintas colonias del municipio participaron en las actividades, consolidando el \u00e9xito de este programa que fortalece la convivencia y el bienestar infantil.<\/p>\n\n\n\n<p>Con estas acciones, el Gobierno Municipal reafirma su compromiso con la ni\u00f1ez y las familias de San Luis Potos\u00ed, construyendo una ciudad m\u00e1s segura, inclusiva y digna de ser amada.<\/p>\n","protected":false},"excerpt":{"rendered":"<p>Con gran participaci\u00f3n, este viernes se llev\u00f3 a cabo con \u00e9xito la tercera edici\u00f3n del programa Viernes de Recreo en<\/p>\n","protected":false},"author":2,"featured_media":10736,"comment_status":"closed","ping_status":"closed","sticky":false,"template":"","format":"standard","meta":{"footnotes":""},"categories":[25],"tags":[],"class_list":["post-10735","post","type-post","status-publish","format-standard","has-post-thumbnail","hentry","category-local"],"yoast_head":"<!-- This site is optimized with the Yoast SEO plugin v24.1 - https:\/\/yoast.com\/wordpress\/plugins\/seo\/ -->\n<title>\u00c9xito en la tercera edici\u00f3n de Viernes de Recreo en Las Canchas - sanluisinforma.com<\/title>\n<meta name=\"robots\" content=\"index, follow, max-snippet:-1, max-image-preview:large, max-video-preview:-1\" \/>\n<link rel=\"canonical\" href=\"https:\/\/sanluisinforma.com\/?p=10735\" \/>\n<meta property=\"og:locale\" content=\"es_MX\" \/>\n<meta property=\"og:type\" content=\"article\" \/>\n<meta property=\"og:title\" content=\"\u00c9xito en la tercera edici\u00f3n de Viernes de Recreo en Las Canchas - sanluisinforma.com\" \/>\n<meta property=\"og:description\" content=\"Con gran participaci\u00f3n, este viernes se llev\u00f3 a cabo con \u00e9xito la tercera edici\u00f3n del programa Viernes de Recreo en\" \/>\n<meta property=\"og:url\" content=\"https:\/\/sanluisinforma.com\/?p=10735\" \/>\n<meta property=\"og:site_name\" content=\"sanluisinforma.com\" \/>\n<meta property=\"article:published_time\" content=\"2025-03-03T06:30:16+00:00\" \/>\n<meta property=\"article:modified_time\" content=\"2025-03-03T00:49:00+00:00\" \/>\n<meta property=\"og:image\" content=\"https:\/\/sanluisinforma.com\/wp-content\/uploads\/2025\/03\/4de40aad-1d94-438c-983d-c4892741a012.jpg\" \/>\n\t<meta property=\"og:image:width\" content=\"480\" \/>\n\t<meta property=\"og:image:height\" content=\"319\" \/>\n\t<meta property=\"og:image:type\" content=\"image\/jpeg\" \/>\n<meta name=\"author\" content=\"sanluisinforma.com\" \/>\n<meta name=\"twitter:card\" content=\"summary_large_image\" \/>\n<meta name=\"twitter:label1\" content=\"Escrito por\" \/>\n\t<meta name=\"twitter:data1\" content=\"sanluisinforma.com\" \/>\n\t<meta name=\"twitter:label2\" content=\"Tiempo de lectura\" \/>\n\t<meta name=\"twitter:data2\" content=\"2 minutos\" \/>\n<script type=\"application\/ld+json\" class=\"yoast-schema-graph\">{\"@context\":\"https:\/\/schema.org\",\"@graph\":[{\"@type\":\"Article\",\"@id\":\"https:\/\/sanluisinforma.com\/?p=10735#article\",\"isPartOf\":{\"@id\":\"https:\/\/sanluisinforma.com\/?p=10735\"},\"author\":{\"name\":\"sanluisinforma.com\",\"@id\":\"https:\/\/sanluisinforma.com\/#\/schema\/person\/c30648f71476be533b6f59d092905c8b\"},\"headline\":\"\u00c9xito en la tercera edici\u00f3n de Viernes de Recreo en Las Canchas\",\"datePublished\":\"2025-03-03T06:30:16+00:00\",\"dateModified\":\"2025-03-03T00:49:00+00:00\",\"mainEntityOfPage\":{\"@id\":\"https:\/\/sanluisinforma.com\/?p=10735\"},\"wordCount\":378,\"publisher\":{\"@id\":\"https:\/\/sanluisinforma.com\/#organization\"},\"image\":{\"@id\":\"https:\/\/sanluisinforma.com\/?p=10735#primaryimage\"},\"thumbnailUrl\":\"https:\/\/sanluisinforma.com\/wp-content\/uploads\/2025\/03\/4de40aad-1d94-438c-983d-c4892741a012.jpg\",\"articleSection\":[\"Local\"],\"inLanguage\":\"es\"},{\"@type\":\"WebPage\",\"@id\":\"https:\/\/sanluisinforma.com\/?p=10735\",\"url\":\"https:\/\/sanluisinforma.com\/?p=10735\",\"name\":\"\u00c9xito en la tercera edici\u00f3n de Viernes de Recreo en Las Canchas - sanluisinforma.com\",\"isPartOf\":{\"@id\":\"https:\/\/sanluisinforma.com\/#website\"},\"primaryImageOfPage\":{\"@id\":\"https:\/\/sanluisinforma.com\/?p=10735#primaryimage\"},\"image\":{\"@id\":\"https:\/\/sanluisinforma.com\/?p=10735#primaryimage\"},\"thumbnailUrl\":\"https:\/\/sanluisinforma.com\/wp-content\/uploads\/2025\/03\/4de40aad-1d94-438c-983d-c4892741a012.jpg\",\"datePublished\":\"2025-03-03T06:30:16+00:00\",\"dateModified\":\"2025-03-03T00:49:00+00:00\",\"breadcrumb\":{\"@id\":\"https:\/\/sanluisinforma.com\/?p=10735#breadcrumb\"},\"inLanguage\":\"es\",\"potentialAction\":[{\"@type\":\"ReadAction\",\"target\":[\"https:\/\/sanluisinforma.com\/?p=10735\"]}]},{\"@type\":\"ImageObject\",\"inLanguage\":\"es\",\"@id\":\"https:\/\/sanluisinforma.com\/?p=10735#primaryimage\",\"url\":\"https:\/\/sanluisinforma.com\/wp-content\/uploads\/2025\/03\/4de40aad-1d94-438c-983d-c4892741a012.jpg\",\"contentUrl\":\"https:\/\/sanluisinforma.com\/wp-content\/uploads\/2025\/03\/4de40aad-1d94-438c-983d-c4892741a012.jpg\",\"width\":480,\"height\":319},{\"@type\":\"BreadcrumbList\",\"@id\":\"https:\/\/sanluisinforma.com\/?p=10735#breadcrumb\",\"itemListElement\":[{\"@type\":\"ListItem\",\"position\":1,\"name\":\"Inicio\",\"item\":\"https:\/\/sanluisinforma.com\/\"},{\"@type\":\"ListItem\",\"position\":2,\"name\":\"\u00c9xito en la tercera edici\u00f3n de Viernes de Recreo en Las Canchas\"}]},{\"@type\":\"WebSite\",\"@id\":\"https:\/\/sanluisinforma.com\/#website\",\"url\":\"https:\/\/sanluisinforma.com\/\",\"name\":\"sanluisinforma.com\",\"description\":\"Periodico San Luis Informa\",\"publisher\":{\"@id\":\"https:\/\/sanluisinforma.com\/#organization\"},\"potentialAction\":[{\"@type\":\"SearchAction\",\"target\":{\"@type\":\"EntryPoint\",\"urlTemplate\":\"https:\/\/sanluisinforma.com\/?s={search_term_string}\"},\"query-input\":{\"@type\":\"PropertyValueSpecification\",\"valueRequired\":true,\"valueName\":\"search_term_string\"}}],\"inLanguage\":\"es\"},{\"@type\":\"Organization\",\"@id\":\"https:\/\/sanluisinforma.com\/#organization\",\"name\":\"sanluisinforma.com\",\"url\":\"https:\/\/sanluisinforma.com\/\",\"logo\":{\"@type\":\"ImageObject\",\"inLanguage\":\"es\",\"@id\":\"https:\/\/sanluisinforma.com\/#\/schema\/logo\/image\/\",\"url\":\"https:\/\/sanluisinforma.com\/wp-content\/uploads\/2026\/03\/sanluisinforma-V.jpg\",\"contentUrl\":\"https:\/\/sanluisinforma.com\/wp-content\/uploads\/2026\/03\/sanluisinforma-V.jpg\",\"width\":500,\"height\":156,\"caption\":\"sanluisinforma.com\"},\"image\":{\"@id\":\"https:\/\/sanluisinforma.com\/#\/schema\/logo\/image\/\"}},{\"@type\":\"Person\",\"@id\":\"https:\/\/sanluisinforma.com\/#\/schema\/person\/c30648f71476be533b6f59d092905c8b\",\"name\":\"sanluisinforma.com\",\"image\":{\"@type\":\"ImageObject\",\"inLanguage\":\"es\",\"@id\":\"https:\/\/sanluisinforma.com\/#\/schema\/person\/image\/\",\"url\":\"https:\/\/secure.gravatar.com\/avatar\/86e3114e34a1eecefb963e0a02f0093f93b092dddb2fe1517596343751081a87?s=96&d=mm&r=g\",\"contentUrl\":\"https:\/\/secure.gravatar.com\/avatar\/86e3114e34a1eecefb963e0a02f0093f93b092dddb2fe1517596343751081a87?s=96&d=mm&r=g\",\"caption\":\"sanluisinforma.com\"},\"url\":\"https:\/\/sanluisinforma.com\/?author=2\"}]}<\/script>\n<!-- \/ Yoast SEO plugin. -->","yoast_head_json":{"title":"\u00c9xito en la tercera edici\u00f3n de Viernes de Recreo en Las Canchas - sanluisinforma.com","robots":{"index":"index","follow":"follow","max-snippet":"max-snippet:-1","max-image-preview":"max-image-preview:large","max-video-preview":"max-video-preview:-1"},"canonical":"https:\/\/sanluisinforma.com\/?p=10735","og_locale":"es_MX","og_type":"article","og_title":"\u00c9xito en la tercera edici\u00f3n de Viernes de Recreo en Las Canchas - sanluisinforma.com","og_description":"Con gran participaci\u00f3n, este viernes se llev\u00f3 a cabo con \u00e9xito la tercera edici\u00f3n del programa Viernes de Recreo en","og_url":"https:\/\/sanluisinforma.com\/?p=10735","og_site_name":"sanluisinforma.com","article_published_time":"2025-03-03T06:30:16+00:00","article_modified_time":"2025-03-03T00:49:00+00:00","og_image":[{"width":480,"height":319,"url":"https:\/\/sanluisinforma.com\/wp-content\/uploads\/2025\/03\/4de40aad-1d94-438c-983d-c4892741a012.jpg","type":"image\/jpeg"}],"author":"sanluisinforma.com","twitter_card":"summary_large_image","twitter_misc":{"Escrito por":"sanluisinforma.com","Tiempo de lectura":"2 minutos"},"schema":{"@context":"https:\/\/schema.org","@graph":[{"@type":"Article","@id":"https:\/\/sanluisinforma.com\/?p=10735#article","isPartOf":{"@id":"https:\/\/sanluisinforma.com\/?p=10735"},"author":{"name":"sanluisinforma.com","@id":"https:\/\/sanluisinforma.com\/#\/schema\/person\/c30648f71476be533b6f59d092905c8b"},"headline":"\u00c9xito en la tercera edici\u00f3n de Viernes de Recreo en Las Canchas","datePublished":"2025-03-03T06:30:16+00:00","dateModified":"2025-03-03T00:49:00+00:00","mainEntityOfPage":{"@id":"https:\/\/sanluisinforma.com\/?p=10735"},"wordCount":378,"publisher":{"@id":"https:\/\/sanluisinforma.com\/#organization"},"image":{"@id":"https:\/\/sanluisinforma.com\/?p=10735#primaryimage"},"thumbnailUrl":"https:\/\/sanluisinforma.com\/wp-content\/uploads\/2025\/03\/4de40aad-1d94-438c-983d-c4892741a012.jpg","articleSection":["Local"],"inLanguage":"es"},{"@type":"WebPage","@id":"https:\/\/sanluisinforma.com\/?p=10735","url":"https:\/\/sanluisinforma.com\/?p=10735","name":"\u00c9xito en la tercera edici\u00f3n de Viernes de Recreo en Las Canchas - sanluisinforma.com","isPartOf":{"@id":"https:\/\/sanluisinforma.com\/#website"},"primaryImageOfPage":{"@id":"https:\/\/sanluisinforma.com\/?p=10735#primaryimage"},"image":{"@id":"https:\/\/sanluisinforma.com\/?p=10735#primaryimage"},"thumbnailUrl":"https:\/\/sanluisinforma.com\/wp-content\/uploads\/2025\/03\/4de40aad-1d94-438c-983d-c4892741a012.jpg","datePublished":"2025-03-03T06:30:16+00:00","dateModified":"2025-03-03T00:49:00+00:00","breadcrumb":{"@id":"https:\/\/sanluisinforma.com\/?p=10735#breadcrumb"},"inLanguage":"es","potentialAction":[{"@type":"ReadAction","target":["https:\/\/sanluisinforma.com\/?p=10735"]}]},{"@type":"ImageObject","inLanguage":"es","@id":"https:\/\/sanluisinforma.com\/?p=10735#primaryimage","url":"https:\/\/sanluisinforma.com\/wp-content\/uploads\/2025\/03\/4de40aad-1d94-438c-983d-c4892741a012.jpg","contentUrl":"https:\/\/sanluisinforma.com\/wp-content\/uploads\/2025\/03\/4de40aad-1d94-438c-983d-c4892741a012.jpg","width":480,"height":319},{"@type":"BreadcrumbList","@id":"https:\/\/sanluisinforma.com\/?p=10735#breadcrumb","itemListElement":[{"@type":"ListItem","position":1,"name":"Inicio","item":"https:\/\/sanluisinforma.com\/"},{"@type":"ListItem","position":2,"name":"\u00c9xito en la tercera edici\u00f3n de Viernes de Recreo en Las Canchas"}]},{"@type":"WebSite","@id":"https:\/\/sanluisinforma.com\/#website","url":"https:\/\/sanluisinforma.com\/","name":"sanluisinforma.com","description":"Periodico San Luis Informa","publisher":{"@id":"https:\/\/sanluisinforma.com\/#organization"},"potentialAction":[{"@type":"SearchAction","target":{"@type":"EntryPoint","urlTemplate":"https:\/\/sanluisinforma.com\/?s={search_term_string}"},"query-input":{"@type":"PropertyValueSpecification","valueRequired":true,"valueName":"search_term_string"}}],"inLanguage":"es"},{"@type":"Organization","@id":"https:\/\/sanluisinforma.com\/#organization","name":"sanluisinforma.com","url":"https:\/\/sanluisinforma.com\/","logo":{"@type":"ImageObject","inLanguage":"es","@id":"https:\/\/sanluisinforma.com\/#\/schema\/logo\/image\/","url":"https:\/\/sanluisinforma.com\/wp-content\/uploads\/2026\/03\/sanluisinforma-V.jpg","contentUrl":"https:\/\/sanluisinforma.com\/wp-content\/uploads\/2026\/03\/sanluisinforma-V.jpg","width":500,"height":156,"caption":"sanluisinforma.com"},"image":{"@id":"https:\/\/sanluisinforma.com\/#\/schema\/logo\/image\/"}},{"@type":"Person","@id":"https:\/\/sanluisinforma.com\/#\/schema\/person\/c30648f71476be533b6f59d092905c8b","name":"sanluisinforma.com","image":{"@type":"ImageObject","inLanguage":"es","@id":"https:\/\/sanluisinforma.com\/#\/schema\/person\/image\/","url":"https:\/\/secure.gravatar.com\/avatar\/86e3114e34a1eecefb963e0a02f0093f93b092dddb2fe1517596343751081a87?s=96&d=mm&r=g","contentUrl":"https:\/\/secure.gravatar.com\/avatar\/86e3114e34a1eecefb963e0a02f0093f93b092dddb2fe1517596343751081a87?s=96&d=mm&r=g","caption":"sanluisinforma.com"},"url":"https:\/\/sanluisinforma.com\/?author=2"}]}},"_links":{"self":[{"href":"https:\/\/sanluisinforma.com\/index.php?rest_route=\/wp\/v2\/posts\/10735","targetHints":{"allow":["GET"]}}],"collection":[{"href":"https:\/\/sanluisinforma.com\/index.php?rest_route=\/wp\/v2\/posts"}],"about":[{"href":"https:\/\/sanluisinforma.com\/index.php?rest_route=\/wp\/v2\/types\/post"}],"author":[{"embeddable":true,"href":"https:\/\/sanluisinforma.com\/index.php?rest_route=\/wp\/v2\/users\/2"}],"replies":[{"embeddable":true,"href":"https:\/\/sanluisinforma.com\/index.php?rest_route=%2Fwp%2Fv2%2Fcomments&post=10735"}],"version-history":[{"count":1,"href":"https:\/\/sanluisinforma.com\/index.php?rest_route=\/wp\/v2\/posts\/10735\/revisions"}],"predecessor-version":[{"id":10737,"href":"https:\/\/sanluisinforma.com\/index.php?rest_route=\/wp\/v2\/posts\/10735\/revisions\/10737"}],"wp:featuredmedia":[{"embeddable":true,"href":"https:\/\/sanluisinforma.com\/index.php?rest_route=\/wp\/v2\/media\/10736"}],"wp:attachment":[{"href":"https:\/\/sanluisinforma.com\/index.php?rest_route=%2Fwp%2Fv2%2Fmedia&parent=10735"}],"wp:term":[{"taxonomy":"category","embeddable":true,"href":"https:\/\/sanluisinforma.com\/index.php?rest_route=%2Fwp%2Fv2%2Fcategories&post=10735"},{"taxonomy":"post_tag","embeddable":true,"href":"https:\/\/sanluisinforma.com\/index.php?rest_route=%2Fwp%2Fv2%2Ftags&post=10735"}],"curies":[{"name":"wp","href":"https:\/\/api.w.org\/{rel}","templated":true}]}}