{"id":10744,"date":"2025-03-03T00:25:00","date_gmt":"2025-03-03T06:25:00","guid":{"rendered":"https:\/\/sanluisinforma.com\/?p=10744"},"modified":"2025-03-02T19:23:00","modified_gmt":"2025-03-03T01:23:00","slug":"gobierno-estatal-impulsa-emprendimiento-verde-en-comunidades-indigenas","status":"publish","type":"post","link":"https:\/\/sanluisinforma.com\/?p=10744","title":{"rendered":"Gobierno Estatal impulsa emprendimiento Verde en Comunidades Ind\u00edgenas"},"content":{"rendered":"\n<p><\/p>\n\n\n\n<p>20 emprendedoras y emprendedores culminaron con \u00e9xito la capacitaci\u00f3n \u201cEmprendiendo mi negocio verde\u201d<\/p>\n\n\n\n<p>Para fomentar la inclusi\u00f3n econ\u00f3mica y la sostenibilidad medioambiental, la Secretar\u00eda del Trabajo y Previsi\u00f3n Social (STPS) y el Instituto de Desarrollo Humano y Social de los Pueblos y Comunidades Ind\u00edgenas (Indepi), impartieron la capacitaci\u00f3n \u201cEmprendiendo mi negocio verde\u201d a poblaci\u00f3n ind\u00edgena de la regi\u00f3n Xi&#8217;iuy brindando herramientas para la creaci\u00f3n de negocios responsables con el medio ambiente.<\/p>\n\n\n\n<p>La titular del Indepi, Bernarda Reyes Hern\u00e1ndez, detall\u00f3 que, como parte de las actividades por el D\u00eda Internacional de la Lengua Materna, certificaron a 20 emprendedoras y emprendedores ind\u00edgenas de Ray\u00f3n, Santa Catarina, Tamasopo y Ciudad del Ma\u00edz quienes concluyeron con \u00e9xito su formaci\u00f3n pr\u00e1ctica creando su propio Plan de Negocios.<\/p>\n\n\n\n<p>Dijo que est\u00e1s acciones permite dar cumplimiento a la instrucci\u00f3n del Gobernador Ricardo Gallardo Cardona de un brindar m\u00e1s apoyo en igualdad, inclusi\u00f3n y no discriminaci\u00f3n a las personas, pueblos originarios y comunidades ind\u00edgenas.<\/p>\n\n\n\n<p>Destac\u00f3 la importancia de la entrega de reconocimientos y la certificaci\u00f3n que avalan el conocimiento adquirido y permiten dar un paso firme hac\u00eda la autonom\u00eda econ\u00f3mica de nuestras comunidades ind\u00edgenas que reciben m\u00e1s apoyo para emprendimientos responsables y sostenibles.<\/p>\n","protected":false},"excerpt":{"rendered":"<p>20 emprendedoras y emprendedores culminaron con \u00e9xito la capacitaci\u00f3n \u201cEmprendiendo mi negocio verde\u201d Para fomentar la inclusi\u00f3n econ\u00f3mica y la<\/p>\n","protected":false},"author":2,"featured_media":10745,"comment_status":"closed","ping_status":"closed","sticky":false,"template":"","format":"standard","meta":{"footnotes":""},"categories":[25],"tags":[],"class_list":["post-10744","post","type-post","status-publish","format-standard","has-post-thumbnail","hentry","category-local"],"yoast_head":"<!-- This site is optimized with the Yoast SEO plugin v24.1 - https:\/\/yoast.com\/wordpress\/plugins\/seo\/ -->\n<title>Gobierno Estatal impulsa emprendimiento Verde en Comunidades Ind\u00edgenas - sanluisinforma.com<\/title>\n<meta name=\"robots\" content=\"index, follow, max-snippet:-1, max-image-preview:large, max-video-preview:-1\" \/>\n<link rel=\"canonical\" href=\"https:\/\/sanluisinforma.com\/?p=10744\" \/>\n<meta property=\"og:locale\" content=\"es_MX\" \/>\n<meta property=\"og:type\" content=\"article\" \/>\n<meta property=\"og:title\" content=\"Gobierno Estatal impulsa emprendimiento Verde en Comunidades Ind\u00edgenas - sanluisinforma.com\" \/>\n<meta property=\"og:description\" content=\"20 emprendedoras y emprendedores culminaron con \u00e9xito la capacitaci\u00f3n \u201cEmprendiendo mi negocio verde\u201d Para fomentar la inclusi\u00f3n econ\u00f3mica y la\" \/>\n<meta property=\"og:url\" content=\"https:\/\/sanluisinforma.com\/?p=10744\" \/>\n<meta property=\"og:site_name\" content=\"sanluisinforma.com\" \/>\n<meta property=\"article:published_time\" content=\"2025-03-03T06:25:00+00:00\" \/>\n<meta property=\"article:modified_time\" content=\"2025-03-03T01:23:00+00:00\" \/>\n<meta property=\"og:image\" content=\"https:\/\/sanluisinforma.com\/wp-content\/uploads\/2025\/03\/1eb9d23b-4f1b-44b2-822a-f48e85e4894e.jpg\" \/>\n\t<meta property=\"og:image:width\" content=\"480\" \/>\n\t<meta property=\"og:image:height\" content=\"220\" \/>\n\t<meta property=\"og:image:type\" content=\"image\/jpeg\" \/>\n<meta name=\"author\" content=\"sanluisinforma.com\" \/>\n<meta name=\"twitter:card\" content=\"summary_large_image\" \/>\n<meta name=\"twitter:label1\" content=\"Escrito por\" \/>\n\t<meta name=\"twitter:data1\" content=\"sanluisinforma.com\" \/>\n\t<meta name=\"twitter:label2\" content=\"Tiempo de lectura\" \/>\n\t<meta name=\"twitter:data2\" content=\"2 minutos\" \/>\n<script type=\"application\/ld+json\" class=\"yoast-schema-graph\">{\"@context\":\"https:\/\/schema.org\",\"@graph\":[{\"@type\":\"Article\",\"@id\":\"https:\/\/sanluisinforma.com\/?p=10744#article\",\"isPartOf\":{\"@id\":\"https:\/\/sanluisinforma.com\/?p=10744\"},\"author\":{\"name\":\"sanluisinforma.com\",\"@id\":\"https:\/\/sanluisinforma.com\/#\/schema\/person\/c30648f71476be533b6f59d092905c8b\"},\"headline\":\"Gobierno Estatal impulsa emprendimiento Verde en Comunidades Ind\u00edgenas\",\"datePublished\":\"2025-03-03T06:25:00+00:00\",\"dateModified\":\"2025-03-03T01:23:00+00:00\",\"mainEntityOfPage\":{\"@id\":\"https:\/\/sanluisinforma.com\/?p=10744\"},\"wordCount\":233,\"publisher\":{\"@id\":\"https:\/\/sanluisinforma.com\/#organization\"},\"image\":{\"@id\":\"https:\/\/sanluisinforma.com\/?p=10744#primaryimage\"},\"thumbnailUrl\":\"https:\/\/sanluisinforma.com\/wp-content\/uploads\/2025\/03\/1eb9d23b-4f1b-44b2-822a-f48e85e4894e.jpg\",\"articleSection\":[\"Local\"],\"inLanguage\":\"es\"},{\"@type\":\"WebPage\",\"@id\":\"https:\/\/sanluisinforma.com\/?p=10744\",\"url\":\"https:\/\/sanluisinforma.com\/?p=10744\",\"name\":\"Gobierno Estatal impulsa emprendimiento Verde en Comunidades Ind\u00edgenas - sanluisinforma.com\",\"isPartOf\":{\"@id\":\"https:\/\/sanluisinforma.com\/#website\"},\"primaryImageOfPage\":{\"@id\":\"https:\/\/sanluisinforma.com\/?p=10744#primaryimage\"},\"image\":{\"@id\":\"https:\/\/sanluisinforma.com\/?p=10744#primaryimage\"},\"thumbnailUrl\":\"https:\/\/sanluisinforma.com\/wp-content\/uploads\/2025\/03\/1eb9d23b-4f1b-44b2-822a-f48e85e4894e.jpg\",\"datePublished\":\"2025-03-03T06:25:00+00:00\",\"dateModified\":\"2025-03-03T01:23:00+00:00\",\"breadcrumb\":{\"@id\":\"https:\/\/sanluisinforma.com\/?p=10744#breadcrumb\"},\"inLanguage\":\"es\",\"potentialAction\":[{\"@type\":\"ReadAction\",\"target\":[\"https:\/\/sanluisinforma.com\/?p=10744\"]}]},{\"@type\":\"ImageObject\",\"inLanguage\":\"es\",\"@id\":\"https:\/\/sanluisinforma.com\/?p=10744#primaryimage\",\"url\":\"https:\/\/sanluisinforma.com\/wp-content\/uploads\/2025\/03\/1eb9d23b-4f1b-44b2-822a-f48e85e4894e.jpg\",\"contentUrl\":\"https:\/\/sanluisinforma.com\/wp-content\/uploads\/2025\/03\/1eb9d23b-4f1b-44b2-822a-f48e85e4894e.jpg\",\"width\":480,\"height\":220},{\"@type\":\"BreadcrumbList\",\"@id\":\"https:\/\/sanluisinforma.com\/?p=10744#breadcrumb\",\"itemListElement\":[{\"@type\":\"ListItem\",\"position\":1,\"name\":\"Inicio\",\"item\":\"https:\/\/sanluisinforma.com\/\"},{\"@type\":\"ListItem\",\"position\":2,\"name\":\"Gobierno Estatal impulsa emprendimiento Verde en Comunidades Ind\u00edgenas\"}]},{\"@type\":\"WebSite\",\"@id\":\"https:\/\/sanluisinforma.com\/#website\",\"url\":\"https:\/\/sanluisinforma.com\/\",\"name\":\"sanluisinforma.com\",\"description\":\"Periodico San Luis Informa\",\"publisher\":{\"@id\":\"https:\/\/sanluisinforma.com\/#organization\"},\"potentialAction\":[{\"@type\":\"SearchAction\",\"target\":{\"@type\":\"EntryPoint\",\"urlTemplate\":\"https:\/\/sanluisinforma.com\/?s={search_term_string}\"},\"query-input\":{\"@type\":\"PropertyValueSpecification\",\"valueRequired\":true,\"valueName\":\"search_term_string\"}}],\"inLanguage\":\"es\"},{\"@type\":\"Organization\",\"@id\":\"https:\/\/sanluisinforma.com\/#organization\",\"name\":\"sanluisinforma.com\",\"url\":\"https:\/\/sanluisinforma.com\/\",\"logo\":{\"@type\":\"ImageObject\",\"inLanguage\":\"es\",\"@id\":\"https:\/\/sanluisinforma.com\/#\/schema\/logo\/image\/\",\"url\":\"https:\/\/sanluisinforma.com\/wp-content\/uploads\/2026\/03\/sanluisinforma-V.jpg\",\"contentUrl\":\"https:\/\/sanluisinforma.com\/wp-content\/uploads\/2026\/03\/sanluisinforma-V.jpg\",\"width\":500,\"height\":156,\"caption\":\"sanluisinforma.com\"},\"image\":{\"@id\":\"https:\/\/sanluisinforma.com\/#\/schema\/logo\/image\/\"}},{\"@type\":\"Person\",\"@id\":\"https:\/\/sanluisinforma.com\/#\/schema\/person\/c30648f71476be533b6f59d092905c8b\",\"name\":\"sanluisinforma.com\",\"image\":{\"@type\":\"ImageObject\",\"inLanguage\":\"es\",\"@id\":\"https:\/\/sanluisinforma.com\/#\/schema\/person\/image\/\",\"url\":\"https:\/\/secure.gravatar.com\/avatar\/86e3114e34a1eecefb963e0a02f0093f93b092dddb2fe1517596343751081a87?s=96&d=mm&r=g\",\"contentUrl\":\"https:\/\/secure.gravatar.com\/avatar\/86e3114e34a1eecefb963e0a02f0093f93b092dddb2fe1517596343751081a87?s=96&d=mm&r=g\",\"caption\":\"sanluisinforma.com\"},\"url\":\"https:\/\/sanluisinforma.com\/?author=2\"}]}<\/script>\n<!-- \/ Yoast SEO plugin. -->","yoast_head_json":{"title":"Gobierno Estatal impulsa emprendimiento Verde en Comunidades Ind\u00edgenas - sanluisinforma.com","robots":{"index":"index","follow":"follow","max-snippet":"max-snippet:-1","max-image-preview":"max-image-preview:large","max-video-preview":"max-video-preview:-1"},"canonical":"https:\/\/sanluisinforma.com\/?p=10744","og_locale":"es_MX","og_type":"article","og_title":"Gobierno Estatal impulsa emprendimiento Verde en Comunidades Ind\u00edgenas - sanluisinforma.com","og_description":"20 emprendedoras y emprendedores culminaron con \u00e9xito la capacitaci\u00f3n \u201cEmprendiendo mi negocio verde\u201d Para fomentar la inclusi\u00f3n econ\u00f3mica y la","og_url":"https:\/\/sanluisinforma.com\/?p=10744","og_site_name":"sanluisinforma.com","article_published_time":"2025-03-03T06:25:00+00:00","article_modified_time":"2025-03-03T01:23:00+00:00","og_image":[{"width":480,"height":220,"url":"https:\/\/sanluisinforma.com\/wp-content\/uploads\/2025\/03\/1eb9d23b-4f1b-44b2-822a-f48e85e4894e.jpg","type":"image\/jpeg"}],"author":"sanluisinforma.com","twitter_card":"summary_large_image","twitter_misc":{"Escrito por":"sanluisinforma.com","Tiempo de lectura":"2 minutos"},"schema":{"@context":"https:\/\/schema.org","@graph":[{"@type":"Article","@id":"https:\/\/sanluisinforma.com\/?p=10744#article","isPartOf":{"@id":"https:\/\/sanluisinforma.com\/?p=10744"},"author":{"name":"sanluisinforma.com","@id":"https:\/\/sanluisinforma.com\/#\/schema\/person\/c30648f71476be533b6f59d092905c8b"},"headline":"Gobierno Estatal impulsa emprendimiento Verde en Comunidades Ind\u00edgenas","datePublished":"2025-03-03T06:25:00+00:00","dateModified":"2025-03-03T01:23:00+00:00","mainEntityOfPage":{"@id":"https:\/\/sanluisinforma.com\/?p=10744"},"wordCount":233,"publisher":{"@id":"https:\/\/sanluisinforma.com\/#organization"},"image":{"@id":"https:\/\/sanluisinforma.com\/?p=10744#primaryimage"},"thumbnailUrl":"https:\/\/sanluisinforma.com\/wp-content\/uploads\/2025\/03\/1eb9d23b-4f1b-44b2-822a-f48e85e4894e.jpg","articleSection":["Local"],"inLanguage":"es"},{"@type":"WebPage","@id":"https:\/\/sanluisinforma.com\/?p=10744","url":"https:\/\/sanluisinforma.com\/?p=10744","name":"Gobierno Estatal impulsa emprendimiento Verde en Comunidades Ind\u00edgenas - sanluisinforma.com","isPartOf":{"@id":"https:\/\/sanluisinforma.com\/#website"},"primaryImageOfPage":{"@id":"https:\/\/sanluisinforma.com\/?p=10744#primaryimage"},"image":{"@id":"https:\/\/sanluisinforma.com\/?p=10744#primaryimage"},"thumbnailUrl":"https:\/\/sanluisinforma.com\/wp-content\/uploads\/2025\/03\/1eb9d23b-4f1b-44b2-822a-f48e85e4894e.jpg","datePublished":"2025-03-03T06:25:00+00:00","dateModified":"2025-03-03T01:23:00+00:00","breadcrumb":{"@id":"https:\/\/sanluisinforma.com\/?p=10744#breadcrumb"},"inLanguage":"es","potentialAction":[{"@type":"ReadAction","target":["https:\/\/sanluisinforma.com\/?p=10744"]}]},{"@type":"ImageObject","inLanguage":"es","@id":"https:\/\/sanluisinforma.com\/?p=10744#primaryimage","url":"https:\/\/sanluisinforma.com\/wp-content\/uploads\/2025\/03\/1eb9d23b-4f1b-44b2-822a-f48e85e4894e.jpg","contentUrl":"https:\/\/sanluisinforma.com\/wp-content\/uploads\/2025\/03\/1eb9d23b-4f1b-44b2-822a-f48e85e4894e.jpg","width":480,"height":220},{"@type":"BreadcrumbList","@id":"https:\/\/sanluisinforma.com\/?p=10744#breadcrumb","itemListElement":[{"@type":"ListItem","position":1,"name":"Inicio","item":"https:\/\/sanluisinforma.com\/"},{"@type":"ListItem","position":2,"name":"Gobierno Estatal impulsa emprendimiento Verde en Comunidades Ind\u00edgenas"}]},{"@type":"WebSite","@id":"https:\/\/sanluisinforma.com\/#website","url":"https:\/\/sanluisinforma.com\/","name":"sanluisinforma.com","description":"Periodico San Luis Informa","publisher":{"@id":"https:\/\/sanluisinforma.com\/#organization"},"potentialAction":[{"@type":"SearchAction","target":{"@type":"EntryPoint","urlTemplate":"https:\/\/sanluisinforma.com\/?s={search_term_string}"},"query-input":{"@type":"PropertyValueSpecification","valueRequired":true,"valueName":"search_term_string"}}],"inLanguage":"es"},{"@type":"Organization","@id":"https:\/\/sanluisinforma.com\/#organization","name":"sanluisinforma.com","url":"https:\/\/sanluisinforma.com\/","logo":{"@type":"ImageObject","inLanguage":"es","@id":"https:\/\/sanluisinforma.com\/#\/schema\/logo\/image\/","url":"https:\/\/sanluisinforma.com\/wp-content\/uploads\/2026\/03\/sanluisinforma-V.jpg","contentUrl":"https:\/\/sanluisinforma.com\/wp-content\/uploads\/2026\/03\/sanluisinforma-V.jpg","width":500,"height":156,"caption":"sanluisinforma.com"},"image":{"@id":"https:\/\/sanluisinforma.com\/#\/schema\/logo\/image\/"}},{"@type":"Person","@id":"https:\/\/sanluisinforma.com\/#\/schema\/person\/c30648f71476be533b6f59d092905c8b","name":"sanluisinforma.com","image":{"@type":"ImageObject","inLanguage":"es","@id":"https:\/\/sanluisinforma.com\/#\/schema\/person\/image\/","url":"https:\/\/secure.gravatar.com\/avatar\/86e3114e34a1eecefb963e0a02f0093f93b092dddb2fe1517596343751081a87?s=96&d=mm&r=g","contentUrl":"https:\/\/secure.gravatar.com\/avatar\/86e3114e34a1eecefb963e0a02f0093f93b092dddb2fe1517596343751081a87?s=96&d=mm&r=g","caption":"sanluisinforma.com"},"url":"https:\/\/sanluisinforma.com\/?author=2"}]}},"_links":{"self":[{"href":"https:\/\/sanluisinforma.com\/index.php?rest_route=\/wp\/v2\/posts\/10744","targetHints":{"allow":["GET"]}}],"collection":[{"href":"https:\/\/sanluisinforma.com\/index.php?rest_route=\/wp\/v2\/posts"}],"about":[{"href":"https:\/\/sanluisinforma.com\/index.php?rest_route=\/wp\/v2\/types\/post"}],"author":[{"embeddable":true,"href":"https:\/\/sanluisinforma.com\/index.php?rest_route=\/wp\/v2\/users\/2"}],"replies":[{"embeddable":true,"href":"https:\/\/sanluisinforma.com\/index.php?rest_route=%2Fwp%2Fv2%2Fcomments&post=10744"}],"version-history":[{"count":1,"href":"https:\/\/sanluisinforma.com\/index.php?rest_route=\/wp\/v2\/posts\/10744\/revisions"}],"predecessor-version":[{"id":10746,"href":"https:\/\/sanluisinforma.com\/index.php?rest_route=\/wp\/v2\/posts\/10744\/revisions\/10746"}],"wp:featuredmedia":[{"embeddable":true,"href":"https:\/\/sanluisinforma.com\/index.php?rest_route=\/wp\/v2\/media\/10745"}],"wp:attachment":[{"href":"https:\/\/sanluisinforma.com\/index.php?rest_route=%2Fwp%2Fv2%2Fmedia&parent=10744"}],"wp:term":[{"taxonomy":"category","embeddable":true,"href":"https:\/\/sanluisinforma.com\/index.php?rest_route=%2Fwp%2Fv2%2Fcategories&post=10744"},{"taxonomy":"post_tag","embeddable":true,"href":"https:\/\/sanluisinforma.com\/index.php?rest_route=%2Fwp%2Fv2%2Ftags&post=10744"}],"curies":[{"name":"wp","href":"https:\/\/api.w.org\/{rel}","templated":true}]}}