{"id":10747,"date":"2025-03-03T00:40:00","date_gmt":"2025-03-03T06:40:00","guid":{"rendered":"https:\/\/sanluisinforma.com\/?p=10747"},"modified":"2025-03-02T19:21:58","modified_gmt":"2025-03-03T01:21:58","slug":"a-mexico-en-cualquier-lugar-del-mundo-se-le-respeta-somos-un-pais-libre-independientes-y-soberano-presidenta-claudia-sheinbaum","status":"publish","type":"post","link":"https:\/\/sanluisinforma.com\/?p=10747","title":{"rendered":"\u201cA M\u00e9xico , en cualquier lugar del mundo se le respeta, somos un Pa\u00eds Libre, Independientes y Soberano \u201c: Presidenta Claudia Sheinbaum"},"content":{"rendered":"\n<p><\/p>\n\n\n\n<p>* \u201cSiempre he dicho: cooperaci\u00f3n, coordinaci\u00f3n s\u00ed; subordinaci\u00f3n nunca. M\u00e9xico es un pa\u00eds libre, independiente y soberano\u201d, destac\u00f3<\/p>\n\n\n\n<p>* En Colima se impulsar\u00e1n obras de infraestructura con la construcci\u00f3n y reconstrucci\u00f3n de puentes; as\u00ed como para la construcci\u00f3n de un acueducto; el desazolve del r\u00edo Marabasco y la colocaci\u00f3n de muros a las orillas para evitar desbordamientos<\/p>\n\n\n\n<p>* Desde el municipio de Cuauht\u00e9moc record\u00f3 al \u00faltimo tlatoani mexica, a quien destac\u00f3 como un s\u00edmbolo por su lucha contra la invasi\u00f3n espa\u00f1ola y por la resistencia de los pueblos originarios<\/p>\n\n\n\n<p>Cuauht\u00e9moc, Colima, 2 de marzo de 2025.- Durante la entrega de Programas para el Bienestar desde el municipio de Cuauht\u00e9moc, Colima, la Presidenta de M\u00e9xico, Claudia Sheinbaum Pardo, reiter\u00f3 que M\u00e9xico es un pa\u00eds libre, independiente y soberano, el cual debe ser respetado en cualquier parte del mundo.<\/p>\n\n\n\n<p>\u201cQue sepa tambi\u00e9n, el pueblo de M\u00e9xico y todo el mundo, que M\u00e9xico es un gran pa\u00eds de hombres y mujeres valientes; que somos un pa\u00eds libre, independiente y soberano, y que a M\u00e9xico en cualquier lugar del mundo se le respeta, porque aqu\u00ed pedimos ser tratados como iguales. Por eso, siempre he dicho: cooperaci\u00f3n, coordinaci\u00f3n s\u00ed; subordinaci\u00f3n nunca. M\u00e9xico es un pa\u00eds libre, independiente y soberano. Somos un gran pa\u00eds, somos un ejemplo cultural en el mundo. Y a M\u00e9xico se le respeta\u201d, asever\u00f3.<\/p>\n\n\n\n<p>Como parte de su gira por la entidad, anunci\u00f3 que el Gobierno de M\u00e9xico impulsar\u00e1 obras de infraestructura en beneficio del pueblo de Colima, desde la construcci\u00f3n de puentes y preparatorias, hasta obras para garantizar agua potable.<\/p>\n\n\n\n<p>\u201cVamos a hacer varias obras: obras de puentes, de mejoras de carreteras, de agua potable y muchas otras acciones. Ya escucharon tambi\u00e9n que decidimos ampliar el puerto de Manzanillo y eso va a ayudar tambi\u00e9n a todo el estado\u201d, agreg\u00f3.<\/p>\n\n\n\n<p>Destac\u00f3 que a estos proyectos, se le suma la continuidad de todos los Programas para el Bienestar, desde la Pensi\u00f3n Mujeres Bienestar de 60 a 64 a\u00f1os y que en este a\u00f1o ya beneficia a mexicanas de 63 y 64 a\u00f1os de todo el pa\u00eds; la beca universal \u201cRita Cetina Guti\u00e9rrez\u201d para estudiantes de educaci\u00f3n b\u00e1sica. la cual arranc\u00f3 para alumnos de secundaria; y el programa Salud Casa por Casa para personas adultas mayores y con discapacidad quienes recibir\u00e1n atenci\u00f3n m\u00e9dica gratuita en sus domicilios y podr\u00e1n surtir gratuitamente sus medicamentos en las Farmacias para el Bienestar que ser\u00e1n construidas en los Bancos y Tiendas del Bienestar.<\/p>\n\n\n\n<p>Record\u00f3 que el pr\u00f3ximo 1 de junio, es el \u201cD\u00eda de la Democracia\u201d, ya que el pueblo salvar\u00e1 de la corrupci\u00f3n al Poder Judicial con la elecci\u00f3n de jueces, juezas, magistrados, magistradas, ministros y ministras, con lo cual M\u00e9xico dar\u00e1 un ejemplo al mundo, con una Suprema Corte de Justicia de la Naci\u00f3n (SCJN) que responda a los intereses de la naci\u00f3n y no a los de unos cuantos.<\/p>\n\n\n\n<p>Puntualiz\u00f3 que el Gobierno de M\u00e9xico trabaja cerca del pueblo a favor de las mexicanas y mexicanos, incluyendo a quienes residen en los Estados Unidos, a quienes describi\u00f3 como h\u00e9roes y hero\u00ednas de la patria al aportar a la econom\u00eda de ambos pa\u00edses.<\/p>\n\n\n\n<p>\u201cLo he dicho otras veces: Estados Unidos no ser\u00eda lo que es, si no fuera por los mexicanos y mexicanas que trabajan del otro lado, si no hubiera paisanos trabajando el campo del otro lado, los mejores trabajadores del campo, no habr\u00eda comida sobre la mesa de los estadounidenses; si no trabajaran en los servicios, no ser\u00eda lo que es distintos lugares de Estados Unidos. As\u00ed que les decimos desde aqu\u00ed que: siempre los vamos a apoyar\u201d, coment\u00f3.<\/p>\n\n\n\n<p>Desde el municipio Cuauht\u00e9moc, record\u00f3 al \u00faltimo tlatoani mexica, a quien destac\u00f3 como un s\u00edmbolo por su lucha contra la invasi\u00f3n espa\u00f1ola y por la resistencia de los pueblos originarios.<\/p>\n\n\n\n<p>\u201cFue ejemplo de dignidad, de entrega al pr\u00f3jimo y de entrega al proyecto colectivo; s\u00edmbolo y recordatorio de la resiliencia y la dignidad para enfrentar las adversidades, y tambi\u00e9n s\u00edmbolo y recordatorio de la lucha por la libertad, la soberan\u00eda, la independencia y la justicia\u201d, agreg\u00f3.<\/p>\n\n\n\n<p>El secretario de Infraestructura, Comunicaciones y Transportes, Jes\u00fas Antonio Esteva Medina, anunci\u00f3 que se invertir\u00e1n cerca de mil 400 millones de pesos (mdp) para la construcci\u00f3n en abril 2025 de los puentes:<\/p>\n\n\n\n<p>* Libramiento Arco Sur con una longitud de 1.2 kil\u00f3metros (km) y una inversi\u00f3n de 305 mdp.<\/p>\n\n\n\n<p>* Libramiento Arco Norte de 500 metros (m) de longitud y una inversi\u00f3n de 180 mdp.<\/p>\n\n\n\n<p>Tambi\u00e9n se reconstruir\u00e1n los puentes: La Presa Trancas, Vado El Chical y Las Tunas.<\/p>\n\n\n\n<p>Mientras que a partir del 2026 se iniciar\u00e1n obras para:<\/p>\n\n\n\n<p>* Puente Barrio V de 700 m de longitud con una inversi\u00f3n de 200 mdp.<\/p>\n\n\n\n<p>* El ingreso principal a Manzanillo, con una extensi\u00f3n de 800 m y una inversi\u00f3n de 300 mdp.<\/p>\n\n\n\n<p>* El Recinto portuario La Flechita, de 700 m con una inversi\u00f3n de 200 mdp.<\/p>\n\n\n\n<p>Inform\u00f3 que a trav\u00e9s del Programa de Conservaci\u00f3n de Carreteras Bachet\u00f3n, se intervinieron 30 mil metros cuadrados de superficie y 367 km en toda la Red Carretera Federal; y en la entidad se interviene la Carretera Colima-Guadalajara la cual est\u00e1 pr\u00f3xima a concluirse. Y se modernizar\u00e1 la autopista Armer\u00eda-Manzanillo que conectar\u00e1 la Colima-Armer\u00eda cuyas obras concluir\u00e1n en los primeros meses del 2026.<\/p>\n\n\n\n<p>El director general de la Comisi\u00f3n Nacional del Agua, Efra\u00edn Morales L\u00f3pez, anunci\u00f3 la construcci\u00f3n de un acueducto para brindar agua a los municipios de Colima y Villa de \u00c1lvarez con una inversi\u00f3n de cerca de mil 800 mdp, cuyas obras arrancar\u00e1n este a\u00f1o en coordinaci\u00f3n el gobierno del estado, para su conclusi\u00f3n antes de finalizar el 2027.<\/p>\n\n\n\n<p>Tambi\u00e9n se desazolvan 12 puntos del r\u00edo Marabasco, en el que tambi\u00e9n se construir\u00e1n muros a las orillas para evitar desbordamientos, esto con una inversi\u00f3n de 300 mdp.<\/p>\n\n\n\n<p>El secretario t\u00e9cnico del Gabinete de la Presidencia y coordinador general de Programas para el Bienestar, Carlos Torres Rosas, inform\u00f3 que en Colima este a\u00f1o se destinar\u00e1n m\u00e1s de 5 mil mdp en beneficio de 180 mil personas de la entidad que recibir\u00e1n alguno de los apoyos directos del Gobierno de M\u00e9xico.<\/p>\n\n\n\n<p>La Gobernadora de Colima, Indira Vizca\u00edno Silva, puntualiz\u00f3 que los Programas para el Bienestar son muestra de que con la Cuarta Transformaci\u00f3n el dinero p\u00fablico tiene que servir al pueblo.<\/p>\n\n\n\n<p>\u201cYa nos qued\u00f3 claro que s\u00ed alcanza para m\u00e1s; que cuando el dinero se maneja con honestidad, con compromiso y con mucho amor, alcanza para m\u00e1s, para poder llegar directamente a cada una de las personas\u201d, agreg\u00f3. En Cuauht\u00e9moc, Colima, acompa\u00f1aron a la Presidenta de M\u00e9xico, la secretaria de Gobernaci\u00f3n, Rosa Icela Rodr\u00edguez Vel\u00e1zquez; el secretario de Educaci\u00f3n P\u00fablica, Mario Delgado Carrillo; la secretaria de las Mujeres, Citlalli Hern\u00e1ndez Mora; la secretaria de Desarrollo Agrario, Territorial y Urbano, Edna Elena Vega Rangel; el subsecretario de Bienestar, Jes\u00fas Valencia Guzm\u00e1n; el director general del IMSS Bienestar, Alejandro Svarch P\u00e9rez; la coordinadora general de Asuntos Intergubernamentales y Participaci\u00f3n Social de la Presidencia de la Rep\u00fablica, Leticia Ram\u00edrez Amaya; la presidenta municipal de Cuauht\u00e9moc, Guadalupe Sol\u00eds Ram\u00edrez; la derechohabiente de la Pensi\u00f3n Mujeres Bienestar, Eustolia P\u00e9rez C\u00e1rdenas y el derechohabiente de la Pensi\u00f3n Adultos Mayores, San<\/p>\n","protected":false},"excerpt":{"rendered":"<p>* \u201cSiempre he dicho: cooperaci\u00f3n, coordinaci\u00f3n s\u00ed; subordinaci\u00f3n nunca. M\u00e9xico es un pa\u00eds libre, independiente y soberano\u201d, destac\u00f3 * En<\/p>\n","protected":false},"author":2,"featured_media":10748,"comment_status":"closed","ping_status":"closed","sticky":false,"template":"","format":"standard","meta":{"footnotes":""},"categories":[26],"tags":[],"class_list":["post-10747","post","type-post","status-publish","format-standard","has-post-thumbnail","hentry","category-nacional"],"yoast_head":"<!-- This site is optimized with the Yoast SEO plugin v24.1 - https:\/\/yoast.com\/wordpress\/plugins\/seo\/ -->\n<title>\u201cA M\u00e9xico , en cualquier lugar del mundo se le respeta, somos un Pa\u00eds Libre, Independientes y Soberano \u201c: Presidenta Claudia Sheinbaum - sanluisinforma.com<\/title>\n<meta name=\"robots\" content=\"index, follow, max-snippet:-1, max-image-preview:large, max-video-preview:-1\" \/>\n<link rel=\"canonical\" href=\"https:\/\/sanluisinforma.com\/?p=10747\" \/>\n<meta property=\"og:locale\" content=\"es_MX\" \/>\n<meta property=\"og:type\" content=\"article\" \/>\n<meta property=\"og:title\" content=\"\u201cA M\u00e9xico , en cualquier lugar del mundo se le respeta, somos un Pa\u00eds Libre, Independientes y Soberano \u201c: Presidenta Claudia Sheinbaum - sanluisinforma.com\" \/>\n<meta property=\"og:description\" content=\"* \u201cSiempre he dicho: cooperaci\u00f3n, coordinaci\u00f3n s\u00ed; subordinaci\u00f3n nunca. M\u00e9xico es un pa\u00eds libre, independiente y soberano\u201d, destac\u00f3 * En\" \/>\n<meta property=\"og:url\" content=\"https:\/\/sanluisinforma.com\/?p=10747\" \/>\n<meta property=\"og:site_name\" content=\"sanluisinforma.com\" \/>\n<meta property=\"article:published_time\" content=\"2025-03-03T06:40:00+00:00\" \/>\n<meta property=\"article:modified_time\" content=\"2025-03-03T01:21:58+00:00\" \/>\n<meta property=\"og:image\" content=\"https:\/\/sanluisinforma.com\/wp-content\/uploads\/2025\/03\/e8d3a2ff-6a6d-4400-a462-33b604e6b0d7.jpg\" \/>\n\t<meta property=\"og:image:width\" content=\"480\" \/>\n\t<meta property=\"og:image:height\" content=\"304\" \/>\n\t<meta property=\"og:image:type\" content=\"image\/jpeg\" \/>\n<meta name=\"author\" content=\"sanluisinforma.com\" \/>\n<meta name=\"twitter:card\" content=\"summary_large_image\" \/>\n<meta name=\"twitter:label1\" content=\"Escrito por\" \/>\n\t<meta name=\"twitter:data1\" content=\"sanluisinforma.com\" \/>\n\t<meta name=\"twitter:label2\" content=\"Tiempo de lectura\" \/>\n\t<meta name=\"twitter:data2\" content=\"6 minutos\" \/>\n<script type=\"application\/ld+json\" class=\"yoast-schema-graph\">{\"@context\":\"https:\/\/schema.org\",\"@graph\":[{\"@type\":\"Article\",\"@id\":\"https:\/\/sanluisinforma.com\/?p=10747#article\",\"isPartOf\":{\"@id\":\"https:\/\/sanluisinforma.com\/?p=10747\"},\"author\":{\"name\":\"sanluisinforma.com\",\"@id\":\"https:\/\/sanluisinforma.com\/#\/schema\/person\/c30648f71476be533b6f59d092905c8b\"},\"headline\":\"\u201cA M\u00e9xico , en cualquier lugar del mundo se le respeta, somos un Pa\u00eds Libre, Independientes y Soberano \u201c: Presidenta Claudia Sheinbaum\",\"datePublished\":\"2025-03-03T06:40:00+00:00\",\"dateModified\":\"2025-03-03T01:21:58+00:00\",\"mainEntityOfPage\":{\"@id\":\"https:\/\/sanluisinforma.com\/?p=10747\"},\"wordCount\":1309,\"publisher\":{\"@id\":\"https:\/\/sanluisinforma.com\/#organization\"},\"image\":{\"@id\":\"https:\/\/sanluisinforma.com\/?p=10747#primaryimage\"},\"thumbnailUrl\":\"https:\/\/sanluisinforma.com\/wp-content\/uploads\/2025\/03\/e8d3a2ff-6a6d-4400-a462-33b604e6b0d7.jpg\",\"articleSection\":[\"Nacional\"],\"inLanguage\":\"es\"},{\"@type\":\"WebPage\",\"@id\":\"https:\/\/sanluisinforma.com\/?p=10747\",\"url\":\"https:\/\/sanluisinforma.com\/?p=10747\",\"name\":\"\u201cA M\u00e9xico , en cualquier lugar del mundo se le respeta, somos un Pa\u00eds Libre, Independientes y Soberano \u201c: Presidenta Claudia Sheinbaum - sanluisinforma.com\",\"isPartOf\":{\"@id\":\"https:\/\/sanluisinforma.com\/#website\"},\"primaryImageOfPage\":{\"@id\":\"https:\/\/sanluisinforma.com\/?p=10747#primaryimage\"},\"image\":{\"@id\":\"https:\/\/sanluisinforma.com\/?p=10747#primaryimage\"},\"thumbnailUrl\":\"https:\/\/sanluisinforma.com\/wp-content\/uploads\/2025\/03\/e8d3a2ff-6a6d-4400-a462-33b604e6b0d7.jpg\",\"datePublished\":\"2025-03-03T06:40:00+00:00\",\"dateModified\":\"2025-03-03T01:21:58+00:00\",\"breadcrumb\":{\"@id\":\"https:\/\/sanluisinforma.com\/?p=10747#breadcrumb\"},\"inLanguage\":\"es\",\"potentialAction\":[{\"@type\":\"ReadAction\",\"target\":[\"https:\/\/sanluisinforma.com\/?p=10747\"]}]},{\"@type\":\"ImageObject\",\"inLanguage\":\"es\",\"@id\":\"https:\/\/sanluisinforma.com\/?p=10747#primaryimage\",\"url\":\"https:\/\/sanluisinforma.com\/wp-content\/uploads\/2025\/03\/e8d3a2ff-6a6d-4400-a462-33b604e6b0d7.jpg\",\"contentUrl\":\"https:\/\/sanluisinforma.com\/wp-content\/uploads\/2025\/03\/e8d3a2ff-6a6d-4400-a462-33b604e6b0d7.jpg\",\"width\":480,\"height\":304},{\"@type\":\"BreadcrumbList\",\"@id\":\"https:\/\/sanluisinforma.com\/?p=10747#breadcrumb\",\"itemListElement\":[{\"@type\":\"ListItem\",\"position\":1,\"name\":\"Inicio\",\"item\":\"https:\/\/sanluisinforma.com\/\"},{\"@type\":\"ListItem\",\"position\":2,\"name\":\"\u201cA M\u00e9xico , en cualquier lugar del mundo se le respeta, somos un Pa\u00eds Libre, Independientes y Soberano \u201c: Presidenta Claudia Sheinbaum\"}]},{\"@type\":\"WebSite\",\"@id\":\"https:\/\/sanluisinforma.com\/#website\",\"url\":\"https:\/\/sanluisinforma.com\/\",\"name\":\"sanluisinforma.com\",\"description\":\"Periodico San Luis Informa\",\"publisher\":{\"@id\":\"https:\/\/sanluisinforma.com\/#organization\"},\"potentialAction\":[{\"@type\":\"SearchAction\",\"target\":{\"@type\":\"EntryPoint\",\"urlTemplate\":\"https:\/\/sanluisinforma.com\/?s={search_term_string}\"},\"query-input\":{\"@type\":\"PropertyValueSpecification\",\"valueRequired\":true,\"valueName\":\"search_term_string\"}}],\"inLanguage\":\"es\"},{\"@type\":\"Organization\",\"@id\":\"https:\/\/sanluisinforma.com\/#organization\",\"name\":\"sanluisinforma.com\",\"url\":\"https:\/\/sanluisinforma.com\/\",\"logo\":{\"@type\":\"ImageObject\",\"inLanguage\":\"es\",\"@id\":\"https:\/\/sanluisinforma.com\/#\/schema\/logo\/image\/\",\"url\":\"https:\/\/sanluisinforma.com\/wp-content\/uploads\/2026\/03\/sanluisinforma-V.jpg\",\"contentUrl\":\"https:\/\/sanluisinforma.com\/wp-content\/uploads\/2026\/03\/sanluisinforma-V.jpg\",\"width\":500,\"height\":156,\"caption\":\"sanluisinforma.com\"},\"image\":{\"@id\":\"https:\/\/sanluisinforma.com\/#\/schema\/logo\/image\/\"}},{\"@type\":\"Person\",\"@id\":\"https:\/\/sanluisinforma.com\/#\/schema\/person\/c30648f71476be533b6f59d092905c8b\",\"name\":\"sanluisinforma.com\",\"image\":{\"@type\":\"ImageObject\",\"inLanguage\":\"es\",\"@id\":\"https:\/\/sanluisinforma.com\/#\/schema\/person\/image\/\",\"url\":\"https:\/\/secure.gravatar.com\/avatar\/86e3114e34a1eecefb963e0a02f0093f93b092dddb2fe1517596343751081a87?s=96&d=mm&r=g\",\"contentUrl\":\"https:\/\/secure.gravatar.com\/avatar\/86e3114e34a1eecefb963e0a02f0093f93b092dddb2fe1517596343751081a87?s=96&d=mm&r=g\",\"caption\":\"sanluisinforma.com\"},\"url\":\"https:\/\/sanluisinforma.com\/?author=2\"}]}<\/script>\n<!-- \/ Yoast SEO plugin. -->","yoast_head_json":{"title":"\u201cA M\u00e9xico , en cualquier lugar del mundo se le respeta, somos un Pa\u00eds Libre, Independientes y Soberano \u201c: Presidenta Claudia Sheinbaum - sanluisinforma.com","robots":{"index":"index","follow":"follow","max-snippet":"max-snippet:-1","max-image-preview":"max-image-preview:large","max-video-preview":"max-video-preview:-1"},"canonical":"https:\/\/sanluisinforma.com\/?p=10747","og_locale":"es_MX","og_type":"article","og_title":"\u201cA M\u00e9xico , en cualquier lugar del mundo se le respeta, somos un Pa\u00eds Libre, Independientes y Soberano \u201c: Presidenta Claudia Sheinbaum - sanluisinforma.com","og_description":"* \u201cSiempre he dicho: cooperaci\u00f3n, coordinaci\u00f3n s\u00ed; subordinaci\u00f3n nunca. M\u00e9xico es un pa\u00eds libre, independiente y soberano\u201d, destac\u00f3 * En","og_url":"https:\/\/sanluisinforma.com\/?p=10747","og_site_name":"sanluisinforma.com","article_published_time":"2025-03-03T06:40:00+00:00","article_modified_time":"2025-03-03T01:21:58+00:00","og_image":[{"width":480,"height":304,"url":"https:\/\/sanluisinforma.com\/wp-content\/uploads\/2025\/03\/e8d3a2ff-6a6d-4400-a462-33b604e6b0d7.jpg","type":"image\/jpeg"}],"author":"sanluisinforma.com","twitter_card":"summary_large_image","twitter_misc":{"Escrito por":"sanluisinforma.com","Tiempo de lectura":"6 minutos"},"schema":{"@context":"https:\/\/schema.org","@graph":[{"@type":"Article","@id":"https:\/\/sanluisinforma.com\/?p=10747#article","isPartOf":{"@id":"https:\/\/sanluisinforma.com\/?p=10747"},"author":{"name":"sanluisinforma.com","@id":"https:\/\/sanluisinforma.com\/#\/schema\/person\/c30648f71476be533b6f59d092905c8b"},"headline":"\u201cA M\u00e9xico , en cualquier lugar del mundo se le respeta, somos un Pa\u00eds Libre, Independientes y Soberano \u201c: Presidenta Claudia Sheinbaum","datePublished":"2025-03-03T06:40:00+00:00","dateModified":"2025-03-03T01:21:58+00:00","mainEntityOfPage":{"@id":"https:\/\/sanluisinforma.com\/?p=10747"},"wordCount":1309,"publisher":{"@id":"https:\/\/sanluisinforma.com\/#organization"},"image":{"@id":"https:\/\/sanluisinforma.com\/?p=10747#primaryimage"},"thumbnailUrl":"https:\/\/sanluisinforma.com\/wp-content\/uploads\/2025\/03\/e8d3a2ff-6a6d-4400-a462-33b604e6b0d7.jpg","articleSection":["Nacional"],"inLanguage":"es"},{"@type":"WebPage","@id":"https:\/\/sanluisinforma.com\/?p=10747","url":"https:\/\/sanluisinforma.com\/?p=10747","name":"\u201cA M\u00e9xico , en cualquier lugar del mundo se le respeta, somos un Pa\u00eds Libre, Independientes y Soberano \u201c: Presidenta Claudia Sheinbaum - sanluisinforma.com","isPartOf":{"@id":"https:\/\/sanluisinforma.com\/#website"},"primaryImageOfPage":{"@id":"https:\/\/sanluisinforma.com\/?p=10747#primaryimage"},"image":{"@id":"https:\/\/sanluisinforma.com\/?p=10747#primaryimage"},"thumbnailUrl":"https:\/\/sanluisinforma.com\/wp-content\/uploads\/2025\/03\/e8d3a2ff-6a6d-4400-a462-33b604e6b0d7.jpg","datePublished":"2025-03-03T06:40:00+00:00","dateModified":"2025-03-03T01:21:58+00:00","breadcrumb":{"@id":"https:\/\/sanluisinforma.com\/?p=10747#breadcrumb"},"inLanguage":"es","potentialAction":[{"@type":"ReadAction","target":["https:\/\/sanluisinforma.com\/?p=10747"]}]},{"@type":"ImageObject","inLanguage":"es","@id":"https:\/\/sanluisinforma.com\/?p=10747#primaryimage","url":"https:\/\/sanluisinforma.com\/wp-content\/uploads\/2025\/03\/e8d3a2ff-6a6d-4400-a462-33b604e6b0d7.jpg","contentUrl":"https:\/\/sanluisinforma.com\/wp-content\/uploads\/2025\/03\/e8d3a2ff-6a6d-4400-a462-33b604e6b0d7.jpg","width":480,"height":304},{"@type":"BreadcrumbList","@id":"https:\/\/sanluisinforma.com\/?p=10747#breadcrumb","itemListElement":[{"@type":"ListItem","position":1,"name":"Inicio","item":"https:\/\/sanluisinforma.com\/"},{"@type":"ListItem","position":2,"name":"\u201cA M\u00e9xico , en cualquier lugar del mundo se le respeta, somos un Pa\u00eds Libre, Independientes y Soberano \u201c: Presidenta Claudia Sheinbaum"}]},{"@type":"WebSite","@id":"https:\/\/sanluisinforma.com\/#website","url":"https:\/\/sanluisinforma.com\/","name":"sanluisinforma.com","description":"Periodico San Luis Informa","publisher":{"@id":"https:\/\/sanluisinforma.com\/#organization"},"potentialAction":[{"@type":"SearchAction","target":{"@type":"EntryPoint","urlTemplate":"https:\/\/sanluisinforma.com\/?s={search_term_string}"},"query-input":{"@type":"PropertyValueSpecification","valueRequired":true,"valueName":"search_term_string"}}],"inLanguage":"es"},{"@type":"Organization","@id":"https:\/\/sanluisinforma.com\/#organization","name":"sanluisinforma.com","url":"https:\/\/sanluisinforma.com\/","logo":{"@type":"ImageObject","inLanguage":"es","@id":"https:\/\/sanluisinforma.com\/#\/schema\/logo\/image\/","url":"https:\/\/sanluisinforma.com\/wp-content\/uploads\/2026\/03\/sanluisinforma-V.jpg","contentUrl":"https:\/\/sanluisinforma.com\/wp-content\/uploads\/2026\/03\/sanluisinforma-V.jpg","width":500,"height":156,"caption":"sanluisinforma.com"},"image":{"@id":"https:\/\/sanluisinforma.com\/#\/schema\/logo\/image\/"}},{"@type":"Person","@id":"https:\/\/sanluisinforma.com\/#\/schema\/person\/c30648f71476be533b6f59d092905c8b","name":"sanluisinforma.com","image":{"@type":"ImageObject","inLanguage":"es","@id":"https:\/\/sanluisinforma.com\/#\/schema\/person\/image\/","url":"https:\/\/secure.gravatar.com\/avatar\/86e3114e34a1eecefb963e0a02f0093f93b092dddb2fe1517596343751081a87?s=96&d=mm&r=g","contentUrl":"https:\/\/secure.gravatar.com\/avatar\/86e3114e34a1eecefb963e0a02f0093f93b092dddb2fe1517596343751081a87?s=96&d=mm&r=g","caption":"sanluisinforma.com"},"url":"https:\/\/sanluisinforma.com\/?author=2"}]}},"_links":{"self":[{"href":"https:\/\/sanluisinforma.com\/index.php?rest_route=\/wp\/v2\/posts\/10747","targetHints":{"allow":["GET"]}}],"collection":[{"href":"https:\/\/sanluisinforma.com\/index.php?rest_route=\/wp\/v2\/posts"}],"about":[{"href":"https:\/\/sanluisinforma.com\/index.php?rest_route=\/wp\/v2\/types\/post"}],"author":[{"embeddable":true,"href":"https:\/\/sanluisinforma.com\/index.php?rest_route=\/wp\/v2\/users\/2"}],"replies":[{"embeddable":true,"href":"https:\/\/sanluisinforma.com\/index.php?rest_route=%2Fwp%2Fv2%2Fcomments&post=10747"}],"version-history":[{"count":1,"href":"https:\/\/sanluisinforma.com\/index.php?rest_route=\/wp\/v2\/posts\/10747\/revisions"}],"predecessor-version":[{"id":10749,"href":"https:\/\/sanluisinforma.com\/index.php?rest_route=\/wp\/v2\/posts\/10747\/revisions\/10749"}],"wp:featuredmedia":[{"embeddable":true,"href":"https:\/\/sanluisinforma.com\/index.php?rest_route=\/wp\/v2\/media\/10748"}],"wp:attachment":[{"href":"https:\/\/sanluisinforma.com\/index.php?rest_route=%2Fwp%2Fv2%2Fmedia&parent=10747"}],"wp:term":[{"taxonomy":"category","embeddable":true,"href":"https:\/\/sanluisinforma.com\/index.php?rest_route=%2Fwp%2Fv2%2Fcategories&post=10747"},{"taxonomy":"post_tag","embeddable":true,"href":"https:\/\/sanluisinforma.com\/index.php?rest_route=%2Fwp%2Fv2%2Ftags&post=10747"}],"curies":[{"name":"wp","href":"https:\/\/api.w.org\/{rel}","templated":true}]}}