{"id":10777,"date":"2025-03-05T00:45:00","date_gmt":"2025-03-05T06:45:00","guid":{"rendered":"https:\/\/sanluisinforma.com\/?p=10777"},"modified":"2025-03-04T18:44:03","modified_gmt":"2025-03-05T00:44:03","slug":"canacintra-reconoce-y-se-suma-al-trabajo-del-gobierno-de-la-capital","status":"publish","type":"post","link":"https:\/\/sanluisinforma.com\/?p=10777","title":{"rendered":"Canacintra reconoce y se suma al trabajo del Gobierno de la Capital"},"content":{"rendered":"\n<p>Invitado por la Mesa Directiva, el Alcalde Enrique Galindo expuso los proyectos de desarrollo de infraestructura de la Ciudad Capital, el programa de Vialidades Potosinas, el impulso de creaci\u00f3n de nuevos negocios y expuso la situaci\u00f3n del agua en la ciudad; los empresarios integrantes de esta C\u00e1mara se sumaron a las acciones municipales.<\/p>\n\n\n\n<p><\/p>\n\n\n\n<p>La C\u00e1mara Nacional de la Industria de la Transformaci\u00f3n (Canacintra) manifest\u00f3 su respaldo a las acciones del Gobierno de la Capital para impulsar el desarrollo de San Luis Potos\u00ed. Durante una reuni\u00f3n con el Alcalde Enrique Galindo Ceballos, empresarios del sector industrial se comprometieron a colaborar en proyectos estrat\u00e9gicos para mejorar la infraestructura, vialidades y el abasto de agua en la ciudad.<\/p>\n\n\n\n<p>Convocado por la Mesa Directiva de Canacintra, el Presidente Municipal present\u00f3 los avances del programa Vialidades Potosinas, as\u00ed como las acciones en materia de movilidad, inversi\u00f3n en infraestructura y estrategias para mejorar el acceso al agua en la Capital, espec\u00edficamente en la Zona Industrial y otras \u00e1reas clave de la ciudad. Reiter\u00f3 que su administraci\u00f3n trabaja en conjunto con la iniciativa privada para fortalecer la econom\u00eda y el bienestar de los potosinos.<\/p>\n\n\n\n<p>Galindo Ceballos destac\u00f3 que su gobierno ha roto con la inercia de abandono de la Zona Industrial, con la rehabilitaci\u00f3n de 80 mil metros cuadrados de pavimento, la regeneraci\u00f3n del Eje 140, adem\u00e1s de trabajos de limpieza y mantenimiento en la zona. Subray\u00f3 que estas acciones son parte de una estrategia integral para mejorar las condiciones de movilidad y competitividad del sector productivo.<\/p>\n\n\n\n<p>Para este a\u00f1o, el Alcalde anunci\u00f3 la intervenci\u00f3n de una cantidad similar de regeneraciones viales, adem\u00e1s de la construcci\u00f3n del segundo cuerpo del Eje 140, obra que ya cuenta con recursos y un plan ejecutivo listo para ejecutarse. Asimismo, atendi\u00f3 solicitudes de empresarios sobre el mejoramiento de las laterales de la Carretera 57 y reafirm\u00f3 el compromiso del Ayuntamiento de mantener incentivos fiscales que favorezcan el crecimiento industrial y econ\u00f3mico de San Luis Potos\u00ed.<\/p>\n","protected":false},"excerpt":{"rendered":"<p>Invitado por la Mesa Directiva, el Alcalde Enrique Galindo expuso los proyectos de desarrollo de infraestructura de la Ciudad Capital,<\/p>\n","protected":false},"author":2,"featured_media":10778,"comment_status":"closed","ping_status":"closed","sticky":false,"template":"","format":"standard","meta":{"footnotes":""},"categories":[30],"tags":[],"class_list":["post-10777","post","type-post","status-publish","format-standard","has-post-thumbnail","hentry","category-portada"],"yoast_head":"<!-- This site is optimized with the Yoast SEO plugin v24.1 - https:\/\/yoast.com\/wordpress\/plugins\/seo\/ -->\n<title>Canacintra reconoce y se suma al trabajo del Gobierno de la Capital - sanluisinforma.com<\/title>\n<meta name=\"robots\" content=\"index, follow, max-snippet:-1, max-image-preview:large, max-video-preview:-1\" \/>\n<link rel=\"canonical\" href=\"https:\/\/sanluisinforma.com\/?p=10777\" \/>\n<meta property=\"og:locale\" content=\"es_MX\" \/>\n<meta property=\"og:type\" content=\"article\" \/>\n<meta property=\"og:title\" content=\"Canacintra reconoce y se suma al trabajo del Gobierno de la Capital - sanluisinforma.com\" \/>\n<meta property=\"og:description\" content=\"Invitado por la Mesa Directiva, el Alcalde Enrique Galindo expuso los proyectos de desarrollo de infraestructura de la Ciudad Capital,\" \/>\n<meta property=\"og:url\" content=\"https:\/\/sanluisinforma.com\/?p=10777\" \/>\n<meta property=\"og:site_name\" content=\"sanluisinforma.com\" \/>\n<meta property=\"article:published_time\" content=\"2025-03-05T06:45:00+00:00\" \/>\n<meta property=\"article:modified_time\" content=\"2025-03-05T00:44:03+00:00\" \/>\n<meta property=\"og:image\" content=\"https:\/\/sanluisinforma.com\/wp-content\/uploads\/2025\/03\/46294c32-7af4-4d38-8946-207af963b99d.jpg\" \/>\n\t<meta property=\"og:image:width\" content=\"480\" \/>\n\t<meta property=\"og:image:height\" content=\"228\" \/>\n\t<meta property=\"og:image:type\" content=\"image\/jpeg\" \/>\n<meta name=\"author\" content=\"sanluisinforma.com\" \/>\n<meta name=\"twitter:card\" content=\"summary_large_image\" \/>\n<meta name=\"twitter:label1\" content=\"Escrito por\" \/>\n\t<meta name=\"twitter:data1\" content=\"sanluisinforma.com\" \/>\n\t<meta name=\"twitter:label2\" content=\"Tiempo de lectura\" \/>\n\t<meta name=\"twitter:data2\" content=\"2 minutos\" \/>\n<script type=\"application\/ld+json\" class=\"yoast-schema-graph\">{\"@context\":\"https:\/\/schema.org\",\"@graph\":[{\"@type\":\"Article\",\"@id\":\"https:\/\/sanluisinforma.com\/?p=10777#article\",\"isPartOf\":{\"@id\":\"https:\/\/sanluisinforma.com\/?p=10777\"},\"author\":{\"name\":\"sanluisinforma.com\",\"@id\":\"https:\/\/sanluisinforma.com\/#\/schema\/person\/c30648f71476be533b6f59d092905c8b\"},\"headline\":\"Canacintra reconoce y se suma al trabajo del Gobierno de la Capital\",\"datePublished\":\"2025-03-05T06:45:00+00:00\",\"dateModified\":\"2025-03-05T00:44:03+00:00\",\"mainEntityOfPage\":{\"@id\":\"https:\/\/sanluisinforma.com\/?p=10777\"},\"wordCount\":351,\"publisher\":{\"@id\":\"https:\/\/sanluisinforma.com\/#organization\"},\"image\":{\"@id\":\"https:\/\/sanluisinforma.com\/?p=10777#primaryimage\"},\"thumbnailUrl\":\"https:\/\/sanluisinforma.com\/wp-content\/uploads\/2025\/03\/46294c32-7af4-4d38-8946-207af963b99d.jpg\",\"articleSection\":[\"Portada\"],\"inLanguage\":\"es\"},{\"@type\":\"WebPage\",\"@id\":\"https:\/\/sanluisinforma.com\/?p=10777\",\"url\":\"https:\/\/sanluisinforma.com\/?p=10777\",\"name\":\"Canacintra reconoce y se suma al trabajo del Gobierno de la Capital - sanluisinforma.com\",\"isPartOf\":{\"@id\":\"https:\/\/sanluisinforma.com\/#website\"},\"primaryImageOfPage\":{\"@id\":\"https:\/\/sanluisinforma.com\/?p=10777#primaryimage\"},\"image\":{\"@id\":\"https:\/\/sanluisinforma.com\/?p=10777#primaryimage\"},\"thumbnailUrl\":\"https:\/\/sanluisinforma.com\/wp-content\/uploads\/2025\/03\/46294c32-7af4-4d38-8946-207af963b99d.jpg\",\"datePublished\":\"2025-03-05T06:45:00+00:00\",\"dateModified\":\"2025-03-05T00:44:03+00:00\",\"breadcrumb\":{\"@id\":\"https:\/\/sanluisinforma.com\/?p=10777#breadcrumb\"},\"inLanguage\":\"es\",\"potentialAction\":[{\"@type\":\"ReadAction\",\"target\":[\"https:\/\/sanluisinforma.com\/?p=10777\"]}]},{\"@type\":\"ImageObject\",\"inLanguage\":\"es\",\"@id\":\"https:\/\/sanluisinforma.com\/?p=10777#primaryimage\",\"url\":\"https:\/\/sanluisinforma.com\/wp-content\/uploads\/2025\/03\/46294c32-7af4-4d38-8946-207af963b99d.jpg\",\"contentUrl\":\"https:\/\/sanluisinforma.com\/wp-content\/uploads\/2025\/03\/46294c32-7af4-4d38-8946-207af963b99d.jpg\",\"width\":480,\"height\":228},{\"@type\":\"BreadcrumbList\",\"@id\":\"https:\/\/sanluisinforma.com\/?p=10777#breadcrumb\",\"itemListElement\":[{\"@type\":\"ListItem\",\"position\":1,\"name\":\"Inicio\",\"item\":\"https:\/\/sanluisinforma.com\/\"},{\"@type\":\"ListItem\",\"position\":2,\"name\":\"Canacintra reconoce y se suma al trabajo del Gobierno de la Capital\"}]},{\"@type\":\"WebSite\",\"@id\":\"https:\/\/sanluisinforma.com\/#website\",\"url\":\"https:\/\/sanluisinforma.com\/\",\"name\":\"sanluisinforma.com\",\"description\":\"Periodico San Luis Informa\",\"publisher\":{\"@id\":\"https:\/\/sanluisinforma.com\/#organization\"},\"potentialAction\":[{\"@type\":\"SearchAction\",\"target\":{\"@type\":\"EntryPoint\",\"urlTemplate\":\"https:\/\/sanluisinforma.com\/?s={search_term_string}\"},\"query-input\":{\"@type\":\"PropertyValueSpecification\",\"valueRequired\":true,\"valueName\":\"search_term_string\"}}],\"inLanguage\":\"es\"},{\"@type\":\"Organization\",\"@id\":\"https:\/\/sanluisinforma.com\/#organization\",\"name\":\"sanluisinforma.com\",\"url\":\"https:\/\/sanluisinforma.com\/\",\"logo\":{\"@type\":\"ImageObject\",\"inLanguage\":\"es\",\"@id\":\"https:\/\/sanluisinforma.com\/#\/schema\/logo\/image\/\",\"url\":\"https:\/\/sanluisinforma.com\/wp-content\/uploads\/2026\/03\/sanluisinforma-V.jpg\",\"contentUrl\":\"https:\/\/sanluisinforma.com\/wp-content\/uploads\/2026\/03\/sanluisinforma-V.jpg\",\"width\":500,\"height\":156,\"caption\":\"sanluisinforma.com\"},\"image\":{\"@id\":\"https:\/\/sanluisinforma.com\/#\/schema\/logo\/image\/\"}},{\"@type\":\"Person\",\"@id\":\"https:\/\/sanluisinforma.com\/#\/schema\/person\/c30648f71476be533b6f59d092905c8b\",\"name\":\"sanluisinforma.com\",\"image\":{\"@type\":\"ImageObject\",\"inLanguage\":\"es\",\"@id\":\"https:\/\/sanluisinforma.com\/#\/schema\/person\/image\/\",\"url\":\"https:\/\/secure.gravatar.com\/avatar\/86e3114e34a1eecefb963e0a02f0093f93b092dddb2fe1517596343751081a87?s=96&d=mm&r=g\",\"contentUrl\":\"https:\/\/secure.gravatar.com\/avatar\/86e3114e34a1eecefb963e0a02f0093f93b092dddb2fe1517596343751081a87?s=96&d=mm&r=g\",\"caption\":\"sanluisinforma.com\"},\"url\":\"https:\/\/sanluisinforma.com\/?author=2\"}]}<\/script>\n<!-- \/ Yoast SEO plugin. -->","yoast_head_json":{"title":"Canacintra reconoce y se suma al trabajo del Gobierno de la Capital - sanluisinforma.com","robots":{"index":"index","follow":"follow","max-snippet":"max-snippet:-1","max-image-preview":"max-image-preview:large","max-video-preview":"max-video-preview:-1"},"canonical":"https:\/\/sanluisinforma.com\/?p=10777","og_locale":"es_MX","og_type":"article","og_title":"Canacintra reconoce y se suma al trabajo del Gobierno de la Capital - sanluisinforma.com","og_description":"Invitado por la Mesa Directiva, el Alcalde Enrique Galindo expuso los proyectos de desarrollo de infraestructura de la Ciudad Capital,","og_url":"https:\/\/sanluisinforma.com\/?p=10777","og_site_name":"sanluisinforma.com","article_published_time":"2025-03-05T06:45:00+00:00","article_modified_time":"2025-03-05T00:44:03+00:00","og_image":[{"width":480,"height":228,"url":"https:\/\/sanluisinforma.com\/wp-content\/uploads\/2025\/03\/46294c32-7af4-4d38-8946-207af963b99d.jpg","type":"image\/jpeg"}],"author":"sanluisinforma.com","twitter_card":"summary_large_image","twitter_misc":{"Escrito por":"sanluisinforma.com","Tiempo de lectura":"2 minutos"},"schema":{"@context":"https:\/\/schema.org","@graph":[{"@type":"Article","@id":"https:\/\/sanluisinforma.com\/?p=10777#article","isPartOf":{"@id":"https:\/\/sanluisinforma.com\/?p=10777"},"author":{"name":"sanluisinforma.com","@id":"https:\/\/sanluisinforma.com\/#\/schema\/person\/c30648f71476be533b6f59d092905c8b"},"headline":"Canacintra reconoce y se suma al trabajo del Gobierno de la Capital","datePublished":"2025-03-05T06:45:00+00:00","dateModified":"2025-03-05T00:44:03+00:00","mainEntityOfPage":{"@id":"https:\/\/sanluisinforma.com\/?p=10777"},"wordCount":351,"publisher":{"@id":"https:\/\/sanluisinforma.com\/#organization"},"image":{"@id":"https:\/\/sanluisinforma.com\/?p=10777#primaryimage"},"thumbnailUrl":"https:\/\/sanluisinforma.com\/wp-content\/uploads\/2025\/03\/46294c32-7af4-4d38-8946-207af963b99d.jpg","articleSection":["Portada"],"inLanguage":"es"},{"@type":"WebPage","@id":"https:\/\/sanluisinforma.com\/?p=10777","url":"https:\/\/sanluisinforma.com\/?p=10777","name":"Canacintra reconoce y se suma al trabajo del Gobierno de la Capital - sanluisinforma.com","isPartOf":{"@id":"https:\/\/sanluisinforma.com\/#website"},"primaryImageOfPage":{"@id":"https:\/\/sanluisinforma.com\/?p=10777#primaryimage"},"image":{"@id":"https:\/\/sanluisinforma.com\/?p=10777#primaryimage"},"thumbnailUrl":"https:\/\/sanluisinforma.com\/wp-content\/uploads\/2025\/03\/46294c32-7af4-4d38-8946-207af963b99d.jpg","datePublished":"2025-03-05T06:45:00+00:00","dateModified":"2025-03-05T00:44:03+00:00","breadcrumb":{"@id":"https:\/\/sanluisinforma.com\/?p=10777#breadcrumb"},"inLanguage":"es","potentialAction":[{"@type":"ReadAction","target":["https:\/\/sanluisinforma.com\/?p=10777"]}]},{"@type":"ImageObject","inLanguage":"es","@id":"https:\/\/sanluisinforma.com\/?p=10777#primaryimage","url":"https:\/\/sanluisinforma.com\/wp-content\/uploads\/2025\/03\/46294c32-7af4-4d38-8946-207af963b99d.jpg","contentUrl":"https:\/\/sanluisinforma.com\/wp-content\/uploads\/2025\/03\/46294c32-7af4-4d38-8946-207af963b99d.jpg","width":480,"height":228},{"@type":"BreadcrumbList","@id":"https:\/\/sanluisinforma.com\/?p=10777#breadcrumb","itemListElement":[{"@type":"ListItem","position":1,"name":"Inicio","item":"https:\/\/sanluisinforma.com\/"},{"@type":"ListItem","position":2,"name":"Canacintra reconoce y se suma al trabajo del Gobierno de la Capital"}]},{"@type":"WebSite","@id":"https:\/\/sanluisinforma.com\/#website","url":"https:\/\/sanluisinforma.com\/","name":"sanluisinforma.com","description":"Periodico San Luis Informa","publisher":{"@id":"https:\/\/sanluisinforma.com\/#organization"},"potentialAction":[{"@type":"SearchAction","target":{"@type":"EntryPoint","urlTemplate":"https:\/\/sanluisinforma.com\/?s={search_term_string}"},"query-input":{"@type":"PropertyValueSpecification","valueRequired":true,"valueName":"search_term_string"}}],"inLanguage":"es"},{"@type":"Organization","@id":"https:\/\/sanluisinforma.com\/#organization","name":"sanluisinforma.com","url":"https:\/\/sanluisinforma.com\/","logo":{"@type":"ImageObject","inLanguage":"es","@id":"https:\/\/sanluisinforma.com\/#\/schema\/logo\/image\/","url":"https:\/\/sanluisinforma.com\/wp-content\/uploads\/2026\/03\/sanluisinforma-V.jpg","contentUrl":"https:\/\/sanluisinforma.com\/wp-content\/uploads\/2026\/03\/sanluisinforma-V.jpg","width":500,"height":156,"caption":"sanluisinforma.com"},"image":{"@id":"https:\/\/sanluisinforma.com\/#\/schema\/logo\/image\/"}},{"@type":"Person","@id":"https:\/\/sanluisinforma.com\/#\/schema\/person\/c30648f71476be533b6f59d092905c8b","name":"sanluisinforma.com","image":{"@type":"ImageObject","inLanguage":"es","@id":"https:\/\/sanluisinforma.com\/#\/schema\/person\/image\/","url":"https:\/\/secure.gravatar.com\/avatar\/86e3114e34a1eecefb963e0a02f0093f93b092dddb2fe1517596343751081a87?s=96&d=mm&r=g","contentUrl":"https:\/\/secure.gravatar.com\/avatar\/86e3114e34a1eecefb963e0a02f0093f93b092dddb2fe1517596343751081a87?s=96&d=mm&r=g","caption":"sanluisinforma.com"},"url":"https:\/\/sanluisinforma.com\/?author=2"}]}},"_links":{"self":[{"href":"https:\/\/sanluisinforma.com\/index.php?rest_route=\/wp\/v2\/posts\/10777","targetHints":{"allow":["GET"]}}],"collection":[{"href":"https:\/\/sanluisinforma.com\/index.php?rest_route=\/wp\/v2\/posts"}],"about":[{"href":"https:\/\/sanluisinforma.com\/index.php?rest_route=\/wp\/v2\/types\/post"}],"author":[{"embeddable":true,"href":"https:\/\/sanluisinforma.com\/index.php?rest_route=\/wp\/v2\/users\/2"}],"replies":[{"embeddable":true,"href":"https:\/\/sanluisinforma.com\/index.php?rest_route=%2Fwp%2Fv2%2Fcomments&post=10777"}],"version-history":[{"count":1,"href":"https:\/\/sanluisinforma.com\/index.php?rest_route=\/wp\/v2\/posts\/10777\/revisions"}],"predecessor-version":[{"id":10779,"href":"https:\/\/sanluisinforma.com\/index.php?rest_route=\/wp\/v2\/posts\/10777\/revisions\/10779"}],"wp:featuredmedia":[{"embeddable":true,"href":"https:\/\/sanluisinforma.com\/index.php?rest_route=\/wp\/v2\/media\/10778"}],"wp:attachment":[{"href":"https:\/\/sanluisinforma.com\/index.php?rest_route=%2Fwp%2Fv2%2Fmedia&parent=10777"}],"wp:term":[{"taxonomy":"category","embeddable":true,"href":"https:\/\/sanluisinforma.com\/index.php?rest_route=%2Fwp%2Fv2%2Fcategories&post=10777"},{"taxonomy":"post_tag","embeddable":true,"href":"https:\/\/sanluisinforma.com\/index.php?rest_route=%2Fwp%2Fv2%2Ftags&post=10777"}],"curies":[{"name":"wp","href":"https:\/\/api.w.org\/{rel}","templated":true}]}}