{"id":10789,"date":"2025-03-05T00:55:00","date_gmt":"2025-03-05T06:55:00","guid":{"rendered":"https:\/\/sanluisinforma.com\/?p=10789"},"modified":"2025-03-04T22:37:56","modified_gmt":"2025-03-05T04:37:56","slug":"inaugura-el-estado-casa-de-dia-para-personas-adultas-mayores-en-villa-de-arriaga","status":"publish","type":"post","link":"https:\/\/sanluisinforma.com\/?p=10789","title":{"rendered":"Inaugura el Estado Casa de D\u00eda para Personas Adultas Mayores\u00a0 en  Villa de Arriaga"},"content":{"rendered":"\n<p><\/p>\n\n\n\n<p>Recibir\u00e1n un trato digno y cuidado con apego al respeto de sus derechos humanos<\/p>\n\n\n\n<p>Para brindar m\u00e1s apoyo a las y los potosinos de las cuatro regiones, con atenci\u00f3n integral y de calidad, el Sistema Estatal para el Desarrollo Integral de la Familia (DIF), puso en operaci\u00f3n la Casa de D\u00eda Los A\u00f1os Dorados, en Villa de Arriaga, que promover\u00e1 entre la poblaci\u00f3n el envejecimiento saludable, mediante el desarrollo psicomental y f\u00edsico, con respeto a sus derechos humanos.<\/p>\n\n\n\n<p>La directora general de DIF Estatal, Virginia Z\u00fa\u00f1iga Maldonado manifest\u00f3 que, en seguimiento a la instrucci\u00f3n del Gobernador Ricardo Gallardo Cardona, de brindar m\u00e1s apoyo a las personas adultas mayores, con recursos del subprograma de Atenci\u00f3n a Personas Mayores de la Direcci\u00f3n de Desarrollo Comunitario y Asistencia Alimentaria de DIF Estatal se habilit\u00f3, rehabilit\u00f3 y equipo este importante espacio.<\/p>\n\n\n\n<p>Detall\u00f3 que la Casa Los A\u00f1os Dorados, mejorar\u00e1 las condiciones de vida de la comunidad adulta mayor de Villa de Arriaga, adem\u00e1s de que se fomentar\u00e1 una cultura del cuidado de la salud f\u00edsica y mental de este sector de la poblaci\u00f3n, dando con ello cumplimiento a la pol\u00edtica de bienestar impulsada por la actual administraci\u00f3n, a favor de las y los adultos mayores de todas las regiones del Estado.<\/p>\n","protected":false},"excerpt":{"rendered":"<p>Recibir\u00e1n un trato digno y cuidado con apego al respeto de sus derechos humanos Para brindar m\u00e1s apoyo a las<\/p>\n","protected":false},"author":2,"featured_media":10790,"comment_status":"closed","ping_status":"closed","sticky":false,"template":"","format":"standard","meta":{"footnotes":""},"categories":[25,30],"tags":[],"class_list":["post-10789","post","type-post","status-publish","format-standard","has-post-thumbnail","hentry","category-local","category-portada"],"yoast_head":"<!-- This site is optimized with the Yoast SEO plugin v24.1 - https:\/\/yoast.com\/wordpress\/plugins\/seo\/ -->\n<title>Inaugura el Estado Casa de D\u00eda para Personas Adultas Mayores\u00a0 en Villa de Arriaga - sanluisinforma.com<\/title>\n<meta name=\"robots\" content=\"index, follow, max-snippet:-1, max-image-preview:large, max-video-preview:-1\" \/>\n<link rel=\"canonical\" href=\"https:\/\/sanluisinforma.com\/?p=10789\" \/>\n<meta property=\"og:locale\" content=\"es_MX\" \/>\n<meta property=\"og:type\" content=\"article\" \/>\n<meta property=\"og:title\" content=\"Inaugura el Estado Casa de D\u00eda para Personas Adultas Mayores\u00a0 en Villa de Arriaga - sanluisinforma.com\" \/>\n<meta property=\"og:description\" content=\"Recibir\u00e1n un trato digno y cuidado con apego al respeto de sus derechos humanos Para brindar m\u00e1s apoyo a las\" \/>\n<meta property=\"og:url\" content=\"https:\/\/sanluisinforma.com\/?p=10789\" \/>\n<meta property=\"og:site_name\" content=\"sanluisinforma.com\" \/>\n<meta property=\"article:published_time\" content=\"2025-03-05T06:55:00+00:00\" \/>\n<meta property=\"article:modified_time\" content=\"2025-03-05T04:37:56+00:00\" \/>\n<meta property=\"og:image\" content=\"https:\/\/sanluisinforma.com\/wp-content\/uploads\/2025\/03\/9f77fd44-523f-4b0f-bd9e-5b15ac2dc6c7.jpg\" \/>\n\t<meta property=\"og:image:width\" content=\"480\" \/>\n\t<meta property=\"og:image:height\" content=\"320\" \/>\n\t<meta property=\"og:image:type\" content=\"image\/jpeg\" \/>\n<meta name=\"author\" content=\"sanluisinforma.com\" \/>\n<meta name=\"twitter:card\" content=\"summary_large_image\" \/>\n<meta name=\"twitter:label1\" content=\"Escrito por\" \/>\n\t<meta name=\"twitter:data1\" content=\"sanluisinforma.com\" \/>\n\t<meta name=\"twitter:label2\" content=\"Tiempo de lectura\" \/>\n\t<meta name=\"twitter:data2\" content=\"2 minutos\" \/>\n<script type=\"application\/ld+json\" class=\"yoast-schema-graph\">{\"@context\":\"https:\/\/schema.org\",\"@graph\":[{\"@type\":\"Article\",\"@id\":\"https:\/\/sanluisinforma.com\/?p=10789#article\",\"isPartOf\":{\"@id\":\"https:\/\/sanluisinforma.com\/?p=10789\"},\"author\":{\"name\":\"sanluisinforma.com\",\"@id\":\"https:\/\/sanluisinforma.com\/#\/schema\/person\/c30648f71476be533b6f59d092905c8b\"},\"headline\":\"Inaugura el Estado Casa de D\u00eda para Personas Adultas Mayores\u00a0 en Villa de Arriaga\",\"datePublished\":\"2025-03-05T06:55:00+00:00\",\"dateModified\":\"2025-03-05T04:37:56+00:00\",\"mainEntityOfPage\":{\"@id\":\"https:\/\/sanluisinforma.com\/?p=10789\"},\"wordCount\":241,\"publisher\":{\"@id\":\"https:\/\/sanluisinforma.com\/#organization\"},\"image\":{\"@id\":\"https:\/\/sanluisinforma.com\/?p=10789#primaryimage\"},\"thumbnailUrl\":\"https:\/\/sanluisinforma.com\/wp-content\/uploads\/2025\/03\/9f77fd44-523f-4b0f-bd9e-5b15ac2dc6c7.jpg\",\"articleSection\":[\"Local\",\"Portada\"],\"inLanguage\":\"es\"},{\"@type\":\"WebPage\",\"@id\":\"https:\/\/sanluisinforma.com\/?p=10789\",\"url\":\"https:\/\/sanluisinforma.com\/?p=10789\",\"name\":\"Inaugura el Estado Casa de D\u00eda para Personas Adultas Mayores\u00a0 en Villa de Arriaga - sanluisinforma.com\",\"isPartOf\":{\"@id\":\"https:\/\/sanluisinforma.com\/#website\"},\"primaryImageOfPage\":{\"@id\":\"https:\/\/sanluisinforma.com\/?p=10789#primaryimage\"},\"image\":{\"@id\":\"https:\/\/sanluisinforma.com\/?p=10789#primaryimage\"},\"thumbnailUrl\":\"https:\/\/sanluisinforma.com\/wp-content\/uploads\/2025\/03\/9f77fd44-523f-4b0f-bd9e-5b15ac2dc6c7.jpg\",\"datePublished\":\"2025-03-05T06:55:00+00:00\",\"dateModified\":\"2025-03-05T04:37:56+00:00\",\"breadcrumb\":{\"@id\":\"https:\/\/sanluisinforma.com\/?p=10789#breadcrumb\"},\"inLanguage\":\"es\",\"potentialAction\":[{\"@type\":\"ReadAction\",\"target\":[\"https:\/\/sanluisinforma.com\/?p=10789\"]}]},{\"@type\":\"ImageObject\",\"inLanguage\":\"es\",\"@id\":\"https:\/\/sanluisinforma.com\/?p=10789#primaryimage\",\"url\":\"https:\/\/sanluisinforma.com\/wp-content\/uploads\/2025\/03\/9f77fd44-523f-4b0f-bd9e-5b15ac2dc6c7.jpg\",\"contentUrl\":\"https:\/\/sanluisinforma.com\/wp-content\/uploads\/2025\/03\/9f77fd44-523f-4b0f-bd9e-5b15ac2dc6c7.jpg\",\"width\":480,\"height\":320},{\"@type\":\"BreadcrumbList\",\"@id\":\"https:\/\/sanluisinforma.com\/?p=10789#breadcrumb\",\"itemListElement\":[{\"@type\":\"ListItem\",\"position\":1,\"name\":\"Inicio\",\"item\":\"https:\/\/sanluisinforma.com\/\"},{\"@type\":\"ListItem\",\"position\":2,\"name\":\"Inaugura el Estado Casa de D\u00eda para Personas Adultas Mayores\u00a0 en Villa de Arriaga\"}]},{\"@type\":\"WebSite\",\"@id\":\"https:\/\/sanluisinforma.com\/#website\",\"url\":\"https:\/\/sanluisinforma.com\/\",\"name\":\"sanluisinforma.com\",\"description\":\"Periodico San Luis Informa\",\"publisher\":{\"@id\":\"https:\/\/sanluisinforma.com\/#organization\"},\"potentialAction\":[{\"@type\":\"SearchAction\",\"target\":{\"@type\":\"EntryPoint\",\"urlTemplate\":\"https:\/\/sanluisinforma.com\/?s={search_term_string}\"},\"query-input\":{\"@type\":\"PropertyValueSpecification\",\"valueRequired\":true,\"valueName\":\"search_term_string\"}}],\"inLanguage\":\"es\"},{\"@type\":\"Organization\",\"@id\":\"https:\/\/sanluisinforma.com\/#organization\",\"name\":\"sanluisinforma.com\",\"url\":\"https:\/\/sanluisinforma.com\/\",\"logo\":{\"@type\":\"ImageObject\",\"inLanguage\":\"es\",\"@id\":\"https:\/\/sanluisinforma.com\/#\/schema\/logo\/image\/\",\"url\":\"https:\/\/sanluisinforma.com\/wp-content\/uploads\/2026\/03\/sanluisinforma-V.jpg\",\"contentUrl\":\"https:\/\/sanluisinforma.com\/wp-content\/uploads\/2026\/03\/sanluisinforma-V.jpg\",\"width\":500,\"height\":156,\"caption\":\"sanluisinforma.com\"},\"image\":{\"@id\":\"https:\/\/sanluisinforma.com\/#\/schema\/logo\/image\/\"}},{\"@type\":\"Person\",\"@id\":\"https:\/\/sanluisinforma.com\/#\/schema\/person\/c30648f71476be533b6f59d092905c8b\",\"name\":\"sanluisinforma.com\",\"image\":{\"@type\":\"ImageObject\",\"inLanguage\":\"es\",\"@id\":\"https:\/\/sanluisinforma.com\/#\/schema\/person\/image\/\",\"url\":\"https:\/\/secure.gravatar.com\/avatar\/86e3114e34a1eecefb963e0a02f0093f93b092dddb2fe1517596343751081a87?s=96&d=mm&r=g\",\"contentUrl\":\"https:\/\/secure.gravatar.com\/avatar\/86e3114e34a1eecefb963e0a02f0093f93b092dddb2fe1517596343751081a87?s=96&d=mm&r=g\",\"caption\":\"sanluisinforma.com\"},\"url\":\"https:\/\/sanluisinforma.com\/?author=2\"}]}<\/script>\n<!-- \/ Yoast SEO plugin. -->","yoast_head_json":{"title":"Inaugura el Estado Casa de D\u00eda para Personas Adultas Mayores\u00a0 en Villa de Arriaga - sanluisinforma.com","robots":{"index":"index","follow":"follow","max-snippet":"max-snippet:-1","max-image-preview":"max-image-preview:large","max-video-preview":"max-video-preview:-1"},"canonical":"https:\/\/sanluisinforma.com\/?p=10789","og_locale":"es_MX","og_type":"article","og_title":"Inaugura el Estado Casa de D\u00eda para Personas Adultas Mayores\u00a0 en Villa de Arriaga - sanluisinforma.com","og_description":"Recibir\u00e1n un trato digno y cuidado con apego al respeto de sus derechos humanos Para brindar m\u00e1s apoyo a las","og_url":"https:\/\/sanluisinforma.com\/?p=10789","og_site_name":"sanluisinforma.com","article_published_time":"2025-03-05T06:55:00+00:00","article_modified_time":"2025-03-05T04:37:56+00:00","og_image":[{"width":480,"height":320,"url":"https:\/\/sanluisinforma.com\/wp-content\/uploads\/2025\/03\/9f77fd44-523f-4b0f-bd9e-5b15ac2dc6c7.jpg","type":"image\/jpeg"}],"author":"sanluisinforma.com","twitter_card":"summary_large_image","twitter_misc":{"Escrito por":"sanluisinforma.com","Tiempo de lectura":"2 minutos"},"schema":{"@context":"https:\/\/schema.org","@graph":[{"@type":"Article","@id":"https:\/\/sanluisinforma.com\/?p=10789#article","isPartOf":{"@id":"https:\/\/sanluisinforma.com\/?p=10789"},"author":{"name":"sanluisinforma.com","@id":"https:\/\/sanluisinforma.com\/#\/schema\/person\/c30648f71476be533b6f59d092905c8b"},"headline":"Inaugura el Estado Casa de D\u00eda para Personas Adultas Mayores\u00a0 en Villa de Arriaga","datePublished":"2025-03-05T06:55:00+00:00","dateModified":"2025-03-05T04:37:56+00:00","mainEntityOfPage":{"@id":"https:\/\/sanluisinforma.com\/?p=10789"},"wordCount":241,"publisher":{"@id":"https:\/\/sanluisinforma.com\/#organization"},"image":{"@id":"https:\/\/sanluisinforma.com\/?p=10789#primaryimage"},"thumbnailUrl":"https:\/\/sanluisinforma.com\/wp-content\/uploads\/2025\/03\/9f77fd44-523f-4b0f-bd9e-5b15ac2dc6c7.jpg","articleSection":["Local","Portada"],"inLanguage":"es"},{"@type":"WebPage","@id":"https:\/\/sanluisinforma.com\/?p=10789","url":"https:\/\/sanluisinforma.com\/?p=10789","name":"Inaugura el Estado Casa de D\u00eda para Personas Adultas Mayores\u00a0 en Villa de Arriaga - sanluisinforma.com","isPartOf":{"@id":"https:\/\/sanluisinforma.com\/#website"},"primaryImageOfPage":{"@id":"https:\/\/sanluisinforma.com\/?p=10789#primaryimage"},"image":{"@id":"https:\/\/sanluisinforma.com\/?p=10789#primaryimage"},"thumbnailUrl":"https:\/\/sanluisinforma.com\/wp-content\/uploads\/2025\/03\/9f77fd44-523f-4b0f-bd9e-5b15ac2dc6c7.jpg","datePublished":"2025-03-05T06:55:00+00:00","dateModified":"2025-03-05T04:37:56+00:00","breadcrumb":{"@id":"https:\/\/sanluisinforma.com\/?p=10789#breadcrumb"},"inLanguage":"es","potentialAction":[{"@type":"ReadAction","target":["https:\/\/sanluisinforma.com\/?p=10789"]}]},{"@type":"ImageObject","inLanguage":"es","@id":"https:\/\/sanluisinforma.com\/?p=10789#primaryimage","url":"https:\/\/sanluisinforma.com\/wp-content\/uploads\/2025\/03\/9f77fd44-523f-4b0f-bd9e-5b15ac2dc6c7.jpg","contentUrl":"https:\/\/sanluisinforma.com\/wp-content\/uploads\/2025\/03\/9f77fd44-523f-4b0f-bd9e-5b15ac2dc6c7.jpg","width":480,"height":320},{"@type":"BreadcrumbList","@id":"https:\/\/sanluisinforma.com\/?p=10789#breadcrumb","itemListElement":[{"@type":"ListItem","position":1,"name":"Inicio","item":"https:\/\/sanluisinforma.com\/"},{"@type":"ListItem","position":2,"name":"Inaugura el Estado Casa de D\u00eda para Personas Adultas Mayores\u00a0 en Villa de Arriaga"}]},{"@type":"WebSite","@id":"https:\/\/sanluisinforma.com\/#website","url":"https:\/\/sanluisinforma.com\/","name":"sanluisinforma.com","description":"Periodico San Luis Informa","publisher":{"@id":"https:\/\/sanluisinforma.com\/#organization"},"potentialAction":[{"@type":"SearchAction","target":{"@type":"EntryPoint","urlTemplate":"https:\/\/sanluisinforma.com\/?s={search_term_string}"},"query-input":{"@type":"PropertyValueSpecification","valueRequired":true,"valueName":"search_term_string"}}],"inLanguage":"es"},{"@type":"Organization","@id":"https:\/\/sanluisinforma.com\/#organization","name":"sanluisinforma.com","url":"https:\/\/sanluisinforma.com\/","logo":{"@type":"ImageObject","inLanguage":"es","@id":"https:\/\/sanluisinforma.com\/#\/schema\/logo\/image\/","url":"https:\/\/sanluisinforma.com\/wp-content\/uploads\/2026\/03\/sanluisinforma-V.jpg","contentUrl":"https:\/\/sanluisinforma.com\/wp-content\/uploads\/2026\/03\/sanluisinforma-V.jpg","width":500,"height":156,"caption":"sanluisinforma.com"},"image":{"@id":"https:\/\/sanluisinforma.com\/#\/schema\/logo\/image\/"}},{"@type":"Person","@id":"https:\/\/sanluisinforma.com\/#\/schema\/person\/c30648f71476be533b6f59d092905c8b","name":"sanluisinforma.com","image":{"@type":"ImageObject","inLanguage":"es","@id":"https:\/\/sanluisinforma.com\/#\/schema\/person\/image\/","url":"https:\/\/secure.gravatar.com\/avatar\/86e3114e34a1eecefb963e0a02f0093f93b092dddb2fe1517596343751081a87?s=96&d=mm&r=g","contentUrl":"https:\/\/secure.gravatar.com\/avatar\/86e3114e34a1eecefb963e0a02f0093f93b092dddb2fe1517596343751081a87?s=96&d=mm&r=g","caption":"sanluisinforma.com"},"url":"https:\/\/sanluisinforma.com\/?author=2"}]}},"_links":{"self":[{"href":"https:\/\/sanluisinforma.com\/index.php?rest_route=\/wp\/v2\/posts\/10789","targetHints":{"allow":["GET"]}}],"collection":[{"href":"https:\/\/sanluisinforma.com\/index.php?rest_route=\/wp\/v2\/posts"}],"about":[{"href":"https:\/\/sanluisinforma.com\/index.php?rest_route=\/wp\/v2\/types\/post"}],"author":[{"embeddable":true,"href":"https:\/\/sanluisinforma.com\/index.php?rest_route=\/wp\/v2\/users\/2"}],"replies":[{"embeddable":true,"href":"https:\/\/sanluisinforma.com\/index.php?rest_route=%2Fwp%2Fv2%2Fcomments&post=10789"}],"version-history":[{"count":1,"href":"https:\/\/sanluisinforma.com\/index.php?rest_route=\/wp\/v2\/posts\/10789\/revisions"}],"predecessor-version":[{"id":10791,"href":"https:\/\/sanluisinforma.com\/index.php?rest_route=\/wp\/v2\/posts\/10789\/revisions\/10791"}],"wp:featuredmedia":[{"embeddable":true,"href":"https:\/\/sanluisinforma.com\/index.php?rest_route=\/wp\/v2\/media\/10790"}],"wp:attachment":[{"href":"https:\/\/sanluisinforma.com\/index.php?rest_route=%2Fwp%2Fv2%2Fmedia&parent=10789"}],"wp:term":[{"taxonomy":"category","embeddable":true,"href":"https:\/\/sanluisinforma.com\/index.php?rest_route=%2Fwp%2Fv2%2Fcategories&post=10789"},{"taxonomy":"post_tag","embeddable":true,"href":"https:\/\/sanluisinforma.com\/index.php?rest_route=%2Fwp%2Fv2%2Ftags&post=10789"}],"curies":[{"name":"wp","href":"https:\/\/api.w.org\/{rel}","templated":true}]}}