{"id":10795,"date":"2025-03-06T00:45:00","date_gmt":"2025-03-06T06:45:00","guid":{"rendered":"https:\/\/sanluisinforma.com\/?p=10795"},"modified":"2025-03-05T22:46:51","modified_gmt":"2025-03-06T04:46:51","slug":"angeles-mastretta-la-sensibilidad-literaria-en-el-arranque-de-la-conmemoracion-del-8m","status":"publish","type":"post","link":"https:\/\/sanluisinforma.com\/?p=10795","title":{"rendered":"\u00c1ngeles Mastretta, la sensibilidad literaria en el arranque de la conmemoraci\u00f3n del 8M"},"content":{"rendered":"\n<p>La afamada escritora y periodista mexicana abri\u00f3 el ciclo de actividades conmemorativas del 8M organizadas por el Gobierno de la Capital, con su conferencia \u201cMujeres de Ojos Grandes\u201d; Estela Arriaga, Presidenta del DIF Municipal y el Alcalde Enrique Galindo, agradecieron a \u00c1ngeles Mastretta que compartiera sus experiencias con las mujeres de San Luis Capital.<\/p>\n\n\n\n<p>En el marco de la conmemoraci\u00f3n del D\u00eda Internacional de la Mujer, la reconocida escritora y periodista \u00c1ngeles Mastretta inaugur\u00f3 las actividades del 8M organizadas por el Ayuntamiento de San Luis Potos\u00ed con la conferencia magistral \u201cMujeres de ojos grandes\u201d, ante un Palaco Municipal repleto de mujeres potosinas que escucharon su mensaje. Durante su intervenci\u00f3n, Mastretta agradeci\u00f3 la oportunidad de abrir esta celebraci\u00f3n, pues se\u00f1al\u00f3 que no se festeja lo suficiente el avance que ha significado esta fecha en la lucha por la igualdad.<\/p>\n\n\n\n<p>Ante un auditorio atento, Mastretta comparti\u00f3 fragmentos de sus obras, asegurando que si hablar es un privilegio, leer es un privilegio a\u00fan mayor. Su lectura, impregnada de emotividad y reflexi\u00f3n, reson\u00f3 entre las asistentes, quienes encontraron en sus palabras un eco de sus propias vivencias y aspiraciones.<\/p>\n\n\n\n<p>Por su parte, la Presidenta del DIF Municipal, Estela Arriaga M\u00e1rquez, invit\u00f3 a la ciudadan\u00eda a participar en todas las actividades del 8M organizadas por el Ayuntamiento, enfatizando la importancia de estos espacios para la reflexi\u00f3n y el aprendizaje sobre los derechos de las mujeres.<\/p>\n\n\n\n<p>El Alcalde Enrique Galindo Ceballos agradeci\u00f3 a \u00c1ngeles Mastretta por compartir su obra y experiencias con las mujeres potosinas, destacando la relevancia de su literatura en la construcci\u00f3n de una sociedad m\u00e1s equitativa. Asimismo, reiter\u00f3 el compromiso del Gobierno de la Capital para continuar promoviendo acciones que fortalezcan la igualdad y erradiquen la violencia de g\u00e9nero.<\/p>\n","protected":false},"excerpt":{"rendered":"<p>La afamada escritora y periodista mexicana abri\u00f3 el ciclo de actividades conmemorativas del 8M organizadas por el Gobierno de la<\/p>\n","protected":false},"author":2,"featured_media":10796,"comment_status":"closed","ping_status":"closed","sticky":false,"template":"","format":"standard","meta":{"footnotes":""},"categories":[30],"tags":[],"class_list":["post-10795","post","type-post","status-publish","format-standard","has-post-thumbnail","hentry","category-portada"],"yoast_head":"<!-- This site is optimized with the Yoast SEO plugin v24.1 - https:\/\/yoast.com\/wordpress\/plugins\/seo\/ -->\n<title>\u00c1ngeles Mastretta, la sensibilidad literaria en el arranque de la conmemoraci\u00f3n del 8M - sanluisinforma.com<\/title>\n<meta name=\"robots\" content=\"index, follow, max-snippet:-1, max-image-preview:large, max-video-preview:-1\" \/>\n<link rel=\"canonical\" href=\"https:\/\/sanluisinforma.com\/?p=10795\" \/>\n<meta property=\"og:locale\" content=\"es_MX\" \/>\n<meta property=\"og:type\" content=\"article\" \/>\n<meta property=\"og:title\" content=\"\u00c1ngeles Mastretta, la sensibilidad literaria en el arranque de la conmemoraci\u00f3n del 8M - sanluisinforma.com\" \/>\n<meta property=\"og:description\" content=\"La afamada escritora y periodista mexicana abri\u00f3 el ciclo de actividades conmemorativas del 8M organizadas por el Gobierno de la\" \/>\n<meta property=\"og:url\" content=\"https:\/\/sanluisinforma.com\/?p=10795\" \/>\n<meta property=\"og:site_name\" content=\"sanluisinforma.com\" \/>\n<meta property=\"article:published_time\" content=\"2025-03-06T06:45:00+00:00\" \/>\n<meta property=\"article:modified_time\" content=\"2025-03-06T04:46:51+00:00\" \/>\n<meta property=\"og:image\" content=\"https:\/\/sanluisinforma.com\/wp-content\/uploads\/2025\/03\/d9f01d36-e329-4504-9f74-dbff64ca7c78.jpg\" \/>\n\t<meta property=\"og:image:width\" content=\"480\" \/>\n\t<meta property=\"og:image:height\" content=\"319\" \/>\n\t<meta property=\"og:image:type\" content=\"image\/jpeg\" \/>\n<meta name=\"author\" content=\"sanluisinforma.com\" \/>\n<meta name=\"twitter:card\" content=\"summary_large_image\" \/>\n<meta name=\"twitter:label1\" content=\"Escrito por\" \/>\n\t<meta name=\"twitter:data1\" content=\"sanluisinforma.com\" \/>\n\t<meta name=\"twitter:label2\" content=\"Tiempo de lectura\" \/>\n\t<meta name=\"twitter:data2\" content=\"2 minutos\" \/>\n<script type=\"application\/ld+json\" class=\"yoast-schema-graph\">{\"@context\":\"https:\/\/schema.org\",\"@graph\":[{\"@type\":\"Article\",\"@id\":\"https:\/\/sanluisinforma.com\/?p=10795#article\",\"isPartOf\":{\"@id\":\"https:\/\/sanluisinforma.com\/?p=10795\"},\"author\":{\"name\":\"sanluisinforma.com\",\"@id\":\"https:\/\/sanluisinforma.com\/#\/schema\/person\/c30648f71476be533b6f59d092905c8b\"},\"headline\":\"\u00c1ngeles Mastretta, la sensibilidad literaria en el arranque de la conmemoraci\u00f3n del 8M\",\"datePublished\":\"2025-03-06T06:45:00+00:00\",\"dateModified\":\"2025-03-06T04:46:51+00:00\",\"mainEntityOfPage\":{\"@id\":\"https:\/\/sanluisinforma.com\/?p=10795\"},\"wordCount\":313,\"publisher\":{\"@id\":\"https:\/\/sanluisinforma.com\/#organization\"},\"image\":{\"@id\":\"https:\/\/sanluisinforma.com\/?p=10795#primaryimage\"},\"thumbnailUrl\":\"https:\/\/sanluisinforma.com\/wp-content\/uploads\/2025\/03\/d9f01d36-e329-4504-9f74-dbff64ca7c78.jpg\",\"articleSection\":[\"Portada\"],\"inLanguage\":\"es\"},{\"@type\":\"WebPage\",\"@id\":\"https:\/\/sanluisinforma.com\/?p=10795\",\"url\":\"https:\/\/sanluisinforma.com\/?p=10795\",\"name\":\"\u00c1ngeles Mastretta, la sensibilidad literaria en el arranque de la conmemoraci\u00f3n del 8M - sanluisinforma.com\",\"isPartOf\":{\"@id\":\"https:\/\/sanluisinforma.com\/#website\"},\"primaryImageOfPage\":{\"@id\":\"https:\/\/sanluisinforma.com\/?p=10795#primaryimage\"},\"image\":{\"@id\":\"https:\/\/sanluisinforma.com\/?p=10795#primaryimage\"},\"thumbnailUrl\":\"https:\/\/sanluisinforma.com\/wp-content\/uploads\/2025\/03\/d9f01d36-e329-4504-9f74-dbff64ca7c78.jpg\",\"datePublished\":\"2025-03-06T06:45:00+00:00\",\"dateModified\":\"2025-03-06T04:46:51+00:00\",\"breadcrumb\":{\"@id\":\"https:\/\/sanluisinforma.com\/?p=10795#breadcrumb\"},\"inLanguage\":\"es\",\"potentialAction\":[{\"@type\":\"ReadAction\",\"target\":[\"https:\/\/sanluisinforma.com\/?p=10795\"]}]},{\"@type\":\"ImageObject\",\"inLanguage\":\"es\",\"@id\":\"https:\/\/sanluisinforma.com\/?p=10795#primaryimage\",\"url\":\"https:\/\/sanluisinforma.com\/wp-content\/uploads\/2025\/03\/d9f01d36-e329-4504-9f74-dbff64ca7c78.jpg\",\"contentUrl\":\"https:\/\/sanluisinforma.com\/wp-content\/uploads\/2025\/03\/d9f01d36-e329-4504-9f74-dbff64ca7c78.jpg\",\"width\":480,\"height\":319},{\"@type\":\"BreadcrumbList\",\"@id\":\"https:\/\/sanluisinforma.com\/?p=10795#breadcrumb\",\"itemListElement\":[{\"@type\":\"ListItem\",\"position\":1,\"name\":\"Inicio\",\"item\":\"https:\/\/sanluisinforma.com\/\"},{\"@type\":\"ListItem\",\"position\":2,\"name\":\"\u00c1ngeles Mastretta, la sensibilidad literaria en el arranque de la conmemoraci\u00f3n del 8M\"}]},{\"@type\":\"WebSite\",\"@id\":\"https:\/\/sanluisinforma.com\/#website\",\"url\":\"https:\/\/sanluisinforma.com\/\",\"name\":\"sanluisinforma.com\",\"description\":\"Periodico San Luis Informa\",\"publisher\":{\"@id\":\"https:\/\/sanluisinforma.com\/#organization\"},\"potentialAction\":[{\"@type\":\"SearchAction\",\"target\":{\"@type\":\"EntryPoint\",\"urlTemplate\":\"https:\/\/sanluisinforma.com\/?s={search_term_string}\"},\"query-input\":{\"@type\":\"PropertyValueSpecification\",\"valueRequired\":true,\"valueName\":\"search_term_string\"}}],\"inLanguage\":\"es\"},{\"@type\":\"Organization\",\"@id\":\"https:\/\/sanluisinforma.com\/#organization\",\"name\":\"sanluisinforma.com\",\"url\":\"https:\/\/sanluisinforma.com\/\",\"logo\":{\"@type\":\"ImageObject\",\"inLanguage\":\"es\",\"@id\":\"https:\/\/sanluisinforma.com\/#\/schema\/logo\/image\/\",\"url\":\"https:\/\/sanluisinforma.com\/wp-content\/uploads\/2026\/03\/sanluisinforma-V.jpg\",\"contentUrl\":\"https:\/\/sanluisinforma.com\/wp-content\/uploads\/2026\/03\/sanluisinforma-V.jpg\",\"width\":500,\"height\":156,\"caption\":\"sanluisinforma.com\"},\"image\":{\"@id\":\"https:\/\/sanluisinforma.com\/#\/schema\/logo\/image\/\"}},{\"@type\":\"Person\",\"@id\":\"https:\/\/sanluisinforma.com\/#\/schema\/person\/c30648f71476be533b6f59d092905c8b\",\"name\":\"sanluisinforma.com\",\"image\":{\"@type\":\"ImageObject\",\"inLanguage\":\"es\",\"@id\":\"https:\/\/sanluisinforma.com\/#\/schema\/person\/image\/\",\"url\":\"https:\/\/secure.gravatar.com\/avatar\/86e3114e34a1eecefb963e0a02f0093f93b092dddb2fe1517596343751081a87?s=96&d=mm&r=g\",\"contentUrl\":\"https:\/\/secure.gravatar.com\/avatar\/86e3114e34a1eecefb963e0a02f0093f93b092dddb2fe1517596343751081a87?s=96&d=mm&r=g\",\"caption\":\"sanluisinforma.com\"},\"url\":\"https:\/\/sanluisinforma.com\/?author=2\"}]}<\/script>\n<!-- \/ Yoast SEO plugin. -->","yoast_head_json":{"title":"\u00c1ngeles Mastretta, la sensibilidad literaria en el arranque de la conmemoraci\u00f3n del 8M - sanluisinforma.com","robots":{"index":"index","follow":"follow","max-snippet":"max-snippet:-1","max-image-preview":"max-image-preview:large","max-video-preview":"max-video-preview:-1"},"canonical":"https:\/\/sanluisinforma.com\/?p=10795","og_locale":"es_MX","og_type":"article","og_title":"\u00c1ngeles Mastretta, la sensibilidad literaria en el arranque de la conmemoraci\u00f3n del 8M - sanluisinforma.com","og_description":"La afamada escritora y periodista mexicana abri\u00f3 el ciclo de actividades conmemorativas del 8M organizadas por el Gobierno de la","og_url":"https:\/\/sanluisinforma.com\/?p=10795","og_site_name":"sanluisinforma.com","article_published_time":"2025-03-06T06:45:00+00:00","article_modified_time":"2025-03-06T04:46:51+00:00","og_image":[{"width":480,"height":319,"url":"https:\/\/sanluisinforma.com\/wp-content\/uploads\/2025\/03\/d9f01d36-e329-4504-9f74-dbff64ca7c78.jpg","type":"image\/jpeg"}],"author":"sanluisinforma.com","twitter_card":"summary_large_image","twitter_misc":{"Escrito por":"sanluisinforma.com","Tiempo de lectura":"2 minutos"},"schema":{"@context":"https:\/\/schema.org","@graph":[{"@type":"Article","@id":"https:\/\/sanluisinforma.com\/?p=10795#article","isPartOf":{"@id":"https:\/\/sanluisinforma.com\/?p=10795"},"author":{"name":"sanluisinforma.com","@id":"https:\/\/sanluisinforma.com\/#\/schema\/person\/c30648f71476be533b6f59d092905c8b"},"headline":"\u00c1ngeles Mastretta, la sensibilidad literaria en el arranque de la conmemoraci\u00f3n del 8M","datePublished":"2025-03-06T06:45:00+00:00","dateModified":"2025-03-06T04:46:51+00:00","mainEntityOfPage":{"@id":"https:\/\/sanluisinforma.com\/?p=10795"},"wordCount":313,"publisher":{"@id":"https:\/\/sanluisinforma.com\/#organization"},"image":{"@id":"https:\/\/sanluisinforma.com\/?p=10795#primaryimage"},"thumbnailUrl":"https:\/\/sanluisinforma.com\/wp-content\/uploads\/2025\/03\/d9f01d36-e329-4504-9f74-dbff64ca7c78.jpg","articleSection":["Portada"],"inLanguage":"es"},{"@type":"WebPage","@id":"https:\/\/sanluisinforma.com\/?p=10795","url":"https:\/\/sanluisinforma.com\/?p=10795","name":"\u00c1ngeles Mastretta, la sensibilidad literaria en el arranque de la conmemoraci\u00f3n del 8M - sanluisinforma.com","isPartOf":{"@id":"https:\/\/sanluisinforma.com\/#website"},"primaryImageOfPage":{"@id":"https:\/\/sanluisinforma.com\/?p=10795#primaryimage"},"image":{"@id":"https:\/\/sanluisinforma.com\/?p=10795#primaryimage"},"thumbnailUrl":"https:\/\/sanluisinforma.com\/wp-content\/uploads\/2025\/03\/d9f01d36-e329-4504-9f74-dbff64ca7c78.jpg","datePublished":"2025-03-06T06:45:00+00:00","dateModified":"2025-03-06T04:46:51+00:00","breadcrumb":{"@id":"https:\/\/sanluisinforma.com\/?p=10795#breadcrumb"},"inLanguage":"es","potentialAction":[{"@type":"ReadAction","target":["https:\/\/sanluisinforma.com\/?p=10795"]}]},{"@type":"ImageObject","inLanguage":"es","@id":"https:\/\/sanluisinforma.com\/?p=10795#primaryimage","url":"https:\/\/sanluisinforma.com\/wp-content\/uploads\/2025\/03\/d9f01d36-e329-4504-9f74-dbff64ca7c78.jpg","contentUrl":"https:\/\/sanluisinforma.com\/wp-content\/uploads\/2025\/03\/d9f01d36-e329-4504-9f74-dbff64ca7c78.jpg","width":480,"height":319},{"@type":"BreadcrumbList","@id":"https:\/\/sanluisinforma.com\/?p=10795#breadcrumb","itemListElement":[{"@type":"ListItem","position":1,"name":"Inicio","item":"https:\/\/sanluisinforma.com\/"},{"@type":"ListItem","position":2,"name":"\u00c1ngeles Mastretta, la sensibilidad literaria en el arranque de la conmemoraci\u00f3n del 8M"}]},{"@type":"WebSite","@id":"https:\/\/sanluisinforma.com\/#website","url":"https:\/\/sanluisinforma.com\/","name":"sanluisinforma.com","description":"Periodico San Luis Informa","publisher":{"@id":"https:\/\/sanluisinforma.com\/#organization"},"potentialAction":[{"@type":"SearchAction","target":{"@type":"EntryPoint","urlTemplate":"https:\/\/sanluisinforma.com\/?s={search_term_string}"},"query-input":{"@type":"PropertyValueSpecification","valueRequired":true,"valueName":"search_term_string"}}],"inLanguage":"es"},{"@type":"Organization","@id":"https:\/\/sanluisinforma.com\/#organization","name":"sanluisinforma.com","url":"https:\/\/sanluisinforma.com\/","logo":{"@type":"ImageObject","inLanguage":"es","@id":"https:\/\/sanluisinforma.com\/#\/schema\/logo\/image\/","url":"https:\/\/sanluisinforma.com\/wp-content\/uploads\/2026\/03\/sanluisinforma-V.jpg","contentUrl":"https:\/\/sanluisinforma.com\/wp-content\/uploads\/2026\/03\/sanluisinforma-V.jpg","width":500,"height":156,"caption":"sanluisinforma.com"},"image":{"@id":"https:\/\/sanluisinforma.com\/#\/schema\/logo\/image\/"}},{"@type":"Person","@id":"https:\/\/sanluisinforma.com\/#\/schema\/person\/c30648f71476be533b6f59d092905c8b","name":"sanluisinforma.com","image":{"@type":"ImageObject","inLanguage":"es","@id":"https:\/\/sanluisinforma.com\/#\/schema\/person\/image\/","url":"https:\/\/secure.gravatar.com\/avatar\/86e3114e34a1eecefb963e0a02f0093f93b092dddb2fe1517596343751081a87?s=96&d=mm&r=g","contentUrl":"https:\/\/secure.gravatar.com\/avatar\/86e3114e34a1eecefb963e0a02f0093f93b092dddb2fe1517596343751081a87?s=96&d=mm&r=g","caption":"sanluisinforma.com"},"url":"https:\/\/sanluisinforma.com\/?author=2"}]}},"_links":{"self":[{"href":"https:\/\/sanluisinforma.com\/index.php?rest_route=\/wp\/v2\/posts\/10795","targetHints":{"allow":["GET"]}}],"collection":[{"href":"https:\/\/sanluisinforma.com\/index.php?rest_route=\/wp\/v2\/posts"}],"about":[{"href":"https:\/\/sanluisinforma.com\/index.php?rest_route=\/wp\/v2\/types\/post"}],"author":[{"embeddable":true,"href":"https:\/\/sanluisinforma.com\/index.php?rest_route=\/wp\/v2\/users\/2"}],"replies":[{"embeddable":true,"href":"https:\/\/sanluisinforma.com\/index.php?rest_route=%2Fwp%2Fv2%2Fcomments&post=10795"}],"version-history":[{"count":1,"href":"https:\/\/sanluisinforma.com\/index.php?rest_route=\/wp\/v2\/posts\/10795\/revisions"}],"predecessor-version":[{"id":10797,"href":"https:\/\/sanluisinforma.com\/index.php?rest_route=\/wp\/v2\/posts\/10795\/revisions\/10797"}],"wp:featuredmedia":[{"embeddable":true,"href":"https:\/\/sanluisinforma.com\/index.php?rest_route=\/wp\/v2\/media\/10796"}],"wp:attachment":[{"href":"https:\/\/sanluisinforma.com\/index.php?rest_route=%2Fwp%2Fv2%2Fmedia&parent=10795"}],"wp:term":[{"taxonomy":"category","embeddable":true,"href":"https:\/\/sanluisinforma.com\/index.php?rest_route=%2Fwp%2Fv2%2Fcategories&post=10795"},{"taxonomy":"post_tag","embeddable":true,"href":"https:\/\/sanluisinforma.com\/index.php?rest_route=%2Fwp%2Fv2%2Ftags&post=10795"}],"curies":[{"name":"wp","href":"https:\/\/api.w.org\/{rel}","templated":true}]}}