{"id":10801,"date":"2025-03-06T00:50:00","date_gmt":"2025-03-06T06:50:00","guid":{"rendered":"https:\/\/sanluisinforma.com\/?p=10801"},"modified":"2025-03-05T22:45:39","modified_gmt":"2025-03-06T04:45:39","slug":"el-arrendamiento-de-vehiculos-en-el-ayuntamiento-de-slp-plenamente-apegado-a-derecho","status":"publish","type":"post","link":"https:\/\/sanluisinforma.com\/?p=10801","title":{"rendered":"El arrendamiento de veh\u00edculos en el Ayuntamiento de SLP, plenamente apegado a derecho"},"content":{"rendered":"\n<p><\/p>\n\n\n\n<p>En respuesta a los se\u00f1alamientos del Vocero de la organizaci\u00f3n Ciudadanos Observando, realizados en rueda de prensa este mi\u00e9rcoles 6 de marzo del 2025, se se\u00f1ala lo siguiente:<\/p>\n\n\n\n<p>*La contrataci\u00f3n para el arrendamiento de los veh\u00edculos se llev\u00f3 a cabo mediante licitaci\u00f3n p\u00fablica, con estricto apego a la Ley de Adquisiciones del Estado y mediante convocatoria p\u00fablica, misma para la que se emiti\u00f3 fallo el primero de septiembre de 2022, realiz\u00e1ndose el contrato DAAS\/163\/2022, con fecha 2 de septiembre de 2022, tiempo en el que la empresa adjudicada cumpl\u00eda con todos los requisitos legales.<\/p>\n\n\n\n<p>*El costo contratado corresponde a los valores de mercado del servicio prestado, pues la contraprestaci\u00f3n incluye: P\u00f3liza de seguro veh\u00edcular con cobertura amplia, mantenimientos preventivos y correctivos, cambio de llantas por desgaste, placas vigentes, pago de tenencia y control vehicular y kilometraje ilimitado; lo que cumpli\u00f3 a cabalidad el proveedor.<\/p>\n\n\n\n<p>*Luego de concluido el contrato de arrendamiento, se opt\u00f3 por la compra, establecida en el mismo a un precio preferencial por debajo del valor de mercado estipulado en el libro azul. En tal sentido, la flotilla de 42 veh\u00edculos pas\u00f3 a ser propiedad de este Ayuntamiento.<\/p>\n\n\n\n<p>*Una vez adquiridos se realizaron los tr\u00e1mites del cambio de propietario en el mes de noviembre de 2024, cumpliendo con todos los requisitos legales que solicita la Secretar\u00eda de Finanzas del Estado. Cabe se\u00f1alar que para realizar este tr\u00e1mite, el Primer S\u00edndico se acredit\u00f3 plenamente con credencial de elector vigente. Con relaci\u00f3n a su observaci\u00f3n de que no aparece en la base de datos del INE, esa actualizaci\u00f3n corresponde a dicha instituci\u00f3n.<\/p>\n\n\n\n<p>*Con relaci\u00f3n al tr\u00e1mite de baja del 6 de diciembre de 2024, se se\u00f1ala con toda claridad que este tr\u00e1mite no fue realizado por el Ayuntamiento de SLP. Esta administraci\u00f3n desconoce este procedimiento administrativo. Sin embargo, se\u00f1alamos que a principios de 2025, al intentar realizar los tr\u00e1mites de canje anual y control vehicular de la flotilla en cuesti\u00f3n, se identificaron irregularidades, por lo que se le ha solicitado formalmente a la Secretar\u00eda de Finanzas que informe y clarifique el procedimiento de qui\u00e9n, c\u00f3mo, d\u00f3nde y con qu\u00e9 se acredit\u00f3 dicho tr\u00e1mite.<\/p>\n\n\n\n<p>*Actualmente los veh\u00edculos utilizan las placas y tarjeta de circulaci\u00f3n otorgadas en noviembre de 2024 al Ayuntamiento de SLP, emitidas por la Secretar\u00eda de Finanzas estatal una vez que se cumpli\u00f3 con los requisitos solicitados por la dependencia, siendo este el \u00fanico tr\u00e1mite realizado por la administraci\u00f3n municipal.<\/p>\n\n\n\n<p><br>*Se informa que las 42 unidades vehiculares est\u00e1n f\u00edsicamente asignadas a 21 \u00e1reas de la administraci\u00f3n municipal de SLP y cuentan con placas y tarjeta de circulaci\u00f3n. Para mayor detalle, los datos est\u00e1n a su disposici\u00f3n para consulta.<\/p>\n\n\n\n<p>*Finalmente, el Ayuntamiento de SLP expresa no comprender el esp\u00edritu de estas acusaciones carentes de fundamento, cuando la administraci\u00f3n municipal se ha conducido con estricto apego a la transparencia y legalidad y con total apertura al di\u00e1logo.<\/p>\n\n\n\n<p><\/p>\n\n\n\n<p><br><\/p>\n","protected":false},"excerpt":{"rendered":"<p>En respuesta a los se\u00f1alamientos del Vocero de la organizaci\u00f3n Ciudadanos Observando, realizados en rueda de prensa este mi\u00e9rcoles 6<\/p>\n","protected":false},"author":2,"featured_media":10802,"comment_status":"closed","ping_status":"closed","sticky":false,"template":"","format":"standard","meta":{"footnotes":""},"categories":[25,30],"tags":[],"class_list":["post-10801","post","type-post","status-publish","format-standard","has-post-thumbnail","hentry","category-local","category-portada"],"yoast_head":"<!-- This site is optimized with the Yoast SEO plugin v24.1 - https:\/\/yoast.com\/wordpress\/plugins\/seo\/ -->\n<title>El arrendamiento de veh\u00edculos en el Ayuntamiento de SLP, plenamente apegado a derecho - sanluisinforma.com<\/title>\n<meta name=\"robots\" content=\"index, follow, max-snippet:-1, max-image-preview:large, max-video-preview:-1\" \/>\n<link rel=\"canonical\" href=\"https:\/\/sanluisinforma.com\/?p=10801\" \/>\n<meta property=\"og:locale\" content=\"es_MX\" \/>\n<meta property=\"og:type\" content=\"article\" \/>\n<meta property=\"og:title\" content=\"El arrendamiento de veh\u00edculos en el Ayuntamiento de SLP, plenamente apegado a derecho - sanluisinforma.com\" \/>\n<meta property=\"og:description\" content=\"En respuesta a los se\u00f1alamientos del Vocero de la organizaci\u00f3n Ciudadanos Observando, realizados en rueda de prensa este mi\u00e9rcoles 6\" \/>\n<meta property=\"og:url\" content=\"https:\/\/sanluisinforma.com\/?p=10801\" \/>\n<meta property=\"og:site_name\" content=\"sanluisinforma.com\" \/>\n<meta property=\"article:published_time\" content=\"2025-03-06T06:50:00+00:00\" \/>\n<meta property=\"article:modified_time\" content=\"2025-03-06T04:45:39+00:00\" \/>\n<meta property=\"og:image\" content=\"https:\/\/sanluisinforma.com\/wp-content\/uploads\/2025\/03\/60bd0b2e-c7ca-4fc4-b222-03938cf9e87f.jpg\" \/>\n\t<meta property=\"og:image:width\" content=\"480\" \/>\n\t<meta property=\"og:image:height\" content=\"319\" \/>\n\t<meta property=\"og:image:type\" content=\"image\/jpeg\" \/>\n<meta name=\"author\" content=\"sanluisinforma.com\" \/>\n<meta name=\"twitter:card\" content=\"summary_large_image\" \/>\n<meta name=\"twitter:label1\" content=\"Escrito por\" \/>\n\t<meta name=\"twitter:data1\" content=\"sanluisinforma.com\" \/>\n\t<meta name=\"twitter:label2\" content=\"Tiempo de lectura\" \/>\n\t<meta name=\"twitter:data2\" content=\"3 minutos\" \/>\n<script type=\"application\/ld+json\" class=\"yoast-schema-graph\">{\"@context\":\"https:\/\/schema.org\",\"@graph\":[{\"@type\":\"Article\",\"@id\":\"https:\/\/sanluisinforma.com\/?p=10801#article\",\"isPartOf\":{\"@id\":\"https:\/\/sanluisinforma.com\/?p=10801\"},\"author\":{\"name\":\"sanluisinforma.com\",\"@id\":\"https:\/\/sanluisinforma.com\/#\/schema\/person\/c30648f71476be533b6f59d092905c8b\"},\"headline\":\"El arrendamiento de veh\u00edculos en el Ayuntamiento de SLP, plenamente apegado a derecho\",\"datePublished\":\"2025-03-06T06:50:00+00:00\",\"dateModified\":\"2025-03-06T04:45:39+00:00\",\"mainEntityOfPage\":{\"@id\":\"https:\/\/sanluisinforma.com\/?p=10801\"},\"wordCount\":528,\"publisher\":{\"@id\":\"https:\/\/sanluisinforma.com\/#organization\"},\"image\":{\"@id\":\"https:\/\/sanluisinforma.com\/?p=10801#primaryimage\"},\"thumbnailUrl\":\"https:\/\/sanluisinforma.com\/wp-content\/uploads\/2025\/03\/60bd0b2e-c7ca-4fc4-b222-03938cf9e87f.jpg\",\"articleSection\":[\"Local\",\"Portada\"],\"inLanguage\":\"es\"},{\"@type\":\"WebPage\",\"@id\":\"https:\/\/sanluisinforma.com\/?p=10801\",\"url\":\"https:\/\/sanluisinforma.com\/?p=10801\",\"name\":\"El arrendamiento de veh\u00edculos en el Ayuntamiento de SLP, plenamente apegado a derecho - sanluisinforma.com\",\"isPartOf\":{\"@id\":\"https:\/\/sanluisinforma.com\/#website\"},\"primaryImageOfPage\":{\"@id\":\"https:\/\/sanluisinforma.com\/?p=10801#primaryimage\"},\"image\":{\"@id\":\"https:\/\/sanluisinforma.com\/?p=10801#primaryimage\"},\"thumbnailUrl\":\"https:\/\/sanluisinforma.com\/wp-content\/uploads\/2025\/03\/60bd0b2e-c7ca-4fc4-b222-03938cf9e87f.jpg\",\"datePublished\":\"2025-03-06T06:50:00+00:00\",\"dateModified\":\"2025-03-06T04:45:39+00:00\",\"breadcrumb\":{\"@id\":\"https:\/\/sanluisinforma.com\/?p=10801#breadcrumb\"},\"inLanguage\":\"es\",\"potentialAction\":[{\"@type\":\"ReadAction\",\"target\":[\"https:\/\/sanluisinforma.com\/?p=10801\"]}]},{\"@type\":\"ImageObject\",\"inLanguage\":\"es\",\"@id\":\"https:\/\/sanluisinforma.com\/?p=10801#primaryimage\",\"url\":\"https:\/\/sanluisinforma.com\/wp-content\/uploads\/2025\/03\/60bd0b2e-c7ca-4fc4-b222-03938cf9e87f.jpg\",\"contentUrl\":\"https:\/\/sanluisinforma.com\/wp-content\/uploads\/2025\/03\/60bd0b2e-c7ca-4fc4-b222-03938cf9e87f.jpg\",\"width\":480,\"height\":319},{\"@type\":\"BreadcrumbList\",\"@id\":\"https:\/\/sanluisinforma.com\/?p=10801#breadcrumb\",\"itemListElement\":[{\"@type\":\"ListItem\",\"position\":1,\"name\":\"Inicio\",\"item\":\"https:\/\/sanluisinforma.com\/\"},{\"@type\":\"ListItem\",\"position\":2,\"name\":\"El arrendamiento de veh\u00edculos en el Ayuntamiento de SLP, plenamente apegado a derecho\"}]},{\"@type\":\"WebSite\",\"@id\":\"https:\/\/sanluisinforma.com\/#website\",\"url\":\"https:\/\/sanluisinforma.com\/\",\"name\":\"sanluisinforma.com\",\"description\":\"Periodico San Luis Informa\",\"publisher\":{\"@id\":\"https:\/\/sanluisinforma.com\/#organization\"},\"potentialAction\":[{\"@type\":\"SearchAction\",\"target\":{\"@type\":\"EntryPoint\",\"urlTemplate\":\"https:\/\/sanluisinforma.com\/?s={search_term_string}\"},\"query-input\":{\"@type\":\"PropertyValueSpecification\",\"valueRequired\":true,\"valueName\":\"search_term_string\"}}],\"inLanguage\":\"es\"},{\"@type\":\"Organization\",\"@id\":\"https:\/\/sanluisinforma.com\/#organization\",\"name\":\"sanluisinforma.com\",\"url\":\"https:\/\/sanluisinforma.com\/\",\"logo\":{\"@type\":\"ImageObject\",\"inLanguage\":\"es\",\"@id\":\"https:\/\/sanluisinforma.com\/#\/schema\/logo\/image\/\",\"url\":\"https:\/\/sanluisinforma.com\/wp-content\/uploads\/2026\/03\/sanluisinforma-V.jpg\",\"contentUrl\":\"https:\/\/sanluisinforma.com\/wp-content\/uploads\/2026\/03\/sanluisinforma-V.jpg\",\"width\":500,\"height\":156,\"caption\":\"sanluisinforma.com\"},\"image\":{\"@id\":\"https:\/\/sanluisinforma.com\/#\/schema\/logo\/image\/\"}},{\"@type\":\"Person\",\"@id\":\"https:\/\/sanluisinforma.com\/#\/schema\/person\/c30648f71476be533b6f59d092905c8b\",\"name\":\"sanluisinforma.com\",\"image\":{\"@type\":\"ImageObject\",\"inLanguage\":\"es\",\"@id\":\"https:\/\/sanluisinforma.com\/#\/schema\/person\/image\/\",\"url\":\"https:\/\/secure.gravatar.com\/avatar\/86e3114e34a1eecefb963e0a02f0093f93b092dddb2fe1517596343751081a87?s=96&d=mm&r=g\",\"contentUrl\":\"https:\/\/secure.gravatar.com\/avatar\/86e3114e34a1eecefb963e0a02f0093f93b092dddb2fe1517596343751081a87?s=96&d=mm&r=g\",\"caption\":\"sanluisinforma.com\"},\"url\":\"https:\/\/sanluisinforma.com\/?author=2\"}]}<\/script>\n<!-- \/ Yoast SEO plugin. -->","yoast_head_json":{"title":"El arrendamiento de veh\u00edculos en el Ayuntamiento de SLP, plenamente apegado a derecho - sanluisinforma.com","robots":{"index":"index","follow":"follow","max-snippet":"max-snippet:-1","max-image-preview":"max-image-preview:large","max-video-preview":"max-video-preview:-1"},"canonical":"https:\/\/sanluisinforma.com\/?p=10801","og_locale":"es_MX","og_type":"article","og_title":"El arrendamiento de veh\u00edculos en el Ayuntamiento de SLP, plenamente apegado a derecho - sanluisinforma.com","og_description":"En respuesta a los se\u00f1alamientos del Vocero de la organizaci\u00f3n Ciudadanos Observando, realizados en rueda de prensa este mi\u00e9rcoles 6","og_url":"https:\/\/sanluisinforma.com\/?p=10801","og_site_name":"sanluisinforma.com","article_published_time":"2025-03-06T06:50:00+00:00","article_modified_time":"2025-03-06T04:45:39+00:00","og_image":[{"width":480,"height":319,"url":"https:\/\/sanluisinforma.com\/wp-content\/uploads\/2025\/03\/60bd0b2e-c7ca-4fc4-b222-03938cf9e87f.jpg","type":"image\/jpeg"}],"author":"sanluisinforma.com","twitter_card":"summary_large_image","twitter_misc":{"Escrito por":"sanluisinforma.com","Tiempo de lectura":"3 minutos"},"schema":{"@context":"https:\/\/schema.org","@graph":[{"@type":"Article","@id":"https:\/\/sanluisinforma.com\/?p=10801#article","isPartOf":{"@id":"https:\/\/sanluisinforma.com\/?p=10801"},"author":{"name":"sanluisinforma.com","@id":"https:\/\/sanluisinforma.com\/#\/schema\/person\/c30648f71476be533b6f59d092905c8b"},"headline":"El arrendamiento de veh\u00edculos en el Ayuntamiento de SLP, plenamente apegado a derecho","datePublished":"2025-03-06T06:50:00+00:00","dateModified":"2025-03-06T04:45:39+00:00","mainEntityOfPage":{"@id":"https:\/\/sanluisinforma.com\/?p=10801"},"wordCount":528,"publisher":{"@id":"https:\/\/sanluisinforma.com\/#organization"},"image":{"@id":"https:\/\/sanluisinforma.com\/?p=10801#primaryimage"},"thumbnailUrl":"https:\/\/sanluisinforma.com\/wp-content\/uploads\/2025\/03\/60bd0b2e-c7ca-4fc4-b222-03938cf9e87f.jpg","articleSection":["Local","Portada"],"inLanguage":"es"},{"@type":"WebPage","@id":"https:\/\/sanluisinforma.com\/?p=10801","url":"https:\/\/sanluisinforma.com\/?p=10801","name":"El arrendamiento de veh\u00edculos en el Ayuntamiento de SLP, plenamente apegado a derecho - sanluisinforma.com","isPartOf":{"@id":"https:\/\/sanluisinforma.com\/#website"},"primaryImageOfPage":{"@id":"https:\/\/sanluisinforma.com\/?p=10801#primaryimage"},"image":{"@id":"https:\/\/sanluisinforma.com\/?p=10801#primaryimage"},"thumbnailUrl":"https:\/\/sanluisinforma.com\/wp-content\/uploads\/2025\/03\/60bd0b2e-c7ca-4fc4-b222-03938cf9e87f.jpg","datePublished":"2025-03-06T06:50:00+00:00","dateModified":"2025-03-06T04:45:39+00:00","breadcrumb":{"@id":"https:\/\/sanluisinforma.com\/?p=10801#breadcrumb"},"inLanguage":"es","potentialAction":[{"@type":"ReadAction","target":["https:\/\/sanluisinforma.com\/?p=10801"]}]},{"@type":"ImageObject","inLanguage":"es","@id":"https:\/\/sanluisinforma.com\/?p=10801#primaryimage","url":"https:\/\/sanluisinforma.com\/wp-content\/uploads\/2025\/03\/60bd0b2e-c7ca-4fc4-b222-03938cf9e87f.jpg","contentUrl":"https:\/\/sanluisinforma.com\/wp-content\/uploads\/2025\/03\/60bd0b2e-c7ca-4fc4-b222-03938cf9e87f.jpg","width":480,"height":319},{"@type":"BreadcrumbList","@id":"https:\/\/sanluisinforma.com\/?p=10801#breadcrumb","itemListElement":[{"@type":"ListItem","position":1,"name":"Inicio","item":"https:\/\/sanluisinforma.com\/"},{"@type":"ListItem","position":2,"name":"El arrendamiento de veh\u00edculos en el Ayuntamiento de SLP, plenamente apegado a derecho"}]},{"@type":"WebSite","@id":"https:\/\/sanluisinforma.com\/#website","url":"https:\/\/sanluisinforma.com\/","name":"sanluisinforma.com","description":"Periodico San Luis Informa","publisher":{"@id":"https:\/\/sanluisinforma.com\/#organization"},"potentialAction":[{"@type":"SearchAction","target":{"@type":"EntryPoint","urlTemplate":"https:\/\/sanluisinforma.com\/?s={search_term_string}"},"query-input":{"@type":"PropertyValueSpecification","valueRequired":true,"valueName":"search_term_string"}}],"inLanguage":"es"},{"@type":"Organization","@id":"https:\/\/sanluisinforma.com\/#organization","name":"sanluisinforma.com","url":"https:\/\/sanluisinforma.com\/","logo":{"@type":"ImageObject","inLanguage":"es","@id":"https:\/\/sanluisinforma.com\/#\/schema\/logo\/image\/","url":"https:\/\/sanluisinforma.com\/wp-content\/uploads\/2026\/03\/sanluisinforma-V.jpg","contentUrl":"https:\/\/sanluisinforma.com\/wp-content\/uploads\/2026\/03\/sanluisinforma-V.jpg","width":500,"height":156,"caption":"sanluisinforma.com"},"image":{"@id":"https:\/\/sanluisinforma.com\/#\/schema\/logo\/image\/"}},{"@type":"Person","@id":"https:\/\/sanluisinforma.com\/#\/schema\/person\/c30648f71476be533b6f59d092905c8b","name":"sanluisinforma.com","image":{"@type":"ImageObject","inLanguage":"es","@id":"https:\/\/sanluisinforma.com\/#\/schema\/person\/image\/","url":"https:\/\/secure.gravatar.com\/avatar\/86e3114e34a1eecefb963e0a02f0093f93b092dddb2fe1517596343751081a87?s=96&d=mm&r=g","contentUrl":"https:\/\/secure.gravatar.com\/avatar\/86e3114e34a1eecefb963e0a02f0093f93b092dddb2fe1517596343751081a87?s=96&d=mm&r=g","caption":"sanluisinforma.com"},"url":"https:\/\/sanluisinforma.com\/?author=2"}]}},"_links":{"self":[{"href":"https:\/\/sanluisinforma.com\/index.php?rest_route=\/wp\/v2\/posts\/10801","targetHints":{"allow":["GET"]}}],"collection":[{"href":"https:\/\/sanluisinforma.com\/index.php?rest_route=\/wp\/v2\/posts"}],"about":[{"href":"https:\/\/sanluisinforma.com\/index.php?rest_route=\/wp\/v2\/types\/post"}],"author":[{"embeddable":true,"href":"https:\/\/sanluisinforma.com\/index.php?rest_route=\/wp\/v2\/users\/2"}],"replies":[{"embeddable":true,"href":"https:\/\/sanluisinforma.com\/index.php?rest_route=%2Fwp%2Fv2%2Fcomments&post=10801"}],"version-history":[{"count":1,"href":"https:\/\/sanluisinforma.com\/index.php?rest_route=\/wp\/v2\/posts\/10801\/revisions"}],"predecessor-version":[{"id":10803,"href":"https:\/\/sanluisinforma.com\/index.php?rest_route=\/wp\/v2\/posts\/10801\/revisions\/10803"}],"wp:featuredmedia":[{"embeddable":true,"href":"https:\/\/sanluisinforma.com\/index.php?rest_route=\/wp\/v2\/media\/10802"}],"wp:attachment":[{"href":"https:\/\/sanluisinforma.com\/index.php?rest_route=%2Fwp%2Fv2%2Fmedia&parent=10801"}],"wp:term":[{"taxonomy":"category","embeddable":true,"href":"https:\/\/sanluisinforma.com\/index.php?rest_route=%2Fwp%2Fv2%2Fcategories&post=10801"},{"taxonomy":"post_tag","embeddable":true,"href":"https:\/\/sanluisinforma.com\/index.php?rest_route=%2Fwp%2Fv2%2Ftags&post=10801"}],"curies":[{"name":"wp","href":"https:\/\/api.w.org\/{rel}","templated":true}]}}