{"id":10810,"date":"2025-03-06T00:40:00","date_gmt":"2025-03-06T06:40:00","guid":{"rendered":"https:\/\/sanluisinforma.com\/?p=10810"},"modified":"2025-03-05T23:14:02","modified_gmt":"2025-03-06T05:14:02","slug":"presidenta-claudia-sheinbaumcon-la-transformacion-llegamos-las-mujeres-al-poder-en-el-marco-del-8-m-gobierno-de-mexico-anuncia-feria-nacional-de-empleo-para-mujeres-con-mas-de-30-mil-vacantes","status":"publish","type":"post","link":"https:\/\/sanluisinforma.com\/?p=10810","title":{"rendered":"Presidenta Claudia Sheinbaum:Con\u00a0la Transformaci\u00f3n llegamos las mujeres al Poder; en el Marco del 8 M, Gobierno de M\u00e9xico Anuncia Feria Nacional de Empleo para Mujeres con m\u00e1s de 30 mil Vacantes"},"content":{"rendered":"\n<p><\/p>\n\n\n\n<p>* \u201cLa mujer se debe sentir Presidenta en su casa, la mujer se debe sentir Presidenta en el sal\u00f3n de clase, la mujer se debe sentir Presidenta en la calle\u201d, destac\u00f3<\/p>\n\n\n\n<p>* La Feria Nacional de Empleo para Mujeres se realizar\u00e1 durante todo el mes de marzo con 68 eventos a nivel nacional y participar\u00e1n 2 mil empresas<\/p>\n\n\n\n<p>* La inscripci\u00f3n para J\u00f3venes Construyendo el Futuro se apertura el 1 de abril: STPS<\/p>\n\n\n\n<p>* Se recuperaron 13 cuerpos de mineros de la Pasta de Conchos y, a partir de mayo, se otorgar\u00e1 un complemento a las pensiones de los familiares de 8 mil 363 pesos.<\/p>\n\n\n\n<p>Ciudad de M\u00e9xico a 05 de marzo de 2025.- La Presidenta de M\u00e9xico, Claudia Sheinbaum Pardo, resalt\u00f3 que el movimiento de transformaci\u00f3n del pa\u00eds, del cual forma parte, reivindica la defensa de los derechos de las mujeres y su participaci\u00f3n en la vida p\u00fablica, por ello con su llegada a la Presidencia de la Rep\u00fablica llegaron todas las mujeres del pa\u00eds.<\/p>\n\n\n\n<p>\u201cReivindicamos la transformaci\u00f3n del pa\u00eds y en esa transformaci\u00f3n llegamos las mujeres al poder, no se hubiera dado de otra manera, porque la revoluci\u00f3n de las conciencias tambi\u00e9n llev\u00f3 a la defensa de los derechos de las mujeres y la participaci\u00f3n de las mujeres en la vida p\u00fablica. Por eso, pensar que es un esfuerzo personal, que es m\u00e9rito m\u00edo haber llegado a la Presidencia, no lo veo as\u00ed\u201d.<\/p>\n\n\n\n<p>\u201cSoy parte de un movimiento de transformaci\u00f3n, las circunstancias me pusieron en este lugar y tenemos puesta el alma, el coraz\u00f3n, la convicci\u00f3n y la vida misma para defender y servir al pueblo. Pero somos millones, y somos millones de mujeres que llegamos a la Presidencia, porque adem\u00e1s as\u00ed debe ser, porque la mujer se debe sentir Presidenta en su casa, la mujer se debe sentir Presidenta en el sal\u00f3n de clase, la mujer se debe sentir Presidenta en la calle, porque eso es lo que nos constituye. No m\u00e1s, pero tampoco menos. Iguales\u201d, destac\u00f3 durante la conferencia matutina: \u201cLas ma\u00f1aneras del pueblo\u201d.<\/p>\n\n\n\n<p>Por ello, en el marco del 8 de marzo, D\u00eda Internacional de la Mujer, el Gobierno de M\u00e9xico, a trav\u00e9s de la Secretar\u00eda de Trabajo y Previsi\u00f3n Social (STPS), anunci\u00f3 la Feria Nacional de Empleo para Mujeres que se realizar\u00e1 durante todo marzo.<\/p>\n\n\n\n<p>Al respecto, el secretario del Trabajo y Previsi\u00f3n Social, Marath Baruch Bola\u00f1os L\u00f3pez, inform\u00f3 que con la Feria Nacional para las Mujeres se busca promover la igualdad sustantiva en el \u00e1mbito laboral, para ello en la edici\u00f3n de este a\u00f1o, se realizar\u00e1n 68 eventos a nivel nacional; donde participar\u00e1n m\u00e1s de 2 mil empresas que van a promover m\u00e1s de 30 mil opciones de empleo para mujeres de todas las edades.<\/p>\n\n\n\n<p>\u201cLo que estamos haciendo, adem\u00e1s, con esta estrategia es ampliar no solamente los beneficios de la incorporaci\u00f3n laboral a este segmento poblacional, digamos, de mujeres j\u00f3venes, sino tambi\u00e9n sobre todo sensibilizar a los empleadores para que puedan tambi\u00e9n emplear a mujeres buscadoras de empleo entre los 40 y los 59 a\u00f1os&#8221;.<\/p>\n\n\n\n<p>\u201c\u00bfQu\u00e9 es lo que queremos? Pues tambi\u00e9n que les den esta oportunidad a quienes seguramente dedicaron una parte de su vida a actividades de cuidado, fundamentalmente a los ni\u00f1os, a las ni\u00f1as, y que esto no les permiti\u00f3 retomar su actividad en el trabajo. Creo que es un reconocimiento muy importante a la presencia de las mujeres no solamente en la vida familiar, sino tambi\u00e9n en la econ\u00f3mica\u201d, asegur\u00f3.<\/p>\n\n\n\n<p>Destac\u00f3 que se estima que acudan m\u00e1s de 31 mil mujeres en b\u00fasqueda de trabajo, quienes adem\u00e1s podr\u00e1n participar en los m\u00e1s de 340 talleres para personas buscadoras de trabajo; adem\u00e1s de que tambi\u00e9n los empleadores podr\u00e1n ser parte de los m\u00e1s de 50 talleres que se impartir\u00e1n focalizados a ellos.<\/p>\n\n\n\n<p>Asever\u00f3 que con la Cuarta Transformaci\u00f3n el Servicio Nacional de Empleo (SNE) ha colocado a m\u00e1s de 2.3 millones de personas de las cuales 271 mil 258 fueron personas colocadas a trav\u00e9s de las diferentes Ferias del Empleo realizadas por la STPS. Por ello puso a disposici\u00f3n la p\u00e1gina https:\/\/ferias.empleo.gob.mx; el n\u00famero telef\u00f3nico 800 841 2020 y las redes sociales del Servicio Nacional de Empleo.<\/p>\n\n\n\n<p>J\u00f3venes Construyendo el Futuro: 1 de abril nuevas inscripciones<\/p>\n\n\n\n<p>Como parte del impulso al empleo en M\u00e9xico, el secretario del Trabajo y Previsi\u00f3n Social inform\u00f3 que el pr\u00f3ximo 1 de abril se apertura la inscripci\u00f3n para que j\u00f3venes de entre 18 y 29 a\u00f1os puedan participar en el programa J\u00f3venes Construyendo el Futuro, que en 2025 ofrece un apoyo econ\u00f3mico mensual de 8 mil 480 pesos, as\u00ed como la afiliaci\u00f3n de las y los beneficiarios al seguro m\u00e9dico del Instituto Mexicano del Seguro Social (IMSS), lo que representar\u00e1 una inversi\u00f3n social de 24 mil 205 millones de pesos (mdp).<\/p>\n\n\n\n<p>Agreg\u00f3 que, en sus seis a\u00f1os de implementaci\u00f3n, de 2019 a 2025, han participado cerca de 600 mil centros de trabajo; se han tenido m\u00e1s de 3 millones de j\u00f3venes beneficiarios (60 por ciento, mujeres y 40 por ciento, hombres) de los que siete de cada 10 encuentran un empleo, a trav\u00e9s de una inversi\u00f3n social de 136 mil mdp.<\/p>\n\n\n\n<p>El 27 de junio inicia Programa Piloto Obligatorio para trabajadores de plataformas digitales<\/p>\n\n\n\n<p>Durante la conferencia matutina, la STPS inform\u00f3 que el 27 de junio de este a\u00f1o arranca el Programa Piloto Obligatorio en el que los trabajadores de plataformas digitales podr\u00e1n tener acceso a derechos laborales como la seguridad social incluyendo, atenci\u00f3n m\u00e9dica, permiso de maternidad, protecci\u00f3n por accidentes, retiro y guarder\u00edas; protecci\u00f3n contra despidos injustificados; transparencia en decisiones algor\u00edtmicas y libertad para organizar su trabajo.<\/p>\n\n\n\n<p>Con esta reforma constitucional se impactar\u00e1 positivamente a 658 mil personas que trabajan en plataformas digitales en M\u00e9xico, de los cuales 272 mil tienen un ingreso que supera el salario m\u00ednimo mensual, adem\u00e1s de que los trabajadores podr\u00e1n seguir eligiendo sus horarios.<\/p>\n\n\n\n<p>Rescate Plan de Reparaci\u00f3n y Justicia en Pasta de Conchos<\/p>\n\n\n\n<p>Se inform\u00f3 que al 3 de marzo de este a\u00f1o se recuperaron 13 cuerpos de mineros: 5 ya fueron identificados y entregados a sus familiares; 1 se encuentra pendiente de entrega; 5 han sido identificados y en proceso de notificaci\u00f3n a familiares; y 2 pendientes de identificaci\u00f3n. Esto como parte del compromiso del expresidente Andr\u00e9s Manuel L\u00f3pez Obrador y de la Presidenta Claudia Sheinbaum de recuperar a los 63 mineros que el 19 de febrero de 2006 sufrieron un incidente en la mina Pasta de Conchos. Como medida complementaria, el titular de la dependencia se\u00f1al\u00f3 que desde el 29 de noviembre de 2024 la Presidenta instruy\u00f3 otorgar a partir de mayo un complemento a las pensiones de viudez, orfandad e incapacidad que les fueron otorgadas a los familiares en 2006, con el objetivo de alcanzar un equivalente al salario m\u00ednimo general de la Ciudad de M\u00e9xico d<\/p>\n","protected":false},"excerpt":{"rendered":"<p>* \u201cLa mujer se debe sentir Presidenta en su casa, la mujer se debe sentir Presidenta en el sal\u00f3n de<\/p>\n","protected":false},"author":2,"featured_media":10811,"comment_status":"closed","ping_status":"closed","sticky":false,"template":"","format":"standard","meta":{"footnotes":""},"categories":[26],"tags":[],"class_list":["post-10810","post","type-post","status-publish","format-standard","has-post-thumbnail","hentry","category-nacional"],"yoast_head":"<!-- This site is optimized with the Yoast SEO plugin v24.1 - https:\/\/yoast.com\/wordpress\/plugins\/seo\/ -->\n<title>Presidenta Claudia Sheinbaum:Con\u00a0la Transformaci\u00f3n llegamos las mujeres al Poder; en el Marco del 8 M, Gobierno de M\u00e9xico Anuncia Feria Nacional de Empleo para Mujeres con m\u00e1s de 30 mil Vacantes - sanluisinforma.com<\/title>\n<meta name=\"robots\" content=\"index, follow, max-snippet:-1, max-image-preview:large, max-video-preview:-1\" \/>\n<link rel=\"canonical\" href=\"https:\/\/sanluisinforma.com\/?p=10810\" \/>\n<meta property=\"og:locale\" content=\"es_MX\" \/>\n<meta property=\"og:type\" content=\"article\" \/>\n<meta property=\"og:title\" content=\"Presidenta Claudia Sheinbaum:Con\u00a0la Transformaci\u00f3n llegamos las mujeres al Poder; en el Marco del 8 M, Gobierno de M\u00e9xico Anuncia Feria Nacional de Empleo para Mujeres con m\u00e1s de 30 mil Vacantes - sanluisinforma.com\" \/>\n<meta property=\"og:description\" content=\"* \u201cLa mujer se debe sentir Presidenta en su casa, la mujer se debe sentir Presidenta en el sal\u00f3n de\" \/>\n<meta property=\"og:url\" content=\"https:\/\/sanluisinforma.com\/?p=10810\" \/>\n<meta property=\"og:site_name\" content=\"sanluisinforma.com\" \/>\n<meta property=\"article:published_time\" content=\"2025-03-06T06:40:00+00:00\" \/>\n<meta property=\"article:modified_time\" content=\"2025-03-06T05:14:02+00:00\" \/>\n<meta property=\"og:image\" content=\"https:\/\/sanluisinforma.com\/wp-content\/uploads\/2025\/03\/ea758aab-cb06-40bd-9626-5cc4bf1c2c08.jpg\" \/>\n\t<meta property=\"og:image:width\" content=\"336\" \/>\n\t<meta property=\"og:image:height\" content=\"505\" \/>\n\t<meta property=\"og:image:type\" content=\"image\/jpeg\" \/>\n<meta name=\"author\" content=\"sanluisinforma.com\" \/>\n<meta name=\"twitter:card\" content=\"summary_large_image\" \/>\n<meta name=\"twitter:label1\" content=\"Escrito por\" \/>\n\t<meta name=\"twitter:data1\" content=\"sanluisinforma.com\" \/>\n\t<meta name=\"twitter:label2\" content=\"Tiempo de lectura\" \/>\n\t<meta name=\"twitter:data2\" content=\"6 minutos\" \/>\n<script type=\"application\/ld+json\" class=\"yoast-schema-graph\">{\"@context\":\"https:\/\/schema.org\",\"@graph\":[{\"@type\":\"Article\",\"@id\":\"https:\/\/sanluisinforma.com\/?p=10810#article\",\"isPartOf\":{\"@id\":\"https:\/\/sanluisinforma.com\/?p=10810\"},\"author\":{\"name\":\"sanluisinforma.com\",\"@id\":\"https:\/\/sanluisinforma.com\/#\/schema\/person\/c30648f71476be533b6f59d092905c8b\"},\"headline\":\"Presidenta Claudia Sheinbaum:Con\u00a0la Transformaci\u00f3n llegamos las mujeres al Poder; en el Marco del 8 M, Gobierno de M\u00e9xico Anuncia Feria Nacional de Empleo para Mujeres con m\u00e1s de 30 mil Vacantes\",\"datePublished\":\"2025-03-06T06:40:00+00:00\",\"dateModified\":\"2025-03-06T05:14:02+00:00\",\"mainEntityOfPage\":{\"@id\":\"https:\/\/sanluisinforma.com\/?p=10810\"},\"wordCount\":1211,\"publisher\":{\"@id\":\"https:\/\/sanluisinforma.com\/#organization\"},\"image\":{\"@id\":\"https:\/\/sanluisinforma.com\/?p=10810#primaryimage\"},\"thumbnailUrl\":\"https:\/\/sanluisinforma.com\/wp-content\/uploads\/2025\/03\/ea758aab-cb06-40bd-9626-5cc4bf1c2c08.jpg\",\"articleSection\":[\"Nacional\"],\"inLanguage\":\"es\"},{\"@type\":\"WebPage\",\"@id\":\"https:\/\/sanluisinforma.com\/?p=10810\",\"url\":\"https:\/\/sanluisinforma.com\/?p=10810\",\"name\":\"Presidenta Claudia Sheinbaum:Con\u00a0la Transformaci\u00f3n llegamos las mujeres al Poder; en el Marco del 8 M, Gobierno de M\u00e9xico Anuncia Feria Nacional de Empleo para Mujeres con m\u00e1s de 30 mil Vacantes - sanluisinforma.com\",\"isPartOf\":{\"@id\":\"https:\/\/sanluisinforma.com\/#website\"},\"primaryImageOfPage\":{\"@id\":\"https:\/\/sanluisinforma.com\/?p=10810#primaryimage\"},\"image\":{\"@id\":\"https:\/\/sanluisinforma.com\/?p=10810#primaryimage\"},\"thumbnailUrl\":\"https:\/\/sanluisinforma.com\/wp-content\/uploads\/2025\/03\/ea758aab-cb06-40bd-9626-5cc4bf1c2c08.jpg\",\"datePublished\":\"2025-03-06T06:40:00+00:00\",\"dateModified\":\"2025-03-06T05:14:02+00:00\",\"breadcrumb\":{\"@id\":\"https:\/\/sanluisinforma.com\/?p=10810#breadcrumb\"},\"inLanguage\":\"es\",\"potentialAction\":[{\"@type\":\"ReadAction\",\"target\":[\"https:\/\/sanluisinforma.com\/?p=10810\"]}]},{\"@type\":\"ImageObject\",\"inLanguage\":\"es\",\"@id\":\"https:\/\/sanluisinforma.com\/?p=10810#primaryimage\",\"url\":\"https:\/\/sanluisinforma.com\/wp-content\/uploads\/2025\/03\/ea758aab-cb06-40bd-9626-5cc4bf1c2c08.jpg\",\"contentUrl\":\"https:\/\/sanluisinforma.com\/wp-content\/uploads\/2025\/03\/ea758aab-cb06-40bd-9626-5cc4bf1c2c08.jpg\",\"width\":336,\"height\":505},{\"@type\":\"BreadcrumbList\",\"@id\":\"https:\/\/sanluisinforma.com\/?p=10810#breadcrumb\",\"itemListElement\":[{\"@type\":\"ListItem\",\"position\":1,\"name\":\"Inicio\",\"item\":\"https:\/\/sanluisinforma.com\/\"},{\"@type\":\"ListItem\",\"position\":2,\"name\":\"Presidenta Claudia Sheinbaum:Con\u00a0la Transformaci\u00f3n llegamos las mujeres al Poder; en el Marco del 8 M, Gobierno de M\u00e9xico Anuncia Feria Nacional de Empleo para Mujeres con m\u00e1s de 30 mil Vacantes\"}]},{\"@type\":\"WebSite\",\"@id\":\"https:\/\/sanluisinforma.com\/#website\",\"url\":\"https:\/\/sanluisinforma.com\/\",\"name\":\"sanluisinforma.com\",\"description\":\"Periodico San Luis Informa\",\"publisher\":{\"@id\":\"https:\/\/sanluisinforma.com\/#organization\"},\"potentialAction\":[{\"@type\":\"SearchAction\",\"target\":{\"@type\":\"EntryPoint\",\"urlTemplate\":\"https:\/\/sanluisinforma.com\/?s={search_term_string}\"},\"query-input\":{\"@type\":\"PropertyValueSpecification\",\"valueRequired\":true,\"valueName\":\"search_term_string\"}}],\"inLanguage\":\"es\"},{\"@type\":\"Organization\",\"@id\":\"https:\/\/sanluisinforma.com\/#organization\",\"name\":\"sanluisinforma.com\",\"url\":\"https:\/\/sanluisinforma.com\/\",\"logo\":{\"@type\":\"ImageObject\",\"inLanguage\":\"es\",\"@id\":\"https:\/\/sanluisinforma.com\/#\/schema\/logo\/image\/\",\"url\":\"https:\/\/sanluisinforma.com\/wp-content\/uploads\/2026\/03\/sanluisinforma-V.jpg\",\"contentUrl\":\"https:\/\/sanluisinforma.com\/wp-content\/uploads\/2026\/03\/sanluisinforma-V.jpg\",\"width\":500,\"height\":156,\"caption\":\"sanluisinforma.com\"},\"image\":{\"@id\":\"https:\/\/sanluisinforma.com\/#\/schema\/logo\/image\/\"}},{\"@type\":\"Person\",\"@id\":\"https:\/\/sanluisinforma.com\/#\/schema\/person\/c30648f71476be533b6f59d092905c8b\",\"name\":\"sanluisinforma.com\",\"image\":{\"@type\":\"ImageObject\",\"inLanguage\":\"es\",\"@id\":\"https:\/\/sanluisinforma.com\/#\/schema\/person\/image\/\",\"url\":\"https:\/\/secure.gravatar.com\/avatar\/86e3114e34a1eecefb963e0a02f0093f93b092dddb2fe1517596343751081a87?s=96&d=mm&r=g\",\"contentUrl\":\"https:\/\/secure.gravatar.com\/avatar\/86e3114e34a1eecefb963e0a02f0093f93b092dddb2fe1517596343751081a87?s=96&d=mm&r=g\",\"caption\":\"sanluisinforma.com\"},\"url\":\"https:\/\/sanluisinforma.com\/?author=2\"}]}<\/script>\n<!-- \/ Yoast SEO plugin. -->","yoast_head_json":{"title":"Presidenta Claudia Sheinbaum:Con\u00a0la Transformaci\u00f3n llegamos las mujeres al Poder; en el Marco del 8 M, Gobierno de M\u00e9xico Anuncia Feria Nacional de Empleo para Mujeres con m\u00e1s de 30 mil Vacantes - sanluisinforma.com","robots":{"index":"index","follow":"follow","max-snippet":"max-snippet:-1","max-image-preview":"max-image-preview:large","max-video-preview":"max-video-preview:-1"},"canonical":"https:\/\/sanluisinforma.com\/?p=10810","og_locale":"es_MX","og_type":"article","og_title":"Presidenta Claudia Sheinbaum:Con\u00a0la Transformaci\u00f3n llegamos las mujeres al Poder; en el Marco del 8 M, Gobierno de M\u00e9xico Anuncia Feria Nacional de Empleo para Mujeres con m\u00e1s de 30 mil Vacantes - sanluisinforma.com","og_description":"* \u201cLa mujer se debe sentir Presidenta en su casa, la mujer se debe sentir Presidenta en el sal\u00f3n de","og_url":"https:\/\/sanluisinforma.com\/?p=10810","og_site_name":"sanluisinforma.com","article_published_time":"2025-03-06T06:40:00+00:00","article_modified_time":"2025-03-06T05:14:02+00:00","og_image":[{"width":336,"height":505,"url":"https:\/\/sanluisinforma.com\/wp-content\/uploads\/2025\/03\/ea758aab-cb06-40bd-9626-5cc4bf1c2c08.jpg","type":"image\/jpeg"}],"author":"sanluisinforma.com","twitter_card":"summary_large_image","twitter_misc":{"Escrito por":"sanluisinforma.com","Tiempo de lectura":"6 minutos"},"schema":{"@context":"https:\/\/schema.org","@graph":[{"@type":"Article","@id":"https:\/\/sanluisinforma.com\/?p=10810#article","isPartOf":{"@id":"https:\/\/sanluisinforma.com\/?p=10810"},"author":{"name":"sanluisinforma.com","@id":"https:\/\/sanluisinforma.com\/#\/schema\/person\/c30648f71476be533b6f59d092905c8b"},"headline":"Presidenta Claudia Sheinbaum:Con\u00a0la Transformaci\u00f3n llegamos las mujeres al Poder; en el Marco del 8 M, Gobierno de M\u00e9xico Anuncia Feria Nacional de Empleo para Mujeres con m\u00e1s de 30 mil Vacantes","datePublished":"2025-03-06T06:40:00+00:00","dateModified":"2025-03-06T05:14:02+00:00","mainEntityOfPage":{"@id":"https:\/\/sanluisinforma.com\/?p=10810"},"wordCount":1211,"publisher":{"@id":"https:\/\/sanluisinforma.com\/#organization"},"image":{"@id":"https:\/\/sanluisinforma.com\/?p=10810#primaryimage"},"thumbnailUrl":"https:\/\/sanluisinforma.com\/wp-content\/uploads\/2025\/03\/ea758aab-cb06-40bd-9626-5cc4bf1c2c08.jpg","articleSection":["Nacional"],"inLanguage":"es"},{"@type":"WebPage","@id":"https:\/\/sanluisinforma.com\/?p=10810","url":"https:\/\/sanluisinforma.com\/?p=10810","name":"Presidenta Claudia Sheinbaum:Con\u00a0la Transformaci\u00f3n llegamos las mujeres al Poder; en el Marco del 8 M, Gobierno de M\u00e9xico Anuncia Feria Nacional de Empleo para Mujeres con m\u00e1s de 30 mil Vacantes - sanluisinforma.com","isPartOf":{"@id":"https:\/\/sanluisinforma.com\/#website"},"primaryImageOfPage":{"@id":"https:\/\/sanluisinforma.com\/?p=10810#primaryimage"},"image":{"@id":"https:\/\/sanluisinforma.com\/?p=10810#primaryimage"},"thumbnailUrl":"https:\/\/sanluisinforma.com\/wp-content\/uploads\/2025\/03\/ea758aab-cb06-40bd-9626-5cc4bf1c2c08.jpg","datePublished":"2025-03-06T06:40:00+00:00","dateModified":"2025-03-06T05:14:02+00:00","breadcrumb":{"@id":"https:\/\/sanluisinforma.com\/?p=10810#breadcrumb"},"inLanguage":"es","potentialAction":[{"@type":"ReadAction","target":["https:\/\/sanluisinforma.com\/?p=10810"]}]},{"@type":"ImageObject","inLanguage":"es","@id":"https:\/\/sanluisinforma.com\/?p=10810#primaryimage","url":"https:\/\/sanluisinforma.com\/wp-content\/uploads\/2025\/03\/ea758aab-cb06-40bd-9626-5cc4bf1c2c08.jpg","contentUrl":"https:\/\/sanluisinforma.com\/wp-content\/uploads\/2025\/03\/ea758aab-cb06-40bd-9626-5cc4bf1c2c08.jpg","width":336,"height":505},{"@type":"BreadcrumbList","@id":"https:\/\/sanluisinforma.com\/?p=10810#breadcrumb","itemListElement":[{"@type":"ListItem","position":1,"name":"Inicio","item":"https:\/\/sanluisinforma.com\/"},{"@type":"ListItem","position":2,"name":"Presidenta Claudia Sheinbaum:Con\u00a0la Transformaci\u00f3n llegamos las mujeres al Poder; en el Marco del 8 M, Gobierno de M\u00e9xico Anuncia Feria Nacional de Empleo para Mujeres con m\u00e1s de 30 mil Vacantes"}]},{"@type":"WebSite","@id":"https:\/\/sanluisinforma.com\/#website","url":"https:\/\/sanluisinforma.com\/","name":"sanluisinforma.com","description":"Periodico San Luis Informa","publisher":{"@id":"https:\/\/sanluisinforma.com\/#organization"},"potentialAction":[{"@type":"SearchAction","target":{"@type":"EntryPoint","urlTemplate":"https:\/\/sanluisinforma.com\/?s={search_term_string}"},"query-input":{"@type":"PropertyValueSpecification","valueRequired":true,"valueName":"search_term_string"}}],"inLanguage":"es"},{"@type":"Organization","@id":"https:\/\/sanluisinforma.com\/#organization","name":"sanluisinforma.com","url":"https:\/\/sanluisinforma.com\/","logo":{"@type":"ImageObject","inLanguage":"es","@id":"https:\/\/sanluisinforma.com\/#\/schema\/logo\/image\/","url":"https:\/\/sanluisinforma.com\/wp-content\/uploads\/2026\/03\/sanluisinforma-V.jpg","contentUrl":"https:\/\/sanluisinforma.com\/wp-content\/uploads\/2026\/03\/sanluisinforma-V.jpg","width":500,"height":156,"caption":"sanluisinforma.com"},"image":{"@id":"https:\/\/sanluisinforma.com\/#\/schema\/logo\/image\/"}},{"@type":"Person","@id":"https:\/\/sanluisinforma.com\/#\/schema\/person\/c30648f71476be533b6f59d092905c8b","name":"sanluisinforma.com","image":{"@type":"ImageObject","inLanguage":"es","@id":"https:\/\/sanluisinforma.com\/#\/schema\/person\/image\/","url":"https:\/\/secure.gravatar.com\/avatar\/86e3114e34a1eecefb963e0a02f0093f93b092dddb2fe1517596343751081a87?s=96&d=mm&r=g","contentUrl":"https:\/\/secure.gravatar.com\/avatar\/86e3114e34a1eecefb963e0a02f0093f93b092dddb2fe1517596343751081a87?s=96&d=mm&r=g","caption":"sanluisinforma.com"},"url":"https:\/\/sanluisinforma.com\/?author=2"}]}},"_links":{"self":[{"href":"https:\/\/sanluisinforma.com\/index.php?rest_route=\/wp\/v2\/posts\/10810","targetHints":{"allow":["GET"]}}],"collection":[{"href":"https:\/\/sanluisinforma.com\/index.php?rest_route=\/wp\/v2\/posts"}],"about":[{"href":"https:\/\/sanluisinforma.com\/index.php?rest_route=\/wp\/v2\/types\/post"}],"author":[{"embeddable":true,"href":"https:\/\/sanluisinforma.com\/index.php?rest_route=\/wp\/v2\/users\/2"}],"replies":[{"embeddable":true,"href":"https:\/\/sanluisinforma.com\/index.php?rest_route=%2Fwp%2Fv2%2Fcomments&post=10810"}],"version-history":[{"count":1,"href":"https:\/\/sanluisinforma.com\/index.php?rest_route=\/wp\/v2\/posts\/10810\/revisions"}],"predecessor-version":[{"id":10812,"href":"https:\/\/sanluisinforma.com\/index.php?rest_route=\/wp\/v2\/posts\/10810\/revisions\/10812"}],"wp:featuredmedia":[{"embeddable":true,"href":"https:\/\/sanluisinforma.com\/index.php?rest_route=\/wp\/v2\/media\/10811"}],"wp:attachment":[{"href":"https:\/\/sanluisinforma.com\/index.php?rest_route=%2Fwp%2Fv2%2Fmedia&parent=10810"}],"wp:term":[{"taxonomy":"category","embeddable":true,"href":"https:\/\/sanluisinforma.com\/index.php?rest_route=%2Fwp%2Fv2%2Fcategories&post=10810"},{"taxonomy":"post_tag","embeddable":true,"href":"https:\/\/sanluisinforma.com\/index.php?rest_route=%2Fwp%2Fv2%2Ftags&post=10810"}],"curies":[{"name":"wp","href":"https:\/\/api.w.org\/{rel}","templated":true}]}}