{"id":10813,"date":"2025-03-06T10:56:02","date_gmt":"2025-03-06T16:56:02","guid":{"rendered":"https:\/\/sanluisinforma.com\/?p=10813"},"modified":"2025-03-06T11:09:22","modified_gmt":"2025-03-06T17:09:22","slug":"sobre-aranceles-el-presidente-donald-trump-y-la-presidenta-de-mexico-claudia-sheinbaum-acuerdan","status":"publish","type":"post","link":"https:\/\/sanluisinforma.com\/?p=10813","title":{"rendered":"Sobre aranceles; el Presidente Donald Trump y la presidenta de M\u00e9xico Claudia Sheinbaum, acuerdan: \u00a0"},"content":{"rendered":"\n<p>&nbsp;Despu\u00e9s de hablar con la presidenta de M\u00e9xico, Claudia Sheinbaum, acordamos,&nbsp; hoy &nbsp;que M\u00e9xico no tendr\u00e1 que pagar aranceles sobre nada que est\u00e9 incluido en el Acuerdo T-MEC.<\/p>\n\n\n\n<p>Este acuerdo es v\u00e1lido hasta el 2 de abril. Lo hice como una forma de adaptaci\u00f3n y por respeto a la presidenta Sheinbaum.<\/p>\n\n\n\n<p>Nuestra relaci\u00f3n ha sido muy buena y estamos trabajando duro, juntos, en la frontera, tanto en t\u00e9rminos de impedir que los inmigrantes ilegales ingresen a los Estados Unidos como, asimismo, de detener el fentanilo.<\/p>\n\n\n\n<p>&nbsp;\u00a1Gracias, presidenta Sheinbaum, por su arduo trabajo y cooperaci\u00f3n! , informo Trump en su red social<\/p>\n\n\n\n<p class=\"has-text-align-center\"><strong>por su parte la Presdienta Claudia Sheinbaum dijo en sus redes de X<\/strong><\/p>\n\n\n\n<p><strong>La presidenta Claudia Sheinbaum, da respuesta a Donald Trump, sobre tema de aranceles<\/strong><\/p>\n\n\n\n<p>Muchas gracias al presidente Donald Trump, informo por X la Presidenta Claudia Sheibaum<\/p>\n\n\n\n<p>&nbsp;Tuvimos una excelente y respetuosa llamada en la que coincidimos en que nuestro trabajo y colaboraci\u00f3n han dado resultados sin precedentes, en el marco de respeto a nuestras soberan\u00edas.<\/p>\n\n\n\n<p>Continuaremos trabajando juntos, particularmente en temas de migraci\u00f3n y seguridad, que incluyen reducci\u00f3n del cruce ilegal de fentanilo hacia los Estados Unidos, as\u00ed como de armas hacia M\u00e9xico.<\/p>\n\n\n\n<p>&nbsp;Como lo menciona el presidente Trump, no se requerir\u00e1 que M\u00e9xico pague aranceles en todos aquellos productos dentro del T-MEC.<\/p>\n\n\n\n<p>&nbsp;Este acuerdo es hasta el 2 de abril, cuando Estados Unidos anunciar\u00e1 aranceles rec\u00edprocos para todos los pa\u00edses.<\/p>\n\n\n\n<p><\/p>\n","protected":false},"excerpt":{"rendered":"<p>&nbsp;Despu\u00e9s de hablar con la presidenta de M\u00e9xico, Claudia Sheinbaum, acordamos,&nbsp; hoy &nbsp;que M\u00e9xico no tendr\u00e1 que pagar aranceles sobre<\/p>\n","protected":false},"author":2,"featured_media":10814,"comment_status":"closed","ping_status":"closed","sticky":false,"template":"","format":"standard","meta":{"footnotes":""},"categories":[30],"tags":[],"class_list":["post-10813","post","type-post","status-publish","format-standard","has-post-thumbnail","hentry","category-portada"],"yoast_head":"<!-- This site is optimized with the Yoast SEO plugin v24.1 - https:\/\/yoast.com\/wordpress\/plugins\/seo\/ -->\n<title>Sobre aranceles; el Presidente Donald Trump y la presidenta de M\u00e9xico Claudia Sheinbaum, acuerdan: \u00a0 - sanluisinforma.com<\/title>\n<meta name=\"robots\" content=\"index, follow, max-snippet:-1, max-image-preview:large, max-video-preview:-1\" \/>\n<link rel=\"canonical\" href=\"https:\/\/sanluisinforma.com\/?p=10813\" \/>\n<meta property=\"og:locale\" content=\"es_MX\" \/>\n<meta property=\"og:type\" content=\"article\" \/>\n<meta property=\"og:title\" content=\"Sobre aranceles; el Presidente Donald Trump y la presidenta de M\u00e9xico Claudia Sheinbaum, acuerdan: \u00a0 - sanluisinforma.com\" \/>\n<meta property=\"og:description\" content=\"&nbsp;Despu\u00e9s de hablar con la presidenta de M\u00e9xico, Claudia Sheinbaum, acordamos,&nbsp; hoy &nbsp;que M\u00e9xico no tendr\u00e1 que pagar aranceles sobre\" \/>\n<meta property=\"og:url\" content=\"https:\/\/sanluisinforma.com\/?p=10813\" \/>\n<meta property=\"og:site_name\" content=\"sanluisinforma.com\" \/>\n<meta property=\"article:published_time\" content=\"2025-03-06T16:56:02+00:00\" \/>\n<meta property=\"article:modified_time\" content=\"2025-03-06T17:09:22+00:00\" \/>\n<meta property=\"og:image\" content=\"https:\/\/sanluisinforma.com\/wp-content\/uploads\/2025\/03\/descarga.jpg\" \/>\n\t<meta property=\"og:image:width\" content=\"400\" \/>\n\t<meta property=\"og:image:height\" content=\"400\" \/>\n\t<meta property=\"og:image:type\" content=\"image\/jpeg\" \/>\n<meta name=\"author\" content=\"sanluisinforma.com\" \/>\n<meta name=\"twitter:card\" content=\"summary_large_image\" \/>\n<meta name=\"twitter:label1\" content=\"Escrito por\" \/>\n\t<meta name=\"twitter:data1\" content=\"sanluisinforma.com\" \/>\n\t<meta name=\"twitter:label2\" content=\"Tiempo de lectura\" \/>\n\t<meta name=\"twitter:data2\" content=\"2 minutos\" \/>\n<script type=\"application\/ld+json\" class=\"yoast-schema-graph\">{\"@context\":\"https:\/\/schema.org\",\"@graph\":[{\"@type\":\"Article\",\"@id\":\"https:\/\/sanluisinforma.com\/?p=10813#article\",\"isPartOf\":{\"@id\":\"https:\/\/sanluisinforma.com\/?p=10813\"},\"author\":{\"name\":\"sanluisinforma.com\",\"@id\":\"https:\/\/sanluisinforma.com\/#\/schema\/person\/c30648f71476be533b6f59d092905c8b\"},\"headline\":\"Sobre aranceles; el Presidente Donald Trump y la presidenta de M\u00e9xico Claudia Sheinbaum, acuerdan: \u00a0\",\"datePublished\":\"2025-03-06T16:56:02+00:00\",\"dateModified\":\"2025-03-06T17:09:22+00:00\",\"mainEntityOfPage\":{\"@id\":\"https:\/\/sanluisinforma.com\/?p=10813\"},\"wordCount\":270,\"publisher\":{\"@id\":\"https:\/\/sanluisinforma.com\/#organization\"},\"image\":{\"@id\":\"https:\/\/sanluisinforma.com\/?p=10813#primaryimage\"},\"thumbnailUrl\":\"https:\/\/sanluisinforma.com\/wp-content\/uploads\/2025\/03\/descarga.jpg\",\"articleSection\":[\"Portada\"],\"inLanguage\":\"es\"},{\"@type\":\"WebPage\",\"@id\":\"https:\/\/sanluisinforma.com\/?p=10813\",\"url\":\"https:\/\/sanluisinforma.com\/?p=10813\",\"name\":\"Sobre aranceles; el Presidente Donald Trump y la presidenta de M\u00e9xico Claudia Sheinbaum, acuerdan: \u00a0 - sanluisinforma.com\",\"isPartOf\":{\"@id\":\"https:\/\/sanluisinforma.com\/#website\"},\"primaryImageOfPage\":{\"@id\":\"https:\/\/sanluisinforma.com\/?p=10813#primaryimage\"},\"image\":{\"@id\":\"https:\/\/sanluisinforma.com\/?p=10813#primaryimage\"},\"thumbnailUrl\":\"https:\/\/sanluisinforma.com\/wp-content\/uploads\/2025\/03\/descarga.jpg\",\"datePublished\":\"2025-03-06T16:56:02+00:00\",\"dateModified\":\"2025-03-06T17:09:22+00:00\",\"breadcrumb\":{\"@id\":\"https:\/\/sanluisinforma.com\/?p=10813#breadcrumb\"},\"inLanguage\":\"es\",\"potentialAction\":[{\"@type\":\"ReadAction\",\"target\":[\"https:\/\/sanluisinforma.com\/?p=10813\"]}]},{\"@type\":\"ImageObject\",\"inLanguage\":\"es\",\"@id\":\"https:\/\/sanluisinforma.com\/?p=10813#primaryimage\",\"url\":\"https:\/\/sanluisinforma.com\/wp-content\/uploads\/2025\/03\/descarga.jpg\",\"contentUrl\":\"https:\/\/sanluisinforma.com\/wp-content\/uploads\/2025\/03\/descarga.jpg\",\"width\":400,\"height\":400},{\"@type\":\"BreadcrumbList\",\"@id\":\"https:\/\/sanluisinforma.com\/?p=10813#breadcrumb\",\"itemListElement\":[{\"@type\":\"ListItem\",\"position\":1,\"name\":\"Inicio\",\"item\":\"https:\/\/sanluisinforma.com\/\"},{\"@type\":\"ListItem\",\"position\":2,\"name\":\"Sobre aranceles; el Presidente Donald Trump y la presidenta de M\u00e9xico Claudia Sheinbaum, acuerdan: \u00a0\"}]},{\"@type\":\"WebSite\",\"@id\":\"https:\/\/sanluisinforma.com\/#website\",\"url\":\"https:\/\/sanluisinforma.com\/\",\"name\":\"sanluisinforma.com\",\"description\":\"Periodico San Luis Informa\",\"publisher\":{\"@id\":\"https:\/\/sanluisinforma.com\/#organization\"},\"potentialAction\":[{\"@type\":\"SearchAction\",\"target\":{\"@type\":\"EntryPoint\",\"urlTemplate\":\"https:\/\/sanluisinforma.com\/?s={search_term_string}\"},\"query-input\":{\"@type\":\"PropertyValueSpecification\",\"valueRequired\":true,\"valueName\":\"search_term_string\"}}],\"inLanguage\":\"es\"},{\"@type\":\"Organization\",\"@id\":\"https:\/\/sanluisinforma.com\/#organization\",\"name\":\"sanluisinforma.com\",\"url\":\"https:\/\/sanluisinforma.com\/\",\"logo\":{\"@type\":\"ImageObject\",\"inLanguage\":\"es\",\"@id\":\"https:\/\/sanluisinforma.com\/#\/schema\/logo\/image\/\",\"url\":\"https:\/\/sanluisinforma.com\/wp-content\/uploads\/2026\/03\/sanluisinforma-V.jpg\",\"contentUrl\":\"https:\/\/sanluisinforma.com\/wp-content\/uploads\/2026\/03\/sanluisinforma-V.jpg\",\"width\":500,\"height\":156,\"caption\":\"sanluisinforma.com\"},\"image\":{\"@id\":\"https:\/\/sanluisinforma.com\/#\/schema\/logo\/image\/\"}},{\"@type\":\"Person\",\"@id\":\"https:\/\/sanluisinforma.com\/#\/schema\/person\/c30648f71476be533b6f59d092905c8b\",\"name\":\"sanluisinforma.com\",\"image\":{\"@type\":\"ImageObject\",\"inLanguage\":\"es\",\"@id\":\"https:\/\/sanluisinforma.com\/#\/schema\/person\/image\/\",\"url\":\"https:\/\/secure.gravatar.com\/avatar\/86e3114e34a1eecefb963e0a02f0093f93b092dddb2fe1517596343751081a87?s=96&d=mm&r=g\",\"contentUrl\":\"https:\/\/secure.gravatar.com\/avatar\/86e3114e34a1eecefb963e0a02f0093f93b092dddb2fe1517596343751081a87?s=96&d=mm&r=g\",\"caption\":\"sanluisinforma.com\"},\"url\":\"https:\/\/sanluisinforma.com\/?author=2\"}]}<\/script>\n<!-- \/ Yoast SEO plugin. -->","yoast_head_json":{"title":"Sobre aranceles; el Presidente Donald Trump y la presidenta de M\u00e9xico Claudia Sheinbaum, acuerdan: \u00a0 - sanluisinforma.com","robots":{"index":"index","follow":"follow","max-snippet":"max-snippet:-1","max-image-preview":"max-image-preview:large","max-video-preview":"max-video-preview:-1"},"canonical":"https:\/\/sanluisinforma.com\/?p=10813","og_locale":"es_MX","og_type":"article","og_title":"Sobre aranceles; el Presidente Donald Trump y la presidenta de M\u00e9xico Claudia Sheinbaum, acuerdan: \u00a0 - sanluisinforma.com","og_description":"&nbsp;Despu\u00e9s de hablar con la presidenta de M\u00e9xico, Claudia Sheinbaum, acordamos,&nbsp; hoy &nbsp;que M\u00e9xico no tendr\u00e1 que pagar aranceles sobre","og_url":"https:\/\/sanluisinforma.com\/?p=10813","og_site_name":"sanluisinforma.com","article_published_time":"2025-03-06T16:56:02+00:00","article_modified_time":"2025-03-06T17:09:22+00:00","og_image":[{"width":400,"height":400,"url":"https:\/\/sanluisinforma.com\/wp-content\/uploads\/2025\/03\/descarga.jpg","type":"image\/jpeg"}],"author":"sanluisinforma.com","twitter_card":"summary_large_image","twitter_misc":{"Escrito por":"sanluisinforma.com","Tiempo de lectura":"2 minutos"},"schema":{"@context":"https:\/\/schema.org","@graph":[{"@type":"Article","@id":"https:\/\/sanluisinforma.com\/?p=10813#article","isPartOf":{"@id":"https:\/\/sanluisinforma.com\/?p=10813"},"author":{"name":"sanluisinforma.com","@id":"https:\/\/sanluisinforma.com\/#\/schema\/person\/c30648f71476be533b6f59d092905c8b"},"headline":"Sobre aranceles; el Presidente Donald Trump y la presidenta de M\u00e9xico Claudia Sheinbaum, acuerdan: \u00a0","datePublished":"2025-03-06T16:56:02+00:00","dateModified":"2025-03-06T17:09:22+00:00","mainEntityOfPage":{"@id":"https:\/\/sanluisinforma.com\/?p=10813"},"wordCount":270,"publisher":{"@id":"https:\/\/sanluisinforma.com\/#organization"},"image":{"@id":"https:\/\/sanluisinforma.com\/?p=10813#primaryimage"},"thumbnailUrl":"https:\/\/sanluisinforma.com\/wp-content\/uploads\/2025\/03\/descarga.jpg","articleSection":["Portada"],"inLanguage":"es"},{"@type":"WebPage","@id":"https:\/\/sanluisinforma.com\/?p=10813","url":"https:\/\/sanluisinforma.com\/?p=10813","name":"Sobre aranceles; el Presidente Donald Trump y la presidenta de M\u00e9xico Claudia Sheinbaum, acuerdan: \u00a0 - sanluisinforma.com","isPartOf":{"@id":"https:\/\/sanluisinforma.com\/#website"},"primaryImageOfPage":{"@id":"https:\/\/sanluisinforma.com\/?p=10813#primaryimage"},"image":{"@id":"https:\/\/sanluisinforma.com\/?p=10813#primaryimage"},"thumbnailUrl":"https:\/\/sanluisinforma.com\/wp-content\/uploads\/2025\/03\/descarga.jpg","datePublished":"2025-03-06T16:56:02+00:00","dateModified":"2025-03-06T17:09:22+00:00","breadcrumb":{"@id":"https:\/\/sanluisinforma.com\/?p=10813#breadcrumb"},"inLanguage":"es","potentialAction":[{"@type":"ReadAction","target":["https:\/\/sanluisinforma.com\/?p=10813"]}]},{"@type":"ImageObject","inLanguage":"es","@id":"https:\/\/sanluisinforma.com\/?p=10813#primaryimage","url":"https:\/\/sanluisinforma.com\/wp-content\/uploads\/2025\/03\/descarga.jpg","contentUrl":"https:\/\/sanluisinforma.com\/wp-content\/uploads\/2025\/03\/descarga.jpg","width":400,"height":400},{"@type":"BreadcrumbList","@id":"https:\/\/sanluisinforma.com\/?p=10813#breadcrumb","itemListElement":[{"@type":"ListItem","position":1,"name":"Inicio","item":"https:\/\/sanluisinforma.com\/"},{"@type":"ListItem","position":2,"name":"Sobre aranceles; el Presidente Donald Trump y la presidenta de M\u00e9xico Claudia Sheinbaum, acuerdan: \u00a0"}]},{"@type":"WebSite","@id":"https:\/\/sanluisinforma.com\/#website","url":"https:\/\/sanluisinforma.com\/","name":"sanluisinforma.com","description":"Periodico San Luis Informa","publisher":{"@id":"https:\/\/sanluisinforma.com\/#organization"},"potentialAction":[{"@type":"SearchAction","target":{"@type":"EntryPoint","urlTemplate":"https:\/\/sanluisinforma.com\/?s={search_term_string}"},"query-input":{"@type":"PropertyValueSpecification","valueRequired":true,"valueName":"search_term_string"}}],"inLanguage":"es"},{"@type":"Organization","@id":"https:\/\/sanluisinforma.com\/#organization","name":"sanluisinforma.com","url":"https:\/\/sanluisinforma.com\/","logo":{"@type":"ImageObject","inLanguage":"es","@id":"https:\/\/sanluisinforma.com\/#\/schema\/logo\/image\/","url":"https:\/\/sanluisinforma.com\/wp-content\/uploads\/2026\/03\/sanluisinforma-V.jpg","contentUrl":"https:\/\/sanluisinforma.com\/wp-content\/uploads\/2026\/03\/sanluisinforma-V.jpg","width":500,"height":156,"caption":"sanluisinforma.com"},"image":{"@id":"https:\/\/sanluisinforma.com\/#\/schema\/logo\/image\/"}},{"@type":"Person","@id":"https:\/\/sanluisinforma.com\/#\/schema\/person\/c30648f71476be533b6f59d092905c8b","name":"sanluisinforma.com","image":{"@type":"ImageObject","inLanguage":"es","@id":"https:\/\/sanluisinforma.com\/#\/schema\/person\/image\/","url":"https:\/\/secure.gravatar.com\/avatar\/86e3114e34a1eecefb963e0a02f0093f93b092dddb2fe1517596343751081a87?s=96&d=mm&r=g","contentUrl":"https:\/\/secure.gravatar.com\/avatar\/86e3114e34a1eecefb963e0a02f0093f93b092dddb2fe1517596343751081a87?s=96&d=mm&r=g","caption":"sanluisinforma.com"},"url":"https:\/\/sanluisinforma.com\/?author=2"}]}},"_links":{"self":[{"href":"https:\/\/sanluisinforma.com\/index.php?rest_route=\/wp\/v2\/posts\/10813","targetHints":{"allow":["GET"]}}],"collection":[{"href":"https:\/\/sanluisinforma.com\/index.php?rest_route=\/wp\/v2\/posts"}],"about":[{"href":"https:\/\/sanluisinforma.com\/index.php?rest_route=\/wp\/v2\/types\/post"}],"author":[{"embeddable":true,"href":"https:\/\/sanluisinforma.com\/index.php?rest_route=\/wp\/v2\/users\/2"}],"replies":[{"embeddable":true,"href":"https:\/\/sanluisinforma.com\/index.php?rest_route=%2Fwp%2Fv2%2Fcomments&post=10813"}],"version-history":[{"count":2,"href":"https:\/\/sanluisinforma.com\/index.php?rest_route=\/wp\/v2\/posts\/10813\/revisions"}],"predecessor-version":[{"id":10817,"href":"https:\/\/sanluisinforma.com\/index.php?rest_route=\/wp\/v2\/posts\/10813\/revisions\/10817"}],"wp:featuredmedia":[{"embeddable":true,"href":"https:\/\/sanluisinforma.com\/index.php?rest_route=\/wp\/v2\/media\/10814"}],"wp:attachment":[{"href":"https:\/\/sanluisinforma.com\/index.php?rest_route=%2Fwp%2Fv2%2Fmedia&parent=10813"}],"wp:term":[{"taxonomy":"category","embeddable":true,"href":"https:\/\/sanluisinforma.com\/index.php?rest_route=%2Fwp%2Fv2%2Fcategories&post=10813"},{"taxonomy":"post_tag","embeddable":true,"href":"https:\/\/sanluisinforma.com\/index.php?rest_route=%2Fwp%2Fv2%2Ftags&post=10813"}],"curies":[{"name":"wp","href":"https:\/\/api.w.org\/{rel}","templated":true}]}}