{"id":10833,"date":"2025-03-08T00:50:00","date_gmt":"2025-03-08T06:50:00","guid":{"rendered":"https:\/\/sanluisinforma.com\/?p=10833"},"modified":"2025-03-07T23:12:41","modified_gmt":"2025-03-08T05:12:41","slug":"gobierno-de-la-capital-gran-aliado-del-sector-empresarial","status":"publish","type":"post","link":"https:\/\/sanluisinforma.com\/?p=10833","title":{"rendered":"Gobierno de la Capital, gran aliado del sector empresarial"},"content":{"rendered":"\n<ul class=\"wp-block-list\">\n<li>El Alcalde Enrique Galindo tom\u00f3 protesta a la nueva Mesa Directiva del Consejo Empresarial Mexicano, encabezada por Francisco Javier Ram\u00edrez y agradeci\u00f3 a la Presidenta Saliente, la Regidora Julieta Abud; anuncia beneficios fiscales y la creaci\u00f3n de una mesa especializada para agilizar tr\u00e1mites.<\/li>\n<\/ul>\n\n\n\n<p><\/p>\n\n\n\n<p>Al tomar protesta a la nueva Mesa Directiva del Consejo Empresarial Mexicano, Cap\u00edtulo San Luis Potos\u00ed, el Alcalde Enrique Galindo Ceballos reafirm\u00f3 la disposici\u00f3n del Gobierno de la Capital para cerrar filas con el sector productivo y establecer una gran alianza para impulsar el desarrollo econ\u00f3mico. Como parte de este compromiso, se abrir\u00e1 una mesa de atenci\u00f3n especializada para los agremiados del Consejo.<\/p>\n\n\n\n<p>El Presidente Municipal destac\u00f3 la importancia del Consejo Empresarial Mexicano en la econom\u00eda local y en la generaci\u00f3n de empleos que benefician a miles de familias. Por ello, el Ayuntamiento ha dispuesto mayores facilidades y agilizaci\u00f3n de procesos mediante una ventanilla \u00fanica.<\/p>\n\n\n\n<p>El Alcalde Enrique Galindo Ceballos record\u00f3 que ya est\u00e1n vigentes beneficios para los empresarios, como tr\u00e1mites de refrendos en Comercio y descuentos en pagos de derechos, incluido el uso de suelo para nuevas inversiones o ampliaciones de negocios.<\/p>\n\n\n\n<p>El Primer Edil reconoci\u00f3 el trabajo de la Presidenta Saliente, Julieta Abud Sarquis, y expres\u00f3 sus mejores deseos al nuevo Presidente, Francisco Javier Ram\u00edrez. Adem\u00e1s, agradeci\u00f3 la presencia del representante del Consejo Nacional Empresarial Mexicano, Jos\u00e9 Luis Purata Ni\u00f1o de Rivera, a quien reiter\u00f3 que San Luis Potos\u00ed ofrece condiciones \u00f3ptimas para nuevas inversiones.<\/p>\n","protected":false},"excerpt":{"rendered":"<p>Al tomar protesta a la nueva Mesa Directiva del Consejo Empresarial Mexicano, Cap\u00edtulo San Luis Potos\u00ed, el Alcalde Enrique Galindo<\/p>\n","protected":false},"author":2,"featured_media":10834,"comment_status":"closed","ping_status":"closed","sticky":false,"template":"","format":"standard","meta":{"footnotes":""},"categories":[25,30],"tags":[],"class_list":["post-10833","post","type-post","status-publish","format-standard","has-post-thumbnail","hentry","category-local","category-portada"],"yoast_head":"<!-- This site is optimized with the Yoast SEO plugin v24.1 - https:\/\/yoast.com\/wordpress\/plugins\/seo\/ -->\n<title>Gobierno de la Capital, gran aliado del sector empresarial - sanluisinforma.com<\/title>\n<meta name=\"robots\" content=\"index, follow, max-snippet:-1, max-image-preview:large, max-video-preview:-1\" \/>\n<link rel=\"canonical\" href=\"https:\/\/sanluisinforma.com\/?p=10833\" \/>\n<meta property=\"og:locale\" content=\"es_MX\" \/>\n<meta property=\"og:type\" content=\"article\" \/>\n<meta property=\"og:title\" content=\"Gobierno de la Capital, gran aliado del sector empresarial - sanluisinforma.com\" \/>\n<meta property=\"og:description\" content=\"Al tomar protesta a la nueva Mesa Directiva del Consejo Empresarial Mexicano, Cap\u00edtulo San Luis Potos\u00ed, el Alcalde Enrique Galindo\" \/>\n<meta property=\"og:url\" content=\"https:\/\/sanluisinforma.com\/?p=10833\" \/>\n<meta property=\"og:site_name\" content=\"sanluisinforma.com\" \/>\n<meta property=\"article:published_time\" content=\"2025-03-08T06:50:00+00:00\" \/>\n<meta property=\"article:modified_time\" content=\"2025-03-08T05:12:41+00:00\" \/>\n<meta property=\"og:image\" content=\"https:\/\/sanluisinforma.com\/wp-content\/uploads\/2025\/03\/0bc913ba-2233-42cf-9f3c-47310b4a5527.jpg\" \/>\n\t<meta property=\"og:image:width\" content=\"480\" \/>\n\t<meta property=\"og:image:height\" content=\"319\" \/>\n\t<meta property=\"og:image:type\" content=\"image\/jpeg\" \/>\n<meta name=\"author\" content=\"sanluisinforma.com\" \/>\n<meta name=\"twitter:card\" content=\"summary_large_image\" \/>\n<meta name=\"twitter:label1\" content=\"Escrito por\" \/>\n\t<meta name=\"twitter:data1\" content=\"sanluisinforma.com\" \/>\n\t<meta name=\"twitter:label2\" content=\"Tiempo de lectura\" \/>\n\t<meta name=\"twitter:data2\" content=\"2 minutos\" \/>\n<script type=\"application\/ld+json\" class=\"yoast-schema-graph\">{\"@context\":\"https:\/\/schema.org\",\"@graph\":[{\"@type\":\"Article\",\"@id\":\"https:\/\/sanluisinforma.com\/?p=10833#article\",\"isPartOf\":{\"@id\":\"https:\/\/sanluisinforma.com\/?p=10833\"},\"author\":{\"name\":\"sanluisinforma.com\",\"@id\":\"https:\/\/sanluisinforma.com\/#\/schema\/person\/c30648f71476be533b6f59d092905c8b\"},\"headline\":\"Gobierno de la Capital, gran aliado del sector empresarial\",\"datePublished\":\"2025-03-08T06:50:00+00:00\",\"dateModified\":\"2025-03-08T05:12:41+00:00\",\"mainEntityOfPage\":{\"@id\":\"https:\/\/sanluisinforma.com\/?p=10833\"},\"wordCount\":264,\"publisher\":{\"@id\":\"https:\/\/sanluisinforma.com\/#organization\"},\"image\":{\"@id\":\"https:\/\/sanluisinforma.com\/?p=10833#primaryimage\"},\"thumbnailUrl\":\"https:\/\/sanluisinforma.com\/wp-content\/uploads\/2025\/03\/0bc913ba-2233-42cf-9f3c-47310b4a5527.jpg\",\"articleSection\":[\"Local\",\"Portada\"],\"inLanguage\":\"es\"},{\"@type\":\"WebPage\",\"@id\":\"https:\/\/sanluisinforma.com\/?p=10833\",\"url\":\"https:\/\/sanluisinforma.com\/?p=10833\",\"name\":\"Gobierno de la Capital, gran aliado del sector empresarial - sanluisinforma.com\",\"isPartOf\":{\"@id\":\"https:\/\/sanluisinforma.com\/#website\"},\"primaryImageOfPage\":{\"@id\":\"https:\/\/sanluisinforma.com\/?p=10833#primaryimage\"},\"image\":{\"@id\":\"https:\/\/sanluisinforma.com\/?p=10833#primaryimage\"},\"thumbnailUrl\":\"https:\/\/sanluisinforma.com\/wp-content\/uploads\/2025\/03\/0bc913ba-2233-42cf-9f3c-47310b4a5527.jpg\",\"datePublished\":\"2025-03-08T06:50:00+00:00\",\"dateModified\":\"2025-03-08T05:12:41+00:00\",\"breadcrumb\":{\"@id\":\"https:\/\/sanluisinforma.com\/?p=10833#breadcrumb\"},\"inLanguage\":\"es\",\"potentialAction\":[{\"@type\":\"ReadAction\",\"target\":[\"https:\/\/sanluisinforma.com\/?p=10833\"]}]},{\"@type\":\"ImageObject\",\"inLanguage\":\"es\",\"@id\":\"https:\/\/sanluisinforma.com\/?p=10833#primaryimage\",\"url\":\"https:\/\/sanluisinforma.com\/wp-content\/uploads\/2025\/03\/0bc913ba-2233-42cf-9f3c-47310b4a5527.jpg\",\"contentUrl\":\"https:\/\/sanluisinforma.com\/wp-content\/uploads\/2025\/03\/0bc913ba-2233-42cf-9f3c-47310b4a5527.jpg\",\"width\":480,\"height\":319},{\"@type\":\"BreadcrumbList\",\"@id\":\"https:\/\/sanluisinforma.com\/?p=10833#breadcrumb\",\"itemListElement\":[{\"@type\":\"ListItem\",\"position\":1,\"name\":\"Inicio\",\"item\":\"https:\/\/sanluisinforma.com\/\"},{\"@type\":\"ListItem\",\"position\":2,\"name\":\"Gobierno de la Capital, gran aliado del sector empresarial\"}]},{\"@type\":\"WebSite\",\"@id\":\"https:\/\/sanluisinforma.com\/#website\",\"url\":\"https:\/\/sanluisinforma.com\/\",\"name\":\"sanluisinforma.com\",\"description\":\"Periodico San Luis Informa\",\"publisher\":{\"@id\":\"https:\/\/sanluisinforma.com\/#organization\"},\"potentialAction\":[{\"@type\":\"SearchAction\",\"target\":{\"@type\":\"EntryPoint\",\"urlTemplate\":\"https:\/\/sanluisinforma.com\/?s={search_term_string}\"},\"query-input\":{\"@type\":\"PropertyValueSpecification\",\"valueRequired\":true,\"valueName\":\"search_term_string\"}}],\"inLanguage\":\"es\"},{\"@type\":\"Organization\",\"@id\":\"https:\/\/sanluisinforma.com\/#organization\",\"name\":\"sanluisinforma.com\",\"url\":\"https:\/\/sanluisinforma.com\/\",\"logo\":{\"@type\":\"ImageObject\",\"inLanguage\":\"es\",\"@id\":\"https:\/\/sanluisinforma.com\/#\/schema\/logo\/image\/\",\"url\":\"https:\/\/sanluisinforma.com\/wp-content\/uploads\/2026\/03\/sanluisinforma-V.jpg\",\"contentUrl\":\"https:\/\/sanluisinforma.com\/wp-content\/uploads\/2026\/03\/sanluisinforma-V.jpg\",\"width\":500,\"height\":156,\"caption\":\"sanluisinforma.com\"},\"image\":{\"@id\":\"https:\/\/sanluisinforma.com\/#\/schema\/logo\/image\/\"}},{\"@type\":\"Person\",\"@id\":\"https:\/\/sanluisinforma.com\/#\/schema\/person\/c30648f71476be533b6f59d092905c8b\",\"name\":\"sanluisinforma.com\",\"image\":{\"@type\":\"ImageObject\",\"inLanguage\":\"es\",\"@id\":\"https:\/\/sanluisinforma.com\/#\/schema\/person\/image\/\",\"url\":\"https:\/\/secure.gravatar.com\/avatar\/86e3114e34a1eecefb963e0a02f0093f93b092dddb2fe1517596343751081a87?s=96&d=mm&r=g\",\"contentUrl\":\"https:\/\/secure.gravatar.com\/avatar\/86e3114e34a1eecefb963e0a02f0093f93b092dddb2fe1517596343751081a87?s=96&d=mm&r=g\",\"caption\":\"sanluisinforma.com\"},\"url\":\"https:\/\/sanluisinforma.com\/?author=2\"}]}<\/script>\n<!-- \/ Yoast SEO plugin. -->","yoast_head_json":{"title":"Gobierno de la Capital, gran aliado del sector empresarial - sanluisinforma.com","robots":{"index":"index","follow":"follow","max-snippet":"max-snippet:-1","max-image-preview":"max-image-preview:large","max-video-preview":"max-video-preview:-1"},"canonical":"https:\/\/sanluisinforma.com\/?p=10833","og_locale":"es_MX","og_type":"article","og_title":"Gobierno de la Capital, gran aliado del sector empresarial - sanluisinforma.com","og_description":"Al tomar protesta a la nueva Mesa Directiva del Consejo Empresarial Mexicano, Cap\u00edtulo San Luis Potos\u00ed, el Alcalde Enrique Galindo","og_url":"https:\/\/sanluisinforma.com\/?p=10833","og_site_name":"sanluisinforma.com","article_published_time":"2025-03-08T06:50:00+00:00","article_modified_time":"2025-03-08T05:12:41+00:00","og_image":[{"width":480,"height":319,"url":"https:\/\/sanluisinforma.com\/wp-content\/uploads\/2025\/03\/0bc913ba-2233-42cf-9f3c-47310b4a5527.jpg","type":"image\/jpeg"}],"author":"sanluisinforma.com","twitter_card":"summary_large_image","twitter_misc":{"Escrito por":"sanluisinforma.com","Tiempo de lectura":"2 minutos"},"schema":{"@context":"https:\/\/schema.org","@graph":[{"@type":"Article","@id":"https:\/\/sanluisinforma.com\/?p=10833#article","isPartOf":{"@id":"https:\/\/sanluisinforma.com\/?p=10833"},"author":{"name":"sanluisinforma.com","@id":"https:\/\/sanluisinforma.com\/#\/schema\/person\/c30648f71476be533b6f59d092905c8b"},"headline":"Gobierno de la Capital, gran aliado del sector empresarial","datePublished":"2025-03-08T06:50:00+00:00","dateModified":"2025-03-08T05:12:41+00:00","mainEntityOfPage":{"@id":"https:\/\/sanluisinforma.com\/?p=10833"},"wordCount":264,"publisher":{"@id":"https:\/\/sanluisinforma.com\/#organization"},"image":{"@id":"https:\/\/sanluisinforma.com\/?p=10833#primaryimage"},"thumbnailUrl":"https:\/\/sanluisinforma.com\/wp-content\/uploads\/2025\/03\/0bc913ba-2233-42cf-9f3c-47310b4a5527.jpg","articleSection":["Local","Portada"],"inLanguage":"es"},{"@type":"WebPage","@id":"https:\/\/sanluisinforma.com\/?p=10833","url":"https:\/\/sanluisinforma.com\/?p=10833","name":"Gobierno de la Capital, gran aliado del sector empresarial - sanluisinforma.com","isPartOf":{"@id":"https:\/\/sanluisinforma.com\/#website"},"primaryImageOfPage":{"@id":"https:\/\/sanluisinforma.com\/?p=10833#primaryimage"},"image":{"@id":"https:\/\/sanluisinforma.com\/?p=10833#primaryimage"},"thumbnailUrl":"https:\/\/sanluisinforma.com\/wp-content\/uploads\/2025\/03\/0bc913ba-2233-42cf-9f3c-47310b4a5527.jpg","datePublished":"2025-03-08T06:50:00+00:00","dateModified":"2025-03-08T05:12:41+00:00","breadcrumb":{"@id":"https:\/\/sanluisinforma.com\/?p=10833#breadcrumb"},"inLanguage":"es","potentialAction":[{"@type":"ReadAction","target":["https:\/\/sanluisinforma.com\/?p=10833"]}]},{"@type":"ImageObject","inLanguage":"es","@id":"https:\/\/sanluisinforma.com\/?p=10833#primaryimage","url":"https:\/\/sanluisinforma.com\/wp-content\/uploads\/2025\/03\/0bc913ba-2233-42cf-9f3c-47310b4a5527.jpg","contentUrl":"https:\/\/sanluisinforma.com\/wp-content\/uploads\/2025\/03\/0bc913ba-2233-42cf-9f3c-47310b4a5527.jpg","width":480,"height":319},{"@type":"BreadcrumbList","@id":"https:\/\/sanluisinforma.com\/?p=10833#breadcrumb","itemListElement":[{"@type":"ListItem","position":1,"name":"Inicio","item":"https:\/\/sanluisinforma.com\/"},{"@type":"ListItem","position":2,"name":"Gobierno de la Capital, gran aliado del sector empresarial"}]},{"@type":"WebSite","@id":"https:\/\/sanluisinforma.com\/#website","url":"https:\/\/sanluisinforma.com\/","name":"sanluisinforma.com","description":"Periodico San Luis Informa","publisher":{"@id":"https:\/\/sanluisinforma.com\/#organization"},"potentialAction":[{"@type":"SearchAction","target":{"@type":"EntryPoint","urlTemplate":"https:\/\/sanluisinforma.com\/?s={search_term_string}"},"query-input":{"@type":"PropertyValueSpecification","valueRequired":true,"valueName":"search_term_string"}}],"inLanguage":"es"},{"@type":"Organization","@id":"https:\/\/sanluisinforma.com\/#organization","name":"sanluisinforma.com","url":"https:\/\/sanluisinforma.com\/","logo":{"@type":"ImageObject","inLanguage":"es","@id":"https:\/\/sanluisinforma.com\/#\/schema\/logo\/image\/","url":"https:\/\/sanluisinforma.com\/wp-content\/uploads\/2026\/03\/sanluisinforma-V.jpg","contentUrl":"https:\/\/sanluisinforma.com\/wp-content\/uploads\/2026\/03\/sanluisinforma-V.jpg","width":500,"height":156,"caption":"sanluisinforma.com"},"image":{"@id":"https:\/\/sanluisinforma.com\/#\/schema\/logo\/image\/"}},{"@type":"Person","@id":"https:\/\/sanluisinforma.com\/#\/schema\/person\/c30648f71476be533b6f59d092905c8b","name":"sanluisinforma.com","image":{"@type":"ImageObject","inLanguage":"es","@id":"https:\/\/sanluisinforma.com\/#\/schema\/person\/image\/","url":"https:\/\/secure.gravatar.com\/avatar\/86e3114e34a1eecefb963e0a02f0093f93b092dddb2fe1517596343751081a87?s=96&d=mm&r=g","contentUrl":"https:\/\/secure.gravatar.com\/avatar\/86e3114e34a1eecefb963e0a02f0093f93b092dddb2fe1517596343751081a87?s=96&d=mm&r=g","caption":"sanluisinforma.com"},"url":"https:\/\/sanluisinforma.com\/?author=2"}]}},"_links":{"self":[{"href":"https:\/\/sanluisinforma.com\/index.php?rest_route=\/wp\/v2\/posts\/10833","targetHints":{"allow":["GET"]}}],"collection":[{"href":"https:\/\/sanluisinforma.com\/index.php?rest_route=\/wp\/v2\/posts"}],"about":[{"href":"https:\/\/sanluisinforma.com\/index.php?rest_route=\/wp\/v2\/types\/post"}],"author":[{"embeddable":true,"href":"https:\/\/sanluisinforma.com\/index.php?rest_route=\/wp\/v2\/users\/2"}],"replies":[{"embeddable":true,"href":"https:\/\/sanluisinforma.com\/index.php?rest_route=%2Fwp%2Fv2%2Fcomments&post=10833"}],"version-history":[{"count":1,"href":"https:\/\/sanluisinforma.com\/index.php?rest_route=\/wp\/v2\/posts\/10833\/revisions"}],"predecessor-version":[{"id":10835,"href":"https:\/\/sanluisinforma.com\/index.php?rest_route=\/wp\/v2\/posts\/10833\/revisions\/10835"}],"wp:featuredmedia":[{"embeddable":true,"href":"https:\/\/sanluisinforma.com\/index.php?rest_route=\/wp\/v2\/media\/10834"}],"wp:attachment":[{"href":"https:\/\/sanluisinforma.com\/index.php?rest_route=%2Fwp%2Fv2%2Fmedia&parent=10833"}],"wp:term":[{"taxonomy":"category","embeddable":true,"href":"https:\/\/sanluisinforma.com\/index.php?rest_route=%2Fwp%2Fv2%2Fcategories&post=10833"},{"taxonomy":"post_tag","embeddable":true,"href":"https:\/\/sanluisinforma.com\/index.php?rest_route=%2Fwp%2Fv2%2Ftags&post=10833"}],"curies":[{"name":"wp","href":"https:\/\/api.w.org\/{rel}","templated":true}]}}