{"id":10836,"date":"2025-03-08T00:45:00","date_gmt":"2025-03-08T06:45:00","guid":{"rendered":"https:\/\/sanluisinforma.com\/?p=10836"},"modified":"2025-03-07T23:15:38","modified_gmt":"2025-03-08T05:15:38","slug":"es-momento-de-cerrar-filas-con-la-presidenta-sheinbaum-alcalde-galindo","status":"publish","type":"post","link":"https:\/\/sanluisinforma.com\/?p=10836","title":{"rendered":"\u201cEs momento de cerrar filas con la Presidenta Sheinbaum\u201d: Alcalde Galindo"},"content":{"rendered":"\n<ul class=\"wp-block-list\">\n<li>El Presidente Municipal de San Luis Potos\u00ed respald\u00f3 a la Presidenta por el acuerdo para aplazar los aranceles anunciados por el Gobierno de los Estados Unidos; se\u00f1al\u00f3 que desde el Gobierno de la Capital se generan estrategias para mitigar el impacto econ\u00f3mico.<\/li>\n<\/ul>\n\n\n\n<p><\/p>\n\n\n\n<p>El Alcalde de San Luis Potos\u00ed, Enrique Galindo Ceballos, expres\u00f3 su respaldo a la Presidenta de M\u00e9xico, Claudia Sheinbaum, por el acuerdo alcanzado con el Presidente de Estados Unidos, Donald Trump, para aplazar la imposici\u00f3n de aranceles del 25% a productos mexicanos. Destac\u00f3 que esta medida es fundamental para la estabilidad econ\u00f3mica del pa\u00eds y, en particular, para proteger el Cl\u00faster Automotriz de San Luis Potos\u00ed, un sector clave para el desarrollo de la capital potosina.<\/p>\n\n\n\n<p>\u201cEs momento de cerrar filas con la presidenta de M\u00e9xico, porque est\u00e1 llevando a cabo una gesti\u00f3n clave en el escenario internacional, y en ese sentido, cuenta con el respaldo del Gobierno Municipal de San Luis Potos\u00ed\u201d, afirm\u00f3 el Alcalde Enrique Galindo.<\/p>\n\n\n\n<p>El Presidente Municipal subray\u00f3 la importancia de generar estrategias locales para mitigar cualquier impacto econ\u00f3mico. En ese sentido, inform\u00f3 que su administraci\u00f3n ha dise\u00f1ado incentivos fiscales para el sector empresarial, con el fin de fortalecer la competitividad de las empresas potosinas. Asimismo, reconoci\u00f3 el trabajo del Gobierno de M\u00e9xico en temas de seguridad y la extradici\u00f3n de personas vinculadas al crimen organizado, destacando que se trata de una se\u00f1al clara de compromiso con la justicia.<\/p>\n","protected":false},"excerpt":{"rendered":"<p>El Alcalde de San Luis Potos\u00ed, Enrique Galindo Ceballos, expres\u00f3 su respaldo a la Presidenta de M\u00e9xico, Claudia Sheinbaum, por<\/p>\n","protected":false},"author":2,"featured_media":10837,"comment_status":"closed","ping_status":"closed","sticky":false,"template":"","format":"standard","meta":{"footnotes":""},"categories":[25,30],"tags":[],"class_list":["post-10836","post","type-post","status-publish","format-standard","has-post-thumbnail","hentry","category-local","category-portada"],"yoast_head":"<!-- This site is optimized with the Yoast SEO plugin v24.1 - https:\/\/yoast.com\/wordpress\/plugins\/seo\/ -->\n<title>\u201cEs momento de cerrar filas con la Presidenta Sheinbaum\u201d: Alcalde Galindo - sanluisinforma.com<\/title>\n<meta name=\"robots\" content=\"index, follow, max-snippet:-1, max-image-preview:large, max-video-preview:-1\" \/>\n<link rel=\"canonical\" href=\"https:\/\/sanluisinforma.com\/?p=10836\" \/>\n<meta property=\"og:locale\" content=\"es_MX\" \/>\n<meta property=\"og:type\" content=\"article\" \/>\n<meta property=\"og:title\" content=\"\u201cEs momento de cerrar filas con la Presidenta Sheinbaum\u201d: Alcalde Galindo - sanluisinforma.com\" \/>\n<meta property=\"og:description\" content=\"El Alcalde de San Luis Potos\u00ed, Enrique Galindo Ceballos, expres\u00f3 su respaldo a la Presidenta de M\u00e9xico, Claudia Sheinbaum, por\" \/>\n<meta property=\"og:url\" content=\"https:\/\/sanluisinforma.com\/?p=10836\" \/>\n<meta property=\"og:site_name\" content=\"sanluisinforma.com\" \/>\n<meta property=\"article:published_time\" content=\"2025-03-08T06:45:00+00:00\" \/>\n<meta property=\"article:modified_time\" content=\"2025-03-08T05:15:38+00:00\" \/>\n<meta property=\"og:image\" content=\"https:\/\/sanluisinforma.com\/wp-content\/uploads\/2025\/03\/76fda578-a7a2-497d-a511-a621f3a33857.jpg\" \/>\n\t<meta property=\"og:image:width\" content=\"480\" \/>\n\t<meta property=\"og:image:height\" content=\"351\" \/>\n\t<meta property=\"og:image:type\" content=\"image\/jpeg\" \/>\n<meta name=\"author\" content=\"sanluisinforma.com\" \/>\n<meta name=\"twitter:card\" content=\"summary_large_image\" \/>\n<meta name=\"twitter:label1\" content=\"Escrito por\" \/>\n\t<meta name=\"twitter:data1\" content=\"sanluisinforma.com\" \/>\n\t<meta name=\"twitter:label2\" content=\"Tiempo de lectura\" \/>\n\t<meta name=\"twitter:data2\" content=\"2 minutos\" \/>\n<script type=\"application\/ld+json\" class=\"yoast-schema-graph\">{\"@context\":\"https:\/\/schema.org\",\"@graph\":[{\"@type\":\"Article\",\"@id\":\"https:\/\/sanluisinforma.com\/?p=10836#article\",\"isPartOf\":{\"@id\":\"https:\/\/sanluisinforma.com\/?p=10836\"},\"author\":{\"name\":\"sanluisinforma.com\",\"@id\":\"https:\/\/sanluisinforma.com\/#\/schema\/person\/c30648f71476be533b6f59d092905c8b\"},\"headline\":\"\u201cEs momento de cerrar filas con la Presidenta Sheinbaum\u201d: Alcalde Galindo\",\"datePublished\":\"2025-03-08T06:45:00+00:00\",\"dateModified\":\"2025-03-08T05:15:38+00:00\",\"mainEntityOfPage\":{\"@id\":\"https:\/\/sanluisinforma.com\/?p=10836\"},\"wordCount\":260,\"publisher\":{\"@id\":\"https:\/\/sanluisinforma.com\/#organization\"},\"image\":{\"@id\":\"https:\/\/sanluisinforma.com\/?p=10836#primaryimage\"},\"thumbnailUrl\":\"https:\/\/sanluisinforma.com\/wp-content\/uploads\/2025\/03\/76fda578-a7a2-497d-a511-a621f3a33857.jpg\",\"articleSection\":[\"Local\",\"Portada\"],\"inLanguage\":\"es\"},{\"@type\":\"WebPage\",\"@id\":\"https:\/\/sanluisinforma.com\/?p=10836\",\"url\":\"https:\/\/sanluisinforma.com\/?p=10836\",\"name\":\"\u201cEs momento de cerrar filas con la Presidenta Sheinbaum\u201d: Alcalde Galindo - sanluisinforma.com\",\"isPartOf\":{\"@id\":\"https:\/\/sanluisinforma.com\/#website\"},\"primaryImageOfPage\":{\"@id\":\"https:\/\/sanluisinforma.com\/?p=10836#primaryimage\"},\"image\":{\"@id\":\"https:\/\/sanluisinforma.com\/?p=10836#primaryimage\"},\"thumbnailUrl\":\"https:\/\/sanluisinforma.com\/wp-content\/uploads\/2025\/03\/76fda578-a7a2-497d-a511-a621f3a33857.jpg\",\"datePublished\":\"2025-03-08T06:45:00+00:00\",\"dateModified\":\"2025-03-08T05:15:38+00:00\",\"breadcrumb\":{\"@id\":\"https:\/\/sanluisinforma.com\/?p=10836#breadcrumb\"},\"inLanguage\":\"es\",\"potentialAction\":[{\"@type\":\"ReadAction\",\"target\":[\"https:\/\/sanluisinforma.com\/?p=10836\"]}]},{\"@type\":\"ImageObject\",\"inLanguage\":\"es\",\"@id\":\"https:\/\/sanluisinforma.com\/?p=10836#primaryimage\",\"url\":\"https:\/\/sanluisinforma.com\/wp-content\/uploads\/2025\/03\/76fda578-a7a2-497d-a511-a621f3a33857.jpg\",\"contentUrl\":\"https:\/\/sanluisinforma.com\/wp-content\/uploads\/2025\/03\/76fda578-a7a2-497d-a511-a621f3a33857.jpg\",\"width\":480,\"height\":351},{\"@type\":\"BreadcrumbList\",\"@id\":\"https:\/\/sanluisinforma.com\/?p=10836#breadcrumb\",\"itemListElement\":[{\"@type\":\"ListItem\",\"position\":1,\"name\":\"Inicio\",\"item\":\"https:\/\/sanluisinforma.com\/\"},{\"@type\":\"ListItem\",\"position\":2,\"name\":\"\u201cEs momento de cerrar filas con la Presidenta Sheinbaum\u201d: Alcalde Galindo\"}]},{\"@type\":\"WebSite\",\"@id\":\"https:\/\/sanluisinforma.com\/#website\",\"url\":\"https:\/\/sanluisinforma.com\/\",\"name\":\"sanluisinforma.com\",\"description\":\"Periodico San Luis Informa\",\"publisher\":{\"@id\":\"https:\/\/sanluisinforma.com\/#organization\"},\"potentialAction\":[{\"@type\":\"SearchAction\",\"target\":{\"@type\":\"EntryPoint\",\"urlTemplate\":\"https:\/\/sanluisinforma.com\/?s={search_term_string}\"},\"query-input\":{\"@type\":\"PropertyValueSpecification\",\"valueRequired\":true,\"valueName\":\"search_term_string\"}}],\"inLanguage\":\"es\"},{\"@type\":\"Organization\",\"@id\":\"https:\/\/sanluisinforma.com\/#organization\",\"name\":\"sanluisinforma.com\",\"url\":\"https:\/\/sanluisinforma.com\/\",\"logo\":{\"@type\":\"ImageObject\",\"inLanguage\":\"es\",\"@id\":\"https:\/\/sanluisinforma.com\/#\/schema\/logo\/image\/\",\"url\":\"https:\/\/sanluisinforma.com\/wp-content\/uploads\/2026\/03\/sanluisinforma-V.jpg\",\"contentUrl\":\"https:\/\/sanluisinforma.com\/wp-content\/uploads\/2026\/03\/sanluisinforma-V.jpg\",\"width\":500,\"height\":156,\"caption\":\"sanluisinforma.com\"},\"image\":{\"@id\":\"https:\/\/sanluisinforma.com\/#\/schema\/logo\/image\/\"}},{\"@type\":\"Person\",\"@id\":\"https:\/\/sanluisinforma.com\/#\/schema\/person\/c30648f71476be533b6f59d092905c8b\",\"name\":\"sanluisinforma.com\",\"image\":{\"@type\":\"ImageObject\",\"inLanguage\":\"es\",\"@id\":\"https:\/\/sanluisinforma.com\/#\/schema\/person\/image\/\",\"url\":\"https:\/\/secure.gravatar.com\/avatar\/86e3114e34a1eecefb963e0a02f0093f93b092dddb2fe1517596343751081a87?s=96&d=mm&r=g\",\"contentUrl\":\"https:\/\/secure.gravatar.com\/avatar\/86e3114e34a1eecefb963e0a02f0093f93b092dddb2fe1517596343751081a87?s=96&d=mm&r=g\",\"caption\":\"sanluisinforma.com\"},\"url\":\"https:\/\/sanluisinforma.com\/?author=2\"}]}<\/script>\n<!-- \/ Yoast SEO plugin. -->","yoast_head_json":{"title":"\u201cEs momento de cerrar filas con la Presidenta Sheinbaum\u201d: Alcalde Galindo - sanluisinforma.com","robots":{"index":"index","follow":"follow","max-snippet":"max-snippet:-1","max-image-preview":"max-image-preview:large","max-video-preview":"max-video-preview:-1"},"canonical":"https:\/\/sanluisinforma.com\/?p=10836","og_locale":"es_MX","og_type":"article","og_title":"\u201cEs momento de cerrar filas con la Presidenta Sheinbaum\u201d: Alcalde Galindo - sanluisinforma.com","og_description":"El Alcalde de San Luis Potos\u00ed, Enrique Galindo Ceballos, expres\u00f3 su respaldo a la Presidenta de M\u00e9xico, Claudia Sheinbaum, por","og_url":"https:\/\/sanluisinforma.com\/?p=10836","og_site_name":"sanluisinforma.com","article_published_time":"2025-03-08T06:45:00+00:00","article_modified_time":"2025-03-08T05:15:38+00:00","og_image":[{"width":480,"height":351,"url":"https:\/\/sanluisinforma.com\/wp-content\/uploads\/2025\/03\/76fda578-a7a2-497d-a511-a621f3a33857.jpg","type":"image\/jpeg"}],"author":"sanluisinforma.com","twitter_card":"summary_large_image","twitter_misc":{"Escrito por":"sanluisinforma.com","Tiempo de lectura":"2 minutos"},"schema":{"@context":"https:\/\/schema.org","@graph":[{"@type":"Article","@id":"https:\/\/sanluisinforma.com\/?p=10836#article","isPartOf":{"@id":"https:\/\/sanluisinforma.com\/?p=10836"},"author":{"name":"sanluisinforma.com","@id":"https:\/\/sanluisinforma.com\/#\/schema\/person\/c30648f71476be533b6f59d092905c8b"},"headline":"\u201cEs momento de cerrar filas con la Presidenta Sheinbaum\u201d: Alcalde Galindo","datePublished":"2025-03-08T06:45:00+00:00","dateModified":"2025-03-08T05:15:38+00:00","mainEntityOfPage":{"@id":"https:\/\/sanluisinforma.com\/?p=10836"},"wordCount":260,"publisher":{"@id":"https:\/\/sanluisinforma.com\/#organization"},"image":{"@id":"https:\/\/sanluisinforma.com\/?p=10836#primaryimage"},"thumbnailUrl":"https:\/\/sanluisinforma.com\/wp-content\/uploads\/2025\/03\/76fda578-a7a2-497d-a511-a621f3a33857.jpg","articleSection":["Local","Portada"],"inLanguage":"es"},{"@type":"WebPage","@id":"https:\/\/sanluisinforma.com\/?p=10836","url":"https:\/\/sanluisinforma.com\/?p=10836","name":"\u201cEs momento de cerrar filas con la Presidenta Sheinbaum\u201d: Alcalde Galindo - sanluisinforma.com","isPartOf":{"@id":"https:\/\/sanluisinforma.com\/#website"},"primaryImageOfPage":{"@id":"https:\/\/sanluisinforma.com\/?p=10836#primaryimage"},"image":{"@id":"https:\/\/sanluisinforma.com\/?p=10836#primaryimage"},"thumbnailUrl":"https:\/\/sanluisinforma.com\/wp-content\/uploads\/2025\/03\/76fda578-a7a2-497d-a511-a621f3a33857.jpg","datePublished":"2025-03-08T06:45:00+00:00","dateModified":"2025-03-08T05:15:38+00:00","breadcrumb":{"@id":"https:\/\/sanluisinforma.com\/?p=10836#breadcrumb"},"inLanguage":"es","potentialAction":[{"@type":"ReadAction","target":["https:\/\/sanluisinforma.com\/?p=10836"]}]},{"@type":"ImageObject","inLanguage":"es","@id":"https:\/\/sanluisinforma.com\/?p=10836#primaryimage","url":"https:\/\/sanluisinforma.com\/wp-content\/uploads\/2025\/03\/76fda578-a7a2-497d-a511-a621f3a33857.jpg","contentUrl":"https:\/\/sanluisinforma.com\/wp-content\/uploads\/2025\/03\/76fda578-a7a2-497d-a511-a621f3a33857.jpg","width":480,"height":351},{"@type":"BreadcrumbList","@id":"https:\/\/sanluisinforma.com\/?p=10836#breadcrumb","itemListElement":[{"@type":"ListItem","position":1,"name":"Inicio","item":"https:\/\/sanluisinforma.com\/"},{"@type":"ListItem","position":2,"name":"\u201cEs momento de cerrar filas con la Presidenta Sheinbaum\u201d: Alcalde Galindo"}]},{"@type":"WebSite","@id":"https:\/\/sanluisinforma.com\/#website","url":"https:\/\/sanluisinforma.com\/","name":"sanluisinforma.com","description":"Periodico San Luis Informa","publisher":{"@id":"https:\/\/sanluisinforma.com\/#organization"},"potentialAction":[{"@type":"SearchAction","target":{"@type":"EntryPoint","urlTemplate":"https:\/\/sanluisinforma.com\/?s={search_term_string}"},"query-input":{"@type":"PropertyValueSpecification","valueRequired":true,"valueName":"search_term_string"}}],"inLanguage":"es"},{"@type":"Organization","@id":"https:\/\/sanluisinforma.com\/#organization","name":"sanluisinforma.com","url":"https:\/\/sanluisinforma.com\/","logo":{"@type":"ImageObject","inLanguage":"es","@id":"https:\/\/sanluisinforma.com\/#\/schema\/logo\/image\/","url":"https:\/\/sanluisinforma.com\/wp-content\/uploads\/2026\/03\/sanluisinforma-V.jpg","contentUrl":"https:\/\/sanluisinforma.com\/wp-content\/uploads\/2026\/03\/sanluisinforma-V.jpg","width":500,"height":156,"caption":"sanluisinforma.com"},"image":{"@id":"https:\/\/sanluisinforma.com\/#\/schema\/logo\/image\/"}},{"@type":"Person","@id":"https:\/\/sanluisinforma.com\/#\/schema\/person\/c30648f71476be533b6f59d092905c8b","name":"sanluisinforma.com","image":{"@type":"ImageObject","inLanguage":"es","@id":"https:\/\/sanluisinforma.com\/#\/schema\/person\/image\/","url":"https:\/\/secure.gravatar.com\/avatar\/86e3114e34a1eecefb963e0a02f0093f93b092dddb2fe1517596343751081a87?s=96&d=mm&r=g","contentUrl":"https:\/\/secure.gravatar.com\/avatar\/86e3114e34a1eecefb963e0a02f0093f93b092dddb2fe1517596343751081a87?s=96&d=mm&r=g","caption":"sanluisinforma.com"},"url":"https:\/\/sanluisinforma.com\/?author=2"}]}},"_links":{"self":[{"href":"https:\/\/sanluisinforma.com\/index.php?rest_route=\/wp\/v2\/posts\/10836","targetHints":{"allow":["GET"]}}],"collection":[{"href":"https:\/\/sanluisinforma.com\/index.php?rest_route=\/wp\/v2\/posts"}],"about":[{"href":"https:\/\/sanluisinforma.com\/index.php?rest_route=\/wp\/v2\/types\/post"}],"author":[{"embeddable":true,"href":"https:\/\/sanluisinforma.com\/index.php?rest_route=\/wp\/v2\/users\/2"}],"replies":[{"embeddable":true,"href":"https:\/\/sanluisinforma.com\/index.php?rest_route=%2Fwp%2Fv2%2Fcomments&post=10836"}],"version-history":[{"count":1,"href":"https:\/\/sanluisinforma.com\/index.php?rest_route=\/wp\/v2\/posts\/10836\/revisions"}],"predecessor-version":[{"id":10838,"href":"https:\/\/sanluisinforma.com\/index.php?rest_route=\/wp\/v2\/posts\/10836\/revisions\/10838"}],"wp:featuredmedia":[{"embeddable":true,"href":"https:\/\/sanluisinforma.com\/index.php?rest_route=\/wp\/v2\/media\/10837"}],"wp:attachment":[{"href":"https:\/\/sanluisinforma.com\/index.php?rest_route=%2Fwp%2Fv2%2Fmedia&parent=10836"}],"wp:term":[{"taxonomy":"category","embeddable":true,"href":"https:\/\/sanluisinforma.com\/index.php?rest_route=%2Fwp%2Fv2%2Fcategories&post=10836"},{"taxonomy":"post_tag","embeddable":true,"href":"https:\/\/sanluisinforma.com\/index.php?rest_route=%2Fwp%2Fv2%2Ftags&post=10836"}],"curies":[{"name":"wp","href":"https:\/\/api.w.org\/{rel}","templated":true}]}}