{"id":10842,"date":"2025-03-08T00:58:00","date_gmt":"2025-03-08T06:58:00","guid":{"rendered":"https:\/\/sanluisinforma.com\/?p=10842"},"modified":"2025-03-07T23:28:50","modified_gmt":"2025-03-08T05:28:50","slug":"ricardo-gallardo-toma-protesta-a-la-comision-metropolitana-de-desarrollo-urbano","status":"publish","type":"post","link":"https:\/\/sanluisinforma.com\/?p=10842","title":{"rendered":"Ricardo Gallardo Toma Protesta a la Comisi\u00f3n \u00a0Metropolitana de Desarrollo Urbano"},"content":{"rendered":"\n<p><\/p>\n\n\n\n<p>Integr\u00f3 a las y los alcaldes de Cerro de San Pedro, Soledad, Mexquitic, Villa de Reyes y Zaragoza, adem\u00e1s de votar por la inclusi\u00f3n de Villa de Pozos<\/p>\n\n\n\n<p>Al tomar la protesta a las y los nuevos integrantes de la Comisi\u00f3n Metropolitana y de Conurbaci\u00f3n de Desarrollo Urbano de San Luis Potos\u00ed, el Gobernador Ricardo Gallardo Cardona asever\u00f3 que, con la inclusi\u00f3n del municipio de Villa de Pozos, se da respuesta a las necesidades de desarrollo social, largamente esperado por sus habitantes, para que alcancen mejores condiciones de vida y mayor bienestar.<\/p>\n\n\n\n<p>Durante la Primera Sesi\u00f3n de la Comisi\u00f3n del presente a\u00f1o, el Mandatario Estatal hizo un llamado a trabajar para dar soluci\u00f3n a los principales problemas a causa del olvido de la herencia maldita, y en el cumplimiento a los derechos y el apoyo que necesitan las y los habitantes de las ciudades, a trav\u00e9s de los programas de conurbaci\u00f3n y desarrollo metropolitano.<\/p>\n\n\n\n<p>Gallardo Cardona dijo que este a\u00f1o 2025, existe el compromiso para que las familias potosinas sientan una mejora en la calidad de vida, con obras prioritarias en infraestructura, salud y educaci\u00f3n para lo cual habr\u00e1 una inversi\u00f3n millonaria estimada en dos mil millones de pesos, durante los pr\u00f3ximos tres a\u00f1os, que acercar\u00e1n el desarrollo y m\u00e1s apoyo a las familias potosinas.<\/p>\n\n\n\n<p>En la reuni\u00f3n, fueron integrados a la Comisi\u00f3n, las y los alcaldes de Cerro de San Pedro, Soledad de Graciano S\u00e1nchez, Mexquitic de Carmona, Villa de Reyes y Zaragoza, quienes apenas inician su trienio, para que participen en el Programa Metropolitano, con la detecci\u00f3n de necesidades y su posible soluci\u00f3n, a favor de las familias y su calidad de vida; adem\u00e1s realizaron la votaci\u00f3n y aprobaci\u00f3n de la inclusi\u00f3n de Villa de Pozos, para que participe en el instrumento de planeaci\u00f3n urbana.<\/p>\n","protected":false},"excerpt":{"rendered":"<p>Integr\u00f3 a las y los alcaldes de Cerro de San Pedro, Soledad, Mexquitic, Villa de Reyes y Zaragoza, adem\u00e1s de<\/p>\n","protected":false},"author":2,"featured_media":10843,"comment_status":"closed","ping_status":"closed","sticky":false,"template":"","format":"standard","meta":{"footnotes":""},"categories":[25,30],"tags":[],"class_list":["post-10842","post","type-post","status-publish","format-standard","has-post-thumbnail","hentry","category-local","category-portada"],"yoast_head":"<!-- This site is optimized with the Yoast SEO plugin v24.1 - https:\/\/yoast.com\/wordpress\/plugins\/seo\/ -->\n<title>Ricardo Gallardo Toma Protesta a la Comisi\u00f3n \u00a0Metropolitana de Desarrollo Urbano - sanluisinforma.com<\/title>\n<meta name=\"robots\" content=\"index, follow, max-snippet:-1, max-image-preview:large, max-video-preview:-1\" \/>\n<link rel=\"canonical\" href=\"https:\/\/sanluisinforma.com\/?p=10842\" \/>\n<meta property=\"og:locale\" content=\"es_MX\" \/>\n<meta property=\"og:type\" content=\"article\" \/>\n<meta property=\"og:title\" content=\"Ricardo Gallardo Toma Protesta a la Comisi\u00f3n \u00a0Metropolitana de Desarrollo Urbano - sanluisinforma.com\" \/>\n<meta property=\"og:description\" content=\"Integr\u00f3 a las y los alcaldes de Cerro de San Pedro, Soledad, Mexquitic, Villa de Reyes y Zaragoza, adem\u00e1s de\" \/>\n<meta property=\"og:url\" content=\"https:\/\/sanluisinforma.com\/?p=10842\" \/>\n<meta property=\"og:site_name\" content=\"sanluisinforma.com\" \/>\n<meta property=\"article:published_time\" content=\"2025-03-08T06:58:00+00:00\" \/>\n<meta property=\"article:modified_time\" content=\"2025-03-08T05:28:50+00:00\" \/>\n<meta property=\"og:image\" content=\"https:\/\/sanluisinforma.com\/wp-content\/uploads\/2025\/03\/287f2232-de98-4404-8eaa-984a22341ee0.jpg\" \/>\n\t<meta property=\"og:image:width\" content=\"480\" \/>\n\t<meta property=\"og:image:height\" content=\"319\" \/>\n\t<meta property=\"og:image:type\" content=\"image\/jpeg\" \/>\n<meta name=\"author\" content=\"sanluisinforma.com\" \/>\n<meta name=\"twitter:card\" content=\"summary_large_image\" \/>\n<meta name=\"twitter:label1\" content=\"Escrito por\" \/>\n\t<meta name=\"twitter:data1\" content=\"sanluisinforma.com\" \/>\n\t<meta name=\"twitter:label2\" content=\"Tiempo de lectura\" \/>\n\t<meta name=\"twitter:data2\" content=\"2 minutos\" \/>\n<script type=\"application\/ld+json\" class=\"yoast-schema-graph\">{\"@context\":\"https:\/\/schema.org\",\"@graph\":[{\"@type\":\"Article\",\"@id\":\"https:\/\/sanluisinforma.com\/?p=10842#article\",\"isPartOf\":{\"@id\":\"https:\/\/sanluisinforma.com\/?p=10842\"},\"author\":{\"name\":\"sanluisinforma.com\",\"@id\":\"https:\/\/sanluisinforma.com\/#\/schema\/person\/c30648f71476be533b6f59d092905c8b\"},\"headline\":\"Ricardo Gallardo Toma Protesta a la Comisi\u00f3n \u00a0Metropolitana de Desarrollo Urbano\",\"datePublished\":\"2025-03-08T06:58:00+00:00\",\"dateModified\":\"2025-03-08T05:28:50+00:00\",\"mainEntityOfPage\":{\"@id\":\"https:\/\/sanluisinforma.com\/?p=10842\"},\"wordCount\":336,\"publisher\":{\"@id\":\"https:\/\/sanluisinforma.com\/#organization\"},\"image\":{\"@id\":\"https:\/\/sanluisinforma.com\/?p=10842#primaryimage\"},\"thumbnailUrl\":\"https:\/\/sanluisinforma.com\/wp-content\/uploads\/2025\/03\/287f2232-de98-4404-8eaa-984a22341ee0.jpg\",\"articleSection\":[\"Local\",\"Portada\"],\"inLanguage\":\"es\"},{\"@type\":\"WebPage\",\"@id\":\"https:\/\/sanluisinforma.com\/?p=10842\",\"url\":\"https:\/\/sanluisinforma.com\/?p=10842\",\"name\":\"Ricardo Gallardo Toma Protesta a la Comisi\u00f3n \u00a0Metropolitana de Desarrollo Urbano - sanluisinforma.com\",\"isPartOf\":{\"@id\":\"https:\/\/sanluisinforma.com\/#website\"},\"primaryImageOfPage\":{\"@id\":\"https:\/\/sanluisinforma.com\/?p=10842#primaryimage\"},\"image\":{\"@id\":\"https:\/\/sanluisinforma.com\/?p=10842#primaryimage\"},\"thumbnailUrl\":\"https:\/\/sanluisinforma.com\/wp-content\/uploads\/2025\/03\/287f2232-de98-4404-8eaa-984a22341ee0.jpg\",\"datePublished\":\"2025-03-08T06:58:00+00:00\",\"dateModified\":\"2025-03-08T05:28:50+00:00\",\"breadcrumb\":{\"@id\":\"https:\/\/sanluisinforma.com\/?p=10842#breadcrumb\"},\"inLanguage\":\"es\",\"potentialAction\":[{\"@type\":\"ReadAction\",\"target\":[\"https:\/\/sanluisinforma.com\/?p=10842\"]}]},{\"@type\":\"ImageObject\",\"inLanguage\":\"es\",\"@id\":\"https:\/\/sanluisinforma.com\/?p=10842#primaryimage\",\"url\":\"https:\/\/sanluisinforma.com\/wp-content\/uploads\/2025\/03\/287f2232-de98-4404-8eaa-984a22341ee0.jpg\",\"contentUrl\":\"https:\/\/sanluisinforma.com\/wp-content\/uploads\/2025\/03\/287f2232-de98-4404-8eaa-984a22341ee0.jpg\",\"width\":480,\"height\":319},{\"@type\":\"BreadcrumbList\",\"@id\":\"https:\/\/sanluisinforma.com\/?p=10842#breadcrumb\",\"itemListElement\":[{\"@type\":\"ListItem\",\"position\":1,\"name\":\"Inicio\",\"item\":\"https:\/\/sanluisinforma.com\/\"},{\"@type\":\"ListItem\",\"position\":2,\"name\":\"Ricardo Gallardo Toma Protesta a la Comisi\u00f3n \u00a0Metropolitana de Desarrollo Urbano\"}]},{\"@type\":\"WebSite\",\"@id\":\"https:\/\/sanluisinforma.com\/#website\",\"url\":\"https:\/\/sanluisinforma.com\/\",\"name\":\"sanluisinforma.com\",\"description\":\"Periodico San Luis Informa\",\"publisher\":{\"@id\":\"https:\/\/sanluisinforma.com\/#organization\"},\"potentialAction\":[{\"@type\":\"SearchAction\",\"target\":{\"@type\":\"EntryPoint\",\"urlTemplate\":\"https:\/\/sanluisinforma.com\/?s={search_term_string}\"},\"query-input\":{\"@type\":\"PropertyValueSpecification\",\"valueRequired\":true,\"valueName\":\"search_term_string\"}}],\"inLanguage\":\"es\"},{\"@type\":\"Organization\",\"@id\":\"https:\/\/sanluisinforma.com\/#organization\",\"name\":\"sanluisinforma.com\",\"url\":\"https:\/\/sanluisinforma.com\/\",\"logo\":{\"@type\":\"ImageObject\",\"inLanguage\":\"es\",\"@id\":\"https:\/\/sanluisinforma.com\/#\/schema\/logo\/image\/\",\"url\":\"https:\/\/sanluisinforma.com\/wp-content\/uploads\/2026\/03\/sanluisinforma-V.jpg\",\"contentUrl\":\"https:\/\/sanluisinforma.com\/wp-content\/uploads\/2026\/03\/sanluisinforma-V.jpg\",\"width\":500,\"height\":156,\"caption\":\"sanluisinforma.com\"},\"image\":{\"@id\":\"https:\/\/sanluisinforma.com\/#\/schema\/logo\/image\/\"}},{\"@type\":\"Person\",\"@id\":\"https:\/\/sanluisinforma.com\/#\/schema\/person\/c30648f71476be533b6f59d092905c8b\",\"name\":\"sanluisinforma.com\",\"image\":{\"@type\":\"ImageObject\",\"inLanguage\":\"es\",\"@id\":\"https:\/\/sanluisinforma.com\/#\/schema\/person\/image\/\",\"url\":\"https:\/\/secure.gravatar.com\/avatar\/86e3114e34a1eecefb963e0a02f0093f93b092dddb2fe1517596343751081a87?s=96&d=mm&r=g\",\"contentUrl\":\"https:\/\/secure.gravatar.com\/avatar\/86e3114e34a1eecefb963e0a02f0093f93b092dddb2fe1517596343751081a87?s=96&d=mm&r=g\",\"caption\":\"sanluisinforma.com\"},\"url\":\"https:\/\/sanluisinforma.com\/?author=2\"}]}<\/script>\n<!-- \/ Yoast SEO plugin. -->","yoast_head_json":{"title":"Ricardo Gallardo Toma Protesta a la Comisi\u00f3n \u00a0Metropolitana de Desarrollo Urbano - sanluisinforma.com","robots":{"index":"index","follow":"follow","max-snippet":"max-snippet:-1","max-image-preview":"max-image-preview:large","max-video-preview":"max-video-preview:-1"},"canonical":"https:\/\/sanluisinforma.com\/?p=10842","og_locale":"es_MX","og_type":"article","og_title":"Ricardo Gallardo Toma Protesta a la Comisi\u00f3n \u00a0Metropolitana de Desarrollo Urbano - sanluisinforma.com","og_description":"Integr\u00f3 a las y los alcaldes de Cerro de San Pedro, Soledad, Mexquitic, Villa de Reyes y Zaragoza, adem\u00e1s de","og_url":"https:\/\/sanluisinforma.com\/?p=10842","og_site_name":"sanluisinforma.com","article_published_time":"2025-03-08T06:58:00+00:00","article_modified_time":"2025-03-08T05:28:50+00:00","og_image":[{"width":480,"height":319,"url":"https:\/\/sanluisinforma.com\/wp-content\/uploads\/2025\/03\/287f2232-de98-4404-8eaa-984a22341ee0.jpg","type":"image\/jpeg"}],"author":"sanluisinforma.com","twitter_card":"summary_large_image","twitter_misc":{"Escrito por":"sanluisinforma.com","Tiempo de lectura":"2 minutos"},"schema":{"@context":"https:\/\/schema.org","@graph":[{"@type":"Article","@id":"https:\/\/sanluisinforma.com\/?p=10842#article","isPartOf":{"@id":"https:\/\/sanluisinforma.com\/?p=10842"},"author":{"name":"sanluisinforma.com","@id":"https:\/\/sanluisinforma.com\/#\/schema\/person\/c30648f71476be533b6f59d092905c8b"},"headline":"Ricardo Gallardo Toma Protesta a la Comisi\u00f3n \u00a0Metropolitana de Desarrollo Urbano","datePublished":"2025-03-08T06:58:00+00:00","dateModified":"2025-03-08T05:28:50+00:00","mainEntityOfPage":{"@id":"https:\/\/sanluisinforma.com\/?p=10842"},"wordCount":336,"publisher":{"@id":"https:\/\/sanluisinforma.com\/#organization"},"image":{"@id":"https:\/\/sanluisinforma.com\/?p=10842#primaryimage"},"thumbnailUrl":"https:\/\/sanluisinforma.com\/wp-content\/uploads\/2025\/03\/287f2232-de98-4404-8eaa-984a22341ee0.jpg","articleSection":["Local","Portada"],"inLanguage":"es"},{"@type":"WebPage","@id":"https:\/\/sanluisinforma.com\/?p=10842","url":"https:\/\/sanluisinforma.com\/?p=10842","name":"Ricardo Gallardo Toma Protesta a la Comisi\u00f3n \u00a0Metropolitana de Desarrollo Urbano - sanluisinforma.com","isPartOf":{"@id":"https:\/\/sanluisinforma.com\/#website"},"primaryImageOfPage":{"@id":"https:\/\/sanluisinforma.com\/?p=10842#primaryimage"},"image":{"@id":"https:\/\/sanluisinforma.com\/?p=10842#primaryimage"},"thumbnailUrl":"https:\/\/sanluisinforma.com\/wp-content\/uploads\/2025\/03\/287f2232-de98-4404-8eaa-984a22341ee0.jpg","datePublished":"2025-03-08T06:58:00+00:00","dateModified":"2025-03-08T05:28:50+00:00","breadcrumb":{"@id":"https:\/\/sanluisinforma.com\/?p=10842#breadcrumb"},"inLanguage":"es","potentialAction":[{"@type":"ReadAction","target":["https:\/\/sanluisinforma.com\/?p=10842"]}]},{"@type":"ImageObject","inLanguage":"es","@id":"https:\/\/sanluisinforma.com\/?p=10842#primaryimage","url":"https:\/\/sanluisinforma.com\/wp-content\/uploads\/2025\/03\/287f2232-de98-4404-8eaa-984a22341ee0.jpg","contentUrl":"https:\/\/sanluisinforma.com\/wp-content\/uploads\/2025\/03\/287f2232-de98-4404-8eaa-984a22341ee0.jpg","width":480,"height":319},{"@type":"BreadcrumbList","@id":"https:\/\/sanluisinforma.com\/?p=10842#breadcrumb","itemListElement":[{"@type":"ListItem","position":1,"name":"Inicio","item":"https:\/\/sanluisinforma.com\/"},{"@type":"ListItem","position":2,"name":"Ricardo Gallardo Toma Protesta a la Comisi\u00f3n \u00a0Metropolitana de Desarrollo Urbano"}]},{"@type":"WebSite","@id":"https:\/\/sanluisinforma.com\/#website","url":"https:\/\/sanluisinforma.com\/","name":"sanluisinforma.com","description":"Periodico San Luis Informa","publisher":{"@id":"https:\/\/sanluisinforma.com\/#organization"},"potentialAction":[{"@type":"SearchAction","target":{"@type":"EntryPoint","urlTemplate":"https:\/\/sanluisinforma.com\/?s={search_term_string}"},"query-input":{"@type":"PropertyValueSpecification","valueRequired":true,"valueName":"search_term_string"}}],"inLanguage":"es"},{"@type":"Organization","@id":"https:\/\/sanluisinforma.com\/#organization","name":"sanluisinforma.com","url":"https:\/\/sanluisinforma.com\/","logo":{"@type":"ImageObject","inLanguage":"es","@id":"https:\/\/sanluisinforma.com\/#\/schema\/logo\/image\/","url":"https:\/\/sanluisinforma.com\/wp-content\/uploads\/2026\/03\/sanluisinforma-V.jpg","contentUrl":"https:\/\/sanluisinforma.com\/wp-content\/uploads\/2026\/03\/sanluisinforma-V.jpg","width":500,"height":156,"caption":"sanluisinforma.com"},"image":{"@id":"https:\/\/sanluisinforma.com\/#\/schema\/logo\/image\/"}},{"@type":"Person","@id":"https:\/\/sanluisinforma.com\/#\/schema\/person\/c30648f71476be533b6f59d092905c8b","name":"sanluisinforma.com","image":{"@type":"ImageObject","inLanguage":"es","@id":"https:\/\/sanluisinforma.com\/#\/schema\/person\/image\/","url":"https:\/\/secure.gravatar.com\/avatar\/86e3114e34a1eecefb963e0a02f0093f93b092dddb2fe1517596343751081a87?s=96&d=mm&r=g","contentUrl":"https:\/\/secure.gravatar.com\/avatar\/86e3114e34a1eecefb963e0a02f0093f93b092dddb2fe1517596343751081a87?s=96&d=mm&r=g","caption":"sanluisinforma.com"},"url":"https:\/\/sanluisinforma.com\/?author=2"}]}},"_links":{"self":[{"href":"https:\/\/sanluisinforma.com\/index.php?rest_route=\/wp\/v2\/posts\/10842","targetHints":{"allow":["GET"]}}],"collection":[{"href":"https:\/\/sanluisinforma.com\/index.php?rest_route=\/wp\/v2\/posts"}],"about":[{"href":"https:\/\/sanluisinforma.com\/index.php?rest_route=\/wp\/v2\/types\/post"}],"author":[{"embeddable":true,"href":"https:\/\/sanluisinforma.com\/index.php?rest_route=\/wp\/v2\/users\/2"}],"replies":[{"embeddable":true,"href":"https:\/\/sanluisinforma.com\/index.php?rest_route=%2Fwp%2Fv2%2Fcomments&post=10842"}],"version-history":[{"count":1,"href":"https:\/\/sanluisinforma.com\/index.php?rest_route=\/wp\/v2\/posts\/10842\/revisions"}],"predecessor-version":[{"id":10844,"href":"https:\/\/sanluisinforma.com\/index.php?rest_route=\/wp\/v2\/posts\/10842\/revisions\/10844"}],"wp:featuredmedia":[{"embeddable":true,"href":"https:\/\/sanluisinforma.com\/index.php?rest_route=\/wp\/v2\/media\/10843"}],"wp:attachment":[{"href":"https:\/\/sanluisinforma.com\/index.php?rest_route=%2Fwp%2Fv2%2Fmedia&parent=10842"}],"wp:term":[{"taxonomy":"category","embeddable":true,"href":"https:\/\/sanluisinforma.com\/index.php?rest_route=%2Fwp%2Fv2%2Fcategories&post=10842"},{"taxonomy":"post_tag","embeddable":true,"href":"https:\/\/sanluisinforma.com\/index.php?rest_route=%2Fwp%2Fv2%2Ftags&post=10842"}],"curies":[{"name":"wp","href":"https:\/\/api.w.org\/{rel}","templated":true}]}}