{"id":10848,"date":"2025-03-09T00:50:00","date_gmt":"2025-03-09T06:50:00","guid":{"rendered":"https:\/\/sanluisinforma.com\/?p=10848"},"modified":"2025-03-08T20:59:38","modified_gmt":"2025-03-09T02:59:38","slug":"rigoberta-menchu-reconoce-a-la-presidenta-sheinbaum-y-la-exhorta-a-no-bajar-la-guardia","status":"publish","type":"post","link":"https:\/\/sanluisinforma.com\/?p=10848","title":{"rendered":"Rigoberta Mench\u00fa reconoce a la Presidenta Sheinbaum y la exhorta a no bajar la guardia"},"content":{"rendered":"\n<ul class=\"wp-block-list\">\n<li>Al participar en la conferencia conmemorativa del 8M, organizada por el DIF Municipal de San Luis Capital, la Premio Nobel de la Paz dijo que el poder necesita de humanismo, y que sin duda la educaci\u00f3n es la clave para alcanzar la paz y la dignidad de hombres y mujeres de los pueblos latinoamericanos.<\/li>\n\n\n\n<li>Sus palabras generaron conciencia ante cientos de mujeres potosinas, que escucharon atentas su mensaje en el Centro Cultural Bicentenario.<\/li>\n<\/ul>\n\n\n\n<p><\/p>\n\n\n\n<p>En el marco del D\u00eda Internacional de la Mujer, la ciudad de San Luis Potos\u00ed recibi\u00f3 a la Dra. Rigoberta Mench\u00fa Tum, Premio Nobel de la Paz 1992, quien imparti\u00f3 la conferencia magistral Voces de Resistencia: Mujeres, Justicia y Dignidad. En el evento, celebrado en el Centro Cultural Universitario Bicentenario, reconoci\u00f3 a la Presidenta de M\u00e9xico, Claudia Sheinbaum Pardo, como una l\u00edder de las mujeres y la exhort\u00f3 a no bajar la guardia.&nbsp; En esta conferencia, reuni\u00f3 a autoridades, mujeres l\u00edderes y ciudadan\u00eda para reflexionar sobre los derechos humanos, la igualdad de g\u00e9nero y el empoderamiento femenino. Mench\u00fa, reconocida mundialmente por su lucha en defensa de los pueblos ind\u00edgenas y las mujeres, destac\u00f3 la importancia de la resistencia como motor de cambio social.<\/p>\n\n\n\n<p>Durante su intervenci\u00f3n, hizo un llamado a reconocer a las mujeres como hero\u00ednas y protagonistas de sus propias luchas, subrayando que la justicia debe ser un instrumento de dignificaci\u00f3n y no solo de castigo. Habl\u00f3 de la necesidad de una educaci\u00f3n humanista y de conectar generaciones para preservar la memoria hist\u00f3rica de las conquistas femeninas. Adem\u00e1s, rindi\u00f3 homenaje a las mujeres ind\u00edgenas de todo el mundo..<\/p>\n\n\n\n<p>La activista maya quich\u00e9 tambi\u00e9n inst\u00f3 a quienes ostentan el poder a ejercerlo con sensibilidad y humanismo, evitando retrocesos en los derechos alcanzados. Propuso valores como la reciprocidad y el respeto mutuo como bases para fortalecer las comunidades, celebrando los \u00e9xitos colectivos y motivando a las mujeres a renovar sus agendas con metas realizables. Su mensaje, cargado de esperanza, reafirm\u00f3 su legado como embajadora de buena voluntad de la ONU y fundadora de iniciativas por la paz y la justicia social.<\/p>\n\n\n\n<p>La maestra Estela Arriaga M\u00e1rquez, Presidenta del Sistema Municipal DIF, destac\u00f3 que la presencia de Rigoberta Mench\u00fa \u201crepresenta la lucha por la justicia, la dignidad y la resistencia de las mujeres en todo el mundo\u201d. Resalt\u00f3 que el Ayuntamiento, encabezado por el Alcalde Enrique Galindo Ceballos, impulsa programas concretos para fortalecer la igualdad de g\u00e9nero y garantizar oportunidades equitativas. Por su parte, el Presidente Municipal expres\u00f3: \u201cEs un honor tenerla en San Luis Potos\u00ed este 8 de marzo, con mujeres luchadoras que han alzado la voz al mundo\u201d.<\/p>\n\n\n\n<p>El evento cont\u00f3 con la participaci\u00f3n de la Diputada Jessica Gabriela L\u00f3pez Torres; la Regidora Magdalena Cisneros, Presidenta de la Comisi\u00f3n de Atenci\u00f3n a las Mujeres; la S\u00edndico Rosario Vita; las Regidoras Margarita Hern\u00e1ndez Fiscal, Julieta Abud Sarquis y Maritza Jenith V\u00e1zquez; la Secretaria T\u00e9cnica Mar\u00eda Fernanda L\u00f3pez; la Delegada de La Pila, Guadalupe Almaguer; la Directora de Turismo, Claudia Peralta Antiga; la Directora del DIF, Jessica Albarr\u00e1n; la Directora de la Instancia de las Mujeres, Martha Orta; y el Diputado local Cuauhtli Badillo, quienes se sumaron a esta jornada de reflexi\u00f3n y compromiso por un San Luis Potos\u00ed m\u00e1s justo e incluyente.<\/p>\n","protected":false},"excerpt":{"rendered":"<p>En el marco del D\u00eda Internacional de la Mujer, la ciudad de San Luis Potos\u00ed recibi\u00f3 a la Dra. Rigoberta<\/p>\n","protected":false},"author":2,"featured_media":10849,"comment_status":"closed","ping_status":"closed","sticky":false,"template":"","format":"standard","meta":{"footnotes":""},"categories":[25,30],"tags":[],"class_list":["post-10848","post","type-post","status-publish","format-standard","has-post-thumbnail","hentry","category-local","category-portada"],"yoast_head":"<!-- This site is optimized with the Yoast SEO plugin v24.1 - https:\/\/yoast.com\/wordpress\/plugins\/seo\/ -->\n<title>Rigoberta Mench\u00fa reconoce a la Presidenta Sheinbaum y la exhorta a no bajar la guardia - sanluisinforma.com<\/title>\n<meta name=\"robots\" content=\"index, follow, max-snippet:-1, max-image-preview:large, max-video-preview:-1\" \/>\n<link rel=\"canonical\" href=\"https:\/\/sanluisinforma.com\/?p=10848\" \/>\n<meta property=\"og:locale\" content=\"es_MX\" \/>\n<meta property=\"og:type\" content=\"article\" \/>\n<meta property=\"og:title\" content=\"Rigoberta Mench\u00fa reconoce a la Presidenta Sheinbaum y la exhorta a no bajar la guardia - sanluisinforma.com\" \/>\n<meta property=\"og:description\" content=\"En el marco del D\u00eda Internacional de la Mujer, la ciudad de San Luis Potos\u00ed recibi\u00f3 a la Dra. Rigoberta\" \/>\n<meta property=\"og:url\" content=\"https:\/\/sanluisinforma.com\/?p=10848\" \/>\n<meta property=\"og:site_name\" content=\"sanluisinforma.com\" \/>\n<meta property=\"article:published_time\" content=\"2025-03-09T06:50:00+00:00\" \/>\n<meta property=\"article:modified_time\" content=\"2025-03-09T02:59:38+00:00\" \/>\n<meta property=\"og:image\" content=\"https:\/\/sanluisinforma.com\/wp-content\/uploads\/2025\/03\/bee8c958-dec2-4307-ba87-dc323d749857.jpg\" \/>\n\t<meta property=\"og:image:width\" content=\"480\" \/>\n\t<meta property=\"og:image:height\" content=\"355\" \/>\n\t<meta property=\"og:image:type\" content=\"image\/jpeg\" \/>\n<meta name=\"author\" content=\"sanluisinforma.com\" \/>\n<meta name=\"twitter:card\" content=\"summary_large_image\" \/>\n<meta name=\"twitter:label1\" content=\"Escrito por\" \/>\n\t<meta name=\"twitter:data1\" content=\"sanluisinforma.com\" \/>\n\t<meta name=\"twitter:label2\" content=\"Tiempo de lectura\" \/>\n\t<meta name=\"twitter:data2\" content=\"3 minutos\" \/>\n<script type=\"application\/ld+json\" class=\"yoast-schema-graph\">{\"@context\":\"https:\/\/schema.org\",\"@graph\":[{\"@type\":\"Article\",\"@id\":\"https:\/\/sanluisinforma.com\/?p=10848#article\",\"isPartOf\":{\"@id\":\"https:\/\/sanluisinforma.com\/?p=10848\"},\"author\":{\"name\":\"sanluisinforma.com\",\"@id\":\"https:\/\/sanluisinforma.com\/#\/schema\/person\/c30648f71476be533b6f59d092905c8b\"},\"headline\":\"Rigoberta Mench\u00fa reconoce a la Presidenta Sheinbaum y la exhorta a no bajar la guardia\",\"datePublished\":\"2025-03-09T06:50:00+00:00\",\"dateModified\":\"2025-03-09T02:59:38+00:00\",\"mainEntityOfPage\":{\"@id\":\"https:\/\/sanluisinforma.com\/?p=10848\"},\"wordCount\":579,\"publisher\":{\"@id\":\"https:\/\/sanluisinforma.com\/#organization\"},\"image\":{\"@id\":\"https:\/\/sanluisinforma.com\/?p=10848#primaryimage\"},\"thumbnailUrl\":\"https:\/\/sanluisinforma.com\/wp-content\/uploads\/2025\/03\/bee8c958-dec2-4307-ba87-dc323d749857.jpg\",\"articleSection\":[\"Local\",\"Portada\"],\"inLanguage\":\"es\"},{\"@type\":\"WebPage\",\"@id\":\"https:\/\/sanluisinforma.com\/?p=10848\",\"url\":\"https:\/\/sanluisinforma.com\/?p=10848\",\"name\":\"Rigoberta Mench\u00fa reconoce a la Presidenta Sheinbaum y la exhorta a no bajar la guardia - sanluisinforma.com\",\"isPartOf\":{\"@id\":\"https:\/\/sanluisinforma.com\/#website\"},\"primaryImageOfPage\":{\"@id\":\"https:\/\/sanluisinforma.com\/?p=10848#primaryimage\"},\"image\":{\"@id\":\"https:\/\/sanluisinforma.com\/?p=10848#primaryimage\"},\"thumbnailUrl\":\"https:\/\/sanluisinforma.com\/wp-content\/uploads\/2025\/03\/bee8c958-dec2-4307-ba87-dc323d749857.jpg\",\"datePublished\":\"2025-03-09T06:50:00+00:00\",\"dateModified\":\"2025-03-09T02:59:38+00:00\",\"breadcrumb\":{\"@id\":\"https:\/\/sanluisinforma.com\/?p=10848#breadcrumb\"},\"inLanguage\":\"es\",\"potentialAction\":[{\"@type\":\"ReadAction\",\"target\":[\"https:\/\/sanluisinforma.com\/?p=10848\"]}]},{\"@type\":\"ImageObject\",\"inLanguage\":\"es\",\"@id\":\"https:\/\/sanluisinforma.com\/?p=10848#primaryimage\",\"url\":\"https:\/\/sanluisinforma.com\/wp-content\/uploads\/2025\/03\/bee8c958-dec2-4307-ba87-dc323d749857.jpg\",\"contentUrl\":\"https:\/\/sanluisinforma.com\/wp-content\/uploads\/2025\/03\/bee8c958-dec2-4307-ba87-dc323d749857.jpg\",\"width\":480,\"height\":355},{\"@type\":\"BreadcrumbList\",\"@id\":\"https:\/\/sanluisinforma.com\/?p=10848#breadcrumb\",\"itemListElement\":[{\"@type\":\"ListItem\",\"position\":1,\"name\":\"Inicio\",\"item\":\"https:\/\/sanluisinforma.com\/\"},{\"@type\":\"ListItem\",\"position\":2,\"name\":\"Rigoberta Mench\u00fa reconoce a la Presidenta Sheinbaum y la exhorta a no bajar la guardia\"}]},{\"@type\":\"WebSite\",\"@id\":\"https:\/\/sanluisinforma.com\/#website\",\"url\":\"https:\/\/sanluisinforma.com\/\",\"name\":\"sanluisinforma.com\",\"description\":\"Periodico San Luis Informa\",\"publisher\":{\"@id\":\"https:\/\/sanluisinforma.com\/#organization\"},\"potentialAction\":[{\"@type\":\"SearchAction\",\"target\":{\"@type\":\"EntryPoint\",\"urlTemplate\":\"https:\/\/sanluisinforma.com\/?s={search_term_string}\"},\"query-input\":{\"@type\":\"PropertyValueSpecification\",\"valueRequired\":true,\"valueName\":\"search_term_string\"}}],\"inLanguage\":\"es\"},{\"@type\":\"Organization\",\"@id\":\"https:\/\/sanluisinforma.com\/#organization\",\"name\":\"sanluisinforma.com\",\"url\":\"https:\/\/sanluisinforma.com\/\",\"logo\":{\"@type\":\"ImageObject\",\"inLanguage\":\"es\",\"@id\":\"https:\/\/sanluisinforma.com\/#\/schema\/logo\/image\/\",\"url\":\"https:\/\/sanluisinforma.com\/wp-content\/uploads\/2026\/03\/sanluisinforma-V.jpg\",\"contentUrl\":\"https:\/\/sanluisinforma.com\/wp-content\/uploads\/2026\/03\/sanluisinforma-V.jpg\",\"width\":500,\"height\":156,\"caption\":\"sanluisinforma.com\"},\"image\":{\"@id\":\"https:\/\/sanluisinforma.com\/#\/schema\/logo\/image\/\"}},{\"@type\":\"Person\",\"@id\":\"https:\/\/sanluisinforma.com\/#\/schema\/person\/c30648f71476be533b6f59d092905c8b\",\"name\":\"sanluisinforma.com\",\"image\":{\"@type\":\"ImageObject\",\"inLanguage\":\"es\",\"@id\":\"https:\/\/sanluisinforma.com\/#\/schema\/person\/image\/\",\"url\":\"https:\/\/secure.gravatar.com\/avatar\/86e3114e34a1eecefb963e0a02f0093f93b092dddb2fe1517596343751081a87?s=96&d=mm&r=g\",\"contentUrl\":\"https:\/\/secure.gravatar.com\/avatar\/86e3114e34a1eecefb963e0a02f0093f93b092dddb2fe1517596343751081a87?s=96&d=mm&r=g\",\"caption\":\"sanluisinforma.com\"},\"url\":\"https:\/\/sanluisinforma.com\/?author=2\"}]}<\/script>\n<!-- \/ Yoast SEO plugin. -->","yoast_head_json":{"title":"Rigoberta Mench\u00fa reconoce a la Presidenta Sheinbaum y la exhorta a no bajar la guardia - sanluisinforma.com","robots":{"index":"index","follow":"follow","max-snippet":"max-snippet:-1","max-image-preview":"max-image-preview:large","max-video-preview":"max-video-preview:-1"},"canonical":"https:\/\/sanluisinforma.com\/?p=10848","og_locale":"es_MX","og_type":"article","og_title":"Rigoberta Mench\u00fa reconoce a la Presidenta Sheinbaum y la exhorta a no bajar la guardia - sanluisinforma.com","og_description":"En el marco del D\u00eda Internacional de la Mujer, la ciudad de San Luis Potos\u00ed recibi\u00f3 a la Dra. Rigoberta","og_url":"https:\/\/sanluisinforma.com\/?p=10848","og_site_name":"sanluisinforma.com","article_published_time":"2025-03-09T06:50:00+00:00","article_modified_time":"2025-03-09T02:59:38+00:00","og_image":[{"width":480,"height":355,"url":"https:\/\/sanluisinforma.com\/wp-content\/uploads\/2025\/03\/bee8c958-dec2-4307-ba87-dc323d749857.jpg","type":"image\/jpeg"}],"author":"sanluisinforma.com","twitter_card":"summary_large_image","twitter_misc":{"Escrito por":"sanluisinforma.com","Tiempo de lectura":"3 minutos"},"schema":{"@context":"https:\/\/schema.org","@graph":[{"@type":"Article","@id":"https:\/\/sanluisinforma.com\/?p=10848#article","isPartOf":{"@id":"https:\/\/sanluisinforma.com\/?p=10848"},"author":{"name":"sanluisinforma.com","@id":"https:\/\/sanluisinforma.com\/#\/schema\/person\/c30648f71476be533b6f59d092905c8b"},"headline":"Rigoberta Mench\u00fa reconoce a la Presidenta Sheinbaum y la exhorta a no bajar la guardia","datePublished":"2025-03-09T06:50:00+00:00","dateModified":"2025-03-09T02:59:38+00:00","mainEntityOfPage":{"@id":"https:\/\/sanluisinforma.com\/?p=10848"},"wordCount":579,"publisher":{"@id":"https:\/\/sanluisinforma.com\/#organization"},"image":{"@id":"https:\/\/sanluisinforma.com\/?p=10848#primaryimage"},"thumbnailUrl":"https:\/\/sanluisinforma.com\/wp-content\/uploads\/2025\/03\/bee8c958-dec2-4307-ba87-dc323d749857.jpg","articleSection":["Local","Portada"],"inLanguage":"es"},{"@type":"WebPage","@id":"https:\/\/sanluisinforma.com\/?p=10848","url":"https:\/\/sanluisinforma.com\/?p=10848","name":"Rigoberta Mench\u00fa reconoce a la Presidenta Sheinbaum y la exhorta a no bajar la guardia - sanluisinforma.com","isPartOf":{"@id":"https:\/\/sanluisinforma.com\/#website"},"primaryImageOfPage":{"@id":"https:\/\/sanluisinforma.com\/?p=10848#primaryimage"},"image":{"@id":"https:\/\/sanluisinforma.com\/?p=10848#primaryimage"},"thumbnailUrl":"https:\/\/sanluisinforma.com\/wp-content\/uploads\/2025\/03\/bee8c958-dec2-4307-ba87-dc323d749857.jpg","datePublished":"2025-03-09T06:50:00+00:00","dateModified":"2025-03-09T02:59:38+00:00","breadcrumb":{"@id":"https:\/\/sanluisinforma.com\/?p=10848#breadcrumb"},"inLanguage":"es","potentialAction":[{"@type":"ReadAction","target":["https:\/\/sanluisinforma.com\/?p=10848"]}]},{"@type":"ImageObject","inLanguage":"es","@id":"https:\/\/sanluisinforma.com\/?p=10848#primaryimage","url":"https:\/\/sanluisinforma.com\/wp-content\/uploads\/2025\/03\/bee8c958-dec2-4307-ba87-dc323d749857.jpg","contentUrl":"https:\/\/sanluisinforma.com\/wp-content\/uploads\/2025\/03\/bee8c958-dec2-4307-ba87-dc323d749857.jpg","width":480,"height":355},{"@type":"BreadcrumbList","@id":"https:\/\/sanluisinforma.com\/?p=10848#breadcrumb","itemListElement":[{"@type":"ListItem","position":1,"name":"Inicio","item":"https:\/\/sanluisinforma.com\/"},{"@type":"ListItem","position":2,"name":"Rigoberta Mench\u00fa reconoce a la Presidenta Sheinbaum y la exhorta a no bajar la guardia"}]},{"@type":"WebSite","@id":"https:\/\/sanluisinforma.com\/#website","url":"https:\/\/sanluisinforma.com\/","name":"sanluisinforma.com","description":"Periodico San Luis Informa","publisher":{"@id":"https:\/\/sanluisinforma.com\/#organization"},"potentialAction":[{"@type":"SearchAction","target":{"@type":"EntryPoint","urlTemplate":"https:\/\/sanluisinforma.com\/?s={search_term_string}"},"query-input":{"@type":"PropertyValueSpecification","valueRequired":true,"valueName":"search_term_string"}}],"inLanguage":"es"},{"@type":"Organization","@id":"https:\/\/sanluisinforma.com\/#organization","name":"sanluisinforma.com","url":"https:\/\/sanluisinforma.com\/","logo":{"@type":"ImageObject","inLanguage":"es","@id":"https:\/\/sanluisinforma.com\/#\/schema\/logo\/image\/","url":"https:\/\/sanluisinforma.com\/wp-content\/uploads\/2026\/03\/sanluisinforma-V.jpg","contentUrl":"https:\/\/sanluisinforma.com\/wp-content\/uploads\/2026\/03\/sanluisinforma-V.jpg","width":500,"height":156,"caption":"sanluisinforma.com"},"image":{"@id":"https:\/\/sanluisinforma.com\/#\/schema\/logo\/image\/"}},{"@type":"Person","@id":"https:\/\/sanluisinforma.com\/#\/schema\/person\/c30648f71476be533b6f59d092905c8b","name":"sanluisinforma.com","image":{"@type":"ImageObject","inLanguage":"es","@id":"https:\/\/sanluisinforma.com\/#\/schema\/person\/image\/","url":"https:\/\/secure.gravatar.com\/avatar\/86e3114e34a1eecefb963e0a02f0093f93b092dddb2fe1517596343751081a87?s=96&d=mm&r=g","contentUrl":"https:\/\/secure.gravatar.com\/avatar\/86e3114e34a1eecefb963e0a02f0093f93b092dddb2fe1517596343751081a87?s=96&d=mm&r=g","caption":"sanluisinforma.com"},"url":"https:\/\/sanluisinforma.com\/?author=2"}]}},"_links":{"self":[{"href":"https:\/\/sanluisinforma.com\/index.php?rest_route=\/wp\/v2\/posts\/10848","targetHints":{"allow":["GET"]}}],"collection":[{"href":"https:\/\/sanluisinforma.com\/index.php?rest_route=\/wp\/v2\/posts"}],"about":[{"href":"https:\/\/sanluisinforma.com\/index.php?rest_route=\/wp\/v2\/types\/post"}],"author":[{"embeddable":true,"href":"https:\/\/sanluisinforma.com\/index.php?rest_route=\/wp\/v2\/users\/2"}],"replies":[{"embeddable":true,"href":"https:\/\/sanluisinforma.com\/index.php?rest_route=%2Fwp%2Fv2%2Fcomments&post=10848"}],"version-history":[{"count":1,"href":"https:\/\/sanluisinforma.com\/index.php?rest_route=\/wp\/v2\/posts\/10848\/revisions"}],"predecessor-version":[{"id":10850,"href":"https:\/\/sanluisinforma.com\/index.php?rest_route=\/wp\/v2\/posts\/10848\/revisions\/10850"}],"wp:featuredmedia":[{"embeddable":true,"href":"https:\/\/sanluisinforma.com\/index.php?rest_route=\/wp\/v2\/media\/10849"}],"wp:attachment":[{"href":"https:\/\/sanluisinforma.com\/index.php?rest_route=%2Fwp%2Fv2%2Fmedia&parent=10848"}],"wp:term":[{"taxonomy":"category","embeddable":true,"href":"https:\/\/sanluisinforma.com\/index.php?rest_route=%2Fwp%2Fv2%2Fcategories&post=10848"},{"taxonomy":"post_tag","embeddable":true,"href":"https:\/\/sanluisinforma.com\/index.php?rest_route=%2Fwp%2Fv2%2Ftags&post=10848"}],"curies":[{"name":"wp","href":"https:\/\/api.w.org\/{rel}","templated":true}]}}