{"id":10854,"date":"2025-03-09T00:30:00","date_gmt":"2025-03-09T06:30:00","guid":{"rendered":"https:\/\/sanluisinforma.com\/?p=10854"},"modified":"2025-03-08T21:07:15","modified_gmt":"2025-03-09T03:07:15","slug":"la-artista-alemana-pauline-reage-se-presenta-en-san-luis-potosi-en-colaboracion-con-el-catalogo-de-artistas-potosinos","status":"publish","type":"post","link":"https:\/\/sanluisinforma.com\/?p=10854","title":{"rendered":"La artista alemana Pauline R\u00e9age se presenta en San Luis Potos\u00ed en colaboraci\u00f3n con el Cat\u00e1logo de Artistas Potosinos"},"content":{"rendered":"\n<p><\/p>\n\n\n\n<ul class=\"wp-block-list\">\n<li>La artista germana ofrecer\u00e1 una M\u00e1ster Class, Jam con artistas locales y un concierto estos 12 y 13 de marzo pr\u00f3ximos en la Caja Real de la UASLP.<\/li>\n<\/ul>\n\n\n\n<p>El Gobierno de la Capital a trav\u00e9s de la Direcci\u00f3n de Cultura Municipal y en colaboraci\u00f3n con el Centro Cultural Alem\u00e1n de San Luis Potos\u00ed y el Goethe Institut presentan a la artista alemana Pauline R\u00e9age en San Luis Potos\u00ed, en un acuerdo de experimentaci\u00f3n musical y de di\u00e1logo entre artistas locales e internacionales.<\/p>\n\n\n\n<p>As\u00ed lo dio a conocer Jorge Cabrera, creativo de la Direcci\u00f3n de Cultura Municipal, quien dijo que este encuentro se desprende de la plataforma Cat\u00e1logo de Artistas Potosinos (CAPO) y la Direcci\u00f3n de Cultura Municipal, en un programa denominado: Capo Reflejo Sonoro.<\/p>\n\n\n\n<p>Dijo que Pauline R\u00e9age es una cantante, compositora y poeta, cuyo trabajo se mueve entre el jazz po\u00e9tico, la improvisaci\u00f3n sonora y la fusi\u00f3n de g\u00e9neros.<\/p>\n\n\n\n<p>Patio de la Caja Real, UASLP<\/p>\n\n\n\n<p>12 de marzo \u2013 Master Class.<\/p>\n\n\n\n<p>Una sesi\u00f3n interactiva donde los asistentes podr\u00e1n conocer de cerca el proceso creativo de Pauline R\u00e9age , explorando la relaci\u00f3n entre la literatura, la m\u00fasica y la experimentaci\u00f3n sonora.<\/p>\n\n\n\n<p>Patio de la Caja Real, UASLP<\/p>\n\n\n\n<p>13 de marzo \u2013 Jam de artistas locales &amp; Concierto<\/p>\n\n\n\n<p>Antes del concierto principal, artistas locales seleccionados participar\u00e1n en una jam sesi\u00f3n, donde la improvisaci\u00f3n y el intercambio musical ser\u00e1n protagonistas. Posteriormente, el p\u00fablico disfrutar\u00e1 de la potente y envolvente propuesta de Pauline R\u00e9age, en un escenario 360\u00b0 que le permitir\u00e1 una experiencia inmersiva y \u00fanica.<\/p>\n\n\n\n<p>Capo Reflejo Sonoro es un espacio para la convergencia de talentos, la exploraci\u00f3n de nuevas formas de expresi\u00f3n y el fortalecimiento del ecosistema art\u00edstico local a trav\u00e9s del intercambio con figuras internacionales.<\/p>\n\n\n\n<p>Inscripciones abiertas para el M\u00e1ster Class y el Jam de artistas locales. Reg\u00edstrate aqu\u00ed: Formulario de inscripci\u00f3n: (<a href=\"https:\/\/forms.gle\/y1VeW4oJRK23vi5Y8\">https:\/\/forms.gle\/y1VeW4oJRK23vi5Y8<\/a>).<\/p>\n","protected":false},"excerpt":{"rendered":"<p>El Gobierno de la Capital a trav\u00e9s de la Direcci\u00f3n de Cultura Municipal y en colaboraci\u00f3n con el Centro Cultural<\/p>\n","protected":false},"author":2,"featured_media":10855,"comment_status":"closed","ping_status":"closed","sticky":false,"template":"","format":"standard","meta":{"footnotes":""},"categories":[25],"tags":[],"class_list":["post-10854","post","type-post","status-publish","format-standard","has-post-thumbnail","hentry","category-local"],"yoast_head":"<!-- This site is optimized with the Yoast SEO plugin v24.1 - https:\/\/yoast.com\/wordpress\/plugins\/seo\/ -->\n<title>La artista alemana Pauline R\u00e9age se presenta en San Luis Potos\u00ed en colaboraci\u00f3n con el Cat\u00e1logo de Artistas Potosinos - sanluisinforma.com<\/title>\n<meta name=\"robots\" content=\"index, follow, max-snippet:-1, max-image-preview:large, max-video-preview:-1\" \/>\n<link rel=\"canonical\" href=\"https:\/\/sanluisinforma.com\/?p=10854\" \/>\n<meta property=\"og:locale\" content=\"es_MX\" \/>\n<meta property=\"og:type\" content=\"article\" \/>\n<meta property=\"og:title\" content=\"La artista alemana Pauline R\u00e9age se presenta en San Luis Potos\u00ed en colaboraci\u00f3n con el Cat\u00e1logo de Artistas Potosinos - sanluisinforma.com\" \/>\n<meta property=\"og:description\" content=\"El Gobierno de la Capital a trav\u00e9s de la Direcci\u00f3n de Cultura Municipal y en colaboraci\u00f3n con el Centro Cultural\" \/>\n<meta property=\"og:url\" content=\"https:\/\/sanluisinforma.com\/?p=10854\" \/>\n<meta property=\"og:site_name\" content=\"sanluisinforma.com\" \/>\n<meta property=\"article:published_time\" content=\"2025-03-09T06:30:00+00:00\" \/>\n<meta property=\"article:modified_time\" content=\"2025-03-09T03:07:15+00:00\" \/>\n<meta property=\"og:image\" content=\"https:\/\/sanluisinforma.com\/wp-content\/uploads\/2025\/03\/00c262c8-0c20-4d78-bd26-a7411442a7d0.jpg\" \/>\n\t<meta property=\"og:image:width\" content=\"480\" \/>\n\t<meta property=\"og:image:height\" content=\"604\" \/>\n\t<meta property=\"og:image:type\" content=\"image\/jpeg\" \/>\n<meta name=\"author\" content=\"sanluisinforma.com\" \/>\n<meta name=\"twitter:card\" content=\"summary_large_image\" \/>\n<meta name=\"twitter:label1\" content=\"Escrito por\" \/>\n\t<meta name=\"twitter:data1\" content=\"sanluisinforma.com\" \/>\n\t<meta name=\"twitter:label2\" content=\"Tiempo de lectura\" \/>\n\t<meta name=\"twitter:data2\" content=\"2 minutos\" \/>\n<script type=\"application\/ld+json\" class=\"yoast-schema-graph\">{\"@context\":\"https:\/\/schema.org\",\"@graph\":[{\"@type\":\"Article\",\"@id\":\"https:\/\/sanluisinforma.com\/?p=10854#article\",\"isPartOf\":{\"@id\":\"https:\/\/sanluisinforma.com\/?p=10854\"},\"author\":{\"name\":\"sanluisinforma.com\",\"@id\":\"https:\/\/sanluisinforma.com\/#\/schema\/person\/c30648f71476be533b6f59d092905c8b\"},\"headline\":\"La artista alemana Pauline R\u00e9age se presenta en San Luis Potos\u00ed en colaboraci\u00f3n con el Cat\u00e1logo de Artistas Potosinos\",\"datePublished\":\"2025-03-09T06:30:00+00:00\",\"dateModified\":\"2025-03-09T03:07:15+00:00\",\"mainEntityOfPage\":{\"@id\":\"https:\/\/sanluisinforma.com\/?p=10854\"},\"wordCount\":360,\"publisher\":{\"@id\":\"https:\/\/sanluisinforma.com\/#organization\"},\"image\":{\"@id\":\"https:\/\/sanluisinforma.com\/?p=10854#primaryimage\"},\"thumbnailUrl\":\"https:\/\/sanluisinforma.com\/wp-content\/uploads\/2025\/03\/00c262c8-0c20-4d78-bd26-a7411442a7d0.jpg\",\"articleSection\":[\"Local\"],\"inLanguage\":\"es\"},{\"@type\":\"WebPage\",\"@id\":\"https:\/\/sanluisinforma.com\/?p=10854\",\"url\":\"https:\/\/sanluisinforma.com\/?p=10854\",\"name\":\"La artista alemana Pauline R\u00e9age se presenta en San Luis Potos\u00ed en colaboraci\u00f3n con el Cat\u00e1logo de Artistas Potosinos - sanluisinforma.com\",\"isPartOf\":{\"@id\":\"https:\/\/sanluisinforma.com\/#website\"},\"primaryImageOfPage\":{\"@id\":\"https:\/\/sanluisinforma.com\/?p=10854#primaryimage\"},\"image\":{\"@id\":\"https:\/\/sanluisinforma.com\/?p=10854#primaryimage\"},\"thumbnailUrl\":\"https:\/\/sanluisinforma.com\/wp-content\/uploads\/2025\/03\/00c262c8-0c20-4d78-bd26-a7411442a7d0.jpg\",\"datePublished\":\"2025-03-09T06:30:00+00:00\",\"dateModified\":\"2025-03-09T03:07:15+00:00\",\"breadcrumb\":{\"@id\":\"https:\/\/sanluisinforma.com\/?p=10854#breadcrumb\"},\"inLanguage\":\"es\",\"potentialAction\":[{\"@type\":\"ReadAction\",\"target\":[\"https:\/\/sanluisinforma.com\/?p=10854\"]}]},{\"@type\":\"ImageObject\",\"inLanguage\":\"es\",\"@id\":\"https:\/\/sanluisinforma.com\/?p=10854#primaryimage\",\"url\":\"https:\/\/sanluisinforma.com\/wp-content\/uploads\/2025\/03\/00c262c8-0c20-4d78-bd26-a7411442a7d0.jpg\",\"contentUrl\":\"https:\/\/sanluisinforma.com\/wp-content\/uploads\/2025\/03\/00c262c8-0c20-4d78-bd26-a7411442a7d0.jpg\",\"width\":480,\"height\":604},{\"@type\":\"BreadcrumbList\",\"@id\":\"https:\/\/sanluisinforma.com\/?p=10854#breadcrumb\",\"itemListElement\":[{\"@type\":\"ListItem\",\"position\":1,\"name\":\"Inicio\",\"item\":\"https:\/\/sanluisinforma.com\/\"},{\"@type\":\"ListItem\",\"position\":2,\"name\":\"La artista alemana Pauline R\u00e9age se presenta en San Luis Potos\u00ed en colaboraci\u00f3n con el Cat\u00e1logo de Artistas Potosinos\"}]},{\"@type\":\"WebSite\",\"@id\":\"https:\/\/sanluisinforma.com\/#website\",\"url\":\"https:\/\/sanluisinforma.com\/\",\"name\":\"sanluisinforma.com\",\"description\":\"Periodico San Luis Informa\",\"publisher\":{\"@id\":\"https:\/\/sanluisinforma.com\/#organization\"},\"potentialAction\":[{\"@type\":\"SearchAction\",\"target\":{\"@type\":\"EntryPoint\",\"urlTemplate\":\"https:\/\/sanluisinforma.com\/?s={search_term_string}\"},\"query-input\":{\"@type\":\"PropertyValueSpecification\",\"valueRequired\":true,\"valueName\":\"search_term_string\"}}],\"inLanguage\":\"es\"},{\"@type\":\"Organization\",\"@id\":\"https:\/\/sanluisinforma.com\/#organization\",\"name\":\"sanluisinforma.com\",\"url\":\"https:\/\/sanluisinforma.com\/\",\"logo\":{\"@type\":\"ImageObject\",\"inLanguage\":\"es\",\"@id\":\"https:\/\/sanluisinforma.com\/#\/schema\/logo\/image\/\",\"url\":\"https:\/\/sanluisinforma.com\/wp-content\/uploads\/2026\/03\/sanluisinforma-V.jpg\",\"contentUrl\":\"https:\/\/sanluisinforma.com\/wp-content\/uploads\/2026\/03\/sanluisinforma-V.jpg\",\"width\":500,\"height\":156,\"caption\":\"sanluisinforma.com\"},\"image\":{\"@id\":\"https:\/\/sanluisinforma.com\/#\/schema\/logo\/image\/\"}},{\"@type\":\"Person\",\"@id\":\"https:\/\/sanluisinforma.com\/#\/schema\/person\/c30648f71476be533b6f59d092905c8b\",\"name\":\"sanluisinforma.com\",\"image\":{\"@type\":\"ImageObject\",\"inLanguage\":\"es\",\"@id\":\"https:\/\/sanluisinforma.com\/#\/schema\/person\/image\/\",\"url\":\"https:\/\/secure.gravatar.com\/avatar\/86e3114e34a1eecefb963e0a02f0093f93b092dddb2fe1517596343751081a87?s=96&d=mm&r=g\",\"contentUrl\":\"https:\/\/secure.gravatar.com\/avatar\/86e3114e34a1eecefb963e0a02f0093f93b092dddb2fe1517596343751081a87?s=96&d=mm&r=g\",\"caption\":\"sanluisinforma.com\"},\"url\":\"https:\/\/sanluisinforma.com\/?author=2\"}]}<\/script>\n<!-- \/ Yoast SEO plugin. -->","yoast_head_json":{"title":"La artista alemana Pauline R\u00e9age se presenta en San Luis Potos\u00ed en colaboraci\u00f3n con el Cat\u00e1logo de Artistas Potosinos - sanluisinforma.com","robots":{"index":"index","follow":"follow","max-snippet":"max-snippet:-1","max-image-preview":"max-image-preview:large","max-video-preview":"max-video-preview:-1"},"canonical":"https:\/\/sanluisinforma.com\/?p=10854","og_locale":"es_MX","og_type":"article","og_title":"La artista alemana Pauline R\u00e9age se presenta en San Luis Potos\u00ed en colaboraci\u00f3n con el Cat\u00e1logo de Artistas Potosinos - sanluisinforma.com","og_description":"El Gobierno de la Capital a trav\u00e9s de la Direcci\u00f3n de Cultura Municipal y en colaboraci\u00f3n con el Centro Cultural","og_url":"https:\/\/sanluisinforma.com\/?p=10854","og_site_name":"sanluisinforma.com","article_published_time":"2025-03-09T06:30:00+00:00","article_modified_time":"2025-03-09T03:07:15+00:00","og_image":[{"width":480,"height":604,"url":"https:\/\/sanluisinforma.com\/wp-content\/uploads\/2025\/03\/00c262c8-0c20-4d78-bd26-a7411442a7d0.jpg","type":"image\/jpeg"}],"author":"sanluisinforma.com","twitter_card":"summary_large_image","twitter_misc":{"Escrito por":"sanluisinforma.com","Tiempo de lectura":"2 minutos"},"schema":{"@context":"https:\/\/schema.org","@graph":[{"@type":"Article","@id":"https:\/\/sanluisinforma.com\/?p=10854#article","isPartOf":{"@id":"https:\/\/sanluisinforma.com\/?p=10854"},"author":{"name":"sanluisinforma.com","@id":"https:\/\/sanluisinforma.com\/#\/schema\/person\/c30648f71476be533b6f59d092905c8b"},"headline":"La artista alemana Pauline R\u00e9age se presenta en San Luis Potos\u00ed en colaboraci\u00f3n con el Cat\u00e1logo de Artistas Potosinos","datePublished":"2025-03-09T06:30:00+00:00","dateModified":"2025-03-09T03:07:15+00:00","mainEntityOfPage":{"@id":"https:\/\/sanluisinforma.com\/?p=10854"},"wordCount":360,"publisher":{"@id":"https:\/\/sanluisinforma.com\/#organization"},"image":{"@id":"https:\/\/sanluisinforma.com\/?p=10854#primaryimage"},"thumbnailUrl":"https:\/\/sanluisinforma.com\/wp-content\/uploads\/2025\/03\/00c262c8-0c20-4d78-bd26-a7411442a7d0.jpg","articleSection":["Local"],"inLanguage":"es"},{"@type":"WebPage","@id":"https:\/\/sanluisinforma.com\/?p=10854","url":"https:\/\/sanluisinforma.com\/?p=10854","name":"La artista alemana Pauline R\u00e9age se presenta en San Luis Potos\u00ed en colaboraci\u00f3n con el Cat\u00e1logo de Artistas Potosinos - sanluisinforma.com","isPartOf":{"@id":"https:\/\/sanluisinforma.com\/#website"},"primaryImageOfPage":{"@id":"https:\/\/sanluisinforma.com\/?p=10854#primaryimage"},"image":{"@id":"https:\/\/sanluisinforma.com\/?p=10854#primaryimage"},"thumbnailUrl":"https:\/\/sanluisinforma.com\/wp-content\/uploads\/2025\/03\/00c262c8-0c20-4d78-bd26-a7411442a7d0.jpg","datePublished":"2025-03-09T06:30:00+00:00","dateModified":"2025-03-09T03:07:15+00:00","breadcrumb":{"@id":"https:\/\/sanluisinforma.com\/?p=10854#breadcrumb"},"inLanguage":"es","potentialAction":[{"@type":"ReadAction","target":["https:\/\/sanluisinforma.com\/?p=10854"]}]},{"@type":"ImageObject","inLanguage":"es","@id":"https:\/\/sanluisinforma.com\/?p=10854#primaryimage","url":"https:\/\/sanluisinforma.com\/wp-content\/uploads\/2025\/03\/00c262c8-0c20-4d78-bd26-a7411442a7d0.jpg","contentUrl":"https:\/\/sanluisinforma.com\/wp-content\/uploads\/2025\/03\/00c262c8-0c20-4d78-bd26-a7411442a7d0.jpg","width":480,"height":604},{"@type":"BreadcrumbList","@id":"https:\/\/sanluisinforma.com\/?p=10854#breadcrumb","itemListElement":[{"@type":"ListItem","position":1,"name":"Inicio","item":"https:\/\/sanluisinforma.com\/"},{"@type":"ListItem","position":2,"name":"La artista alemana Pauline R\u00e9age se presenta en San Luis Potos\u00ed en colaboraci\u00f3n con el Cat\u00e1logo de Artistas Potosinos"}]},{"@type":"WebSite","@id":"https:\/\/sanluisinforma.com\/#website","url":"https:\/\/sanluisinforma.com\/","name":"sanluisinforma.com","description":"Periodico San Luis Informa","publisher":{"@id":"https:\/\/sanluisinforma.com\/#organization"},"potentialAction":[{"@type":"SearchAction","target":{"@type":"EntryPoint","urlTemplate":"https:\/\/sanluisinforma.com\/?s={search_term_string}"},"query-input":{"@type":"PropertyValueSpecification","valueRequired":true,"valueName":"search_term_string"}}],"inLanguage":"es"},{"@type":"Organization","@id":"https:\/\/sanluisinforma.com\/#organization","name":"sanluisinforma.com","url":"https:\/\/sanluisinforma.com\/","logo":{"@type":"ImageObject","inLanguage":"es","@id":"https:\/\/sanluisinforma.com\/#\/schema\/logo\/image\/","url":"https:\/\/sanluisinforma.com\/wp-content\/uploads\/2026\/03\/sanluisinforma-V.jpg","contentUrl":"https:\/\/sanluisinforma.com\/wp-content\/uploads\/2026\/03\/sanluisinforma-V.jpg","width":500,"height":156,"caption":"sanluisinforma.com"},"image":{"@id":"https:\/\/sanluisinforma.com\/#\/schema\/logo\/image\/"}},{"@type":"Person","@id":"https:\/\/sanluisinforma.com\/#\/schema\/person\/c30648f71476be533b6f59d092905c8b","name":"sanluisinforma.com","image":{"@type":"ImageObject","inLanguage":"es","@id":"https:\/\/sanluisinforma.com\/#\/schema\/person\/image\/","url":"https:\/\/secure.gravatar.com\/avatar\/86e3114e34a1eecefb963e0a02f0093f93b092dddb2fe1517596343751081a87?s=96&d=mm&r=g","contentUrl":"https:\/\/secure.gravatar.com\/avatar\/86e3114e34a1eecefb963e0a02f0093f93b092dddb2fe1517596343751081a87?s=96&d=mm&r=g","caption":"sanluisinforma.com"},"url":"https:\/\/sanluisinforma.com\/?author=2"}]}},"_links":{"self":[{"href":"https:\/\/sanluisinforma.com\/index.php?rest_route=\/wp\/v2\/posts\/10854","targetHints":{"allow":["GET"]}}],"collection":[{"href":"https:\/\/sanluisinforma.com\/index.php?rest_route=\/wp\/v2\/posts"}],"about":[{"href":"https:\/\/sanluisinforma.com\/index.php?rest_route=\/wp\/v2\/types\/post"}],"author":[{"embeddable":true,"href":"https:\/\/sanluisinforma.com\/index.php?rest_route=\/wp\/v2\/users\/2"}],"replies":[{"embeddable":true,"href":"https:\/\/sanluisinforma.com\/index.php?rest_route=%2Fwp%2Fv2%2Fcomments&post=10854"}],"version-history":[{"count":1,"href":"https:\/\/sanluisinforma.com\/index.php?rest_route=\/wp\/v2\/posts\/10854\/revisions"}],"predecessor-version":[{"id":10856,"href":"https:\/\/sanluisinforma.com\/index.php?rest_route=\/wp\/v2\/posts\/10854\/revisions\/10856"}],"wp:featuredmedia":[{"embeddable":true,"href":"https:\/\/sanluisinforma.com\/index.php?rest_route=\/wp\/v2\/media\/10855"}],"wp:attachment":[{"href":"https:\/\/sanluisinforma.com\/index.php?rest_route=%2Fwp%2Fv2%2Fmedia&parent=10854"}],"wp:term":[{"taxonomy":"category","embeddable":true,"href":"https:\/\/sanluisinforma.com\/index.php?rest_route=%2Fwp%2Fv2%2Fcategories&post=10854"},{"taxonomy":"post_tag","embeddable":true,"href":"https:\/\/sanluisinforma.com\/index.php?rest_route=%2Fwp%2Fv2%2Ftags&post=10854"}],"curies":[{"name":"wp","href":"https:\/\/api.w.org\/{rel}","templated":true}]}}