{"id":10864,"date":"2025-03-09T00:40:00","date_gmt":"2025-03-09T06:40:00","guid":{"rendered":"https:\/\/sanluisinforma.com\/?p=10864"},"modified":"2025-03-08T21:36:07","modified_gmt":"2025-03-09T03:36:07","slug":"con-su-firmeza-y-liderazgo-presidenta-sheinbaum-se-ha-convertido-en-la-jefa-de-estado-mas-respetada-en-el-mundo-canciller-de-la-fuente","status":"publish","type":"post","link":"https:\/\/sanluisinforma.com\/?p=10864","title":{"rendered":"Con su firmeza y liderazgo, presidenta Sheinbaum se ha convertido en la jefa de Estado m\u00e1s respetada en el mundo: canciller De la Fuente"},"content":{"rendered":"\n<p><\/p>\n\n\n\n<p>El canciller Juan Ram\u00f3n de la Fuente recibi\u00f3 hoy, en la sede de la Secretar\u00eda de Relaciones Exteriores, a mujeres ind\u00edgenas y afromexicanas con quienes encabez\u00f3 la ceremonia del D\u00eda Internacional de las Mujeres (8M)<\/p>\n\n\n\n<p>El canciller Juan Ram\u00f3n de la Fuente recibi\u00f3 ayer, en la sede de la Secretar\u00eda de Relaciones Exteriores, a mujeres ind\u00edgenas y afromexicanas con quienes encabez\u00f3 la ceremonia del D\u00eda Internacional de las Mujeres (8M).<\/p>\n\n\n\n<p>Bajo el lema de esta conmemoraci\u00f3n \u201cCaminos para la igualdad: mujeres y ni\u00f1as ind\u00edgenas en el marco de la Recomendaci\u00f3n General 39 de la Convenci\u00f3n sobre la Eliminaci\u00f3n de Todas las Formas de Discriminaci\u00f3n contra la Mujer (CEDAW), De la Fuente estuvo acompa\u00f1ado por la secretaria de las Mujeres, Citlalli Hern\u00e1ndez;&nbsp; Claudia Oliva Morales, presidenta del Consejo Nacional para Prevenir la Discriminaci\u00f3n y el titular del Instituto Nacional de los Pueblos Ind\u00edgenas, Adelfo Regino Montes.<\/p>\n\n\n\n<p>El canciller De la Fuente destac\u00f3 que con la participaci\u00f3n de mujeres ind\u00edgenas y afromexicanas en este acto, llegan a la Canciller\u00eda todas las mujeres para estar presentes en nuestras acciones y decisiones, en las&nbsp; misiones diplom\u00e1ticas y consulares, como lo ha se\u00f1alado la presidenta Claudia Sheinbaum.<\/p>\n\n\n\n<p>Precis\u00f3 que la mandataria mexicana no solamente ha sido una gran impulsora de los derechos y de las principales acciones que se han tomado para defender la igualdad,&nbsp; sino que, con su firmeza, su enorme liderazgo, se ha convertido, por la v\u00eda de los hechos, en la jefa de Estado m\u00e1s respetada que hay en este momento en el mundo.<\/p>\n\n\n\n<p>A cinco meses del compromiso que asumi\u00f3 para acelerar la paridad en el Servicio Exterior Mexicano (SEM), el canciller De la Fuente inform\u00f3 que el d\u00eda de hoy se public\u00f3 en el Diario Oficial de la Federaci\u00f3n la convocatoria para la siguiente generaci\u00f3n del SEM tanto en la rama diplom\u00e1tica como en la rama consular.<\/p>\n\n\n\n<p>En este sentido, dijo que por cada plaza que se abrir\u00e1 para un hombre, se abrir\u00e1n dos para mujeres. \u201cEsos son los hechos en los que debemos de seguir trabajando\u201d, precis\u00f3.<\/p>\n\n\n\n<p>Anunci\u00f3 que la Cartilla de Derechos de las Mujeres presentada por la secretaria de las Mujeres, Citlalli Hern\u00e1ndez esta ma\u00f1ana, ser\u00e1 repartida en todas las sedes diplom\u00e1ticas y representaciones consulares para que se sepa lo que se est\u00e1 haciendo en M\u00e9xico en esta materia.<\/p>\n","protected":false},"excerpt":{"rendered":"<p>El canciller Juan Ram\u00f3n de la Fuente recibi\u00f3 hoy, en la sede de la Secretar\u00eda de Relaciones Exteriores, a mujeres<\/p>\n","protected":false},"author":2,"featured_media":10865,"comment_status":"closed","ping_status":"closed","sticky":false,"template":"","format":"standard","meta":{"footnotes":""},"categories":[26],"tags":[],"class_list":["post-10864","post","type-post","status-publish","format-standard","has-post-thumbnail","hentry","category-nacional"],"yoast_head":"<!-- This site is optimized with the Yoast SEO plugin v24.1 - https:\/\/yoast.com\/wordpress\/plugins\/seo\/ -->\n<title>Con su firmeza y liderazgo, presidenta Sheinbaum se ha convertido en la jefa de Estado m\u00e1s respetada en el mundo: canciller De la Fuente - sanluisinforma.com<\/title>\n<meta name=\"robots\" content=\"index, follow, max-snippet:-1, max-image-preview:large, max-video-preview:-1\" \/>\n<link rel=\"canonical\" href=\"https:\/\/sanluisinforma.com\/?p=10864\" \/>\n<meta property=\"og:locale\" content=\"es_MX\" \/>\n<meta property=\"og:type\" content=\"article\" \/>\n<meta property=\"og:title\" content=\"Con su firmeza y liderazgo, presidenta Sheinbaum se ha convertido en la jefa de Estado m\u00e1s respetada en el mundo: canciller De la Fuente - sanluisinforma.com\" \/>\n<meta property=\"og:description\" content=\"El canciller Juan Ram\u00f3n de la Fuente recibi\u00f3 hoy, en la sede de la Secretar\u00eda de Relaciones Exteriores, a mujeres\" \/>\n<meta property=\"og:url\" content=\"https:\/\/sanluisinforma.com\/?p=10864\" \/>\n<meta property=\"og:site_name\" content=\"sanluisinforma.com\" \/>\n<meta property=\"article:published_time\" content=\"2025-03-09T06:40:00+00:00\" \/>\n<meta property=\"article:modified_time\" content=\"2025-03-09T03:36:07+00:00\" \/>\n<meta property=\"og:image\" content=\"https:\/\/sanluisinforma.com\/wp-content\/uploads\/2025\/03\/2ac75a28-1475-4a63-b63b-7cbc7d123c48.jpg\" \/>\n\t<meta property=\"og:image:width\" content=\"480\" \/>\n\t<meta property=\"og:image:height\" content=\"319\" \/>\n\t<meta property=\"og:image:type\" content=\"image\/jpeg\" \/>\n<meta name=\"author\" content=\"sanluisinforma.com\" \/>\n<meta name=\"twitter:card\" content=\"summary_large_image\" \/>\n<meta name=\"twitter:label1\" content=\"Escrito por\" \/>\n\t<meta name=\"twitter:data1\" content=\"sanluisinforma.com\" \/>\n\t<meta name=\"twitter:label2\" content=\"Tiempo de lectura\" \/>\n\t<meta name=\"twitter:data2\" content=\"2 minutos\" \/>\n<script type=\"application\/ld+json\" class=\"yoast-schema-graph\">{\"@context\":\"https:\/\/schema.org\",\"@graph\":[{\"@type\":\"Article\",\"@id\":\"https:\/\/sanluisinforma.com\/?p=10864#article\",\"isPartOf\":{\"@id\":\"https:\/\/sanluisinforma.com\/?p=10864\"},\"author\":{\"name\":\"sanluisinforma.com\",\"@id\":\"https:\/\/sanluisinforma.com\/#\/schema\/person\/c30648f71476be533b6f59d092905c8b\"},\"headline\":\"Con su firmeza y liderazgo, presidenta Sheinbaum se ha convertido en la jefa de Estado m\u00e1s respetada en el mundo: canciller De la Fuente\",\"datePublished\":\"2025-03-09T06:40:00+00:00\",\"dateModified\":\"2025-03-09T03:36:07+00:00\",\"mainEntityOfPage\":{\"@id\":\"https:\/\/sanluisinforma.com\/?p=10864\"},\"wordCount\":444,\"publisher\":{\"@id\":\"https:\/\/sanluisinforma.com\/#organization\"},\"image\":{\"@id\":\"https:\/\/sanluisinforma.com\/?p=10864#primaryimage\"},\"thumbnailUrl\":\"https:\/\/sanluisinforma.com\/wp-content\/uploads\/2025\/03\/2ac75a28-1475-4a63-b63b-7cbc7d123c48.jpg\",\"articleSection\":[\"Nacional\"],\"inLanguage\":\"es\"},{\"@type\":\"WebPage\",\"@id\":\"https:\/\/sanluisinforma.com\/?p=10864\",\"url\":\"https:\/\/sanluisinforma.com\/?p=10864\",\"name\":\"Con su firmeza y liderazgo, presidenta Sheinbaum se ha convertido en la jefa de Estado m\u00e1s respetada en el mundo: canciller De la Fuente - sanluisinforma.com\",\"isPartOf\":{\"@id\":\"https:\/\/sanluisinforma.com\/#website\"},\"primaryImageOfPage\":{\"@id\":\"https:\/\/sanluisinforma.com\/?p=10864#primaryimage\"},\"image\":{\"@id\":\"https:\/\/sanluisinforma.com\/?p=10864#primaryimage\"},\"thumbnailUrl\":\"https:\/\/sanluisinforma.com\/wp-content\/uploads\/2025\/03\/2ac75a28-1475-4a63-b63b-7cbc7d123c48.jpg\",\"datePublished\":\"2025-03-09T06:40:00+00:00\",\"dateModified\":\"2025-03-09T03:36:07+00:00\",\"breadcrumb\":{\"@id\":\"https:\/\/sanluisinforma.com\/?p=10864#breadcrumb\"},\"inLanguage\":\"es\",\"potentialAction\":[{\"@type\":\"ReadAction\",\"target\":[\"https:\/\/sanluisinforma.com\/?p=10864\"]}]},{\"@type\":\"ImageObject\",\"inLanguage\":\"es\",\"@id\":\"https:\/\/sanluisinforma.com\/?p=10864#primaryimage\",\"url\":\"https:\/\/sanluisinforma.com\/wp-content\/uploads\/2025\/03\/2ac75a28-1475-4a63-b63b-7cbc7d123c48.jpg\",\"contentUrl\":\"https:\/\/sanluisinforma.com\/wp-content\/uploads\/2025\/03\/2ac75a28-1475-4a63-b63b-7cbc7d123c48.jpg\",\"width\":480,\"height\":319},{\"@type\":\"BreadcrumbList\",\"@id\":\"https:\/\/sanluisinforma.com\/?p=10864#breadcrumb\",\"itemListElement\":[{\"@type\":\"ListItem\",\"position\":1,\"name\":\"Inicio\",\"item\":\"https:\/\/sanluisinforma.com\/\"},{\"@type\":\"ListItem\",\"position\":2,\"name\":\"Con su firmeza y liderazgo, presidenta Sheinbaum se ha convertido en la jefa de Estado m\u00e1s respetada en el mundo: canciller De la Fuente\"}]},{\"@type\":\"WebSite\",\"@id\":\"https:\/\/sanluisinforma.com\/#website\",\"url\":\"https:\/\/sanluisinforma.com\/\",\"name\":\"sanluisinforma.com\",\"description\":\"Periodico San Luis Informa\",\"publisher\":{\"@id\":\"https:\/\/sanluisinforma.com\/#organization\"},\"potentialAction\":[{\"@type\":\"SearchAction\",\"target\":{\"@type\":\"EntryPoint\",\"urlTemplate\":\"https:\/\/sanluisinforma.com\/?s={search_term_string}\"},\"query-input\":{\"@type\":\"PropertyValueSpecification\",\"valueRequired\":true,\"valueName\":\"search_term_string\"}}],\"inLanguage\":\"es\"},{\"@type\":\"Organization\",\"@id\":\"https:\/\/sanluisinforma.com\/#organization\",\"name\":\"sanluisinforma.com\",\"url\":\"https:\/\/sanluisinforma.com\/\",\"logo\":{\"@type\":\"ImageObject\",\"inLanguage\":\"es\",\"@id\":\"https:\/\/sanluisinforma.com\/#\/schema\/logo\/image\/\",\"url\":\"https:\/\/sanluisinforma.com\/wp-content\/uploads\/2026\/03\/sanluisinforma-V.jpg\",\"contentUrl\":\"https:\/\/sanluisinforma.com\/wp-content\/uploads\/2026\/03\/sanluisinforma-V.jpg\",\"width\":500,\"height\":156,\"caption\":\"sanluisinforma.com\"},\"image\":{\"@id\":\"https:\/\/sanluisinforma.com\/#\/schema\/logo\/image\/\"}},{\"@type\":\"Person\",\"@id\":\"https:\/\/sanluisinforma.com\/#\/schema\/person\/c30648f71476be533b6f59d092905c8b\",\"name\":\"sanluisinforma.com\",\"image\":{\"@type\":\"ImageObject\",\"inLanguage\":\"es\",\"@id\":\"https:\/\/sanluisinforma.com\/#\/schema\/person\/image\/\",\"url\":\"https:\/\/secure.gravatar.com\/avatar\/86e3114e34a1eecefb963e0a02f0093f93b092dddb2fe1517596343751081a87?s=96&d=mm&r=g\",\"contentUrl\":\"https:\/\/secure.gravatar.com\/avatar\/86e3114e34a1eecefb963e0a02f0093f93b092dddb2fe1517596343751081a87?s=96&d=mm&r=g\",\"caption\":\"sanluisinforma.com\"},\"url\":\"https:\/\/sanluisinforma.com\/?author=2\"}]}<\/script>\n<!-- \/ Yoast SEO plugin. -->","yoast_head_json":{"title":"Con su firmeza y liderazgo, presidenta Sheinbaum se ha convertido en la jefa de Estado m\u00e1s respetada en el mundo: canciller De la Fuente - sanluisinforma.com","robots":{"index":"index","follow":"follow","max-snippet":"max-snippet:-1","max-image-preview":"max-image-preview:large","max-video-preview":"max-video-preview:-1"},"canonical":"https:\/\/sanluisinforma.com\/?p=10864","og_locale":"es_MX","og_type":"article","og_title":"Con su firmeza y liderazgo, presidenta Sheinbaum se ha convertido en la jefa de Estado m\u00e1s respetada en el mundo: canciller De la Fuente - sanluisinforma.com","og_description":"El canciller Juan Ram\u00f3n de la Fuente recibi\u00f3 hoy, en la sede de la Secretar\u00eda de Relaciones Exteriores, a mujeres","og_url":"https:\/\/sanluisinforma.com\/?p=10864","og_site_name":"sanluisinforma.com","article_published_time":"2025-03-09T06:40:00+00:00","article_modified_time":"2025-03-09T03:36:07+00:00","og_image":[{"width":480,"height":319,"url":"https:\/\/sanluisinforma.com\/wp-content\/uploads\/2025\/03\/2ac75a28-1475-4a63-b63b-7cbc7d123c48.jpg","type":"image\/jpeg"}],"author":"sanluisinforma.com","twitter_card":"summary_large_image","twitter_misc":{"Escrito por":"sanluisinforma.com","Tiempo de lectura":"2 minutos"},"schema":{"@context":"https:\/\/schema.org","@graph":[{"@type":"Article","@id":"https:\/\/sanluisinforma.com\/?p=10864#article","isPartOf":{"@id":"https:\/\/sanluisinforma.com\/?p=10864"},"author":{"name":"sanluisinforma.com","@id":"https:\/\/sanluisinforma.com\/#\/schema\/person\/c30648f71476be533b6f59d092905c8b"},"headline":"Con su firmeza y liderazgo, presidenta Sheinbaum se ha convertido en la jefa de Estado m\u00e1s respetada en el mundo: canciller De la Fuente","datePublished":"2025-03-09T06:40:00+00:00","dateModified":"2025-03-09T03:36:07+00:00","mainEntityOfPage":{"@id":"https:\/\/sanluisinforma.com\/?p=10864"},"wordCount":444,"publisher":{"@id":"https:\/\/sanluisinforma.com\/#organization"},"image":{"@id":"https:\/\/sanluisinforma.com\/?p=10864#primaryimage"},"thumbnailUrl":"https:\/\/sanluisinforma.com\/wp-content\/uploads\/2025\/03\/2ac75a28-1475-4a63-b63b-7cbc7d123c48.jpg","articleSection":["Nacional"],"inLanguage":"es"},{"@type":"WebPage","@id":"https:\/\/sanluisinforma.com\/?p=10864","url":"https:\/\/sanluisinforma.com\/?p=10864","name":"Con su firmeza y liderazgo, presidenta Sheinbaum se ha convertido en la jefa de Estado m\u00e1s respetada en el mundo: canciller De la Fuente - sanluisinforma.com","isPartOf":{"@id":"https:\/\/sanluisinforma.com\/#website"},"primaryImageOfPage":{"@id":"https:\/\/sanluisinforma.com\/?p=10864#primaryimage"},"image":{"@id":"https:\/\/sanluisinforma.com\/?p=10864#primaryimage"},"thumbnailUrl":"https:\/\/sanluisinforma.com\/wp-content\/uploads\/2025\/03\/2ac75a28-1475-4a63-b63b-7cbc7d123c48.jpg","datePublished":"2025-03-09T06:40:00+00:00","dateModified":"2025-03-09T03:36:07+00:00","breadcrumb":{"@id":"https:\/\/sanluisinforma.com\/?p=10864#breadcrumb"},"inLanguage":"es","potentialAction":[{"@type":"ReadAction","target":["https:\/\/sanluisinforma.com\/?p=10864"]}]},{"@type":"ImageObject","inLanguage":"es","@id":"https:\/\/sanluisinforma.com\/?p=10864#primaryimage","url":"https:\/\/sanluisinforma.com\/wp-content\/uploads\/2025\/03\/2ac75a28-1475-4a63-b63b-7cbc7d123c48.jpg","contentUrl":"https:\/\/sanluisinforma.com\/wp-content\/uploads\/2025\/03\/2ac75a28-1475-4a63-b63b-7cbc7d123c48.jpg","width":480,"height":319},{"@type":"BreadcrumbList","@id":"https:\/\/sanluisinforma.com\/?p=10864#breadcrumb","itemListElement":[{"@type":"ListItem","position":1,"name":"Inicio","item":"https:\/\/sanluisinforma.com\/"},{"@type":"ListItem","position":2,"name":"Con su firmeza y liderazgo, presidenta Sheinbaum se ha convertido en la jefa de Estado m\u00e1s respetada en el mundo: canciller De la Fuente"}]},{"@type":"WebSite","@id":"https:\/\/sanluisinforma.com\/#website","url":"https:\/\/sanluisinforma.com\/","name":"sanluisinforma.com","description":"Periodico San Luis Informa","publisher":{"@id":"https:\/\/sanluisinforma.com\/#organization"},"potentialAction":[{"@type":"SearchAction","target":{"@type":"EntryPoint","urlTemplate":"https:\/\/sanluisinforma.com\/?s={search_term_string}"},"query-input":{"@type":"PropertyValueSpecification","valueRequired":true,"valueName":"search_term_string"}}],"inLanguage":"es"},{"@type":"Organization","@id":"https:\/\/sanluisinforma.com\/#organization","name":"sanluisinforma.com","url":"https:\/\/sanluisinforma.com\/","logo":{"@type":"ImageObject","inLanguage":"es","@id":"https:\/\/sanluisinforma.com\/#\/schema\/logo\/image\/","url":"https:\/\/sanluisinforma.com\/wp-content\/uploads\/2026\/03\/sanluisinforma-V.jpg","contentUrl":"https:\/\/sanluisinforma.com\/wp-content\/uploads\/2026\/03\/sanluisinforma-V.jpg","width":500,"height":156,"caption":"sanluisinforma.com"},"image":{"@id":"https:\/\/sanluisinforma.com\/#\/schema\/logo\/image\/"}},{"@type":"Person","@id":"https:\/\/sanluisinforma.com\/#\/schema\/person\/c30648f71476be533b6f59d092905c8b","name":"sanluisinforma.com","image":{"@type":"ImageObject","inLanguage":"es","@id":"https:\/\/sanluisinforma.com\/#\/schema\/person\/image\/","url":"https:\/\/secure.gravatar.com\/avatar\/86e3114e34a1eecefb963e0a02f0093f93b092dddb2fe1517596343751081a87?s=96&d=mm&r=g","contentUrl":"https:\/\/secure.gravatar.com\/avatar\/86e3114e34a1eecefb963e0a02f0093f93b092dddb2fe1517596343751081a87?s=96&d=mm&r=g","caption":"sanluisinforma.com"},"url":"https:\/\/sanluisinforma.com\/?author=2"}]}},"_links":{"self":[{"href":"https:\/\/sanluisinforma.com\/index.php?rest_route=\/wp\/v2\/posts\/10864","targetHints":{"allow":["GET"]}}],"collection":[{"href":"https:\/\/sanluisinforma.com\/index.php?rest_route=\/wp\/v2\/posts"}],"about":[{"href":"https:\/\/sanluisinforma.com\/index.php?rest_route=\/wp\/v2\/types\/post"}],"author":[{"embeddable":true,"href":"https:\/\/sanluisinforma.com\/index.php?rest_route=\/wp\/v2\/users\/2"}],"replies":[{"embeddable":true,"href":"https:\/\/sanluisinforma.com\/index.php?rest_route=%2Fwp%2Fv2%2Fcomments&post=10864"}],"version-history":[{"count":1,"href":"https:\/\/sanluisinforma.com\/index.php?rest_route=\/wp\/v2\/posts\/10864\/revisions"}],"predecessor-version":[{"id":10866,"href":"https:\/\/sanluisinforma.com\/index.php?rest_route=\/wp\/v2\/posts\/10864\/revisions\/10866"}],"wp:featuredmedia":[{"embeddable":true,"href":"https:\/\/sanluisinforma.com\/index.php?rest_route=\/wp\/v2\/media\/10865"}],"wp:attachment":[{"href":"https:\/\/sanluisinforma.com\/index.php?rest_route=%2Fwp%2Fv2%2Fmedia&parent=10864"}],"wp:term":[{"taxonomy":"category","embeddable":true,"href":"https:\/\/sanluisinforma.com\/index.php?rest_route=%2Fwp%2Fv2%2Fcategories&post=10864"},{"taxonomy":"post_tag","embeddable":true,"href":"https:\/\/sanluisinforma.com\/index.php?rest_route=%2Fwp%2Fv2%2Ftags&post=10864"}],"curies":[{"name":"wp","href":"https:\/\/api.w.org\/{rel}","templated":true}]}}