{"id":10888,"date":"2025-03-11T00:45:00","date_gmt":"2025-03-11T06:45:00","guid":{"rendered":"https:\/\/sanluisinforma.com\/?p=10888"},"modified":"2025-03-10T19:25:06","modified_gmt":"2025-03-11T01:25:06","slug":"gobierno-de-la-capital-prepara-el-centro-historico-para-la-semana-santa","status":"publish","type":"post","link":"https:\/\/sanluisinforma.com\/?p=10888","title":{"rendered":"Gobierno de la Capital prepara el Centro Hist\u00f3rico para la Semana Santa"},"content":{"rendered":"\n<p>El Alcalde Enrique Galindo encabez\u00f3 trabajos de limpieza, arreglo de \u00e1reas verdes e iluminaci\u00f3n en las plazas de Ciudades Hermanas, de la Democracia y Milenio, en el primer cuadro de la ciudad.<\/p>\n\n\n\n<p><\/p>\n\n\n\n<p>Los miles de turistas que se esperan para la temporada de Semana Santa podr\u00e1n apreciar en todo su esplendor el Centro Hist\u00f3rico de la ciudad, gracias a los trabajos permanentes de limpieza y mantenimiento que realiza el Gobierno de la Capital, afirm\u00f3 el Presidente Municipal Enrique Galindo Ceballos. Durante la jornada 191 del programa Capital al 100, encabez\u00f3 labores en la Plaza de Ciudades Hermanas, Plaza de la Democracia y Plaza Milenio.<\/p>\n\n\n\n<p>Acompa\u00f1ado de la Presidenta del DIF Municipal, Estela Arriaga M\u00e1rquez, anfitriona de esta jornada, as\u00ed como de comerciantes y vecinos de la zona, el Alcalde particip\u00f3 en la limpieza de jardineras, arreglo de \u00e1reas verdes, poda de \u00e1rboles y mejoramiento del alumbrado p\u00fablico. Subray\u00f3 la importancia de mantener estos espacios en \u00f3ptimas condiciones para recibir a los visitantes en Semana Santa.<\/p>\n\n\n\n<p>En la Plaza de Ciudades Hermanas, el Alcalde Enrique Galindo Ceballos destac\u00f3 que San Luis Potos\u00ed es la primera ciudad de M\u00e9xico en formar parte de la Red Mundial de Destinos de Turismo Religioso y Espiritual, gracias a eventos como la Procesi\u00f3n del Silencio.<\/p>\n\n\n\n<p>Durante la jornada, el se\u00f1or Leonardo Vig\u00f3n, en representaci\u00f3n de los vecinos, agradeci\u00f3 al Gobierno Municipal por la atenci\u00f3n brindada para mejorar la zona y el sistema de alumbrado p\u00fablico, lo que ha permitido mayor seguridad y comodidad para quienes transitan por el \u00e1rea.<\/p>\n","protected":false},"excerpt":{"rendered":"<p>El Alcalde Enrique Galindo encabez\u00f3 trabajos de limpieza, arreglo de \u00e1reas verdes e iluminaci\u00f3n en las plazas de Ciudades Hermanas,<\/p>\n","protected":false},"author":2,"featured_media":10889,"comment_status":"closed","ping_status":"closed","sticky":false,"template":"","format":"standard","meta":{"footnotes":""},"categories":[25,30],"tags":[],"class_list":["post-10888","post","type-post","status-publish","format-standard","has-post-thumbnail","hentry","category-local","category-portada"],"yoast_head":"<!-- This site is optimized with the Yoast SEO plugin v24.1 - https:\/\/yoast.com\/wordpress\/plugins\/seo\/ -->\n<title>Gobierno de la Capital prepara el Centro Hist\u00f3rico para la Semana Santa - sanluisinforma.com<\/title>\n<meta name=\"robots\" content=\"index, follow, max-snippet:-1, max-image-preview:large, max-video-preview:-1\" \/>\n<link rel=\"canonical\" href=\"https:\/\/sanluisinforma.com\/?p=10888\" \/>\n<meta property=\"og:locale\" content=\"es_MX\" \/>\n<meta property=\"og:type\" content=\"article\" \/>\n<meta property=\"og:title\" content=\"Gobierno de la Capital prepara el Centro Hist\u00f3rico para la Semana Santa - sanluisinforma.com\" \/>\n<meta property=\"og:description\" content=\"El Alcalde Enrique Galindo encabez\u00f3 trabajos de limpieza, arreglo de \u00e1reas verdes e iluminaci\u00f3n en las plazas de Ciudades Hermanas,\" \/>\n<meta property=\"og:url\" content=\"https:\/\/sanluisinforma.com\/?p=10888\" \/>\n<meta property=\"og:site_name\" content=\"sanluisinforma.com\" \/>\n<meta property=\"article:published_time\" content=\"2025-03-11T06:45:00+00:00\" \/>\n<meta property=\"article:modified_time\" content=\"2025-03-11T01:25:06+00:00\" \/>\n<meta property=\"og:image\" content=\"https:\/\/sanluisinforma.com\/wp-content\/uploads\/2025\/03\/19051b22-f885-425d-9c4e-8f2ba394e83f.jpg\" \/>\n\t<meta property=\"og:image:width\" content=\"480\" \/>\n\t<meta property=\"og:image:height\" content=\"319\" \/>\n\t<meta property=\"og:image:type\" content=\"image\/jpeg\" \/>\n<meta name=\"author\" content=\"sanluisinforma.com\" \/>\n<meta name=\"twitter:card\" content=\"summary_large_image\" \/>\n<meta name=\"twitter:label1\" content=\"Escrito por\" \/>\n\t<meta name=\"twitter:data1\" content=\"sanluisinforma.com\" \/>\n\t<meta name=\"twitter:label2\" content=\"Tiempo de lectura\" \/>\n\t<meta name=\"twitter:data2\" content=\"2 minutos\" \/>\n<script type=\"application\/ld+json\" class=\"yoast-schema-graph\">{\"@context\":\"https:\/\/schema.org\",\"@graph\":[{\"@type\":\"Article\",\"@id\":\"https:\/\/sanluisinforma.com\/?p=10888#article\",\"isPartOf\":{\"@id\":\"https:\/\/sanluisinforma.com\/?p=10888\"},\"author\":{\"name\":\"sanluisinforma.com\",\"@id\":\"https:\/\/sanluisinforma.com\/#\/schema\/person\/c30648f71476be533b6f59d092905c8b\"},\"headline\":\"Gobierno de la Capital prepara el Centro Hist\u00f3rico para la Semana Santa\",\"datePublished\":\"2025-03-11T06:45:00+00:00\",\"dateModified\":\"2025-03-11T01:25:06+00:00\",\"mainEntityOfPage\":{\"@id\":\"https:\/\/sanluisinforma.com\/?p=10888\"},\"wordCount\":277,\"publisher\":{\"@id\":\"https:\/\/sanluisinforma.com\/#organization\"},\"image\":{\"@id\":\"https:\/\/sanluisinforma.com\/?p=10888#primaryimage\"},\"thumbnailUrl\":\"https:\/\/sanluisinforma.com\/wp-content\/uploads\/2025\/03\/19051b22-f885-425d-9c4e-8f2ba394e83f.jpg\",\"articleSection\":[\"Local\",\"Portada\"],\"inLanguage\":\"es\"},{\"@type\":\"WebPage\",\"@id\":\"https:\/\/sanluisinforma.com\/?p=10888\",\"url\":\"https:\/\/sanluisinforma.com\/?p=10888\",\"name\":\"Gobierno de la Capital prepara el Centro Hist\u00f3rico para la Semana Santa - sanluisinforma.com\",\"isPartOf\":{\"@id\":\"https:\/\/sanluisinforma.com\/#website\"},\"primaryImageOfPage\":{\"@id\":\"https:\/\/sanluisinforma.com\/?p=10888#primaryimage\"},\"image\":{\"@id\":\"https:\/\/sanluisinforma.com\/?p=10888#primaryimage\"},\"thumbnailUrl\":\"https:\/\/sanluisinforma.com\/wp-content\/uploads\/2025\/03\/19051b22-f885-425d-9c4e-8f2ba394e83f.jpg\",\"datePublished\":\"2025-03-11T06:45:00+00:00\",\"dateModified\":\"2025-03-11T01:25:06+00:00\",\"breadcrumb\":{\"@id\":\"https:\/\/sanluisinforma.com\/?p=10888#breadcrumb\"},\"inLanguage\":\"es\",\"potentialAction\":[{\"@type\":\"ReadAction\",\"target\":[\"https:\/\/sanluisinforma.com\/?p=10888\"]}]},{\"@type\":\"ImageObject\",\"inLanguage\":\"es\",\"@id\":\"https:\/\/sanluisinforma.com\/?p=10888#primaryimage\",\"url\":\"https:\/\/sanluisinforma.com\/wp-content\/uploads\/2025\/03\/19051b22-f885-425d-9c4e-8f2ba394e83f.jpg\",\"contentUrl\":\"https:\/\/sanluisinforma.com\/wp-content\/uploads\/2025\/03\/19051b22-f885-425d-9c4e-8f2ba394e83f.jpg\",\"width\":480,\"height\":319},{\"@type\":\"BreadcrumbList\",\"@id\":\"https:\/\/sanluisinforma.com\/?p=10888#breadcrumb\",\"itemListElement\":[{\"@type\":\"ListItem\",\"position\":1,\"name\":\"Inicio\",\"item\":\"https:\/\/sanluisinforma.com\/\"},{\"@type\":\"ListItem\",\"position\":2,\"name\":\"Gobierno de la Capital prepara el Centro Hist\u00f3rico para la Semana Santa\"}]},{\"@type\":\"WebSite\",\"@id\":\"https:\/\/sanluisinforma.com\/#website\",\"url\":\"https:\/\/sanluisinforma.com\/\",\"name\":\"sanluisinforma.com\",\"description\":\"Periodico San Luis Informa\",\"publisher\":{\"@id\":\"https:\/\/sanluisinforma.com\/#organization\"},\"potentialAction\":[{\"@type\":\"SearchAction\",\"target\":{\"@type\":\"EntryPoint\",\"urlTemplate\":\"https:\/\/sanluisinforma.com\/?s={search_term_string}\"},\"query-input\":{\"@type\":\"PropertyValueSpecification\",\"valueRequired\":true,\"valueName\":\"search_term_string\"}}],\"inLanguage\":\"es\"},{\"@type\":\"Organization\",\"@id\":\"https:\/\/sanluisinforma.com\/#organization\",\"name\":\"sanluisinforma.com\",\"url\":\"https:\/\/sanluisinforma.com\/\",\"logo\":{\"@type\":\"ImageObject\",\"inLanguage\":\"es\",\"@id\":\"https:\/\/sanluisinforma.com\/#\/schema\/logo\/image\/\",\"url\":\"https:\/\/sanluisinforma.com\/wp-content\/uploads\/2026\/03\/sanluisinforma-V.jpg\",\"contentUrl\":\"https:\/\/sanluisinforma.com\/wp-content\/uploads\/2026\/03\/sanluisinforma-V.jpg\",\"width\":500,\"height\":156,\"caption\":\"sanluisinforma.com\"},\"image\":{\"@id\":\"https:\/\/sanluisinforma.com\/#\/schema\/logo\/image\/\"}},{\"@type\":\"Person\",\"@id\":\"https:\/\/sanluisinforma.com\/#\/schema\/person\/c30648f71476be533b6f59d092905c8b\",\"name\":\"sanluisinforma.com\",\"image\":{\"@type\":\"ImageObject\",\"inLanguage\":\"es\",\"@id\":\"https:\/\/sanluisinforma.com\/#\/schema\/person\/image\/\",\"url\":\"https:\/\/secure.gravatar.com\/avatar\/86e3114e34a1eecefb963e0a02f0093f93b092dddb2fe1517596343751081a87?s=96&d=mm&r=g\",\"contentUrl\":\"https:\/\/secure.gravatar.com\/avatar\/86e3114e34a1eecefb963e0a02f0093f93b092dddb2fe1517596343751081a87?s=96&d=mm&r=g\",\"caption\":\"sanluisinforma.com\"},\"url\":\"https:\/\/sanluisinforma.com\/?author=2\"}]}<\/script>\n<!-- \/ Yoast SEO plugin. -->","yoast_head_json":{"title":"Gobierno de la Capital prepara el Centro Hist\u00f3rico para la Semana Santa - sanluisinforma.com","robots":{"index":"index","follow":"follow","max-snippet":"max-snippet:-1","max-image-preview":"max-image-preview:large","max-video-preview":"max-video-preview:-1"},"canonical":"https:\/\/sanluisinforma.com\/?p=10888","og_locale":"es_MX","og_type":"article","og_title":"Gobierno de la Capital prepara el Centro Hist\u00f3rico para la Semana Santa - sanluisinforma.com","og_description":"El Alcalde Enrique Galindo encabez\u00f3 trabajos de limpieza, arreglo de \u00e1reas verdes e iluminaci\u00f3n en las plazas de Ciudades Hermanas,","og_url":"https:\/\/sanluisinforma.com\/?p=10888","og_site_name":"sanluisinforma.com","article_published_time":"2025-03-11T06:45:00+00:00","article_modified_time":"2025-03-11T01:25:06+00:00","og_image":[{"width":480,"height":319,"url":"https:\/\/sanluisinforma.com\/wp-content\/uploads\/2025\/03\/19051b22-f885-425d-9c4e-8f2ba394e83f.jpg","type":"image\/jpeg"}],"author":"sanluisinforma.com","twitter_card":"summary_large_image","twitter_misc":{"Escrito por":"sanluisinforma.com","Tiempo de lectura":"2 minutos"},"schema":{"@context":"https:\/\/schema.org","@graph":[{"@type":"Article","@id":"https:\/\/sanluisinforma.com\/?p=10888#article","isPartOf":{"@id":"https:\/\/sanluisinforma.com\/?p=10888"},"author":{"name":"sanluisinforma.com","@id":"https:\/\/sanluisinforma.com\/#\/schema\/person\/c30648f71476be533b6f59d092905c8b"},"headline":"Gobierno de la Capital prepara el Centro Hist\u00f3rico para la Semana Santa","datePublished":"2025-03-11T06:45:00+00:00","dateModified":"2025-03-11T01:25:06+00:00","mainEntityOfPage":{"@id":"https:\/\/sanluisinforma.com\/?p=10888"},"wordCount":277,"publisher":{"@id":"https:\/\/sanluisinforma.com\/#organization"},"image":{"@id":"https:\/\/sanluisinforma.com\/?p=10888#primaryimage"},"thumbnailUrl":"https:\/\/sanluisinforma.com\/wp-content\/uploads\/2025\/03\/19051b22-f885-425d-9c4e-8f2ba394e83f.jpg","articleSection":["Local","Portada"],"inLanguage":"es"},{"@type":"WebPage","@id":"https:\/\/sanluisinforma.com\/?p=10888","url":"https:\/\/sanluisinforma.com\/?p=10888","name":"Gobierno de la Capital prepara el Centro Hist\u00f3rico para la Semana Santa - sanluisinforma.com","isPartOf":{"@id":"https:\/\/sanluisinforma.com\/#website"},"primaryImageOfPage":{"@id":"https:\/\/sanluisinforma.com\/?p=10888#primaryimage"},"image":{"@id":"https:\/\/sanluisinforma.com\/?p=10888#primaryimage"},"thumbnailUrl":"https:\/\/sanluisinforma.com\/wp-content\/uploads\/2025\/03\/19051b22-f885-425d-9c4e-8f2ba394e83f.jpg","datePublished":"2025-03-11T06:45:00+00:00","dateModified":"2025-03-11T01:25:06+00:00","breadcrumb":{"@id":"https:\/\/sanluisinforma.com\/?p=10888#breadcrumb"},"inLanguage":"es","potentialAction":[{"@type":"ReadAction","target":["https:\/\/sanluisinforma.com\/?p=10888"]}]},{"@type":"ImageObject","inLanguage":"es","@id":"https:\/\/sanluisinforma.com\/?p=10888#primaryimage","url":"https:\/\/sanluisinforma.com\/wp-content\/uploads\/2025\/03\/19051b22-f885-425d-9c4e-8f2ba394e83f.jpg","contentUrl":"https:\/\/sanluisinforma.com\/wp-content\/uploads\/2025\/03\/19051b22-f885-425d-9c4e-8f2ba394e83f.jpg","width":480,"height":319},{"@type":"BreadcrumbList","@id":"https:\/\/sanluisinforma.com\/?p=10888#breadcrumb","itemListElement":[{"@type":"ListItem","position":1,"name":"Inicio","item":"https:\/\/sanluisinforma.com\/"},{"@type":"ListItem","position":2,"name":"Gobierno de la Capital prepara el Centro Hist\u00f3rico para la Semana Santa"}]},{"@type":"WebSite","@id":"https:\/\/sanluisinforma.com\/#website","url":"https:\/\/sanluisinforma.com\/","name":"sanluisinforma.com","description":"Periodico San Luis Informa","publisher":{"@id":"https:\/\/sanluisinforma.com\/#organization"},"potentialAction":[{"@type":"SearchAction","target":{"@type":"EntryPoint","urlTemplate":"https:\/\/sanluisinforma.com\/?s={search_term_string}"},"query-input":{"@type":"PropertyValueSpecification","valueRequired":true,"valueName":"search_term_string"}}],"inLanguage":"es"},{"@type":"Organization","@id":"https:\/\/sanluisinforma.com\/#organization","name":"sanluisinforma.com","url":"https:\/\/sanluisinforma.com\/","logo":{"@type":"ImageObject","inLanguage":"es","@id":"https:\/\/sanluisinforma.com\/#\/schema\/logo\/image\/","url":"https:\/\/sanluisinforma.com\/wp-content\/uploads\/2026\/03\/sanluisinforma-V.jpg","contentUrl":"https:\/\/sanluisinforma.com\/wp-content\/uploads\/2026\/03\/sanluisinforma-V.jpg","width":500,"height":156,"caption":"sanluisinforma.com"},"image":{"@id":"https:\/\/sanluisinforma.com\/#\/schema\/logo\/image\/"}},{"@type":"Person","@id":"https:\/\/sanluisinforma.com\/#\/schema\/person\/c30648f71476be533b6f59d092905c8b","name":"sanluisinforma.com","image":{"@type":"ImageObject","inLanguage":"es","@id":"https:\/\/sanluisinforma.com\/#\/schema\/person\/image\/","url":"https:\/\/secure.gravatar.com\/avatar\/86e3114e34a1eecefb963e0a02f0093f93b092dddb2fe1517596343751081a87?s=96&d=mm&r=g","contentUrl":"https:\/\/secure.gravatar.com\/avatar\/86e3114e34a1eecefb963e0a02f0093f93b092dddb2fe1517596343751081a87?s=96&d=mm&r=g","caption":"sanluisinforma.com"},"url":"https:\/\/sanluisinforma.com\/?author=2"}]}},"_links":{"self":[{"href":"https:\/\/sanluisinforma.com\/index.php?rest_route=\/wp\/v2\/posts\/10888","targetHints":{"allow":["GET"]}}],"collection":[{"href":"https:\/\/sanluisinforma.com\/index.php?rest_route=\/wp\/v2\/posts"}],"about":[{"href":"https:\/\/sanluisinforma.com\/index.php?rest_route=\/wp\/v2\/types\/post"}],"author":[{"embeddable":true,"href":"https:\/\/sanluisinforma.com\/index.php?rest_route=\/wp\/v2\/users\/2"}],"replies":[{"embeddable":true,"href":"https:\/\/sanluisinforma.com\/index.php?rest_route=%2Fwp%2Fv2%2Fcomments&post=10888"}],"version-history":[{"count":1,"href":"https:\/\/sanluisinforma.com\/index.php?rest_route=\/wp\/v2\/posts\/10888\/revisions"}],"predecessor-version":[{"id":10890,"href":"https:\/\/sanluisinforma.com\/index.php?rest_route=\/wp\/v2\/posts\/10888\/revisions\/10890"}],"wp:featuredmedia":[{"embeddable":true,"href":"https:\/\/sanluisinforma.com\/index.php?rest_route=\/wp\/v2\/media\/10889"}],"wp:attachment":[{"href":"https:\/\/sanluisinforma.com\/index.php?rest_route=%2Fwp%2Fv2%2Fmedia&parent=10888"}],"wp:term":[{"taxonomy":"category","embeddable":true,"href":"https:\/\/sanluisinforma.com\/index.php?rest_route=%2Fwp%2Fv2%2Fcategories&post=10888"},{"taxonomy":"post_tag","embeddable":true,"href":"https:\/\/sanluisinforma.com\/index.php?rest_route=%2Fwp%2Fv2%2Ftags&post=10888"}],"curies":[{"name":"wp","href":"https:\/\/api.w.org\/{rel}","templated":true}]}}