{"id":10969,"date":"2025-03-15T00:45:00","date_gmt":"2025-03-15T06:45:00","guid":{"rendered":"https:\/\/sanluisinforma.com\/?p=10969"},"modified":"2025-03-14T17:07:41","modified_gmt":"2025-03-14T23:07:41","slug":"presidenta-claudia-sheinbaum-propone-que-inversion-en-armas-a-nivel-mundial-se-destine-para-garantizar-justicia-y-educacion-para-ninas","status":"publish","type":"post","link":"https:\/\/sanluisinforma.com\/?p=10969","title":{"rendered":"Presidenta Claudia Sheinbaum propone que inversi\u00f3n en armas\u00a0 a nivel \u00a0Mundial se destine para garantizar Justicia y Educaci\u00f3n para Ni\u00f1as"},"content":{"rendered":"\n<p><\/p>\n\n\n\n<p>* \u201cLa reivindicaci\u00f3n pol\u00edtica de la mujer s\u00f3lo se puede construir con justicia social y la justicia social es con las mujeres o nunca ser\u00e1 justicia social\u201d, asever\u00f3<\/p>\n\n\n\n<p>* La presidenta de la Uni\u00f3n Interparlamentaria, Tulia Ackson, destac\u00f3 que M\u00e9xico es un ejemplo de que la paridad es posible<\/p>\n\n\n\n<p>Durante la primera Conferencia Mundial de Mujeres Parlamentarias, la Presidenta de M\u00e9xico, Claudia Sheinbaum Pardo, propuso que una parte de la inversi\u00f3n mundial que se realiza en armas se destine para garantizar justicia y educaci\u00f3n para las ni\u00f1as a fin de impulsar la paz, la justicia y la igualdad como parte de la lucha contra el racismo, la discriminaci\u00f3n, y el machismo.<\/p>\n\n\n\n<p>\u201cEmprendamos un camino en nuestras naciones y para el mundo entero, y para la construcci\u00f3n de la paz, pero la paz no es paz si no lleva junto la palabra justicia. La reivindicaci\u00f3n pol\u00edtica de la mujer s\u00f3lo se puede construir con justicia social y la justicia social es con las mujeres o nunca ser\u00e1 justicia social. Si tan solo, un poco de lo que se invierte en armas a nivel mundial se dedique a la paz, se dedique a la lucha contra el racismo, contra la discriminaci\u00f3n, contra el machismo, a la justicia y al derecho de la educaci\u00f3n de las ni\u00f1as en cualquier lugar del mundo. As\u00ed podemos constituirnos en mujeres por la paz, la justicia y la igualdad\u201d, manifest\u00f3.<\/p>\n\n\n\n<p>Record\u00f3 que M\u00e9xico es ejemplo de paridad en todo el mundo, no solo porque la mitad del Congreso de la Uni\u00f3n y los congresos estatales est\u00e1 conformado por mujeres, sino porque a partir de septiembre se va a garantizar paridad en la conformaci\u00f3n del Poder Judicial.<\/p>\n\n\n\n<p>\u201cEl pueblo de M\u00e9xico decidi\u00f3 hacer una reforma constitucional, somos el primer pa\u00eds que va a elegir a todo el Poder Judicial por voto popular y en esa transformaci\u00f3n profunda, que muestra lo democr\u00e1tico que es nuestro pa\u00eds, porque la democracia es el poder del pueblo, por el pueblo y para el pueblo; en esa reforma se estableci\u00f3 que de los nueve que van a ser parte de la Suprema Corte de Justicia de la Naci\u00f3n, cinco ser\u00e1n mujeres, as\u00ed que en septiembre tendremos tambi\u00e9n paridad en el Poder Judicial\u201d, agreg\u00f3.<\/p>\n\n\n\n<p>Al respecto, la presidenta de la Uni\u00f3n Interparlamentaria, Tulia Ackson destac\u00f3 que M\u00e9xico es muestra de que la paridad es una norma.<\/p>\n\n\n\n<p>\u201cSabemos que la paridad es posible, la hemos visto aqu\u00ed en M\u00e9xico. Hemos visto que la paridad se convierte en norma\u201d, destac\u00f3.<\/p>\n\n\n\n<p>En esta primera Conferencia Mundial de Mujeres Parlamentarias acudieron 350 legisladoras de todo el mundo, provenientes de 62 pa\u00edses.<\/p>\n","protected":false},"excerpt":{"rendered":"<p>* \u201cLa reivindicaci\u00f3n pol\u00edtica de la mujer s\u00f3lo se puede construir con justicia social y la justicia social es con<\/p>\n","protected":false},"author":2,"featured_media":10970,"comment_status":"closed","ping_status":"closed","sticky":false,"template":"","format":"standard","meta":{"footnotes":""},"categories":[25,26],"tags":[],"class_list":["post-10969","post","type-post","status-publish","format-standard","has-post-thumbnail","hentry","category-local","category-nacional"],"yoast_head":"<!-- This site is optimized with the Yoast SEO plugin v24.1 - https:\/\/yoast.com\/wordpress\/plugins\/seo\/ -->\n<title>Presidenta Claudia Sheinbaum propone que inversi\u00f3n en armas\u00a0 a nivel \u00a0Mundial se destine para garantizar Justicia y Educaci\u00f3n para Ni\u00f1as - sanluisinforma.com<\/title>\n<meta name=\"robots\" content=\"index, follow, max-snippet:-1, max-image-preview:large, max-video-preview:-1\" \/>\n<link rel=\"canonical\" href=\"https:\/\/sanluisinforma.com\/?p=10969\" \/>\n<meta property=\"og:locale\" content=\"es_MX\" \/>\n<meta property=\"og:type\" content=\"article\" \/>\n<meta property=\"og:title\" content=\"Presidenta Claudia Sheinbaum propone que inversi\u00f3n en armas\u00a0 a nivel \u00a0Mundial se destine para garantizar Justicia y Educaci\u00f3n para Ni\u00f1as - sanluisinforma.com\" \/>\n<meta property=\"og:description\" content=\"* \u201cLa reivindicaci\u00f3n pol\u00edtica de la mujer s\u00f3lo se puede construir con justicia social y la justicia social es con\" \/>\n<meta property=\"og:url\" content=\"https:\/\/sanluisinforma.com\/?p=10969\" \/>\n<meta property=\"og:site_name\" content=\"sanluisinforma.com\" \/>\n<meta property=\"article:published_time\" content=\"2025-03-15T06:45:00+00:00\" \/>\n<meta property=\"article:modified_time\" content=\"2025-03-14T23:07:41+00:00\" \/>\n<meta property=\"og:image\" content=\"https:\/\/sanluisinforma.com\/wp-content\/uploads\/2025\/03\/bcfe321f-ad27-4dd6-878a-f7a91e30e495.jpg\" \/>\n\t<meta property=\"og:image:width\" content=\"480\" \/>\n\t<meta property=\"og:image:height\" content=\"319\" \/>\n\t<meta property=\"og:image:type\" content=\"image\/jpeg\" \/>\n<meta name=\"author\" content=\"sanluisinforma.com\" \/>\n<meta name=\"twitter:card\" content=\"summary_large_image\" \/>\n<meta name=\"twitter:label1\" content=\"Escrito por\" \/>\n\t<meta name=\"twitter:data1\" content=\"sanluisinforma.com\" \/>\n\t<meta name=\"twitter:label2\" content=\"Tiempo de lectura\" \/>\n\t<meta name=\"twitter:data2\" content=\"3 minutos\" \/>\n<script type=\"application\/ld+json\" class=\"yoast-schema-graph\">{\"@context\":\"https:\/\/schema.org\",\"@graph\":[{\"@type\":\"Article\",\"@id\":\"https:\/\/sanluisinforma.com\/?p=10969#article\",\"isPartOf\":{\"@id\":\"https:\/\/sanluisinforma.com\/?p=10969\"},\"author\":{\"name\":\"sanluisinforma.com\",\"@id\":\"https:\/\/sanluisinforma.com\/#\/schema\/person\/c30648f71476be533b6f59d092905c8b\"},\"headline\":\"Presidenta Claudia Sheinbaum propone que inversi\u00f3n en armas\u00a0 a nivel \u00a0Mundial se destine para garantizar Justicia y Educaci\u00f3n para Ni\u00f1as\",\"datePublished\":\"2025-03-15T06:45:00+00:00\",\"dateModified\":\"2025-03-14T23:07:41+00:00\",\"mainEntityOfPage\":{\"@id\":\"https:\/\/sanluisinforma.com\/?p=10969\"},\"wordCount\":484,\"publisher\":{\"@id\":\"https:\/\/sanluisinforma.com\/#organization\"},\"image\":{\"@id\":\"https:\/\/sanluisinforma.com\/?p=10969#primaryimage\"},\"thumbnailUrl\":\"https:\/\/sanluisinforma.com\/wp-content\/uploads\/2025\/03\/bcfe321f-ad27-4dd6-878a-f7a91e30e495.jpg\",\"articleSection\":[\"Local\",\"Nacional\"],\"inLanguage\":\"es\"},{\"@type\":\"WebPage\",\"@id\":\"https:\/\/sanluisinforma.com\/?p=10969\",\"url\":\"https:\/\/sanluisinforma.com\/?p=10969\",\"name\":\"Presidenta Claudia Sheinbaum propone que inversi\u00f3n en armas\u00a0 a nivel \u00a0Mundial se destine para garantizar Justicia y Educaci\u00f3n para Ni\u00f1as - sanluisinforma.com\",\"isPartOf\":{\"@id\":\"https:\/\/sanluisinforma.com\/#website\"},\"primaryImageOfPage\":{\"@id\":\"https:\/\/sanluisinforma.com\/?p=10969#primaryimage\"},\"image\":{\"@id\":\"https:\/\/sanluisinforma.com\/?p=10969#primaryimage\"},\"thumbnailUrl\":\"https:\/\/sanluisinforma.com\/wp-content\/uploads\/2025\/03\/bcfe321f-ad27-4dd6-878a-f7a91e30e495.jpg\",\"datePublished\":\"2025-03-15T06:45:00+00:00\",\"dateModified\":\"2025-03-14T23:07:41+00:00\",\"breadcrumb\":{\"@id\":\"https:\/\/sanluisinforma.com\/?p=10969#breadcrumb\"},\"inLanguage\":\"es\",\"potentialAction\":[{\"@type\":\"ReadAction\",\"target\":[\"https:\/\/sanluisinforma.com\/?p=10969\"]}]},{\"@type\":\"ImageObject\",\"inLanguage\":\"es\",\"@id\":\"https:\/\/sanluisinforma.com\/?p=10969#primaryimage\",\"url\":\"https:\/\/sanluisinforma.com\/wp-content\/uploads\/2025\/03\/bcfe321f-ad27-4dd6-878a-f7a91e30e495.jpg\",\"contentUrl\":\"https:\/\/sanluisinforma.com\/wp-content\/uploads\/2025\/03\/bcfe321f-ad27-4dd6-878a-f7a91e30e495.jpg\",\"width\":480,\"height\":319},{\"@type\":\"BreadcrumbList\",\"@id\":\"https:\/\/sanluisinforma.com\/?p=10969#breadcrumb\",\"itemListElement\":[{\"@type\":\"ListItem\",\"position\":1,\"name\":\"Inicio\",\"item\":\"https:\/\/sanluisinforma.com\/\"},{\"@type\":\"ListItem\",\"position\":2,\"name\":\"Presidenta Claudia Sheinbaum propone que inversi\u00f3n en armas\u00a0 a nivel \u00a0Mundial se destine para garantizar Justicia y Educaci\u00f3n para Ni\u00f1as\"}]},{\"@type\":\"WebSite\",\"@id\":\"https:\/\/sanluisinforma.com\/#website\",\"url\":\"https:\/\/sanluisinforma.com\/\",\"name\":\"sanluisinforma.com\",\"description\":\"Periodico San Luis Informa\",\"publisher\":{\"@id\":\"https:\/\/sanluisinforma.com\/#organization\"},\"potentialAction\":[{\"@type\":\"SearchAction\",\"target\":{\"@type\":\"EntryPoint\",\"urlTemplate\":\"https:\/\/sanluisinforma.com\/?s={search_term_string}\"},\"query-input\":{\"@type\":\"PropertyValueSpecification\",\"valueRequired\":true,\"valueName\":\"search_term_string\"}}],\"inLanguage\":\"es\"},{\"@type\":\"Organization\",\"@id\":\"https:\/\/sanluisinforma.com\/#organization\",\"name\":\"sanluisinforma.com\",\"url\":\"https:\/\/sanluisinforma.com\/\",\"logo\":{\"@type\":\"ImageObject\",\"inLanguage\":\"es\",\"@id\":\"https:\/\/sanluisinforma.com\/#\/schema\/logo\/image\/\",\"url\":\"https:\/\/sanluisinforma.com\/wp-content\/uploads\/2026\/03\/sanluisinforma-V.jpg\",\"contentUrl\":\"https:\/\/sanluisinforma.com\/wp-content\/uploads\/2026\/03\/sanluisinforma-V.jpg\",\"width\":500,\"height\":156,\"caption\":\"sanluisinforma.com\"},\"image\":{\"@id\":\"https:\/\/sanluisinforma.com\/#\/schema\/logo\/image\/\"}},{\"@type\":\"Person\",\"@id\":\"https:\/\/sanluisinforma.com\/#\/schema\/person\/c30648f71476be533b6f59d092905c8b\",\"name\":\"sanluisinforma.com\",\"image\":{\"@type\":\"ImageObject\",\"inLanguage\":\"es\",\"@id\":\"https:\/\/sanluisinforma.com\/#\/schema\/person\/image\/\",\"url\":\"https:\/\/secure.gravatar.com\/avatar\/86e3114e34a1eecefb963e0a02f0093f93b092dddb2fe1517596343751081a87?s=96&d=mm&r=g\",\"contentUrl\":\"https:\/\/secure.gravatar.com\/avatar\/86e3114e34a1eecefb963e0a02f0093f93b092dddb2fe1517596343751081a87?s=96&d=mm&r=g\",\"caption\":\"sanluisinforma.com\"},\"url\":\"https:\/\/sanluisinforma.com\/?author=2\"}]}<\/script>\n<!-- \/ Yoast SEO plugin. -->","yoast_head_json":{"title":"Presidenta Claudia Sheinbaum propone que inversi\u00f3n en armas\u00a0 a nivel \u00a0Mundial se destine para garantizar Justicia y Educaci\u00f3n para Ni\u00f1as - sanluisinforma.com","robots":{"index":"index","follow":"follow","max-snippet":"max-snippet:-1","max-image-preview":"max-image-preview:large","max-video-preview":"max-video-preview:-1"},"canonical":"https:\/\/sanluisinforma.com\/?p=10969","og_locale":"es_MX","og_type":"article","og_title":"Presidenta Claudia Sheinbaum propone que inversi\u00f3n en armas\u00a0 a nivel \u00a0Mundial se destine para garantizar Justicia y Educaci\u00f3n para Ni\u00f1as - sanluisinforma.com","og_description":"* \u201cLa reivindicaci\u00f3n pol\u00edtica de la mujer s\u00f3lo se puede construir con justicia social y la justicia social es con","og_url":"https:\/\/sanluisinforma.com\/?p=10969","og_site_name":"sanluisinforma.com","article_published_time":"2025-03-15T06:45:00+00:00","article_modified_time":"2025-03-14T23:07:41+00:00","og_image":[{"width":480,"height":319,"url":"https:\/\/sanluisinforma.com\/wp-content\/uploads\/2025\/03\/bcfe321f-ad27-4dd6-878a-f7a91e30e495.jpg","type":"image\/jpeg"}],"author":"sanluisinforma.com","twitter_card":"summary_large_image","twitter_misc":{"Escrito por":"sanluisinforma.com","Tiempo de lectura":"3 minutos"},"schema":{"@context":"https:\/\/schema.org","@graph":[{"@type":"Article","@id":"https:\/\/sanluisinforma.com\/?p=10969#article","isPartOf":{"@id":"https:\/\/sanluisinforma.com\/?p=10969"},"author":{"name":"sanluisinforma.com","@id":"https:\/\/sanluisinforma.com\/#\/schema\/person\/c30648f71476be533b6f59d092905c8b"},"headline":"Presidenta Claudia Sheinbaum propone que inversi\u00f3n en armas\u00a0 a nivel \u00a0Mundial se destine para garantizar Justicia y Educaci\u00f3n para Ni\u00f1as","datePublished":"2025-03-15T06:45:00+00:00","dateModified":"2025-03-14T23:07:41+00:00","mainEntityOfPage":{"@id":"https:\/\/sanluisinforma.com\/?p=10969"},"wordCount":484,"publisher":{"@id":"https:\/\/sanluisinforma.com\/#organization"},"image":{"@id":"https:\/\/sanluisinforma.com\/?p=10969#primaryimage"},"thumbnailUrl":"https:\/\/sanluisinforma.com\/wp-content\/uploads\/2025\/03\/bcfe321f-ad27-4dd6-878a-f7a91e30e495.jpg","articleSection":["Local","Nacional"],"inLanguage":"es"},{"@type":"WebPage","@id":"https:\/\/sanluisinforma.com\/?p=10969","url":"https:\/\/sanluisinforma.com\/?p=10969","name":"Presidenta Claudia Sheinbaum propone que inversi\u00f3n en armas\u00a0 a nivel \u00a0Mundial se destine para garantizar Justicia y Educaci\u00f3n para Ni\u00f1as - sanluisinforma.com","isPartOf":{"@id":"https:\/\/sanluisinforma.com\/#website"},"primaryImageOfPage":{"@id":"https:\/\/sanluisinforma.com\/?p=10969#primaryimage"},"image":{"@id":"https:\/\/sanluisinforma.com\/?p=10969#primaryimage"},"thumbnailUrl":"https:\/\/sanluisinforma.com\/wp-content\/uploads\/2025\/03\/bcfe321f-ad27-4dd6-878a-f7a91e30e495.jpg","datePublished":"2025-03-15T06:45:00+00:00","dateModified":"2025-03-14T23:07:41+00:00","breadcrumb":{"@id":"https:\/\/sanluisinforma.com\/?p=10969#breadcrumb"},"inLanguage":"es","potentialAction":[{"@type":"ReadAction","target":["https:\/\/sanluisinforma.com\/?p=10969"]}]},{"@type":"ImageObject","inLanguage":"es","@id":"https:\/\/sanluisinforma.com\/?p=10969#primaryimage","url":"https:\/\/sanluisinforma.com\/wp-content\/uploads\/2025\/03\/bcfe321f-ad27-4dd6-878a-f7a91e30e495.jpg","contentUrl":"https:\/\/sanluisinforma.com\/wp-content\/uploads\/2025\/03\/bcfe321f-ad27-4dd6-878a-f7a91e30e495.jpg","width":480,"height":319},{"@type":"BreadcrumbList","@id":"https:\/\/sanluisinforma.com\/?p=10969#breadcrumb","itemListElement":[{"@type":"ListItem","position":1,"name":"Inicio","item":"https:\/\/sanluisinforma.com\/"},{"@type":"ListItem","position":2,"name":"Presidenta Claudia Sheinbaum propone que inversi\u00f3n en armas\u00a0 a nivel \u00a0Mundial se destine para garantizar Justicia y Educaci\u00f3n para Ni\u00f1as"}]},{"@type":"WebSite","@id":"https:\/\/sanluisinforma.com\/#website","url":"https:\/\/sanluisinforma.com\/","name":"sanluisinforma.com","description":"Periodico San Luis Informa","publisher":{"@id":"https:\/\/sanluisinforma.com\/#organization"},"potentialAction":[{"@type":"SearchAction","target":{"@type":"EntryPoint","urlTemplate":"https:\/\/sanluisinforma.com\/?s={search_term_string}"},"query-input":{"@type":"PropertyValueSpecification","valueRequired":true,"valueName":"search_term_string"}}],"inLanguage":"es"},{"@type":"Organization","@id":"https:\/\/sanluisinforma.com\/#organization","name":"sanluisinforma.com","url":"https:\/\/sanluisinforma.com\/","logo":{"@type":"ImageObject","inLanguage":"es","@id":"https:\/\/sanluisinforma.com\/#\/schema\/logo\/image\/","url":"https:\/\/sanluisinforma.com\/wp-content\/uploads\/2026\/03\/sanluisinforma-V.jpg","contentUrl":"https:\/\/sanluisinforma.com\/wp-content\/uploads\/2026\/03\/sanluisinforma-V.jpg","width":500,"height":156,"caption":"sanluisinforma.com"},"image":{"@id":"https:\/\/sanluisinforma.com\/#\/schema\/logo\/image\/"}},{"@type":"Person","@id":"https:\/\/sanluisinforma.com\/#\/schema\/person\/c30648f71476be533b6f59d092905c8b","name":"sanluisinforma.com","image":{"@type":"ImageObject","inLanguage":"es","@id":"https:\/\/sanluisinforma.com\/#\/schema\/person\/image\/","url":"https:\/\/secure.gravatar.com\/avatar\/86e3114e34a1eecefb963e0a02f0093f93b092dddb2fe1517596343751081a87?s=96&d=mm&r=g","contentUrl":"https:\/\/secure.gravatar.com\/avatar\/86e3114e34a1eecefb963e0a02f0093f93b092dddb2fe1517596343751081a87?s=96&d=mm&r=g","caption":"sanluisinforma.com"},"url":"https:\/\/sanluisinforma.com\/?author=2"}]}},"_links":{"self":[{"href":"https:\/\/sanluisinforma.com\/index.php?rest_route=\/wp\/v2\/posts\/10969","targetHints":{"allow":["GET"]}}],"collection":[{"href":"https:\/\/sanluisinforma.com\/index.php?rest_route=\/wp\/v2\/posts"}],"about":[{"href":"https:\/\/sanluisinforma.com\/index.php?rest_route=\/wp\/v2\/types\/post"}],"author":[{"embeddable":true,"href":"https:\/\/sanluisinforma.com\/index.php?rest_route=\/wp\/v2\/users\/2"}],"replies":[{"embeddable":true,"href":"https:\/\/sanluisinforma.com\/index.php?rest_route=%2Fwp%2Fv2%2Fcomments&post=10969"}],"version-history":[{"count":1,"href":"https:\/\/sanluisinforma.com\/index.php?rest_route=\/wp\/v2\/posts\/10969\/revisions"}],"predecessor-version":[{"id":10971,"href":"https:\/\/sanluisinforma.com\/index.php?rest_route=\/wp\/v2\/posts\/10969\/revisions\/10971"}],"wp:featuredmedia":[{"embeddable":true,"href":"https:\/\/sanluisinforma.com\/index.php?rest_route=\/wp\/v2\/media\/10970"}],"wp:attachment":[{"href":"https:\/\/sanluisinforma.com\/index.php?rest_route=%2Fwp%2Fv2%2Fmedia&parent=10969"}],"wp:term":[{"taxonomy":"category","embeddable":true,"href":"https:\/\/sanluisinforma.com\/index.php?rest_route=%2Fwp%2Fv2%2Fcategories&post=10969"},{"taxonomy":"post_tag","embeddable":true,"href":"https:\/\/sanluisinforma.com\/index.php?rest_route=%2Fwp%2Fv2%2Ftags&post=10969"}],"curies":[{"name":"wp","href":"https:\/\/api.w.org\/{rel}","templated":true}]}}