{"id":11181,"date":"2025-04-28T01:14:00","date_gmt":"2025-04-28T07:14:00","guid":{"rendered":"https:\/\/sanluisinforma.com\/?p=11181"},"modified":"2025-04-27T22:03:57","modified_gmt":"2025-04-28T04:03:57","slug":"el-papa-francisco-sera-dado-de-alta-tras-estar-hospitalizado-38-dias","status":"publish","type":"post","link":"https:\/\/sanluisinforma.com\/?p=11181","title":{"rendered":"As\u00ed se desarrollar\u00e1n los novendiales en sufragio por el Papa Francisco"},"content":{"rendered":"\n<p>La Oficina de las Celebraciones Lit\u00fargicas Pontificias anuncia los d\u00edas y horarios de las celebraciones especiales de la Eucarist\u00eda que tienen lugar tras la muerte de un Papa, seg\u00fan una antigua costumbre.<\/p>\n\n\n\n<p>Vatican News.- 28 de abril de 2025 .-  La Oficina de Celebraciones Lit\u00fargicas Pontificias ha anunciado, este mi\u00e9rcoles 23 de abril de 2025 por la tarde, que, &#8220;seg\u00fan una antigua costumbre, durante nueve d\u00edas consecutivos se celebran celebraciones especiales de la Eucarist\u00eda en sufragio del Romano Pont\u00edfice fallecido, comenzando por la Misa Exequial&#8221;.<\/p>\n\n\n\n<p>Estas celebraciones est\u00e1n abiertas a todos. Prev\u00e9n, sin embargo, la participaci\u00f3n de un grupo diferente cada d\u00eda, teniendo en cuenta sus v\u00ednculos con el Romano Pont\u00edfice. Esta variedad de asambleas muestra, en cierto modo, tanto el alcance del ministerio del Pastor supremo como la universalidad de la Iglesia de Roma (cf. Ordo Exsequiarum Romani Pontificis, nn. 124-125).<\/p>\n\n\n\n<p>La Misa exequial por el Romano Pont\u00edfice Francisco, en el primer d\u00eda de los Novendiales, tendr\u00e1 lugar el 26 de abril de 2025 a las 10 horas en la explanada de la Bas\u00edlica de San Pedro.<\/p>\n\n\n\n<p><strong>Este viernes 25 de abril se cerrar\u00e1 el f\u00e9retro del Papa Francisco<\/strong><\/p>\n\n\n\n<p>23\/04\/2025<\/p>\n\n\n\n<p>Este viernes 25 de abril se cerrar\u00e1 el f\u00e9retro del Papa FranciscoEste viernes 25 de abril, a las 20.00 horas, en la Bas\u00edlica de San Pedro, el cardenal Camarlengo de la Santa Romana Iglesia, presidir\u00e1 el rito del cierre del f\u00e9retro del Romano &#8230;<\/p>\n\n\n\n<p>En los d\u00edas sucesivos las celebraciones de los Novendiales en sufragio del Papa difunto continuar\u00e1n del siguiente modo:<\/p>\n\n\n\n<p><strong>D\u00eda 2: domingo 27 de abril, a las 10.30 horas, en el parvis de la bas\u00edlica vaticana.<\/strong><\/p>\n\n\n\n<p>La concelebraci\u00f3n estar\u00e1 presidida por Su Eminencia el Cardenal Pietro Parolin, ex Secretario de Estado.<\/p>\n\n\n\n<p><strong>D\u00eda 3: Lunes 28 de abril, a las 17.00 horas, en la bas\u00edlica vaticana.<\/strong><\/p>\n\n\n\n<p>La concelebraci\u00f3n estar\u00e1 presidida por Su Eminencia el Cardenal Baldassare Reina, Vicario General de Su Santidad para la Di\u00f3cesis de Roma.<\/p>\n\n\n\n<p><strong>D\u00eda 4: Martes 29 de abril, 17.00 h, en la Bas\u00edlica Vaticana: los Cap\u00edtulos de las Bas\u00edlicas Pontificias.<\/strong><\/p>\n\n\n\n<p>La concelebraci\u00f3n estar\u00e1 presidida por Su Eminencia el Cardenal Mauro Gambetti, Arcipreste de la Bas\u00edlica Papal de San Pedro del Vaticano.<\/p>\n\n\n\n<p>5\u00ba d\u00eda: Mi\u00e9rcoles 30 de abril, a las 17.00 horas, en la Bas\u00edlica Vaticana: Capilla Papal.<\/p>\n\n\n\n<p>La concelebraci\u00f3n estar\u00e1 presidida por Su Eminencia el Cardenal Leonardo Sandri, Vicedecano del Colegio Cardenalicio.<\/p>\n\n\n\n<p>D\u00eda 6: Jueves 1 de mayo, a las 17.00 horas, en la bas\u00edlica vaticana: Curia romana.<\/p>\n\n\n\n<p>La concelebraci\u00f3n estar\u00e1 presidida por Su Eminencia el Cardenal Kevin Joseph Farrell, Camarlengo de la Santa Iglesia Romana.<\/p>\n\n\n\n<p>D\u00eda 7: Viernes 2 de mayo, 17.00 horas, en la Bas\u00edlica Vaticana: las Iglesias Orientales.<\/p>\n\n\n\n<p>La concelebraci\u00f3n ser\u00e1 presidida por Su Eminencia el Cardenal Claudio Gugerotti, ex Prefecto del Dicasterio para las Iglesias Orientales.<\/p>\n\n\n\n<p>D\u00eda 8: s\u00e1bado 3 de mayo, 17.00 horas, en la bas\u00edlica vaticana: miembros de los Institutos de vida consagrada y de las Sociedades de vida apost\u00f3lica.<\/p>\n\n\n\n<p>Presidir\u00e1 la concelebraci\u00f3n Su Eminencia el Cardenal \u00c1ngel Fern\u00e1ndez Artime, ex Pro-Prefecto del Dicasterio para los Institutos de Vida Consagrada y las Sociedades de Vida Apost\u00f3lica.<\/p>\n\n\n\n<p>D\u00eda 9: Domingo 4 de mayo, 17.00 h, en la Bas\u00edlica Vaticana: Capilla Papal. La concelebraci\u00f3n ser\u00e1 presidida por Su Eminencia el Cardenal Dominique Mamberti, Protodi\u00e1cono del Colegio Cardenalicio.<\/p>\n\n\n\n<p>Las concelebraciones en las Capillas Pontificias de los d\u00edas 30 de abril y 4 de mayo est\u00e1n reservadas \u00fanicamente a los Cardenales. Estar\u00e1n en la Capilla de San Sebasti\u00e1n de la Bas\u00edlica a las 16.15 horas, con la mitra blanca adamascada<\/p>\n\n\n\n<p>En conformidad con el Motu Proprio \u00abPontificalis Domus\u00bb, todos los miembros de la Capilla Pontificia que deseen participar en las celebraciones lit\u00fargicas sin concelebrar deber\u00e1n llevar su propio h\u00e1bito coral.<\/p>\n\n\n\n<p>De San Pedro a Santa Mar\u00eda la Mayor: Roma despide a su Obispo<\/p>\n\n\n\n<p>26 de abril 2025 El&nbsp; Vaticano.- Conmovidos por la partida del Papa Francisco, miles de fieles colmaron la Plaza de San Pedro en una emotiva despedida marcada por la oraci\u00f3n, el silencio y los aplausos. Mientras la Iglesia rend\u00eda homenaje al pont\u00edfice que transform\u00f3 el rostro del catolicismo, un imponente operativo de seguridad velaba por la paz de un adi\u00f3s hist\u00f3rico. Francisco, el Papa cercano, descansa ya en el santuario mariano que tanto am\u00f3.<\/p>\n\n\n\n<p>Entre l\u00e1grimas, oraciones y un silencio sobrecogedor interrumpido por espont\u00e1neos aplausos, as\u00ed como un mar de tel\u00e9fonos m\u00f3viles \u00e1vidos de inmortalizar el momento hist\u00f3rico, el mundo despidi\u00f3 a Jorge Mario Bergoglio, el primer Papa latinoamericano, en una ceremonia que combin\u00f3 la solemnidad del rito con la emoci\u00f3n de un legado inolvidable.<\/p>\n\n\n\n<p>Tras la santa misa exequial por el Romano Pont\u00edfice este s\u00e1bado 26 de abril de 2025 por la ma\u00f1ana, presidida por el cardenal Giovanni Battista Re, Decano del Colegio Cardenalicio, el cortejo f\u00fanebre emprendi\u00f3 su camino hacia la Bas\u00edlica de Santa Mar\u00eda la Mayor, uno de los lugares m\u00e1s queridos por Francisco. En este santuario mariano, el m\u00e1s antiguo de Occidente, quedar\u00e1n depositados sus restos mortales, cumpliendo as\u00ed su deseo de reposar junto a la Virgen que tantas veces visit\u00f3 discretamente antes y despu\u00e9s de cada viaje apost\u00f3lico, as\u00ed como al final de sus hospitalizaciones.<\/p>\n\n\n\n<p>A lo largo del recorrido por toda la ciudad desde el Vaticano hasta la Bas\u00edlica, las autoridades competentes calculan que unas 150.000 personas estuvieron presentes en el \u00faltimo adi\u00f3s al Papa Francisco.<\/p>\n\n\n\n<p>Al llegar a la Bas\u00edlica de Santa Mar\u00eda la Mayor, la ceremonia del entierro se desarrolla de manera privada. Hecha de m\u00e1rmol de la regi\u00f3n italiana de Liguria, la tumba solo lleva la inscripci\u00f3n \u00abFRANCISCUS\u00bb y una reproducci\u00f3n de su cruz pectoral. El emplazamiento de la tumba del Papa se ha preparado en un nicho de la nave lateral de la Bas\u00edlica de Santa Mar\u00eda la Mayor, entre la Capilla Paulina (Capilla de la Salus Populi Romani) y la Capilla Sforza, y se encuentra junto al Altar de San Francisco.<\/p>\n\n\n\n<p><\/p>\n\n\n\n<p><strong>Miles de feligreses se despiden  del papa Francisco, en la bas\u00edlica de San Pedro.El papa Francisco, falleci\u00f3 el lunes a los 88 a\u00f1os; pidi\u00f3 ser enterrado en tumba sencilla. s\u00e1bado el funeral<\/strong><\/p>\n\n\n\n<p>este 23 de abril &nbsp;En Ciudad de Vaticano &nbsp;miles de feligreses entran a la capilla ardiente &nbsp;del papa Francisco, instalada en el interior de la bas\u00edlica de San Pedro, para presentar sus respetos al primer pont\u00edfice latinoamericano.<\/p>\n\n\n\n<p>Los restos mortales de Jorge Mario Bergoglio descansan en un ata\u00fad &nbsp;que se instalo abierto, sostiene el rosario entre las manos y casulla roja.<\/p>\n\n\n\n<p>El papa latinoamericano &nbsp;inicio su \u00faltimo viaje que concluir\u00e1 el s\u00e1bado con su entierro en la bas\u00edlica de Santa Mar\u00eda la Mayor de Roma, de acuerdo con los deseos del papa Francisco en su testamento.<\/p>\n\n\n\n<p>Todavia el Papa estuvo en la Plaza San Pedro este domingo, saludando en su papam\u00f3vil a decenas de feligreses&nbsp; que se reunieron para la bendici\u00f3n dominical<\/p>\n\n\n\n<p><strong>Este 22 de abril<\/strong><\/p>\n\n\n\n<p>El funeral del papa Francisco tendr\u00e1 lugar el s\u00e1bado, pero los fieles podr\u00e1n dar su \u00faltimo adi\u00f3s al primer pont\u00edfice latinoamericano a partir del mi\u00e9rcoles en la bas\u00edlica de San Pedro, anunci\u00f3 este martes el Vaticano.<\/p>\n\n\n\n<p>La misa funeral se celebrar\u00e1 a las 10:00 en la plaza vaticana de San Pedro, situada ante la bas\u00edlica hom\u00f3nima y donde el jesuita argentino realiz\u00f3 su \u00faltima aparici\u00f3n p\u00fablica el pasado Domingo de Resurrecci\u00f3n.<\/p>\n\n\n\n<p><\/p>\n\n\n\n<p>Falleci\u00f3 de un derrame cerebral , seguido &nbsp;de un infarto al coraz\u00f3n .<\/p>\n\n\n\n<p>La Iglesia&nbsp; Potosina se uni\u00f3 a la Iglesia Universal en oraci\u00f3n por el eterno descanso del Papa Francisco que, como primer Papa Latinoamericano supo establecer puentes y derribar muros para ser una Iglesia en salida, y prueba de ello fueron sus 47 viajes apost\u00f3licos y su visita a 66 pa\u00edses.<\/p>\n\n\n\n<p>Adem\u00e1s deja un gran legado a trav\u00e9s de sus m\u00e1s de 140 documentos escritos, especialmente en sus&nbsp; cuatro enc\u00edclicas: La Luz de la Fe, Alabado sea, Hermanos todos y Nos am\u00f3.<\/p>\n\n\n\n<p>Expreso el Arzobispo de San Luis Potos\u00ed, con motivo de la muerte del Papa Francisco, acaecido el d\u00eda de hoy en Roma.<\/p>\n\n\n\n<p>As\u00ed mismo El Arzobispo de San Luis Potos\u00ed, Jorge Alberto Cavazos Arizpe, comento&nbsp; que fue testigo presencial como&nbsp; de la manera m\u00e1s humilde el Papa Francisco, impart\u00eda la Fe&nbsp; Cat\u00f3lica, llevando el Evangelio a todos, sobre todo en las periferias.<\/p>\n\n\n\n<p>Por lo que pidi\u00f3 que a las 12 :00 y a las 13 :00 horas de hoy en un gesto&nbsp; solemne&nbsp; de respeto y cari\u00f1o , se hagan sonar las campanas de todos los templos de la Arquidi\u00f3cesis y se convoque a todo el Pueblo de Dios para orar de manera personal y comunitaria&nbsp; por el eterno descanso del Sucesor&nbsp; de Pedro<\/p>\n\n\n\n<p>As\u00ed mismo el Arzobispo pidi\u00f3 que durante estos d\u00edas, en la Eucarist\u00eda, se pida por su eterno descanso<\/p>\n\n\n\n<p><strong>Todas las Iglesias de San Luis Potos\u00ed, repicaron las campanas en se\u00f1al de duelo, por la muerte del Papa Fracisco.<\/strong><\/p>\n\n\n\n<p>El anuncio del Vaticano se produjo menos de un d\u00eda despu\u00e9s de una aparici\u00f3n p\u00fablica del papa.<\/p>\n\n\n\n<p>Luego de un per\u00edodo de luto, los cardenales menores de 80 a\u00f1os se reunir\u00e1n para elegir al pr\u00f3ximo l\u00edder de la Iglesia cat\u00f3lica. La elecci\u00f3n de un nuevo papa suele tardar entre dos y tres semanas<\/p>\n\n\n\n<p>El funeral de Francisco: el papa pidi\u00f3 ser enterrado en una tumba sencilla en la Bas\u00edlica de Santa Mar\u00eda la Mayor<\/p>\n\n\n\n<p>\u00bfDe qu\u00e9 muri\u00f3 el papa Francisco? &nbsp;Muri\u00f3 de un derrame cerebral seguido de insuficiencia card\u00edaca, inform\u00f3&nbsp; el &nbsp;Vaticano<\/p>\n\n\n\n<p>La muerte de Francisco tambi\u00e9n se vio afectada por otras dolencias, incluyendo un episodio previo de insuficiencia respiratoria aguda, hipertensi\u00f3n arterial y diabetes tipo II, seg\u00fan el comunicado, que fue firmado por el director de la Direcci\u00f3n de Salud e Higiene del Estado de la Ciudad del Vaticano, Andrea Arcangeli.<\/p>\n\n\n\n<p>El camino del papa Francisco por Am\u00e9rica Latina, entre el fervor religioso y la participaci\u00f3n pol\u00edtica<\/p>\n\n\n\n<p><\/p>\n\n\n\n<p><\/p>\n\n\n\n<p class=\"has-text-align-center\"><strong>En un recuento informativo <\/strong><\/p>\n\n\n\n<p>El papa Francisco ser\u00e1 dado de alta, tras estar hospitalizado 38 d\u00edas<\/p>\n\n\n\n<p>De acuerdo con informaci\u00f3n del Vaticano, el papa Francisco &nbsp;dejara el hospital<\/p>\n\n\n\n<p>Este domingo<\/p>\n\n\n\n<p>&nbsp;Trabajar\u00e1 de manera gradual, dado el estado de salud grave que padeci\u00f3 el papa Francisco<\/p>\n\n\n\n<p>&nbsp;Su m\u00e9dico dijo \u201cEl Santo Padre ser\u00e1 dado de alta a partir de ma\u00f1ana en condiciones cl\u00ednicas estables, con la prescripci\u00f3n de continuar parcialmente la terapia farmacol\u00f3gica y un periodo de convalecencia y reposo de al menos dos meses\u201d<\/p>\n\n\n\n<p>Francisco se ha recuperado de una doble neumon\u00eda, pero no de todas las infecciones que padec\u00eda, La voz del papa est\u00e1 mejorando, pero a\u00fan necesita tiempo para recuperarse. La edad del papa es de 88 a\u00f1os , por lo que &nbsp;requiere de &nbsp;un largo reposo<\/p>\n\n\n\n<p>.<\/p>\n","protected":false},"excerpt":{"rendered":"<p>La Oficina de las Celebraciones Lit\u00fargicas Pontificias anuncia los d\u00edas y horarios de las celebraciones especiales de la Eucarist\u00eda que<\/p>\n","protected":false},"author":2,"featured_media":11973,"comment_status":"closed","ping_status":"closed","sticky":false,"template":"","format":"standard","meta":{"footnotes":""},"categories":[31,28,25],"tags":[],"class_list":["post-11181","post","type-post","status-publish","format-standard","has-post-thumbnail","hentry","category-gente","category-internacional","category-local"],"yoast_head":"<!-- This site is optimized with the Yoast SEO plugin v24.1 - https:\/\/yoast.com\/wordpress\/plugins\/seo\/ -->\n<title>As\u00ed se desarrollar\u00e1n los novendiales en sufragio por el Papa Francisco - sanluisinforma.com<\/title>\n<meta name=\"robots\" content=\"index, follow, max-snippet:-1, max-image-preview:large, max-video-preview:-1\" \/>\n<link rel=\"canonical\" href=\"https:\/\/sanluisinforma.com\/?p=11181\" \/>\n<meta property=\"og:locale\" content=\"es_MX\" \/>\n<meta property=\"og:type\" content=\"article\" \/>\n<meta property=\"og:title\" content=\"As\u00ed se desarrollar\u00e1n los novendiales en sufragio por el Papa Francisco - sanluisinforma.com\" \/>\n<meta property=\"og:description\" content=\"La Oficina de las Celebraciones Lit\u00fargicas Pontificias anuncia los d\u00edas y horarios de las celebraciones especiales de la Eucarist\u00eda que\" \/>\n<meta property=\"og:url\" content=\"https:\/\/sanluisinforma.com\/?p=11181\" \/>\n<meta property=\"og:site_name\" content=\"sanluisinforma.com\" \/>\n<meta property=\"article:published_time\" content=\"2025-04-28T07:14:00+00:00\" \/>\n<meta property=\"article:modified_time\" content=\"2025-04-28T04:03:57+00:00\" \/>\n<meta property=\"og:image\" content=\"https:\/\/sanluisinforma.com\/wp-content\/uploads\/2025\/04\/El-Papa.jpg\" \/>\n\t<meta property=\"og:image:width\" content=\"400\" \/>\n\t<meta property=\"og:image:height\" content=\"133\" \/>\n\t<meta property=\"og:image:type\" content=\"image\/jpeg\" \/>\n<meta name=\"author\" content=\"sanluisinforma.com\" \/>\n<meta name=\"twitter:card\" content=\"summary_large_image\" \/>\n<meta name=\"twitter:label1\" content=\"Escrito por\" \/>\n\t<meta name=\"twitter:data1\" content=\"sanluisinforma.com\" \/>\n\t<meta name=\"twitter:label2\" content=\"Tiempo de lectura\" \/>\n\t<meta name=\"twitter:data2\" content=\"9 minutos\" \/>\n<script type=\"application\/ld+json\" class=\"yoast-schema-graph\">{\"@context\":\"https:\/\/schema.org\",\"@graph\":[{\"@type\":\"Article\",\"@id\":\"https:\/\/sanluisinforma.com\/?p=11181#article\",\"isPartOf\":{\"@id\":\"https:\/\/sanluisinforma.com\/?p=11181\"},\"author\":{\"name\":\"sanluisinforma.com\",\"@id\":\"https:\/\/sanluisinforma.com\/#\/schema\/person\/c30648f71476be533b6f59d092905c8b\"},\"headline\":\"As\u00ed se desarrollar\u00e1n los novendiales en sufragio por el Papa Francisco\",\"datePublished\":\"2025-04-28T07:14:00+00:00\",\"dateModified\":\"2025-04-28T04:03:57+00:00\",\"mainEntityOfPage\":{\"@id\":\"https:\/\/sanluisinforma.com\/?p=11181\"},\"wordCount\":1885,\"publisher\":{\"@id\":\"https:\/\/sanluisinforma.com\/#organization\"},\"image\":{\"@id\":\"https:\/\/sanluisinforma.com\/?p=11181#primaryimage\"},\"thumbnailUrl\":\"https:\/\/sanluisinforma.com\/wp-content\/uploads\/2025\/04\/El-Papa.jpg\",\"articleSection\":[\"Gente\",\"Internacional\",\"Local\"],\"inLanguage\":\"es\"},{\"@type\":\"WebPage\",\"@id\":\"https:\/\/sanluisinforma.com\/?p=11181\",\"url\":\"https:\/\/sanluisinforma.com\/?p=11181\",\"name\":\"As\u00ed se desarrollar\u00e1n los novendiales en sufragio por el Papa Francisco - sanluisinforma.com\",\"isPartOf\":{\"@id\":\"https:\/\/sanluisinforma.com\/#website\"},\"primaryImageOfPage\":{\"@id\":\"https:\/\/sanluisinforma.com\/?p=11181#primaryimage\"},\"image\":{\"@id\":\"https:\/\/sanluisinforma.com\/?p=11181#primaryimage\"},\"thumbnailUrl\":\"https:\/\/sanluisinforma.com\/wp-content\/uploads\/2025\/04\/El-Papa.jpg\",\"datePublished\":\"2025-04-28T07:14:00+00:00\",\"dateModified\":\"2025-04-28T04:03:57+00:00\",\"breadcrumb\":{\"@id\":\"https:\/\/sanluisinforma.com\/?p=11181#breadcrumb\"},\"inLanguage\":\"es\",\"potentialAction\":[{\"@type\":\"ReadAction\",\"target\":[\"https:\/\/sanluisinforma.com\/?p=11181\"]}]},{\"@type\":\"ImageObject\",\"inLanguage\":\"es\",\"@id\":\"https:\/\/sanluisinforma.com\/?p=11181#primaryimage\",\"url\":\"https:\/\/sanluisinforma.com\/wp-content\/uploads\/2025\/04\/El-Papa.jpg\",\"contentUrl\":\"https:\/\/sanluisinforma.com\/wp-content\/uploads\/2025\/04\/El-Papa.jpg\",\"width\":400,\"height\":133},{\"@type\":\"BreadcrumbList\",\"@id\":\"https:\/\/sanluisinforma.com\/?p=11181#breadcrumb\",\"itemListElement\":[{\"@type\":\"ListItem\",\"position\":1,\"name\":\"Inicio\",\"item\":\"https:\/\/sanluisinforma.com\/\"},{\"@type\":\"ListItem\",\"position\":2,\"name\":\"As\u00ed se desarrollar\u00e1n los novendiales en sufragio por el Papa Francisco\"}]},{\"@type\":\"WebSite\",\"@id\":\"https:\/\/sanluisinforma.com\/#website\",\"url\":\"https:\/\/sanluisinforma.com\/\",\"name\":\"sanluisinforma.com\",\"description\":\"Periodico San Luis Informa\",\"publisher\":{\"@id\":\"https:\/\/sanluisinforma.com\/#organization\"},\"potentialAction\":[{\"@type\":\"SearchAction\",\"target\":{\"@type\":\"EntryPoint\",\"urlTemplate\":\"https:\/\/sanluisinforma.com\/?s={search_term_string}\"},\"query-input\":{\"@type\":\"PropertyValueSpecification\",\"valueRequired\":true,\"valueName\":\"search_term_string\"}}],\"inLanguage\":\"es\"},{\"@type\":\"Organization\",\"@id\":\"https:\/\/sanluisinforma.com\/#organization\",\"name\":\"sanluisinforma.com\",\"url\":\"https:\/\/sanluisinforma.com\/\",\"logo\":{\"@type\":\"ImageObject\",\"inLanguage\":\"es\",\"@id\":\"https:\/\/sanluisinforma.com\/#\/schema\/logo\/image\/\",\"url\":\"https:\/\/sanluisinforma.com\/wp-content\/uploads\/2026\/03\/sanluisinforma-V.jpg\",\"contentUrl\":\"https:\/\/sanluisinforma.com\/wp-content\/uploads\/2026\/03\/sanluisinforma-V.jpg\",\"width\":500,\"height\":156,\"caption\":\"sanluisinforma.com\"},\"image\":{\"@id\":\"https:\/\/sanluisinforma.com\/#\/schema\/logo\/image\/\"}},{\"@type\":\"Person\",\"@id\":\"https:\/\/sanluisinforma.com\/#\/schema\/person\/c30648f71476be533b6f59d092905c8b\",\"name\":\"sanluisinforma.com\",\"image\":{\"@type\":\"ImageObject\",\"inLanguage\":\"es\",\"@id\":\"https:\/\/sanluisinforma.com\/#\/schema\/person\/image\/\",\"url\":\"https:\/\/secure.gravatar.com\/avatar\/86e3114e34a1eecefb963e0a02f0093f93b092dddb2fe1517596343751081a87?s=96&d=mm&r=g\",\"contentUrl\":\"https:\/\/secure.gravatar.com\/avatar\/86e3114e34a1eecefb963e0a02f0093f93b092dddb2fe1517596343751081a87?s=96&d=mm&r=g\",\"caption\":\"sanluisinforma.com\"},\"url\":\"https:\/\/sanluisinforma.com\/?author=2\"}]}<\/script>\n<!-- \/ Yoast SEO plugin. -->","yoast_head_json":{"title":"As\u00ed se desarrollar\u00e1n los novendiales en sufragio por el Papa Francisco - sanluisinforma.com","robots":{"index":"index","follow":"follow","max-snippet":"max-snippet:-1","max-image-preview":"max-image-preview:large","max-video-preview":"max-video-preview:-1"},"canonical":"https:\/\/sanluisinforma.com\/?p=11181","og_locale":"es_MX","og_type":"article","og_title":"As\u00ed se desarrollar\u00e1n los novendiales en sufragio por el Papa Francisco - sanluisinforma.com","og_description":"La Oficina de las Celebraciones Lit\u00fargicas Pontificias anuncia los d\u00edas y horarios de las celebraciones especiales de la Eucarist\u00eda que","og_url":"https:\/\/sanluisinforma.com\/?p=11181","og_site_name":"sanluisinforma.com","article_published_time":"2025-04-28T07:14:00+00:00","article_modified_time":"2025-04-28T04:03:57+00:00","og_image":[{"width":400,"height":133,"url":"https:\/\/sanluisinforma.com\/wp-content\/uploads\/2025\/04\/El-Papa.jpg","type":"image\/jpeg"}],"author":"sanluisinforma.com","twitter_card":"summary_large_image","twitter_misc":{"Escrito por":"sanluisinforma.com","Tiempo de lectura":"9 minutos"},"schema":{"@context":"https:\/\/schema.org","@graph":[{"@type":"Article","@id":"https:\/\/sanluisinforma.com\/?p=11181#article","isPartOf":{"@id":"https:\/\/sanluisinforma.com\/?p=11181"},"author":{"name":"sanluisinforma.com","@id":"https:\/\/sanluisinforma.com\/#\/schema\/person\/c30648f71476be533b6f59d092905c8b"},"headline":"As\u00ed se desarrollar\u00e1n los novendiales en sufragio por el Papa Francisco","datePublished":"2025-04-28T07:14:00+00:00","dateModified":"2025-04-28T04:03:57+00:00","mainEntityOfPage":{"@id":"https:\/\/sanluisinforma.com\/?p=11181"},"wordCount":1885,"publisher":{"@id":"https:\/\/sanluisinforma.com\/#organization"},"image":{"@id":"https:\/\/sanluisinforma.com\/?p=11181#primaryimage"},"thumbnailUrl":"https:\/\/sanluisinforma.com\/wp-content\/uploads\/2025\/04\/El-Papa.jpg","articleSection":["Gente","Internacional","Local"],"inLanguage":"es"},{"@type":"WebPage","@id":"https:\/\/sanluisinforma.com\/?p=11181","url":"https:\/\/sanluisinforma.com\/?p=11181","name":"As\u00ed se desarrollar\u00e1n los novendiales en sufragio por el Papa Francisco - sanluisinforma.com","isPartOf":{"@id":"https:\/\/sanluisinforma.com\/#website"},"primaryImageOfPage":{"@id":"https:\/\/sanluisinforma.com\/?p=11181#primaryimage"},"image":{"@id":"https:\/\/sanluisinforma.com\/?p=11181#primaryimage"},"thumbnailUrl":"https:\/\/sanluisinforma.com\/wp-content\/uploads\/2025\/04\/El-Papa.jpg","datePublished":"2025-04-28T07:14:00+00:00","dateModified":"2025-04-28T04:03:57+00:00","breadcrumb":{"@id":"https:\/\/sanluisinforma.com\/?p=11181#breadcrumb"},"inLanguage":"es","potentialAction":[{"@type":"ReadAction","target":["https:\/\/sanluisinforma.com\/?p=11181"]}]},{"@type":"ImageObject","inLanguage":"es","@id":"https:\/\/sanluisinforma.com\/?p=11181#primaryimage","url":"https:\/\/sanluisinforma.com\/wp-content\/uploads\/2025\/04\/El-Papa.jpg","contentUrl":"https:\/\/sanluisinforma.com\/wp-content\/uploads\/2025\/04\/El-Papa.jpg","width":400,"height":133},{"@type":"BreadcrumbList","@id":"https:\/\/sanluisinforma.com\/?p=11181#breadcrumb","itemListElement":[{"@type":"ListItem","position":1,"name":"Inicio","item":"https:\/\/sanluisinforma.com\/"},{"@type":"ListItem","position":2,"name":"As\u00ed se desarrollar\u00e1n los novendiales en sufragio por el Papa Francisco"}]},{"@type":"WebSite","@id":"https:\/\/sanluisinforma.com\/#website","url":"https:\/\/sanluisinforma.com\/","name":"sanluisinforma.com","description":"Periodico San Luis Informa","publisher":{"@id":"https:\/\/sanluisinforma.com\/#organization"},"potentialAction":[{"@type":"SearchAction","target":{"@type":"EntryPoint","urlTemplate":"https:\/\/sanluisinforma.com\/?s={search_term_string}"},"query-input":{"@type":"PropertyValueSpecification","valueRequired":true,"valueName":"search_term_string"}}],"inLanguage":"es"},{"@type":"Organization","@id":"https:\/\/sanluisinforma.com\/#organization","name":"sanluisinforma.com","url":"https:\/\/sanluisinforma.com\/","logo":{"@type":"ImageObject","inLanguage":"es","@id":"https:\/\/sanluisinforma.com\/#\/schema\/logo\/image\/","url":"https:\/\/sanluisinforma.com\/wp-content\/uploads\/2026\/03\/sanluisinforma-V.jpg","contentUrl":"https:\/\/sanluisinforma.com\/wp-content\/uploads\/2026\/03\/sanluisinforma-V.jpg","width":500,"height":156,"caption":"sanluisinforma.com"},"image":{"@id":"https:\/\/sanluisinforma.com\/#\/schema\/logo\/image\/"}},{"@type":"Person","@id":"https:\/\/sanluisinforma.com\/#\/schema\/person\/c30648f71476be533b6f59d092905c8b","name":"sanluisinforma.com","image":{"@type":"ImageObject","inLanguage":"es","@id":"https:\/\/sanluisinforma.com\/#\/schema\/person\/image\/","url":"https:\/\/secure.gravatar.com\/avatar\/86e3114e34a1eecefb963e0a02f0093f93b092dddb2fe1517596343751081a87?s=96&d=mm&r=g","contentUrl":"https:\/\/secure.gravatar.com\/avatar\/86e3114e34a1eecefb963e0a02f0093f93b092dddb2fe1517596343751081a87?s=96&d=mm&r=g","caption":"sanluisinforma.com"},"url":"https:\/\/sanluisinforma.com\/?author=2"}]}},"_links":{"self":[{"href":"https:\/\/sanluisinforma.com\/index.php?rest_route=\/wp\/v2\/posts\/11181","targetHints":{"allow":["GET"]}}],"collection":[{"href":"https:\/\/sanluisinforma.com\/index.php?rest_route=\/wp\/v2\/posts"}],"about":[{"href":"https:\/\/sanluisinforma.com\/index.php?rest_route=\/wp\/v2\/types\/post"}],"author":[{"embeddable":true,"href":"https:\/\/sanluisinforma.com\/index.php?rest_route=\/wp\/v2\/users\/2"}],"replies":[{"embeddable":true,"href":"https:\/\/sanluisinforma.com\/index.php?rest_route=%2Fwp%2Fv2%2Fcomments&post=11181"}],"version-history":[{"count":6,"href":"https:\/\/sanluisinforma.com\/index.php?rest_route=\/wp\/v2\/posts\/11181\/revisions"}],"predecessor-version":[{"id":12001,"href":"https:\/\/sanluisinforma.com\/index.php?rest_route=\/wp\/v2\/posts\/11181\/revisions\/12001"}],"wp:featuredmedia":[{"embeddable":true,"href":"https:\/\/sanluisinforma.com\/index.php?rest_route=\/wp\/v2\/media\/11973"}],"wp:attachment":[{"href":"https:\/\/sanluisinforma.com\/index.php?rest_route=%2Fwp%2Fv2%2Fmedia&parent=11181"}],"wp:term":[{"taxonomy":"category","embeddable":true,"href":"https:\/\/sanluisinforma.com\/index.php?rest_route=%2Fwp%2Fv2%2Fcategories&post=11181"},{"taxonomy":"post_tag","embeddable":true,"href":"https:\/\/sanluisinforma.com\/index.php?rest_route=%2Fwp%2Fv2%2Ftags&post=11181"}],"curies":[{"name":"wp","href":"https:\/\/api.w.org\/{rel}","templated":true}]}}