{"id":11286,"date":"2025-03-28T00:25:00","date_gmt":"2025-03-28T06:25:00","guid":{"rendered":"https:\/\/sanluisinforma.com\/?p=11286"},"modified":"2025-03-27T19:46:56","modified_gmt":"2025-03-28T01:46:56","slug":"con-respaldo-del-estado-atleta-olimpica-participara-en-evento-boxeando-por-la-paz","status":"publish","type":"post","link":"https:\/\/sanluisinforma.com\/?p=11286","title":{"rendered":"Con respaldo del Estado, Atleta Ol\u00edmpica participara en Evento Boxeando \u00a0Por la Paz"},"content":{"rendered":"\n<p><\/p>\n\n\n\n<p>Tendr\u00e1 lugar el pr\u00f3ximo domingo 6 de abril en la plaza de Los Fundadores, dio a conocer el Inpode<\/p>\n\n\n\n<p>En el marco del D\u00eda Internacional del Deporte para el Desarrollo y la Paz, el Instituto Potosino de Cultura F\u00edsica y Deporte (Inpode) y la Secretar\u00eda de Educaci\u00f3n del Gobierno del Estado (SEGE), realizar\u00e1n el pr\u00f3ximo 6 de abril en Plaza de los Fundadores, la Clase Nacional Boxeando por la Paz, que concentrar\u00e1 a diferentes atletas como la seleccionada nacional y atleta ol\u00edmpica, F\u00e1tima Herrera.<\/p>\n\n\n\n<p>En seguimiento a la estrategia del Gobernador del Estado, Ricardo Gallardo Cardona, de acercar m\u00e1s apoyo en deporte a las y los potosinos en todas las disciplinas, el titular del Inpode Joaqu\u00edn Garc\u00eda Mart\u00ednez, detall\u00f3 que es un evento para fomentar la actividad f\u00edsica entre todos los sectores, que ser\u00e1 realizado de forma simult\u00e1nea en las principales plazas p\u00fablicas de las 32 entidades, el domingo 6 de abril.<\/p>\n\n\n\n<p>Dijo que San Luis Potos\u00ed est\u00e1 prepar\u00e1ndose para participar en la Clase Nacional por la Paz, una iniciativa que busca alejar a la poblaci\u00f3n de adicciones y la delincuencia y fortalecer el trabajo a favor del deporte y la educaci\u00f3n, \u201cnos sumamos a este trabajo que se lleva a cabo en todo el pa\u00eds y que mejor motivaci\u00f3n que tener a atletas que son un ejemplo, como es el caso de F\u00e1tima Herrera, que nos represent\u00f3 en Par\u00eds 2024\u201d, explic\u00f3 el funcionario.<\/p>\n\n\n\n<p>Finalmente, resalt\u00f3 que esto es posible gracias al apoyo del Gobernador Ricardo Gallardo, quien ve al deporte como pieza clave para la recomposici\u00f3n del tejido social, as\u00ed como para la construcci\u00f3n de la paz, temas que son fundamentales en su administraci\u00f3n.<\/p>\n","protected":false},"excerpt":{"rendered":"<p>Tendr\u00e1 lugar el pr\u00f3ximo domingo 6 de abril en la plaza de Los Fundadores, dio a conocer el Inpode En<\/p>\n","protected":false},"author":2,"featured_media":11287,"comment_status":"closed","ping_status":"closed","sticky":false,"template":"","format":"standard","meta":{"footnotes":""},"categories":[27],"tags":[],"class_list":["post-11286","post","type-post","status-publish","format-standard","has-post-thumbnail","hentry","category-deportes"],"yoast_head":"<!-- This site is optimized with the Yoast SEO plugin v24.1 - https:\/\/yoast.com\/wordpress\/plugins\/seo\/ -->\n<title>Con respaldo del Estado, Atleta Ol\u00edmpica participara en Evento Boxeando \u00a0Por la Paz - sanluisinforma.com<\/title>\n<meta name=\"robots\" content=\"index, follow, max-snippet:-1, max-image-preview:large, max-video-preview:-1\" \/>\n<link rel=\"canonical\" href=\"https:\/\/sanluisinforma.com\/?p=11286\" \/>\n<meta property=\"og:locale\" content=\"es_MX\" \/>\n<meta property=\"og:type\" content=\"article\" \/>\n<meta property=\"og:title\" content=\"Con respaldo del Estado, Atleta Ol\u00edmpica participara en Evento Boxeando \u00a0Por la Paz - sanluisinforma.com\" \/>\n<meta property=\"og:description\" content=\"Tendr\u00e1 lugar el pr\u00f3ximo domingo 6 de abril en la plaza de Los Fundadores, dio a conocer el Inpode En\" \/>\n<meta property=\"og:url\" content=\"https:\/\/sanluisinforma.com\/?p=11286\" \/>\n<meta property=\"og:site_name\" content=\"sanluisinforma.com\" \/>\n<meta property=\"article:published_time\" content=\"2025-03-28T06:25:00+00:00\" \/>\n<meta property=\"article:modified_time\" content=\"2025-03-28T01:46:56+00:00\" \/>\n<meta property=\"og:image\" content=\"https:\/\/sanluisinforma.com\/wp-content\/uploads\/2025\/03\/ccd06830-548d-48b3-8253-35e61797a56b.jpg\" \/>\n\t<meta property=\"og:image:width\" content=\"480\" \/>\n\t<meta property=\"og:image:height\" content=\"320\" \/>\n\t<meta property=\"og:image:type\" content=\"image\/jpeg\" \/>\n<meta name=\"author\" content=\"sanluisinforma.com\" \/>\n<meta name=\"twitter:card\" content=\"summary_large_image\" \/>\n<meta name=\"twitter:label1\" content=\"Escrito por\" \/>\n\t<meta name=\"twitter:data1\" content=\"sanluisinforma.com\" \/>\n\t<meta name=\"twitter:label2\" content=\"Tiempo de lectura\" \/>\n\t<meta name=\"twitter:data2\" content=\"2 minutos\" \/>\n<script type=\"application\/ld+json\" class=\"yoast-schema-graph\">{\"@context\":\"https:\/\/schema.org\",\"@graph\":[{\"@type\":\"Article\",\"@id\":\"https:\/\/sanluisinforma.com\/?p=11286#article\",\"isPartOf\":{\"@id\":\"https:\/\/sanluisinforma.com\/?p=11286\"},\"author\":{\"name\":\"sanluisinforma.com\",\"@id\":\"https:\/\/sanluisinforma.com\/#\/schema\/person\/c30648f71476be533b6f59d092905c8b\"},\"headline\":\"Con respaldo del Estado, Atleta Ol\u00edmpica participara en Evento Boxeando \u00a0Por la Paz\",\"datePublished\":\"2025-03-28T06:25:00+00:00\",\"dateModified\":\"2025-03-28T01:46:56+00:00\",\"mainEntityOfPage\":{\"@id\":\"https:\/\/sanluisinforma.com\/?p=11286\"},\"wordCount\":310,\"publisher\":{\"@id\":\"https:\/\/sanluisinforma.com\/#organization\"},\"image\":{\"@id\":\"https:\/\/sanluisinforma.com\/?p=11286#primaryimage\"},\"thumbnailUrl\":\"https:\/\/sanluisinforma.com\/wp-content\/uploads\/2025\/03\/ccd06830-548d-48b3-8253-35e61797a56b.jpg\",\"articleSection\":[\"Deportes\"],\"inLanguage\":\"es\"},{\"@type\":\"WebPage\",\"@id\":\"https:\/\/sanluisinforma.com\/?p=11286\",\"url\":\"https:\/\/sanluisinforma.com\/?p=11286\",\"name\":\"Con respaldo del Estado, Atleta Ol\u00edmpica participara en Evento Boxeando \u00a0Por la Paz - sanluisinforma.com\",\"isPartOf\":{\"@id\":\"https:\/\/sanluisinforma.com\/#website\"},\"primaryImageOfPage\":{\"@id\":\"https:\/\/sanluisinforma.com\/?p=11286#primaryimage\"},\"image\":{\"@id\":\"https:\/\/sanluisinforma.com\/?p=11286#primaryimage\"},\"thumbnailUrl\":\"https:\/\/sanluisinforma.com\/wp-content\/uploads\/2025\/03\/ccd06830-548d-48b3-8253-35e61797a56b.jpg\",\"datePublished\":\"2025-03-28T06:25:00+00:00\",\"dateModified\":\"2025-03-28T01:46:56+00:00\",\"breadcrumb\":{\"@id\":\"https:\/\/sanluisinforma.com\/?p=11286#breadcrumb\"},\"inLanguage\":\"es\",\"potentialAction\":[{\"@type\":\"ReadAction\",\"target\":[\"https:\/\/sanluisinforma.com\/?p=11286\"]}]},{\"@type\":\"ImageObject\",\"inLanguage\":\"es\",\"@id\":\"https:\/\/sanluisinforma.com\/?p=11286#primaryimage\",\"url\":\"https:\/\/sanluisinforma.com\/wp-content\/uploads\/2025\/03\/ccd06830-548d-48b3-8253-35e61797a56b.jpg\",\"contentUrl\":\"https:\/\/sanluisinforma.com\/wp-content\/uploads\/2025\/03\/ccd06830-548d-48b3-8253-35e61797a56b.jpg\",\"width\":480,\"height\":320},{\"@type\":\"BreadcrumbList\",\"@id\":\"https:\/\/sanluisinforma.com\/?p=11286#breadcrumb\",\"itemListElement\":[{\"@type\":\"ListItem\",\"position\":1,\"name\":\"Inicio\",\"item\":\"https:\/\/sanluisinforma.com\/\"},{\"@type\":\"ListItem\",\"position\":2,\"name\":\"Con respaldo del Estado, Atleta Ol\u00edmpica participara en Evento Boxeando \u00a0Por la Paz\"}]},{\"@type\":\"WebSite\",\"@id\":\"https:\/\/sanluisinforma.com\/#website\",\"url\":\"https:\/\/sanluisinforma.com\/\",\"name\":\"sanluisinforma.com\",\"description\":\"Periodico San Luis Informa\",\"publisher\":{\"@id\":\"https:\/\/sanluisinforma.com\/#organization\"},\"potentialAction\":[{\"@type\":\"SearchAction\",\"target\":{\"@type\":\"EntryPoint\",\"urlTemplate\":\"https:\/\/sanluisinforma.com\/?s={search_term_string}\"},\"query-input\":{\"@type\":\"PropertyValueSpecification\",\"valueRequired\":true,\"valueName\":\"search_term_string\"}}],\"inLanguage\":\"es\"},{\"@type\":\"Organization\",\"@id\":\"https:\/\/sanluisinforma.com\/#organization\",\"name\":\"sanluisinforma.com\",\"url\":\"https:\/\/sanluisinforma.com\/\",\"logo\":{\"@type\":\"ImageObject\",\"inLanguage\":\"es\",\"@id\":\"https:\/\/sanluisinforma.com\/#\/schema\/logo\/image\/\",\"url\":\"https:\/\/sanluisinforma.com\/wp-content\/uploads\/2026\/03\/sanluisinforma-V.jpg\",\"contentUrl\":\"https:\/\/sanluisinforma.com\/wp-content\/uploads\/2026\/03\/sanluisinforma-V.jpg\",\"width\":500,\"height\":156,\"caption\":\"sanluisinforma.com\"},\"image\":{\"@id\":\"https:\/\/sanluisinforma.com\/#\/schema\/logo\/image\/\"}},{\"@type\":\"Person\",\"@id\":\"https:\/\/sanluisinforma.com\/#\/schema\/person\/c30648f71476be533b6f59d092905c8b\",\"name\":\"sanluisinforma.com\",\"image\":{\"@type\":\"ImageObject\",\"inLanguage\":\"es\",\"@id\":\"https:\/\/sanluisinforma.com\/#\/schema\/person\/image\/\",\"url\":\"https:\/\/secure.gravatar.com\/avatar\/86e3114e34a1eecefb963e0a02f0093f93b092dddb2fe1517596343751081a87?s=96&d=mm&r=g\",\"contentUrl\":\"https:\/\/secure.gravatar.com\/avatar\/86e3114e34a1eecefb963e0a02f0093f93b092dddb2fe1517596343751081a87?s=96&d=mm&r=g\",\"caption\":\"sanluisinforma.com\"},\"url\":\"https:\/\/sanluisinforma.com\/?author=2\"}]}<\/script>\n<!-- \/ Yoast SEO plugin. -->","yoast_head_json":{"title":"Con respaldo del Estado, Atleta Ol\u00edmpica participara en Evento Boxeando \u00a0Por la Paz - sanluisinforma.com","robots":{"index":"index","follow":"follow","max-snippet":"max-snippet:-1","max-image-preview":"max-image-preview:large","max-video-preview":"max-video-preview:-1"},"canonical":"https:\/\/sanluisinforma.com\/?p=11286","og_locale":"es_MX","og_type":"article","og_title":"Con respaldo del Estado, Atleta Ol\u00edmpica participara en Evento Boxeando \u00a0Por la Paz - sanluisinforma.com","og_description":"Tendr\u00e1 lugar el pr\u00f3ximo domingo 6 de abril en la plaza de Los Fundadores, dio a conocer el Inpode En","og_url":"https:\/\/sanluisinforma.com\/?p=11286","og_site_name":"sanluisinforma.com","article_published_time":"2025-03-28T06:25:00+00:00","article_modified_time":"2025-03-28T01:46:56+00:00","og_image":[{"width":480,"height":320,"url":"https:\/\/sanluisinforma.com\/wp-content\/uploads\/2025\/03\/ccd06830-548d-48b3-8253-35e61797a56b.jpg","type":"image\/jpeg"}],"author":"sanluisinforma.com","twitter_card":"summary_large_image","twitter_misc":{"Escrito por":"sanluisinforma.com","Tiempo de lectura":"2 minutos"},"schema":{"@context":"https:\/\/schema.org","@graph":[{"@type":"Article","@id":"https:\/\/sanluisinforma.com\/?p=11286#article","isPartOf":{"@id":"https:\/\/sanluisinforma.com\/?p=11286"},"author":{"name":"sanluisinforma.com","@id":"https:\/\/sanluisinforma.com\/#\/schema\/person\/c30648f71476be533b6f59d092905c8b"},"headline":"Con respaldo del Estado, Atleta Ol\u00edmpica participara en Evento Boxeando \u00a0Por la Paz","datePublished":"2025-03-28T06:25:00+00:00","dateModified":"2025-03-28T01:46:56+00:00","mainEntityOfPage":{"@id":"https:\/\/sanluisinforma.com\/?p=11286"},"wordCount":310,"publisher":{"@id":"https:\/\/sanluisinforma.com\/#organization"},"image":{"@id":"https:\/\/sanluisinforma.com\/?p=11286#primaryimage"},"thumbnailUrl":"https:\/\/sanluisinforma.com\/wp-content\/uploads\/2025\/03\/ccd06830-548d-48b3-8253-35e61797a56b.jpg","articleSection":["Deportes"],"inLanguage":"es"},{"@type":"WebPage","@id":"https:\/\/sanluisinforma.com\/?p=11286","url":"https:\/\/sanluisinforma.com\/?p=11286","name":"Con respaldo del Estado, Atleta Ol\u00edmpica participara en Evento Boxeando \u00a0Por la Paz - sanluisinforma.com","isPartOf":{"@id":"https:\/\/sanluisinforma.com\/#website"},"primaryImageOfPage":{"@id":"https:\/\/sanluisinforma.com\/?p=11286#primaryimage"},"image":{"@id":"https:\/\/sanluisinforma.com\/?p=11286#primaryimage"},"thumbnailUrl":"https:\/\/sanluisinforma.com\/wp-content\/uploads\/2025\/03\/ccd06830-548d-48b3-8253-35e61797a56b.jpg","datePublished":"2025-03-28T06:25:00+00:00","dateModified":"2025-03-28T01:46:56+00:00","breadcrumb":{"@id":"https:\/\/sanluisinforma.com\/?p=11286#breadcrumb"},"inLanguage":"es","potentialAction":[{"@type":"ReadAction","target":["https:\/\/sanluisinforma.com\/?p=11286"]}]},{"@type":"ImageObject","inLanguage":"es","@id":"https:\/\/sanluisinforma.com\/?p=11286#primaryimage","url":"https:\/\/sanluisinforma.com\/wp-content\/uploads\/2025\/03\/ccd06830-548d-48b3-8253-35e61797a56b.jpg","contentUrl":"https:\/\/sanluisinforma.com\/wp-content\/uploads\/2025\/03\/ccd06830-548d-48b3-8253-35e61797a56b.jpg","width":480,"height":320},{"@type":"BreadcrumbList","@id":"https:\/\/sanluisinforma.com\/?p=11286#breadcrumb","itemListElement":[{"@type":"ListItem","position":1,"name":"Inicio","item":"https:\/\/sanluisinforma.com\/"},{"@type":"ListItem","position":2,"name":"Con respaldo del Estado, Atleta Ol\u00edmpica participara en Evento Boxeando \u00a0Por la Paz"}]},{"@type":"WebSite","@id":"https:\/\/sanluisinforma.com\/#website","url":"https:\/\/sanluisinforma.com\/","name":"sanluisinforma.com","description":"Periodico San Luis Informa","publisher":{"@id":"https:\/\/sanluisinforma.com\/#organization"},"potentialAction":[{"@type":"SearchAction","target":{"@type":"EntryPoint","urlTemplate":"https:\/\/sanluisinforma.com\/?s={search_term_string}"},"query-input":{"@type":"PropertyValueSpecification","valueRequired":true,"valueName":"search_term_string"}}],"inLanguage":"es"},{"@type":"Organization","@id":"https:\/\/sanluisinforma.com\/#organization","name":"sanluisinforma.com","url":"https:\/\/sanluisinforma.com\/","logo":{"@type":"ImageObject","inLanguage":"es","@id":"https:\/\/sanluisinforma.com\/#\/schema\/logo\/image\/","url":"https:\/\/sanluisinforma.com\/wp-content\/uploads\/2026\/03\/sanluisinforma-V.jpg","contentUrl":"https:\/\/sanluisinforma.com\/wp-content\/uploads\/2026\/03\/sanluisinforma-V.jpg","width":500,"height":156,"caption":"sanluisinforma.com"},"image":{"@id":"https:\/\/sanluisinforma.com\/#\/schema\/logo\/image\/"}},{"@type":"Person","@id":"https:\/\/sanluisinforma.com\/#\/schema\/person\/c30648f71476be533b6f59d092905c8b","name":"sanluisinforma.com","image":{"@type":"ImageObject","inLanguage":"es","@id":"https:\/\/sanluisinforma.com\/#\/schema\/person\/image\/","url":"https:\/\/secure.gravatar.com\/avatar\/86e3114e34a1eecefb963e0a02f0093f93b092dddb2fe1517596343751081a87?s=96&d=mm&r=g","contentUrl":"https:\/\/secure.gravatar.com\/avatar\/86e3114e34a1eecefb963e0a02f0093f93b092dddb2fe1517596343751081a87?s=96&d=mm&r=g","caption":"sanluisinforma.com"},"url":"https:\/\/sanluisinforma.com\/?author=2"}]}},"_links":{"self":[{"href":"https:\/\/sanluisinforma.com\/index.php?rest_route=\/wp\/v2\/posts\/11286","targetHints":{"allow":["GET"]}}],"collection":[{"href":"https:\/\/sanluisinforma.com\/index.php?rest_route=\/wp\/v2\/posts"}],"about":[{"href":"https:\/\/sanluisinforma.com\/index.php?rest_route=\/wp\/v2\/types\/post"}],"author":[{"embeddable":true,"href":"https:\/\/sanluisinforma.com\/index.php?rest_route=\/wp\/v2\/users\/2"}],"replies":[{"embeddable":true,"href":"https:\/\/sanluisinforma.com\/index.php?rest_route=%2Fwp%2Fv2%2Fcomments&post=11286"}],"version-history":[{"count":1,"href":"https:\/\/sanluisinforma.com\/index.php?rest_route=\/wp\/v2\/posts\/11286\/revisions"}],"predecessor-version":[{"id":11288,"href":"https:\/\/sanluisinforma.com\/index.php?rest_route=\/wp\/v2\/posts\/11286\/revisions\/11288"}],"wp:featuredmedia":[{"embeddable":true,"href":"https:\/\/sanluisinforma.com\/index.php?rest_route=\/wp\/v2\/media\/11287"}],"wp:attachment":[{"href":"https:\/\/sanluisinforma.com\/index.php?rest_route=%2Fwp%2Fv2%2Fmedia&parent=11286"}],"wp:term":[{"taxonomy":"category","embeddable":true,"href":"https:\/\/sanluisinforma.com\/index.php?rest_route=%2Fwp%2Fv2%2Fcategories&post=11286"},{"taxonomy":"post_tag","embeddable":true,"href":"https:\/\/sanluisinforma.com\/index.php?rest_route=%2Fwp%2Fv2%2Ftags&post=11286"}],"curies":[{"name":"wp","href":"https:\/\/api.w.org\/{rel}","templated":true}]}}