{"id":11526,"date":"2025-04-08T00:45:00","date_gmt":"2025-04-08T06:45:00","guid":{"rendered":"https:\/\/sanluisinforma.com\/?p=11526"},"modified":"2025-04-07T21:53:47","modified_gmt":"2025-04-08T03:53:47","slug":"coordinacion-de-seguridad-mandato-constitucional-que-cumple-san-luis-capital","status":"publish","type":"post","link":"https:\/\/sanluisinforma.com\/?p=11526","title":{"rendered":"Coordinaci\u00f3n de seguridad: mandato constitucional que cumple San Luis Capital"},"content":{"rendered":"\n<ul class=\"wp-block-list\">\n<li><strong>El Alcalde Enrique Galindo Ceballos encabez\u00f3 la instalaci\u00f3n del Consejo Municipal de Seguridad P\u00fablica 2024-2027, con el que San Luis Capital cumple su compromiso de coordinar estrategias con los gobiernos estatal y federal, en apego al Modelo Nacional de Seguridad.<\/strong><\/li>\n<\/ul>\n\n\n\n<p><\/p>\n\n\n\n<p><a><\/a>Al encabezar la instalaci\u00f3n y primera sesi\u00f3n ordinaria del Consejo Municipal de Seguridad P\u00fablica 2024-2027, el Alcalde Enrique Galindo Ceballos afirm\u00f3 que con este acto el municipio cumple a cabalidad con los ordenamientos constitucionales y legales en materia de seguridad p\u00fablica, como un firme compromiso con la coordinaci\u00f3n de estrategias entre los tres niveles de gobierno, conforme lo establece el Sistema Nacional de Seguridad P\u00fablica.<\/p>\n\n\n\n<p><a><\/a>En su calidad de Presidente del Consejo, el Alcalde Enrique Galindo tom\u00f3 protesta a las y los integrantes de este \u00f3rgano colegiado y enfatiz\u00f3 que su instalaci\u00f3n da legalidad y operatividad al modelo de seguridad que impulsa su gobierno. Se\u00f1al\u00f3 que el Consejo Municipal de Seguridad P\u00fablica es una herramienta clave para fortalecer la prevenci\u00f3n del delito, la justicia c\u00edvica y la articulaci\u00f3n institucional desde el \u00e1mbito local hacia el nacional.<\/p>\n\n\n\n<p><a><\/a>Durante la sesi\u00f3n, el Presidente Municipal destac\u00f3 que algunas estrategias dise\u00f1adas y aplicadas en San Luis Capital podr\u00edan escalarse al nivel federal por sus resultados positivos. Mencion\u00f3 entre ellas a los Comit\u00e9s Ciudadanos de Seguridad e Inteligencia Social, el Modelo Homologado de Justicia C\u00edvica y el Operativo Austral, iniciativas de car\u00e1cter local que hoy se posicionan como referentes por su innovaci\u00f3n y eficacia.<\/p>\n\n\n\n<p><a><\/a>Adem\u00e1s, el Alcalde Galindo reiter\u00f3 que San Luis Potos\u00ed cuenta con una pol\u00edtica de seguridad integral, que incluye acciones espec\u00edficas contra la violencia familiar, de g\u00e9nero y el maltrato animal, as\u00ed como programas de atenci\u00f3n a delitos cibern\u00e9ticos. Todo ello se enmarca en un modelo preventivo y de proximidad social que busca generar entornos seguros para las familias potosinas.<\/p>\n\n\n\n<p><a><\/a>El Consejo Municipal de Seguridad P\u00fablica qued\u00f3 integrado por: Enrique Galindo Ceballos, Presidente Municipal de San Luis Potos\u00ed y Presidente del Consejo; Fernando Ch\u00e1vez M\u00e9ndez, Secretario General del Gobierno Municipal; V\u00edctor Hugo Salgado Delgadillo, Primer S\u00edndico; el Regidor Jorge Alberto Zavala L\u00f3pez, Presidente de la Comisi\u00f3n de Polic\u00eda y Vialidad del Cabildo; Juan Antonio Villa Guti\u00e9rrez, Secretario de Seguridad Municipal y Secretario Ejecutivo del Consejo; Mar\u00eda Manuela Garc\u00eda Cazares, Fiscal General del Estado; Rosal\u00edo Ramos Garc\u00eda, Encargado de la Guardia Civil Estatal; Jes\u00fas Ju\u00e1rez Hern\u00e1ndez, Encargado de la Secretar\u00eda de Seguridad estatal; Nohem\u00ed Proal Huerta, Secretaria Ejecutiva del Consejo Estatal de Seguridad; Margot Montes Sandoval, Directora de Prevenci\u00f3n y Reinserci\u00f3n Social; David Silva Cruz, de Justicia Penal para Adolescentes; y el General de Brigada D.E.M. Jos\u00e9 Felipe Padilla Casta\u00f1eda, Comandante de la 12\u00aa Zona Militar.<\/p>\n","protected":false},"excerpt":{"rendered":"<p>Al encabezar la instalaci\u00f3n y primera sesi\u00f3n ordinaria del Consejo Municipal de Seguridad P\u00fablica 2024-2027, el Alcalde Enrique Galindo Ceballos<\/p>\n","protected":false},"author":2,"featured_media":11527,"comment_status":"closed","ping_status":"closed","sticky":false,"template":"","format":"standard","meta":{"footnotes":""},"categories":[30],"tags":[],"class_list":["post-11526","post","type-post","status-publish","format-standard","has-post-thumbnail","hentry","category-portada"],"yoast_head":"<!-- This site is optimized with the Yoast SEO plugin v24.1 - https:\/\/yoast.com\/wordpress\/plugins\/seo\/ -->\n<title>Coordinaci\u00f3n de seguridad: mandato constitucional que cumple San Luis Capital - sanluisinforma.com<\/title>\n<meta name=\"robots\" content=\"index, follow, max-snippet:-1, max-image-preview:large, max-video-preview:-1\" \/>\n<link rel=\"canonical\" href=\"https:\/\/sanluisinforma.com\/?p=11526\" \/>\n<meta property=\"og:locale\" content=\"es_MX\" \/>\n<meta property=\"og:type\" content=\"article\" \/>\n<meta property=\"og:title\" content=\"Coordinaci\u00f3n de seguridad: mandato constitucional que cumple San Luis Capital - sanluisinforma.com\" \/>\n<meta property=\"og:description\" content=\"Al encabezar la instalaci\u00f3n y primera sesi\u00f3n ordinaria del Consejo Municipal de Seguridad P\u00fablica 2024-2027, el Alcalde Enrique Galindo Ceballos\" \/>\n<meta property=\"og:url\" content=\"https:\/\/sanluisinforma.com\/?p=11526\" \/>\n<meta property=\"og:site_name\" content=\"sanluisinforma.com\" \/>\n<meta property=\"article:published_time\" content=\"2025-04-08T06:45:00+00:00\" \/>\n<meta property=\"article:modified_time\" content=\"2025-04-08T03:53:47+00:00\" \/>\n<meta property=\"og:image\" content=\"https:\/\/sanluisinforma.com\/wp-content\/uploads\/2025\/04\/ab6b75e4-f53f-49a9-b4cd-e2537f962414.jpg\" \/>\n\t<meta property=\"og:image:width\" content=\"480\" \/>\n\t<meta property=\"og:image:height\" content=\"319\" \/>\n\t<meta property=\"og:image:type\" content=\"image\/jpeg\" \/>\n<meta name=\"author\" content=\"sanluisinforma.com\" \/>\n<meta name=\"twitter:card\" content=\"summary_large_image\" \/>\n<meta name=\"twitter:label1\" content=\"Escrito por\" \/>\n\t<meta name=\"twitter:data1\" content=\"sanluisinforma.com\" \/>\n\t<meta name=\"twitter:label2\" content=\"Tiempo de lectura\" \/>\n\t<meta name=\"twitter:data2\" content=\"3 minutos\" \/>\n<script type=\"application\/ld+json\" class=\"yoast-schema-graph\">{\"@context\":\"https:\/\/schema.org\",\"@graph\":[{\"@type\":\"Article\",\"@id\":\"https:\/\/sanluisinforma.com\/?p=11526#article\",\"isPartOf\":{\"@id\":\"https:\/\/sanluisinforma.com\/?p=11526\"},\"author\":{\"name\":\"sanluisinforma.com\",\"@id\":\"https:\/\/sanluisinforma.com\/#\/schema\/person\/c30648f71476be533b6f59d092905c8b\"},\"headline\":\"Coordinaci\u00f3n de seguridad: mandato constitucional que cumple San Luis Capital\",\"datePublished\":\"2025-04-08T06:45:00+00:00\",\"dateModified\":\"2025-04-08T03:53:47+00:00\",\"mainEntityOfPage\":{\"@id\":\"https:\/\/sanluisinforma.com\/?p=11526\"},\"wordCount\":492,\"publisher\":{\"@id\":\"https:\/\/sanluisinforma.com\/#organization\"},\"image\":{\"@id\":\"https:\/\/sanluisinforma.com\/?p=11526#primaryimage\"},\"thumbnailUrl\":\"https:\/\/sanluisinforma.com\/wp-content\/uploads\/2025\/04\/ab6b75e4-f53f-49a9-b4cd-e2537f962414.jpg\",\"articleSection\":[\"Portada\"],\"inLanguage\":\"es\"},{\"@type\":\"WebPage\",\"@id\":\"https:\/\/sanluisinforma.com\/?p=11526\",\"url\":\"https:\/\/sanluisinforma.com\/?p=11526\",\"name\":\"Coordinaci\u00f3n de seguridad: mandato constitucional que cumple San Luis Capital - sanluisinforma.com\",\"isPartOf\":{\"@id\":\"https:\/\/sanluisinforma.com\/#website\"},\"primaryImageOfPage\":{\"@id\":\"https:\/\/sanluisinforma.com\/?p=11526#primaryimage\"},\"image\":{\"@id\":\"https:\/\/sanluisinforma.com\/?p=11526#primaryimage\"},\"thumbnailUrl\":\"https:\/\/sanluisinforma.com\/wp-content\/uploads\/2025\/04\/ab6b75e4-f53f-49a9-b4cd-e2537f962414.jpg\",\"datePublished\":\"2025-04-08T06:45:00+00:00\",\"dateModified\":\"2025-04-08T03:53:47+00:00\",\"breadcrumb\":{\"@id\":\"https:\/\/sanluisinforma.com\/?p=11526#breadcrumb\"},\"inLanguage\":\"es\",\"potentialAction\":[{\"@type\":\"ReadAction\",\"target\":[\"https:\/\/sanluisinforma.com\/?p=11526\"]}]},{\"@type\":\"ImageObject\",\"inLanguage\":\"es\",\"@id\":\"https:\/\/sanluisinforma.com\/?p=11526#primaryimage\",\"url\":\"https:\/\/sanluisinforma.com\/wp-content\/uploads\/2025\/04\/ab6b75e4-f53f-49a9-b4cd-e2537f962414.jpg\",\"contentUrl\":\"https:\/\/sanluisinforma.com\/wp-content\/uploads\/2025\/04\/ab6b75e4-f53f-49a9-b4cd-e2537f962414.jpg\",\"width\":480,\"height\":319},{\"@type\":\"BreadcrumbList\",\"@id\":\"https:\/\/sanluisinforma.com\/?p=11526#breadcrumb\",\"itemListElement\":[{\"@type\":\"ListItem\",\"position\":1,\"name\":\"Inicio\",\"item\":\"https:\/\/sanluisinforma.com\/\"},{\"@type\":\"ListItem\",\"position\":2,\"name\":\"Coordinaci\u00f3n de seguridad: mandato constitucional que cumple San Luis Capital\"}]},{\"@type\":\"WebSite\",\"@id\":\"https:\/\/sanluisinforma.com\/#website\",\"url\":\"https:\/\/sanluisinforma.com\/\",\"name\":\"sanluisinforma.com\",\"description\":\"Periodico San Luis Informa\",\"publisher\":{\"@id\":\"https:\/\/sanluisinforma.com\/#organization\"},\"potentialAction\":[{\"@type\":\"SearchAction\",\"target\":{\"@type\":\"EntryPoint\",\"urlTemplate\":\"https:\/\/sanluisinforma.com\/?s={search_term_string}\"},\"query-input\":{\"@type\":\"PropertyValueSpecification\",\"valueRequired\":true,\"valueName\":\"search_term_string\"}}],\"inLanguage\":\"es\"},{\"@type\":\"Organization\",\"@id\":\"https:\/\/sanluisinforma.com\/#organization\",\"name\":\"sanluisinforma.com\",\"url\":\"https:\/\/sanluisinforma.com\/\",\"logo\":{\"@type\":\"ImageObject\",\"inLanguage\":\"es\",\"@id\":\"https:\/\/sanluisinforma.com\/#\/schema\/logo\/image\/\",\"url\":\"https:\/\/sanluisinforma.com\/wp-content\/uploads\/2026\/03\/sanluisinforma-V.jpg\",\"contentUrl\":\"https:\/\/sanluisinforma.com\/wp-content\/uploads\/2026\/03\/sanluisinforma-V.jpg\",\"width\":500,\"height\":156,\"caption\":\"sanluisinforma.com\"},\"image\":{\"@id\":\"https:\/\/sanluisinforma.com\/#\/schema\/logo\/image\/\"}},{\"@type\":\"Person\",\"@id\":\"https:\/\/sanluisinforma.com\/#\/schema\/person\/c30648f71476be533b6f59d092905c8b\",\"name\":\"sanluisinforma.com\",\"image\":{\"@type\":\"ImageObject\",\"inLanguage\":\"es\",\"@id\":\"https:\/\/sanluisinforma.com\/#\/schema\/person\/image\/\",\"url\":\"https:\/\/secure.gravatar.com\/avatar\/86e3114e34a1eecefb963e0a02f0093f93b092dddb2fe1517596343751081a87?s=96&d=mm&r=g\",\"contentUrl\":\"https:\/\/secure.gravatar.com\/avatar\/86e3114e34a1eecefb963e0a02f0093f93b092dddb2fe1517596343751081a87?s=96&d=mm&r=g\",\"caption\":\"sanluisinforma.com\"},\"url\":\"https:\/\/sanluisinforma.com\/?author=2\"}]}<\/script>\n<!-- \/ Yoast SEO plugin. -->","yoast_head_json":{"title":"Coordinaci\u00f3n de seguridad: mandato constitucional que cumple San Luis Capital - sanluisinforma.com","robots":{"index":"index","follow":"follow","max-snippet":"max-snippet:-1","max-image-preview":"max-image-preview:large","max-video-preview":"max-video-preview:-1"},"canonical":"https:\/\/sanluisinforma.com\/?p=11526","og_locale":"es_MX","og_type":"article","og_title":"Coordinaci\u00f3n de seguridad: mandato constitucional que cumple San Luis Capital - sanluisinforma.com","og_description":"Al encabezar la instalaci\u00f3n y primera sesi\u00f3n ordinaria del Consejo Municipal de Seguridad P\u00fablica 2024-2027, el Alcalde Enrique Galindo Ceballos","og_url":"https:\/\/sanluisinforma.com\/?p=11526","og_site_name":"sanluisinforma.com","article_published_time":"2025-04-08T06:45:00+00:00","article_modified_time":"2025-04-08T03:53:47+00:00","og_image":[{"width":480,"height":319,"url":"https:\/\/sanluisinforma.com\/wp-content\/uploads\/2025\/04\/ab6b75e4-f53f-49a9-b4cd-e2537f962414.jpg","type":"image\/jpeg"}],"author":"sanluisinforma.com","twitter_card":"summary_large_image","twitter_misc":{"Escrito por":"sanluisinforma.com","Tiempo de lectura":"3 minutos"},"schema":{"@context":"https:\/\/schema.org","@graph":[{"@type":"Article","@id":"https:\/\/sanluisinforma.com\/?p=11526#article","isPartOf":{"@id":"https:\/\/sanluisinforma.com\/?p=11526"},"author":{"name":"sanluisinforma.com","@id":"https:\/\/sanluisinforma.com\/#\/schema\/person\/c30648f71476be533b6f59d092905c8b"},"headline":"Coordinaci\u00f3n de seguridad: mandato constitucional que cumple San Luis Capital","datePublished":"2025-04-08T06:45:00+00:00","dateModified":"2025-04-08T03:53:47+00:00","mainEntityOfPage":{"@id":"https:\/\/sanluisinforma.com\/?p=11526"},"wordCount":492,"publisher":{"@id":"https:\/\/sanluisinforma.com\/#organization"},"image":{"@id":"https:\/\/sanluisinforma.com\/?p=11526#primaryimage"},"thumbnailUrl":"https:\/\/sanluisinforma.com\/wp-content\/uploads\/2025\/04\/ab6b75e4-f53f-49a9-b4cd-e2537f962414.jpg","articleSection":["Portada"],"inLanguage":"es"},{"@type":"WebPage","@id":"https:\/\/sanluisinforma.com\/?p=11526","url":"https:\/\/sanluisinforma.com\/?p=11526","name":"Coordinaci\u00f3n de seguridad: mandato constitucional que cumple San Luis Capital - sanluisinforma.com","isPartOf":{"@id":"https:\/\/sanluisinforma.com\/#website"},"primaryImageOfPage":{"@id":"https:\/\/sanluisinforma.com\/?p=11526#primaryimage"},"image":{"@id":"https:\/\/sanluisinforma.com\/?p=11526#primaryimage"},"thumbnailUrl":"https:\/\/sanluisinforma.com\/wp-content\/uploads\/2025\/04\/ab6b75e4-f53f-49a9-b4cd-e2537f962414.jpg","datePublished":"2025-04-08T06:45:00+00:00","dateModified":"2025-04-08T03:53:47+00:00","breadcrumb":{"@id":"https:\/\/sanluisinforma.com\/?p=11526#breadcrumb"},"inLanguage":"es","potentialAction":[{"@type":"ReadAction","target":["https:\/\/sanluisinforma.com\/?p=11526"]}]},{"@type":"ImageObject","inLanguage":"es","@id":"https:\/\/sanluisinforma.com\/?p=11526#primaryimage","url":"https:\/\/sanluisinforma.com\/wp-content\/uploads\/2025\/04\/ab6b75e4-f53f-49a9-b4cd-e2537f962414.jpg","contentUrl":"https:\/\/sanluisinforma.com\/wp-content\/uploads\/2025\/04\/ab6b75e4-f53f-49a9-b4cd-e2537f962414.jpg","width":480,"height":319},{"@type":"BreadcrumbList","@id":"https:\/\/sanluisinforma.com\/?p=11526#breadcrumb","itemListElement":[{"@type":"ListItem","position":1,"name":"Inicio","item":"https:\/\/sanluisinforma.com\/"},{"@type":"ListItem","position":2,"name":"Coordinaci\u00f3n de seguridad: mandato constitucional que cumple San Luis Capital"}]},{"@type":"WebSite","@id":"https:\/\/sanluisinforma.com\/#website","url":"https:\/\/sanluisinforma.com\/","name":"sanluisinforma.com","description":"Periodico San Luis Informa","publisher":{"@id":"https:\/\/sanluisinforma.com\/#organization"},"potentialAction":[{"@type":"SearchAction","target":{"@type":"EntryPoint","urlTemplate":"https:\/\/sanluisinforma.com\/?s={search_term_string}"},"query-input":{"@type":"PropertyValueSpecification","valueRequired":true,"valueName":"search_term_string"}}],"inLanguage":"es"},{"@type":"Organization","@id":"https:\/\/sanluisinforma.com\/#organization","name":"sanluisinforma.com","url":"https:\/\/sanluisinforma.com\/","logo":{"@type":"ImageObject","inLanguage":"es","@id":"https:\/\/sanluisinforma.com\/#\/schema\/logo\/image\/","url":"https:\/\/sanluisinforma.com\/wp-content\/uploads\/2026\/03\/sanluisinforma-V.jpg","contentUrl":"https:\/\/sanluisinforma.com\/wp-content\/uploads\/2026\/03\/sanluisinforma-V.jpg","width":500,"height":156,"caption":"sanluisinforma.com"},"image":{"@id":"https:\/\/sanluisinforma.com\/#\/schema\/logo\/image\/"}},{"@type":"Person","@id":"https:\/\/sanluisinforma.com\/#\/schema\/person\/c30648f71476be533b6f59d092905c8b","name":"sanluisinforma.com","image":{"@type":"ImageObject","inLanguage":"es","@id":"https:\/\/sanluisinforma.com\/#\/schema\/person\/image\/","url":"https:\/\/secure.gravatar.com\/avatar\/86e3114e34a1eecefb963e0a02f0093f93b092dddb2fe1517596343751081a87?s=96&d=mm&r=g","contentUrl":"https:\/\/secure.gravatar.com\/avatar\/86e3114e34a1eecefb963e0a02f0093f93b092dddb2fe1517596343751081a87?s=96&d=mm&r=g","caption":"sanluisinforma.com"},"url":"https:\/\/sanluisinforma.com\/?author=2"}]}},"_links":{"self":[{"href":"https:\/\/sanluisinforma.com\/index.php?rest_route=\/wp\/v2\/posts\/11526","targetHints":{"allow":["GET"]}}],"collection":[{"href":"https:\/\/sanluisinforma.com\/index.php?rest_route=\/wp\/v2\/posts"}],"about":[{"href":"https:\/\/sanluisinforma.com\/index.php?rest_route=\/wp\/v2\/types\/post"}],"author":[{"embeddable":true,"href":"https:\/\/sanluisinforma.com\/index.php?rest_route=\/wp\/v2\/users\/2"}],"replies":[{"embeddable":true,"href":"https:\/\/sanluisinforma.com\/index.php?rest_route=%2Fwp%2Fv2%2Fcomments&post=11526"}],"version-history":[{"count":1,"href":"https:\/\/sanluisinforma.com\/index.php?rest_route=\/wp\/v2\/posts\/11526\/revisions"}],"predecessor-version":[{"id":11528,"href":"https:\/\/sanluisinforma.com\/index.php?rest_route=\/wp\/v2\/posts\/11526\/revisions\/11528"}],"wp:featuredmedia":[{"embeddable":true,"href":"https:\/\/sanluisinforma.com\/index.php?rest_route=\/wp\/v2\/media\/11527"}],"wp:attachment":[{"href":"https:\/\/sanluisinforma.com\/index.php?rest_route=%2Fwp%2Fv2%2Fmedia&parent=11526"}],"wp:term":[{"taxonomy":"category","embeddable":true,"href":"https:\/\/sanluisinforma.com\/index.php?rest_route=%2Fwp%2Fv2%2Fcategories&post=11526"},{"taxonomy":"post_tag","embeddable":true,"href":"https:\/\/sanluisinforma.com\/index.php?rest_route=%2Fwp%2Fv2%2Ftags&post=11526"}],"curies":[{"name":"wp","href":"https:\/\/api.w.org\/{rel}","templated":true}]}}