{"id":11535,"date":"2025-04-08T00:35:00","date_gmt":"2025-04-08T06:35:00","guid":{"rendered":"https:\/\/sanluisinforma.com\/?p=11535"},"modified":"2025-04-07T22:12:22","modified_gmt":"2025-04-08T04:12:22","slug":"marco-gama-presenta-iniciativa-para-reconocer-el-derecho-real-a-una-vivienda-digna-en-san-luis-potosi","status":"publish","type":"post","link":"https:\/\/sanluisinforma.com\/?p=11535","title":{"rendered":"Marco Gama presenta iniciativa para reconocer el derecho real a una vivienda digna en San Luis Potos\u00ed"},"content":{"rendered":"\n<p><\/p>\n\n\n\n<p>En rueda de prensa, el diputado Marco Antonio Gama Basarte anunci\u00f3 la presentaci\u00f3n de una iniciativa para reformar el art\u00edculo 12 de la Constituci\u00f3n Pol\u00edtica del Estado de San Luis Potos\u00ed con el objetivo de reconocer el derecho de toda persona a disfrutar de una vivienda digna, adecuada, accesible, segura y duradera, armonizando la legislaci\u00f3n local con el art\u00edculo 4\u00b0 de la Constituci\u00f3n Federal.<\/p>\n\n\n\n<p>\u201cHoy venimos a proponer una reforma con impacto social profundo, una reforma que busca dejar de considerar la vivienda como un privilegio y convertirla en un derecho real para todas y todos, especialmente para quienes m\u00e1s lo necesitan\u201d, expres\u00f3 el legislador, quien enfatiz\u00f3 que San Luis Potos\u00ed enfrenta un d\u00e9ficit de m\u00e1s de 20 mil viviendas tan solo en la zona metropolitana.<\/p>\n\n\n\n<p>La propuesta contempla, adem\u00e1s, impulsar pol\u00edticas p\u00fablicas enfocadas en sectores como personas trabajadoras sin ingreso fijo, j\u00f3venes, mujeres v\u00edctimas de violencia, comunidades ind\u00edgenas y grupos en situaci\u00f3n de vulnerabilidad. Tambi\u00e9n se propone la recuperaci\u00f3n y reaprovechamiento de viviendas abandonadas, en coordinaci\u00f3n con instituciones federales como SEDATU, INFONAVIT e FOVISSSTE, bajo esquemas de renta social.<\/p>\n\n\n\n<p>Marco Gama invit\u00f3 a las fuerzas pol\u00edticas, colegios de profesionistas, sociedad civil y al sector privado a sumarse a esta iniciativa: \u201cLo que buscamos es justicia social. Que el acceso a la vivienda deje de estar determinado por el mercado y se convierta en una pol\u00edtica de Estado. Por eso queremos que esta reforma constitucional garantice reglas claras, diagn\u00f3sticos previos y una planeaci\u00f3n territorial sostenible\u201d.<\/p>\n\n\n\n<p>Finalmente, el legislador naranja subray\u00f3 que esta propuesta no compite, sino complementa los programas estatales y municipales existentes, y reiter\u00f3 su compromiso de avanzar hacia la construcci\u00f3n de un Sistema Estatal de Vivienda que brinde soluciones reales, sostenibles y con visi\u00f3n de futuro.<\/p>\n","protected":false},"excerpt":{"rendered":"<p>En rueda de prensa, el diputado Marco Antonio Gama Basarte anunci\u00f3 la presentaci\u00f3n de una iniciativa para reformar el art\u00edculo<\/p>\n","protected":false},"author":2,"featured_media":11536,"comment_status":"closed","ping_status":"closed","sticky":false,"template":"","format":"standard","meta":{"footnotes":""},"categories":[25],"tags":[],"class_list":["post-11535","post","type-post","status-publish","format-standard","has-post-thumbnail","hentry","category-local"],"yoast_head":"<!-- This site is optimized with the Yoast SEO plugin v24.1 - https:\/\/yoast.com\/wordpress\/plugins\/seo\/ -->\n<title>Marco Gama presenta iniciativa para reconocer el derecho real a una vivienda digna en San Luis Potos\u00ed - sanluisinforma.com<\/title>\n<meta name=\"robots\" content=\"index, follow, max-snippet:-1, max-image-preview:large, max-video-preview:-1\" \/>\n<link rel=\"canonical\" href=\"https:\/\/sanluisinforma.com\/?p=11535\" \/>\n<meta property=\"og:locale\" content=\"es_MX\" \/>\n<meta property=\"og:type\" content=\"article\" \/>\n<meta property=\"og:title\" content=\"Marco Gama presenta iniciativa para reconocer el derecho real a una vivienda digna en San Luis Potos\u00ed - sanluisinforma.com\" \/>\n<meta property=\"og:description\" content=\"En rueda de prensa, el diputado Marco Antonio Gama Basarte anunci\u00f3 la presentaci\u00f3n de una iniciativa para reformar el art\u00edculo\" \/>\n<meta property=\"og:url\" content=\"https:\/\/sanluisinforma.com\/?p=11535\" \/>\n<meta property=\"og:site_name\" content=\"sanluisinforma.com\" \/>\n<meta property=\"article:published_time\" content=\"2025-04-08T06:35:00+00:00\" \/>\n<meta property=\"article:modified_time\" content=\"2025-04-08T04:12:22+00:00\" \/>\n<meta property=\"og:image\" content=\"https:\/\/sanluisinforma.com\/wp-content\/uploads\/2025\/04\/950eb5f4-f668-4337-b1b0-a612ceb58f22.jpg\" \/>\n\t<meta property=\"og:image:width\" content=\"280\" \/>\n\t<meta property=\"og:image:height\" content=\"374\" \/>\n\t<meta property=\"og:image:type\" content=\"image\/jpeg\" \/>\n<meta name=\"author\" content=\"sanluisinforma.com\" \/>\n<meta name=\"twitter:card\" content=\"summary_large_image\" \/>\n<meta name=\"twitter:label1\" content=\"Escrito por\" \/>\n\t<meta name=\"twitter:data1\" content=\"sanluisinforma.com\" \/>\n\t<meta name=\"twitter:label2\" content=\"Tiempo de lectura\" \/>\n\t<meta name=\"twitter:data2\" content=\"2 minutos\" \/>\n<script type=\"application\/ld+json\" class=\"yoast-schema-graph\">{\"@context\":\"https:\/\/schema.org\",\"@graph\":[{\"@type\":\"Article\",\"@id\":\"https:\/\/sanluisinforma.com\/?p=11535#article\",\"isPartOf\":{\"@id\":\"https:\/\/sanluisinforma.com\/?p=11535\"},\"author\":{\"name\":\"sanluisinforma.com\",\"@id\":\"https:\/\/sanluisinforma.com\/#\/schema\/person\/c30648f71476be533b6f59d092905c8b\"},\"headline\":\"Marco Gama presenta iniciativa para reconocer el derecho real a una vivienda digna en San Luis Potos\u00ed\",\"datePublished\":\"2025-04-08T06:35:00+00:00\",\"dateModified\":\"2025-04-08T04:12:22+00:00\",\"mainEntityOfPage\":{\"@id\":\"https:\/\/sanluisinforma.com\/?p=11535\"},\"wordCount\":328,\"publisher\":{\"@id\":\"https:\/\/sanluisinforma.com\/#organization\"},\"image\":{\"@id\":\"https:\/\/sanluisinforma.com\/?p=11535#primaryimage\"},\"thumbnailUrl\":\"https:\/\/sanluisinforma.com\/wp-content\/uploads\/2025\/04\/950eb5f4-f668-4337-b1b0-a612ceb58f22.jpg\",\"articleSection\":[\"Local\"],\"inLanguage\":\"es\"},{\"@type\":\"WebPage\",\"@id\":\"https:\/\/sanluisinforma.com\/?p=11535\",\"url\":\"https:\/\/sanluisinforma.com\/?p=11535\",\"name\":\"Marco Gama presenta iniciativa para reconocer el derecho real a una vivienda digna en San Luis Potos\u00ed - sanluisinforma.com\",\"isPartOf\":{\"@id\":\"https:\/\/sanluisinforma.com\/#website\"},\"primaryImageOfPage\":{\"@id\":\"https:\/\/sanluisinforma.com\/?p=11535#primaryimage\"},\"image\":{\"@id\":\"https:\/\/sanluisinforma.com\/?p=11535#primaryimage\"},\"thumbnailUrl\":\"https:\/\/sanluisinforma.com\/wp-content\/uploads\/2025\/04\/950eb5f4-f668-4337-b1b0-a612ceb58f22.jpg\",\"datePublished\":\"2025-04-08T06:35:00+00:00\",\"dateModified\":\"2025-04-08T04:12:22+00:00\",\"breadcrumb\":{\"@id\":\"https:\/\/sanluisinforma.com\/?p=11535#breadcrumb\"},\"inLanguage\":\"es\",\"potentialAction\":[{\"@type\":\"ReadAction\",\"target\":[\"https:\/\/sanluisinforma.com\/?p=11535\"]}]},{\"@type\":\"ImageObject\",\"inLanguage\":\"es\",\"@id\":\"https:\/\/sanluisinforma.com\/?p=11535#primaryimage\",\"url\":\"https:\/\/sanluisinforma.com\/wp-content\/uploads\/2025\/04\/950eb5f4-f668-4337-b1b0-a612ceb58f22.jpg\",\"contentUrl\":\"https:\/\/sanluisinforma.com\/wp-content\/uploads\/2025\/04\/950eb5f4-f668-4337-b1b0-a612ceb58f22.jpg\",\"width\":280,\"height\":374},{\"@type\":\"BreadcrumbList\",\"@id\":\"https:\/\/sanluisinforma.com\/?p=11535#breadcrumb\",\"itemListElement\":[{\"@type\":\"ListItem\",\"position\":1,\"name\":\"Inicio\",\"item\":\"https:\/\/sanluisinforma.com\/\"},{\"@type\":\"ListItem\",\"position\":2,\"name\":\"Marco Gama presenta iniciativa para reconocer el derecho real a una vivienda digna en San Luis Potos\u00ed\"}]},{\"@type\":\"WebSite\",\"@id\":\"https:\/\/sanluisinforma.com\/#website\",\"url\":\"https:\/\/sanluisinforma.com\/\",\"name\":\"sanluisinforma.com\",\"description\":\"Periodico San Luis Informa\",\"publisher\":{\"@id\":\"https:\/\/sanluisinforma.com\/#organization\"},\"potentialAction\":[{\"@type\":\"SearchAction\",\"target\":{\"@type\":\"EntryPoint\",\"urlTemplate\":\"https:\/\/sanluisinforma.com\/?s={search_term_string}\"},\"query-input\":{\"@type\":\"PropertyValueSpecification\",\"valueRequired\":true,\"valueName\":\"search_term_string\"}}],\"inLanguage\":\"es\"},{\"@type\":\"Organization\",\"@id\":\"https:\/\/sanluisinforma.com\/#organization\",\"name\":\"sanluisinforma.com\",\"url\":\"https:\/\/sanluisinforma.com\/\",\"logo\":{\"@type\":\"ImageObject\",\"inLanguage\":\"es\",\"@id\":\"https:\/\/sanluisinforma.com\/#\/schema\/logo\/image\/\",\"url\":\"https:\/\/sanluisinforma.com\/wp-content\/uploads\/2026\/03\/sanluisinforma-V.jpg\",\"contentUrl\":\"https:\/\/sanluisinforma.com\/wp-content\/uploads\/2026\/03\/sanluisinforma-V.jpg\",\"width\":500,\"height\":156,\"caption\":\"sanluisinforma.com\"},\"image\":{\"@id\":\"https:\/\/sanluisinforma.com\/#\/schema\/logo\/image\/\"}},{\"@type\":\"Person\",\"@id\":\"https:\/\/sanluisinforma.com\/#\/schema\/person\/c30648f71476be533b6f59d092905c8b\",\"name\":\"sanluisinforma.com\",\"image\":{\"@type\":\"ImageObject\",\"inLanguage\":\"es\",\"@id\":\"https:\/\/sanluisinforma.com\/#\/schema\/person\/image\/\",\"url\":\"https:\/\/secure.gravatar.com\/avatar\/86e3114e34a1eecefb963e0a02f0093f93b092dddb2fe1517596343751081a87?s=96&d=mm&r=g\",\"contentUrl\":\"https:\/\/secure.gravatar.com\/avatar\/86e3114e34a1eecefb963e0a02f0093f93b092dddb2fe1517596343751081a87?s=96&d=mm&r=g\",\"caption\":\"sanluisinforma.com\"},\"url\":\"https:\/\/sanluisinforma.com\/?author=2\"}]}<\/script>\n<!-- \/ Yoast SEO plugin. -->","yoast_head_json":{"title":"Marco Gama presenta iniciativa para reconocer el derecho real a una vivienda digna en San Luis Potos\u00ed - sanluisinforma.com","robots":{"index":"index","follow":"follow","max-snippet":"max-snippet:-1","max-image-preview":"max-image-preview:large","max-video-preview":"max-video-preview:-1"},"canonical":"https:\/\/sanluisinforma.com\/?p=11535","og_locale":"es_MX","og_type":"article","og_title":"Marco Gama presenta iniciativa para reconocer el derecho real a una vivienda digna en San Luis Potos\u00ed - sanluisinforma.com","og_description":"En rueda de prensa, el diputado Marco Antonio Gama Basarte anunci\u00f3 la presentaci\u00f3n de una iniciativa para reformar el art\u00edculo","og_url":"https:\/\/sanluisinforma.com\/?p=11535","og_site_name":"sanluisinforma.com","article_published_time":"2025-04-08T06:35:00+00:00","article_modified_time":"2025-04-08T04:12:22+00:00","og_image":[{"width":280,"height":374,"url":"https:\/\/sanluisinforma.com\/wp-content\/uploads\/2025\/04\/950eb5f4-f668-4337-b1b0-a612ceb58f22.jpg","type":"image\/jpeg"}],"author":"sanluisinforma.com","twitter_card":"summary_large_image","twitter_misc":{"Escrito por":"sanluisinforma.com","Tiempo de lectura":"2 minutos"},"schema":{"@context":"https:\/\/schema.org","@graph":[{"@type":"Article","@id":"https:\/\/sanluisinforma.com\/?p=11535#article","isPartOf":{"@id":"https:\/\/sanluisinforma.com\/?p=11535"},"author":{"name":"sanluisinforma.com","@id":"https:\/\/sanluisinforma.com\/#\/schema\/person\/c30648f71476be533b6f59d092905c8b"},"headline":"Marco Gama presenta iniciativa para reconocer el derecho real a una vivienda digna en San Luis Potos\u00ed","datePublished":"2025-04-08T06:35:00+00:00","dateModified":"2025-04-08T04:12:22+00:00","mainEntityOfPage":{"@id":"https:\/\/sanluisinforma.com\/?p=11535"},"wordCount":328,"publisher":{"@id":"https:\/\/sanluisinforma.com\/#organization"},"image":{"@id":"https:\/\/sanluisinforma.com\/?p=11535#primaryimage"},"thumbnailUrl":"https:\/\/sanluisinforma.com\/wp-content\/uploads\/2025\/04\/950eb5f4-f668-4337-b1b0-a612ceb58f22.jpg","articleSection":["Local"],"inLanguage":"es"},{"@type":"WebPage","@id":"https:\/\/sanluisinforma.com\/?p=11535","url":"https:\/\/sanluisinforma.com\/?p=11535","name":"Marco Gama presenta iniciativa para reconocer el derecho real a una vivienda digna en San Luis Potos\u00ed - sanluisinforma.com","isPartOf":{"@id":"https:\/\/sanluisinforma.com\/#website"},"primaryImageOfPage":{"@id":"https:\/\/sanluisinforma.com\/?p=11535#primaryimage"},"image":{"@id":"https:\/\/sanluisinforma.com\/?p=11535#primaryimage"},"thumbnailUrl":"https:\/\/sanluisinforma.com\/wp-content\/uploads\/2025\/04\/950eb5f4-f668-4337-b1b0-a612ceb58f22.jpg","datePublished":"2025-04-08T06:35:00+00:00","dateModified":"2025-04-08T04:12:22+00:00","breadcrumb":{"@id":"https:\/\/sanluisinforma.com\/?p=11535#breadcrumb"},"inLanguage":"es","potentialAction":[{"@type":"ReadAction","target":["https:\/\/sanluisinforma.com\/?p=11535"]}]},{"@type":"ImageObject","inLanguage":"es","@id":"https:\/\/sanluisinforma.com\/?p=11535#primaryimage","url":"https:\/\/sanluisinforma.com\/wp-content\/uploads\/2025\/04\/950eb5f4-f668-4337-b1b0-a612ceb58f22.jpg","contentUrl":"https:\/\/sanluisinforma.com\/wp-content\/uploads\/2025\/04\/950eb5f4-f668-4337-b1b0-a612ceb58f22.jpg","width":280,"height":374},{"@type":"BreadcrumbList","@id":"https:\/\/sanluisinforma.com\/?p=11535#breadcrumb","itemListElement":[{"@type":"ListItem","position":1,"name":"Inicio","item":"https:\/\/sanluisinforma.com\/"},{"@type":"ListItem","position":2,"name":"Marco Gama presenta iniciativa para reconocer el derecho real a una vivienda digna en San Luis Potos\u00ed"}]},{"@type":"WebSite","@id":"https:\/\/sanluisinforma.com\/#website","url":"https:\/\/sanluisinforma.com\/","name":"sanluisinforma.com","description":"Periodico San Luis Informa","publisher":{"@id":"https:\/\/sanluisinforma.com\/#organization"},"potentialAction":[{"@type":"SearchAction","target":{"@type":"EntryPoint","urlTemplate":"https:\/\/sanluisinforma.com\/?s={search_term_string}"},"query-input":{"@type":"PropertyValueSpecification","valueRequired":true,"valueName":"search_term_string"}}],"inLanguage":"es"},{"@type":"Organization","@id":"https:\/\/sanluisinforma.com\/#organization","name":"sanluisinforma.com","url":"https:\/\/sanluisinforma.com\/","logo":{"@type":"ImageObject","inLanguage":"es","@id":"https:\/\/sanluisinforma.com\/#\/schema\/logo\/image\/","url":"https:\/\/sanluisinforma.com\/wp-content\/uploads\/2026\/03\/sanluisinforma-V.jpg","contentUrl":"https:\/\/sanluisinforma.com\/wp-content\/uploads\/2026\/03\/sanluisinforma-V.jpg","width":500,"height":156,"caption":"sanluisinforma.com"},"image":{"@id":"https:\/\/sanluisinforma.com\/#\/schema\/logo\/image\/"}},{"@type":"Person","@id":"https:\/\/sanluisinforma.com\/#\/schema\/person\/c30648f71476be533b6f59d092905c8b","name":"sanluisinforma.com","image":{"@type":"ImageObject","inLanguage":"es","@id":"https:\/\/sanluisinforma.com\/#\/schema\/person\/image\/","url":"https:\/\/secure.gravatar.com\/avatar\/86e3114e34a1eecefb963e0a02f0093f93b092dddb2fe1517596343751081a87?s=96&d=mm&r=g","contentUrl":"https:\/\/secure.gravatar.com\/avatar\/86e3114e34a1eecefb963e0a02f0093f93b092dddb2fe1517596343751081a87?s=96&d=mm&r=g","caption":"sanluisinforma.com"},"url":"https:\/\/sanluisinforma.com\/?author=2"}]}},"_links":{"self":[{"href":"https:\/\/sanluisinforma.com\/index.php?rest_route=\/wp\/v2\/posts\/11535","targetHints":{"allow":["GET"]}}],"collection":[{"href":"https:\/\/sanluisinforma.com\/index.php?rest_route=\/wp\/v2\/posts"}],"about":[{"href":"https:\/\/sanluisinforma.com\/index.php?rest_route=\/wp\/v2\/types\/post"}],"author":[{"embeddable":true,"href":"https:\/\/sanluisinforma.com\/index.php?rest_route=\/wp\/v2\/users\/2"}],"replies":[{"embeddable":true,"href":"https:\/\/sanluisinforma.com\/index.php?rest_route=%2Fwp%2Fv2%2Fcomments&post=11535"}],"version-history":[{"count":1,"href":"https:\/\/sanluisinforma.com\/index.php?rest_route=\/wp\/v2\/posts\/11535\/revisions"}],"predecessor-version":[{"id":11537,"href":"https:\/\/sanluisinforma.com\/index.php?rest_route=\/wp\/v2\/posts\/11535\/revisions\/11537"}],"wp:featuredmedia":[{"embeddable":true,"href":"https:\/\/sanluisinforma.com\/index.php?rest_route=\/wp\/v2\/media\/11536"}],"wp:attachment":[{"href":"https:\/\/sanluisinforma.com\/index.php?rest_route=%2Fwp%2Fv2%2Fmedia&parent=11535"}],"wp:term":[{"taxonomy":"category","embeddable":true,"href":"https:\/\/sanluisinforma.com\/index.php?rest_route=%2Fwp%2Fv2%2Fcategories&post=11535"},{"taxonomy":"post_tag","embeddable":true,"href":"https:\/\/sanluisinforma.com\/index.php?rest_route=%2Fwp%2Fv2%2Ftags&post=11535"}],"curies":[{"name":"wp","href":"https:\/\/api.w.org\/{rel}","templated":true}]}}