{"id":11545,"date":"2025-04-09T00:45:00","date_gmt":"2025-04-09T06:45:00","guid":{"rendered":"https:\/\/sanluisinforma.com\/?p=11545"},"modified":"2025-04-08T22:34:42","modified_gmt":"2025-04-09T04:34:42","slug":"el-dif-municipal-reitera-su-compromiso-con-las-personas-con-discapacidad-y-adultas-mayores-a-traves-de-la-entrega-de-ayudas-funcionales","status":"publish","type":"post","link":"https:\/\/sanluisinforma.com\/?p=11545","title":{"rendered":"El DIF Municipal reitera su compromiso con las personas con discapacidad y adultas mayores a trav\u00e9s de la entrega de ayudas funcionales"},"content":{"rendered":"\n<ul class=\"wp-block-list\">\n<li>\u201cNuestra pol\u00edtica de inclusi\u00f3n activa, busca garantizar el derecho a la accesibilidad\u201d: Estela Arriaga, Presidenta DIF Capitalino.<\/li>\n\n\n\n<li>Informes en Xicot\u00e9ncatl 1650, de 8:00 a 14:00 horas de lunes a viernes, o en los tel\u00e9fonos 444 8151307 y 8155118 ext. 116.<\/li>\n<\/ul>\n\n\n\n<p><\/p>\n\n\n\n<p>SLP.-&nbsp; El Sistema Municipal DIF, reafirma su compromiso con las personas con discapacidad y adultas mayores de San Luis Potos\u00ed, facilitando su movilidad y mejorando su calidad de vida mediante la entrega gratuita de ayudas funcionales.<\/p>\n\n\n\n<p>\u201cNuestras acciones forman parte de una pol\u00edtica de inclusi\u00f3n activa, que busca garantizar el derecho a la accesibilidad y el bienestar de todas las personas, especialmente aquellas en situaci\u00f3n de vulnerabilidad\u201d, afirm\u00f3 la Presidenta del DIF Capitalino, Estela Arriaga M\u00e1rquez.<\/p>\n\n\n\n<p>De enero a marzo del presente a\u00f1o, se han otorgado m\u00e1s de 100 ayudas t\u00e9cnicas funcionales como sillas de ruedas, andaderas con llantas, andaderas fijas y bastones, beneficiando a quienes m\u00e1s lo necesitan en este San Luis Amable.<\/p>\n\n\n\n<p>Para el Gobierno Municipal, dijo la Presidenta Arriaga M\u00e1rquez, la inclusi\u00f3n es un derecho por la que se trabaja cada d\u00eda con responsabilidad, empat\u00eda y cercan\u00eda, para brindar m\u00e1s y mejores apoyos a las y los potosinos.<\/p>\n\n\n\n<p>Agreg\u00f3 que las personas interesadas en recibir este tipo de asistencias, pueden acudir directamente al DIF Municipal, ubicado en Xicot\u00e9ncatl 1650, en un horario de 8:00 a 14:00 horas, de lunes a viernes, en el \u00e1rea de Inclusi\u00f3n Social. Tambi\u00e9n se pueden comunicar a los n\u00fameros 444 8151307 y 8155118 en la extensi\u00f3n 116.<\/p>\n","protected":false},"excerpt":{"rendered":"<p>SLP.-&nbsp; El Sistema Municipal DIF, reafirma su compromiso con las personas con discapacidad y adultas mayores de San Luis Potos\u00ed,<\/p>\n","protected":false},"author":2,"featured_media":11546,"comment_status":"closed","ping_status":"closed","sticky":false,"template":"","format":"standard","meta":{"footnotes":""},"categories":[25],"tags":[],"class_list":["post-11545","post","type-post","status-publish","format-standard","has-post-thumbnail","hentry","category-local"],"yoast_head":"<!-- This site is optimized with the Yoast SEO plugin v24.1 - https:\/\/yoast.com\/wordpress\/plugins\/seo\/ -->\n<title>El DIF Municipal reitera su compromiso con las personas con discapacidad y adultas mayores a trav\u00e9s de la entrega de ayudas funcionales - sanluisinforma.com<\/title>\n<meta name=\"robots\" content=\"index, follow, max-snippet:-1, max-image-preview:large, max-video-preview:-1\" \/>\n<link rel=\"canonical\" href=\"https:\/\/sanluisinforma.com\/?p=11545\" \/>\n<meta property=\"og:locale\" content=\"es_MX\" \/>\n<meta property=\"og:type\" content=\"article\" \/>\n<meta property=\"og:title\" content=\"El DIF Municipal reitera su compromiso con las personas con discapacidad y adultas mayores a trav\u00e9s de la entrega de ayudas funcionales - sanluisinforma.com\" \/>\n<meta property=\"og:description\" content=\"SLP.-&nbsp; El Sistema Municipal DIF, reafirma su compromiso con las personas con discapacidad y adultas mayores de San Luis Potos\u00ed,\" \/>\n<meta property=\"og:url\" content=\"https:\/\/sanluisinforma.com\/?p=11545\" \/>\n<meta property=\"og:site_name\" content=\"sanluisinforma.com\" \/>\n<meta property=\"article:published_time\" content=\"2025-04-09T06:45:00+00:00\" \/>\n<meta property=\"article:modified_time\" content=\"2025-04-09T04:34:42+00:00\" \/>\n<meta property=\"og:image\" content=\"https:\/\/sanluisinforma.com\/wp-content\/uploads\/2025\/04\/41ba2b01-ab82-4415-a6ca-d6aeb7b070a3.jpg\" \/>\n\t<meta property=\"og:image:width\" content=\"280\" \/>\n\t<meta property=\"og:image:height\" content=\"607\" \/>\n\t<meta property=\"og:image:type\" content=\"image\/jpeg\" \/>\n<meta name=\"author\" content=\"sanluisinforma.com\" \/>\n<meta name=\"twitter:card\" content=\"summary_large_image\" \/>\n<meta name=\"twitter:label1\" content=\"Escrito por\" \/>\n\t<meta name=\"twitter:data1\" content=\"sanluisinforma.com\" \/>\n\t<meta name=\"twitter:label2\" content=\"Tiempo de lectura\" \/>\n\t<meta name=\"twitter:data2\" content=\"2 minutos\" \/>\n<script type=\"application\/ld+json\" class=\"yoast-schema-graph\">{\"@context\":\"https:\/\/schema.org\",\"@graph\":[{\"@type\":\"Article\",\"@id\":\"https:\/\/sanluisinforma.com\/?p=11545#article\",\"isPartOf\":{\"@id\":\"https:\/\/sanluisinforma.com\/?p=11545\"},\"author\":{\"name\":\"sanluisinforma.com\",\"@id\":\"https:\/\/sanluisinforma.com\/#\/schema\/person\/c30648f71476be533b6f59d092905c8b\"},\"headline\":\"El DIF Municipal reitera su compromiso con las personas con discapacidad y adultas mayores a trav\u00e9s de la entrega de ayudas funcionales\",\"datePublished\":\"2025-04-09T06:45:00+00:00\",\"dateModified\":\"2025-04-09T04:34:42+00:00\",\"mainEntityOfPage\":{\"@id\":\"https:\/\/sanluisinforma.com\/?p=11545\"},\"wordCount\":278,\"publisher\":{\"@id\":\"https:\/\/sanluisinforma.com\/#organization\"},\"image\":{\"@id\":\"https:\/\/sanluisinforma.com\/?p=11545#primaryimage\"},\"thumbnailUrl\":\"https:\/\/sanluisinforma.com\/wp-content\/uploads\/2025\/04\/41ba2b01-ab82-4415-a6ca-d6aeb7b070a3.jpg\",\"articleSection\":[\"Local\"],\"inLanguage\":\"es\"},{\"@type\":\"WebPage\",\"@id\":\"https:\/\/sanluisinforma.com\/?p=11545\",\"url\":\"https:\/\/sanluisinforma.com\/?p=11545\",\"name\":\"El DIF Municipal reitera su compromiso con las personas con discapacidad y adultas mayores a trav\u00e9s de la entrega de ayudas funcionales - sanluisinforma.com\",\"isPartOf\":{\"@id\":\"https:\/\/sanluisinforma.com\/#website\"},\"primaryImageOfPage\":{\"@id\":\"https:\/\/sanluisinforma.com\/?p=11545#primaryimage\"},\"image\":{\"@id\":\"https:\/\/sanluisinforma.com\/?p=11545#primaryimage\"},\"thumbnailUrl\":\"https:\/\/sanluisinforma.com\/wp-content\/uploads\/2025\/04\/41ba2b01-ab82-4415-a6ca-d6aeb7b070a3.jpg\",\"datePublished\":\"2025-04-09T06:45:00+00:00\",\"dateModified\":\"2025-04-09T04:34:42+00:00\",\"breadcrumb\":{\"@id\":\"https:\/\/sanluisinforma.com\/?p=11545#breadcrumb\"},\"inLanguage\":\"es\",\"potentialAction\":[{\"@type\":\"ReadAction\",\"target\":[\"https:\/\/sanluisinforma.com\/?p=11545\"]}]},{\"@type\":\"ImageObject\",\"inLanguage\":\"es\",\"@id\":\"https:\/\/sanluisinforma.com\/?p=11545#primaryimage\",\"url\":\"https:\/\/sanluisinforma.com\/wp-content\/uploads\/2025\/04\/41ba2b01-ab82-4415-a6ca-d6aeb7b070a3.jpg\",\"contentUrl\":\"https:\/\/sanluisinforma.com\/wp-content\/uploads\/2025\/04\/41ba2b01-ab82-4415-a6ca-d6aeb7b070a3.jpg\",\"width\":280,\"height\":607},{\"@type\":\"BreadcrumbList\",\"@id\":\"https:\/\/sanluisinforma.com\/?p=11545#breadcrumb\",\"itemListElement\":[{\"@type\":\"ListItem\",\"position\":1,\"name\":\"Inicio\",\"item\":\"https:\/\/sanluisinforma.com\/\"},{\"@type\":\"ListItem\",\"position\":2,\"name\":\"El DIF Municipal reitera su compromiso con las personas con discapacidad y adultas mayores a trav\u00e9s de la entrega de ayudas funcionales\"}]},{\"@type\":\"WebSite\",\"@id\":\"https:\/\/sanluisinforma.com\/#website\",\"url\":\"https:\/\/sanluisinforma.com\/\",\"name\":\"sanluisinforma.com\",\"description\":\"Periodico San Luis Informa\",\"publisher\":{\"@id\":\"https:\/\/sanluisinforma.com\/#organization\"},\"potentialAction\":[{\"@type\":\"SearchAction\",\"target\":{\"@type\":\"EntryPoint\",\"urlTemplate\":\"https:\/\/sanluisinforma.com\/?s={search_term_string}\"},\"query-input\":{\"@type\":\"PropertyValueSpecification\",\"valueRequired\":true,\"valueName\":\"search_term_string\"}}],\"inLanguage\":\"es\"},{\"@type\":\"Organization\",\"@id\":\"https:\/\/sanluisinforma.com\/#organization\",\"name\":\"sanluisinforma.com\",\"url\":\"https:\/\/sanluisinforma.com\/\",\"logo\":{\"@type\":\"ImageObject\",\"inLanguage\":\"es\",\"@id\":\"https:\/\/sanluisinforma.com\/#\/schema\/logo\/image\/\",\"url\":\"https:\/\/sanluisinforma.com\/wp-content\/uploads\/2026\/03\/sanluisinforma-V.jpg\",\"contentUrl\":\"https:\/\/sanluisinforma.com\/wp-content\/uploads\/2026\/03\/sanluisinforma-V.jpg\",\"width\":500,\"height\":156,\"caption\":\"sanluisinforma.com\"},\"image\":{\"@id\":\"https:\/\/sanluisinforma.com\/#\/schema\/logo\/image\/\"}},{\"@type\":\"Person\",\"@id\":\"https:\/\/sanluisinforma.com\/#\/schema\/person\/c30648f71476be533b6f59d092905c8b\",\"name\":\"sanluisinforma.com\",\"image\":{\"@type\":\"ImageObject\",\"inLanguage\":\"es\",\"@id\":\"https:\/\/sanluisinforma.com\/#\/schema\/person\/image\/\",\"url\":\"https:\/\/secure.gravatar.com\/avatar\/86e3114e34a1eecefb963e0a02f0093f93b092dddb2fe1517596343751081a87?s=96&d=mm&r=g\",\"contentUrl\":\"https:\/\/secure.gravatar.com\/avatar\/86e3114e34a1eecefb963e0a02f0093f93b092dddb2fe1517596343751081a87?s=96&d=mm&r=g\",\"caption\":\"sanluisinforma.com\"},\"url\":\"https:\/\/sanluisinforma.com\/?author=2\"}]}<\/script>\n<!-- \/ Yoast SEO plugin. -->","yoast_head_json":{"title":"El DIF Municipal reitera su compromiso con las personas con discapacidad y adultas mayores a trav\u00e9s de la entrega de ayudas funcionales - sanluisinforma.com","robots":{"index":"index","follow":"follow","max-snippet":"max-snippet:-1","max-image-preview":"max-image-preview:large","max-video-preview":"max-video-preview:-1"},"canonical":"https:\/\/sanluisinforma.com\/?p=11545","og_locale":"es_MX","og_type":"article","og_title":"El DIF Municipal reitera su compromiso con las personas con discapacidad y adultas mayores a trav\u00e9s de la entrega de ayudas funcionales - sanluisinforma.com","og_description":"SLP.-&nbsp; El Sistema Municipal DIF, reafirma su compromiso con las personas con discapacidad y adultas mayores de San Luis Potos\u00ed,","og_url":"https:\/\/sanluisinforma.com\/?p=11545","og_site_name":"sanluisinforma.com","article_published_time":"2025-04-09T06:45:00+00:00","article_modified_time":"2025-04-09T04:34:42+00:00","og_image":[{"width":280,"height":607,"url":"https:\/\/sanluisinforma.com\/wp-content\/uploads\/2025\/04\/41ba2b01-ab82-4415-a6ca-d6aeb7b070a3.jpg","type":"image\/jpeg"}],"author":"sanluisinforma.com","twitter_card":"summary_large_image","twitter_misc":{"Escrito por":"sanluisinforma.com","Tiempo de lectura":"2 minutos"},"schema":{"@context":"https:\/\/schema.org","@graph":[{"@type":"Article","@id":"https:\/\/sanluisinforma.com\/?p=11545#article","isPartOf":{"@id":"https:\/\/sanluisinforma.com\/?p=11545"},"author":{"name":"sanluisinforma.com","@id":"https:\/\/sanluisinforma.com\/#\/schema\/person\/c30648f71476be533b6f59d092905c8b"},"headline":"El DIF Municipal reitera su compromiso con las personas con discapacidad y adultas mayores a trav\u00e9s de la entrega de ayudas funcionales","datePublished":"2025-04-09T06:45:00+00:00","dateModified":"2025-04-09T04:34:42+00:00","mainEntityOfPage":{"@id":"https:\/\/sanluisinforma.com\/?p=11545"},"wordCount":278,"publisher":{"@id":"https:\/\/sanluisinforma.com\/#organization"},"image":{"@id":"https:\/\/sanluisinforma.com\/?p=11545#primaryimage"},"thumbnailUrl":"https:\/\/sanluisinforma.com\/wp-content\/uploads\/2025\/04\/41ba2b01-ab82-4415-a6ca-d6aeb7b070a3.jpg","articleSection":["Local"],"inLanguage":"es"},{"@type":"WebPage","@id":"https:\/\/sanluisinforma.com\/?p=11545","url":"https:\/\/sanluisinforma.com\/?p=11545","name":"El DIF Municipal reitera su compromiso con las personas con discapacidad y adultas mayores a trav\u00e9s de la entrega de ayudas funcionales - sanluisinforma.com","isPartOf":{"@id":"https:\/\/sanluisinforma.com\/#website"},"primaryImageOfPage":{"@id":"https:\/\/sanluisinforma.com\/?p=11545#primaryimage"},"image":{"@id":"https:\/\/sanluisinforma.com\/?p=11545#primaryimage"},"thumbnailUrl":"https:\/\/sanluisinforma.com\/wp-content\/uploads\/2025\/04\/41ba2b01-ab82-4415-a6ca-d6aeb7b070a3.jpg","datePublished":"2025-04-09T06:45:00+00:00","dateModified":"2025-04-09T04:34:42+00:00","breadcrumb":{"@id":"https:\/\/sanluisinforma.com\/?p=11545#breadcrumb"},"inLanguage":"es","potentialAction":[{"@type":"ReadAction","target":["https:\/\/sanluisinforma.com\/?p=11545"]}]},{"@type":"ImageObject","inLanguage":"es","@id":"https:\/\/sanluisinforma.com\/?p=11545#primaryimage","url":"https:\/\/sanluisinforma.com\/wp-content\/uploads\/2025\/04\/41ba2b01-ab82-4415-a6ca-d6aeb7b070a3.jpg","contentUrl":"https:\/\/sanluisinforma.com\/wp-content\/uploads\/2025\/04\/41ba2b01-ab82-4415-a6ca-d6aeb7b070a3.jpg","width":280,"height":607},{"@type":"BreadcrumbList","@id":"https:\/\/sanluisinforma.com\/?p=11545#breadcrumb","itemListElement":[{"@type":"ListItem","position":1,"name":"Inicio","item":"https:\/\/sanluisinforma.com\/"},{"@type":"ListItem","position":2,"name":"El DIF Municipal reitera su compromiso con las personas con discapacidad y adultas mayores a trav\u00e9s de la entrega de ayudas funcionales"}]},{"@type":"WebSite","@id":"https:\/\/sanluisinforma.com\/#website","url":"https:\/\/sanluisinforma.com\/","name":"sanluisinforma.com","description":"Periodico San Luis Informa","publisher":{"@id":"https:\/\/sanluisinforma.com\/#organization"},"potentialAction":[{"@type":"SearchAction","target":{"@type":"EntryPoint","urlTemplate":"https:\/\/sanluisinforma.com\/?s={search_term_string}"},"query-input":{"@type":"PropertyValueSpecification","valueRequired":true,"valueName":"search_term_string"}}],"inLanguage":"es"},{"@type":"Organization","@id":"https:\/\/sanluisinforma.com\/#organization","name":"sanluisinforma.com","url":"https:\/\/sanluisinforma.com\/","logo":{"@type":"ImageObject","inLanguage":"es","@id":"https:\/\/sanluisinforma.com\/#\/schema\/logo\/image\/","url":"https:\/\/sanluisinforma.com\/wp-content\/uploads\/2026\/03\/sanluisinforma-V.jpg","contentUrl":"https:\/\/sanluisinforma.com\/wp-content\/uploads\/2026\/03\/sanluisinforma-V.jpg","width":500,"height":156,"caption":"sanluisinforma.com"},"image":{"@id":"https:\/\/sanluisinforma.com\/#\/schema\/logo\/image\/"}},{"@type":"Person","@id":"https:\/\/sanluisinforma.com\/#\/schema\/person\/c30648f71476be533b6f59d092905c8b","name":"sanluisinforma.com","image":{"@type":"ImageObject","inLanguage":"es","@id":"https:\/\/sanluisinforma.com\/#\/schema\/person\/image\/","url":"https:\/\/secure.gravatar.com\/avatar\/86e3114e34a1eecefb963e0a02f0093f93b092dddb2fe1517596343751081a87?s=96&d=mm&r=g","contentUrl":"https:\/\/secure.gravatar.com\/avatar\/86e3114e34a1eecefb963e0a02f0093f93b092dddb2fe1517596343751081a87?s=96&d=mm&r=g","caption":"sanluisinforma.com"},"url":"https:\/\/sanluisinforma.com\/?author=2"}]}},"_links":{"self":[{"href":"https:\/\/sanluisinforma.com\/index.php?rest_route=\/wp\/v2\/posts\/11545","targetHints":{"allow":["GET"]}}],"collection":[{"href":"https:\/\/sanluisinforma.com\/index.php?rest_route=\/wp\/v2\/posts"}],"about":[{"href":"https:\/\/sanluisinforma.com\/index.php?rest_route=\/wp\/v2\/types\/post"}],"author":[{"embeddable":true,"href":"https:\/\/sanluisinforma.com\/index.php?rest_route=\/wp\/v2\/users\/2"}],"replies":[{"embeddable":true,"href":"https:\/\/sanluisinforma.com\/index.php?rest_route=%2Fwp%2Fv2%2Fcomments&post=11545"}],"version-history":[{"count":1,"href":"https:\/\/sanluisinforma.com\/index.php?rest_route=\/wp\/v2\/posts\/11545\/revisions"}],"predecessor-version":[{"id":11547,"href":"https:\/\/sanluisinforma.com\/index.php?rest_route=\/wp\/v2\/posts\/11545\/revisions\/11547"}],"wp:featuredmedia":[{"embeddable":true,"href":"https:\/\/sanluisinforma.com\/index.php?rest_route=\/wp\/v2\/media\/11546"}],"wp:attachment":[{"href":"https:\/\/sanluisinforma.com\/index.php?rest_route=%2Fwp%2Fv2%2Fmedia&parent=11545"}],"wp:term":[{"taxonomy":"category","embeddable":true,"href":"https:\/\/sanluisinforma.com\/index.php?rest_route=%2Fwp%2Fv2%2Fcategories&post=11545"},{"taxonomy":"post_tag","embeddable":true,"href":"https:\/\/sanluisinforma.com\/index.php?rest_route=%2Fwp%2Fv2%2Ftags&post=11545"}],"curies":[{"name":"wp","href":"https:\/\/api.w.org\/{rel}","templated":true}]}}