{"id":11563,"date":"2025-04-10T00:45:00","date_gmt":"2025-04-10T06:45:00","guid":{"rendered":"https:\/\/sanluisinforma.com\/?p=11563"},"modified":"2025-04-10T22:26:53","modified_gmt":"2025-04-11T04:26:53","slug":"mas-de-12-mil-servicios-ha-otorgado-el-area-de-apoyo-a-la-comunidad-del-dif-capitalino","status":"publish","type":"post","link":"https:\/\/sanluisinforma.com\/?p=11563","title":{"rendered":"M\u00e1s de 12 mil servicios ha otorgado el \u00e1rea de Apoyo a la Comunidad del DIF Capitalino"},"content":{"rendered":"\n<p><\/p>\n\n\n\n<p>\u201cPor instrucciones de la Presidenta del DIF Municipal, Estela Arriaga M\u00e1rquez, se contin\u00faa con la salvaguarda de las personas y restituci\u00f3n de sus derechos\u201d: Jessica Albarr\u00e1n, Directora del DIF Capitalino<\/p>\n\n\n\n<p>SLP.- \u201cEntre enero y marzo de este a\u00f1o, se brindaron m\u00e1s de 12 mil 800 servicios integrales a personas que acudieron por primera vez, as\u00ed como a usuarias y usuarios que dan seguimiento a procesos iniciados con anterioridad. En cada caso, se prioriz\u00f3 la atenci\u00f3n oportuna, profesional y digna\u201d, sostuvo Jessica Albarr\u00e1n, Directora del DIF Municipal.<\/p>\n\n\n\n<p>Dicha atenci\u00f3n, se brind\u00f3 a trav\u00e9s de la Coordinaci\u00f3n de Apoyo a la Comunidad, en forma integral, gratuita y especializada a quienes enfrentan situaciones de vulnerabilidad, promoviendo el bienestar y la protecci\u00f3n de sus derechos, sin distinciones y con un enfoque humanista e incluyente.<\/p>\n\n\n\n<p>La intervenci\u00f3n multidisciplinaria del DIF tiene como objetivo principal salvaguardar la integridad f\u00edsica y emocional de las personas, prevenir la violencia familiar y restituir los derechos que han sido vulnerados, de acuerdo a las instrucciones de la Presidenta de este organismo, Estela Arriaga M\u00e1rquez. \u201cEste esfuerzo abarca a ni\u00f1as, ni\u00f1os, adolescentes, personas adultas mayores, mujeres, personas con discapacidad, y todas aquellas que requieren acompa\u00f1amiento en momentos dif\u00edciles\u201d, explic\u00f3 la directora Jessica Albarr\u00e1n Ram\u00edrez.<\/p>\n\n\n\n<p>Durante el primer trimestre del presente a\u00f1o, la atenci\u00f3n se ha canalizado principalmente a trav\u00e9s de cinco \u00e1reas clave: la Procuradur\u00eda Municipal de Protecci\u00f3n de Ni\u00f1as, Ni\u00f1os y Adolescentes; la Procuradur\u00eda Municipal de Protecci\u00f3n de Adultos Mayores; la Unidad Jur\u00eddica Familiar; la Unidad de Atenci\u00f3n a la Violencia Familiar y Puerta Violeta. Cada una de estas instancias trabaja en coordinaci\u00f3n para ofrecer servicios en las \u00e1reas de Psicolog\u00eda, Trabajo Social y Asesor\u00eda Jur\u00eddica, enfocados en mejorar las condiciones de vida de la poblaci\u00f3n.<\/p>\n\n\n\n<p>El compromiso con la justicia social, la igualdad de trato, y la construcci\u00f3n de un San Luis m\u00e1s amable y respetuoso de los derechos humanos, se procura a trav\u00e9s del DIF y cada una de las \u00e1reas que lo componen, de ah\u00ed que se continuar\u00e1 trabajando con sensibilidad, profesionalismo y calidez para estar siempre cerca de quienes m\u00e1s lo necesitan.<\/p>\n","protected":false},"excerpt":{"rendered":"<p>\u201cPor instrucciones de la Presidenta del DIF Municipal, Estela Arriaga M\u00e1rquez, se contin\u00faa con la salvaguarda de las personas y<\/p>\n","protected":false},"author":2,"featured_media":11564,"comment_status":"closed","ping_status":"closed","sticky":false,"template":"","format":"standard","meta":{"footnotes":""},"categories":[25,30],"tags":[],"class_list":["post-11563","post","type-post","status-publish","format-standard","has-post-thumbnail","hentry","category-local","category-portada"],"yoast_head":"<!-- This site is optimized with the Yoast SEO plugin v24.1 - https:\/\/yoast.com\/wordpress\/plugins\/seo\/ -->\n<title>M\u00e1s de 12 mil servicios ha otorgado el \u00e1rea de Apoyo a la Comunidad del DIF Capitalino - sanluisinforma.com<\/title>\n<meta name=\"robots\" content=\"index, follow, max-snippet:-1, max-image-preview:large, max-video-preview:-1\" \/>\n<link rel=\"canonical\" href=\"https:\/\/sanluisinforma.com\/?p=11563\" \/>\n<meta property=\"og:locale\" content=\"es_MX\" \/>\n<meta property=\"og:type\" content=\"article\" \/>\n<meta property=\"og:title\" content=\"M\u00e1s de 12 mil servicios ha otorgado el \u00e1rea de Apoyo a la Comunidad del DIF Capitalino - sanluisinforma.com\" \/>\n<meta property=\"og:description\" content=\"\u201cPor instrucciones de la Presidenta del DIF Municipal, Estela Arriaga M\u00e1rquez, se contin\u00faa con la salvaguarda de las personas y\" \/>\n<meta property=\"og:url\" content=\"https:\/\/sanluisinforma.com\/?p=11563\" \/>\n<meta property=\"og:site_name\" content=\"sanluisinforma.com\" \/>\n<meta property=\"article:published_time\" content=\"2025-04-10T06:45:00+00:00\" \/>\n<meta property=\"article:modified_time\" content=\"2025-04-11T04:26:53+00:00\" \/>\n<meta property=\"og:image\" content=\"https:\/\/sanluisinforma.com\/wp-content\/uploads\/2025\/04\/6f8e6b65-66fb-4fc7-8e9c-95b10d7e3f23.jpg\" \/>\n\t<meta property=\"og:image:width\" content=\"400\" \/>\n\t<meta property=\"og:image:height\" content=\"225\" \/>\n\t<meta property=\"og:image:type\" content=\"image\/jpeg\" \/>\n<meta name=\"author\" content=\"sanluisinforma.com\" \/>\n<meta name=\"twitter:card\" content=\"summary_large_image\" \/>\n<meta name=\"twitter:label1\" content=\"Escrito por\" \/>\n\t<meta name=\"twitter:data1\" content=\"sanluisinforma.com\" \/>\n\t<meta name=\"twitter:label2\" content=\"Tiempo de lectura\" \/>\n\t<meta name=\"twitter:data2\" content=\"2 minutos\" \/>\n<script type=\"application\/ld+json\" class=\"yoast-schema-graph\">{\"@context\":\"https:\/\/schema.org\",\"@graph\":[{\"@type\":\"Article\",\"@id\":\"https:\/\/sanluisinforma.com\/?p=11563#article\",\"isPartOf\":{\"@id\":\"https:\/\/sanluisinforma.com\/?p=11563\"},\"author\":{\"name\":\"sanluisinforma.com\",\"@id\":\"https:\/\/sanluisinforma.com\/#\/schema\/person\/c30648f71476be533b6f59d092905c8b\"},\"headline\":\"M\u00e1s de 12 mil servicios ha otorgado el \u00e1rea de Apoyo a la Comunidad del DIF Capitalino\",\"datePublished\":\"2025-04-10T06:45:00+00:00\",\"dateModified\":\"2025-04-11T04:26:53+00:00\",\"mainEntityOfPage\":{\"@id\":\"https:\/\/sanluisinforma.com\/?p=11563\"},\"wordCount\":403,\"publisher\":{\"@id\":\"https:\/\/sanluisinforma.com\/#organization\"},\"image\":{\"@id\":\"https:\/\/sanluisinforma.com\/?p=11563#primaryimage\"},\"thumbnailUrl\":\"https:\/\/sanluisinforma.com\/wp-content\/uploads\/2025\/04\/6f8e6b65-66fb-4fc7-8e9c-95b10d7e3f23.jpg\",\"articleSection\":[\"Local\",\"Portada\"],\"inLanguage\":\"es\"},{\"@type\":\"WebPage\",\"@id\":\"https:\/\/sanluisinforma.com\/?p=11563\",\"url\":\"https:\/\/sanluisinforma.com\/?p=11563\",\"name\":\"M\u00e1s de 12 mil servicios ha otorgado el \u00e1rea de Apoyo a la Comunidad del DIF Capitalino - sanluisinforma.com\",\"isPartOf\":{\"@id\":\"https:\/\/sanluisinforma.com\/#website\"},\"primaryImageOfPage\":{\"@id\":\"https:\/\/sanluisinforma.com\/?p=11563#primaryimage\"},\"image\":{\"@id\":\"https:\/\/sanluisinforma.com\/?p=11563#primaryimage\"},\"thumbnailUrl\":\"https:\/\/sanluisinforma.com\/wp-content\/uploads\/2025\/04\/6f8e6b65-66fb-4fc7-8e9c-95b10d7e3f23.jpg\",\"datePublished\":\"2025-04-10T06:45:00+00:00\",\"dateModified\":\"2025-04-11T04:26:53+00:00\",\"breadcrumb\":{\"@id\":\"https:\/\/sanluisinforma.com\/?p=11563#breadcrumb\"},\"inLanguage\":\"es\",\"potentialAction\":[{\"@type\":\"ReadAction\",\"target\":[\"https:\/\/sanluisinforma.com\/?p=11563\"]}]},{\"@type\":\"ImageObject\",\"inLanguage\":\"es\",\"@id\":\"https:\/\/sanluisinforma.com\/?p=11563#primaryimage\",\"url\":\"https:\/\/sanluisinforma.com\/wp-content\/uploads\/2025\/04\/6f8e6b65-66fb-4fc7-8e9c-95b10d7e3f23.jpg\",\"contentUrl\":\"https:\/\/sanluisinforma.com\/wp-content\/uploads\/2025\/04\/6f8e6b65-66fb-4fc7-8e9c-95b10d7e3f23.jpg\",\"width\":400,\"height\":225},{\"@type\":\"BreadcrumbList\",\"@id\":\"https:\/\/sanluisinforma.com\/?p=11563#breadcrumb\",\"itemListElement\":[{\"@type\":\"ListItem\",\"position\":1,\"name\":\"Inicio\",\"item\":\"https:\/\/sanluisinforma.com\/\"},{\"@type\":\"ListItem\",\"position\":2,\"name\":\"M\u00e1s de 12 mil servicios ha otorgado el \u00e1rea de Apoyo a la Comunidad del DIF Capitalino\"}]},{\"@type\":\"WebSite\",\"@id\":\"https:\/\/sanluisinforma.com\/#website\",\"url\":\"https:\/\/sanluisinforma.com\/\",\"name\":\"sanluisinforma.com\",\"description\":\"Periodico San Luis Informa\",\"publisher\":{\"@id\":\"https:\/\/sanluisinforma.com\/#organization\"},\"potentialAction\":[{\"@type\":\"SearchAction\",\"target\":{\"@type\":\"EntryPoint\",\"urlTemplate\":\"https:\/\/sanluisinforma.com\/?s={search_term_string}\"},\"query-input\":{\"@type\":\"PropertyValueSpecification\",\"valueRequired\":true,\"valueName\":\"search_term_string\"}}],\"inLanguage\":\"es\"},{\"@type\":\"Organization\",\"@id\":\"https:\/\/sanluisinforma.com\/#organization\",\"name\":\"sanluisinforma.com\",\"url\":\"https:\/\/sanluisinforma.com\/\",\"logo\":{\"@type\":\"ImageObject\",\"inLanguage\":\"es\",\"@id\":\"https:\/\/sanluisinforma.com\/#\/schema\/logo\/image\/\",\"url\":\"https:\/\/sanluisinforma.com\/wp-content\/uploads\/2026\/03\/sanluisinforma-V.jpg\",\"contentUrl\":\"https:\/\/sanluisinforma.com\/wp-content\/uploads\/2026\/03\/sanluisinforma-V.jpg\",\"width\":500,\"height\":156,\"caption\":\"sanluisinforma.com\"},\"image\":{\"@id\":\"https:\/\/sanluisinforma.com\/#\/schema\/logo\/image\/\"}},{\"@type\":\"Person\",\"@id\":\"https:\/\/sanluisinforma.com\/#\/schema\/person\/c30648f71476be533b6f59d092905c8b\",\"name\":\"sanluisinforma.com\",\"image\":{\"@type\":\"ImageObject\",\"inLanguage\":\"es\",\"@id\":\"https:\/\/sanluisinforma.com\/#\/schema\/person\/image\/\",\"url\":\"https:\/\/secure.gravatar.com\/avatar\/86e3114e34a1eecefb963e0a02f0093f93b092dddb2fe1517596343751081a87?s=96&d=mm&r=g\",\"contentUrl\":\"https:\/\/secure.gravatar.com\/avatar\/86e3114e34a1eecefb963e0a02f0093f93b092dddb2fe1517596343751081a87?s=96&d=mm&r=g\",\"caption\":\"sanluisinforma.com\"},\"url\":\"https:\/\/sanluisinforma.com\/?author=2\"}]}<\/script>\n<!-- \/ Yoast SEO plugin. -->","yoast_head_json":{"title":"M\u00e1s de 12 mil servicios ha otorgado el \u00e1rea de Apoyo a la Comunidad del DIF Capitalino - sanluisinforma.com","robots":{"index":"index","follow":"follow","max-snippet":"max-snippet:-1","max-image-preview":"max-image-preview:large","max-video-preview":"max-video-preview:-1"},"canonical":"https:\/\/sanluisinforma.com\/?p=11563","og_locale":"es_MX","og_type":"article","og_title":"M\u00e1s de 12 mil servicios ha otorgado el \u00e1rea de Apoyo a la Comunidad del DIF Capitalino - sanluisinforma.com","og_description":"\u201cPor instrucciones de la Presidenta del DIF Municipal, Estela Arriaga M\u00e1rquez, se contin\u00faa con la salvaguarda de las personas y","og_url":"https:\/\/sanluisinforma.com\/?p=11563","og_site_name":"sanluisinforma.com","article_published_time":"2025-04-10T06:45:00+00:00","article_modified_time":"2025-04-11T04:26:53+00:00","og_image":[{"width":400,"height":225,"url":"https:\/\/sanluisinforma.com\/wp-content\/uploads\/2025\/04\/6f8e6b65-66fb-4fc7-8e9c-95b10d7e3f23.jpg","type":"image\/jpeg"}],"author":"sanluisinforma.com","twitter_card":"summary_large_image","twitter_misc":{"Escrito por":"sanluisinforma.com","Tiempo de lectura":"2 minutos"},"schema":{"@context":"https:\/\/schema.org","@graph":[{"@type":"Article","@id":"https:\/\/sanluisinforma.com\/?p=11563#article","isPartOf":{"@id":"https:\/\/sanluisinforma.com\/?p=11563"},"author":{"name":"sanluisinforma.com","@id":"https:\/\/sanluisinforma.com\/#\/schema\/person\/c30648f71476be533b6f59d092905c8b"},"headline":"M\u00e1s de 12 mil servicios ha otorgado el \u00e1rea de Apoyo a la Comunidad del DIF Capitalino","datePublished":"2025-04-10T06:45:00+00:00","dateModified":"2025-04-11T04:26:53+00:00","mainEntityOfPage":{"@id":"https:\/\/sanluisinforma.com\/?p=11563"},"wordCount":403,"publisher":{"@id":"https:\/\/sanluisinforma.com\/#organization"},"image":{"@id":"https:\/\/sanluisinforma.com\/?p=11563#primaryimage"},"thumbnailUrl":"https:\/\/sanluisinforma.com\/wp-content\/uploads\/2025\/04\/6f8e6b65-66fb-4fc7-8e9c-95b10d7e3f23.jpg","articleSection":["Local","Portada"],"inLanguage":"es"},{"@type":"WebPage","@id":"https:\/\/sanluisinforma.com\/?p=11563","url":"https:\/\/sanluisinforma.com\/?p=11563","name":"M\u00e1s de 12 mil servicios ha otorgado el \u00e1rea de Apoyo a la Comunidad del DIF Capitalino - sanluisinforma.com","isPartOf":{"@id":"https:\/\/sanluisinforma.com\/#website"},"primaryImageOfPage":{"@id":"https:\/\/sanluisinforma.com\/?p=11563#primaryimage"},"image":{"@id":"https:\/\/sanluisinforma.com\/?p=11563#primaryimage"},"thumbnailUrl":"https:\/\/sanluisinforma.com\/wp-content\/uploads\/2025\/04\/6f8e6b65-66fb-4fc7-8e9c-95b10d7e3f23.jpg","datePublished":"2025-04-10T06:45:00+00:00","dateModified":"2025-04-11T04:26:53+00:00","breadcrumb":{"@id":"https:\/\/sanluisinforma.com\/?p=11563#breadcrumb"},"inLanguage":"es","potentialAction":[{"@type":"ReadAction","target":["https:\/\/sanluisinforma.com\/?p=11563"]}]},{"@type":"ImageObject","inLanguage":"es","@id":"https:\/\/sanluisinforma.com\/?p=11563#primaryimage","url":"https:\/\/sanluisinforma.com\/wp-content\/uploads\/2025\/04\/6f8e6b65-66fb-4fc7-8e9c-95b10d7e3f23.jpg","contentUrl":"https:\/\/sanluisinforma.com\/wp-content\/uploads\/2025\/04\/6f8e6b65-66fb-4fc7-8e9c-95b10d7e3f23.jpg","width":400,"height":225},{"@type":"BreadcrumbList","@id":"https:\/\/sanluisinforma.com\/?p=11563#breadcrumb","itemListElement":[{"@type":"ListItem","position":1,"name":"Inicio","item":"https:\/\/sanluisinforma.com\/"},{"@type":"ListItem","position":2,"name":"M\u00e1s de 12 mil servicios ha otorgado el \u00e1rea de Apoyo a la Comunidad del DIF Capitalino"}]},{"@type":"WebSite","@id":"https:\/\/sanluisinforma.com\/#website","url":"https:\/\/sanluisinforma.com\/","name":"sanluisinforma.com","description":"Periodico San Luis Informa","publisher":{"@id":"https:\/\/sanluisinforma.com\/#organization"},"potentialAction":[{"@type":"SearchAction","target":{"@type":"EntryPoint","urlTemplate":"https:\/\/sanluisinforma.com\/?s={search_term_string}"},"query-input":{"@type":"PropertyValueSpecification","valueRequired":true,"valueName":"search_term_string"}}],"inLanguage":"es"},{"@type":"Organization","@id":"https:\/\/sanluisinforma.com\/#organization","name":"sanluisinforma.com","url":"https:\/\/sanluisinforma.com\/","logo":{"@type":"ImageObject","inLanguage":"es","@id":"https:\/\/sanluisinforma.com\/#\/schema\/logo\/image\/","url":"https:\/\/sanluisinforma.com\/wp-content\/uploads\/2026\/03\/sanluisinforma-V.jpg","contentUrl":"https:\/\/sanluisinforma.com\/wp-content\/uploads\/2026\/03\/sanluisinforma-V.jpg","width":500,"height":156,"caption":"sanluisinforma.com"},"image":{"@id":"https:\/\/sanluisinforma.com\/#\/schema\/logo\/image\/"}},{"@type":"Person","@id":"https:\/\/sanluisinforma.com\/#\/schema\/person\/c30648f71476be533b6f59d092905c8b","name":"sanluisinforma.com","image":{"@type":"ImageObject","inLanguage":"es","@id":"https:\/\/sanluisinforma.com\/#\/schema\/person\/image\/","url":"https:\/\/secure.gravatar.com\/avatar\/86e3114e34a1eecefb963e0a02f0093f93b092dddb2fe1517596343751081a87?s=96&d=mm&r=g","contentUrl":"https:\/\/secure.gravatar.com\/avatar\/86e3114e34a1eecefb963e0a02f0093f93b092dddb2fe1517596343751081a87?s=96&d=mm&r=g","caption":"sanluisinforma.com"},"url":"https:\/\/sanluisinforma.com\/?author=2"}]}},"_links":{"self":[{"href":"https:\/\/sanluisinforma.com\/index.php?rest_route=\/wp\/v2\/posts\/11563","targetHints":{"allow":["GET"]}}],"collection":[{"href":"https:\/\/sanluisinforma.com\/index.php?rest_route=\/wp\/v2\/posts"}],"about":[{"href":"https:\/\/sanluisinforma.com\/index.php?rest_route=\/wp\/v2\/types\/post"}],"author":[{"embeddable":true,"href":"https:\/\/sanluisinforma.com\/index.php?rest_route=\/wp\/v2\/users\/2"}],"replies":[{"embeddable":true,"href":"https:\/\/sanluisinforma.com\/index.php?rest_route=%2Fwp%2Fv2%2Fcomments&post=11563"}],"version-history":[{"count":1,"href":"https:\/\/sanluisinforma.com\/index.php?rest_route=\/wp\/v2\/posts\/11563\/revisions"}],"predecessor-version":[{"id":11565,"href":"https:\/\/sanluisinforma.com\/index.php?rest_route=\/wp\/v2\/posts\/11563\/revisions\/11565"}],"wp:featuredmedia":[{"embeddable":true,"href":"https:\/\/sanluisinforma.com\/index.php?rest_route=\/wp\/v2\/media\/11564"}],"wp:attachment":[{"href":"https:\/\/sanluisinforma.com\/index.php?rest_route=%2Fwp%2Fv2%2Fmedia&parent=11563"}],"wp:term":[{"taxonomy":"category","embeddable":true,"href":"https:\/\/sanluisinforma.com\/index.php?rest_route=%2Fwp%2Fv2%2Fcategories&post=11563"},{"taxonomy":"post_tag","embeddable":true,"href":"https:\/\/sanluisinforma.com\/index.php?rest_route=%2Fwp%2Fv2%2Ftags&post=11563"}],"curies":[{"name":"wp","href":"https:\/\/api.w.org\/{rel}","templated":true}]}}