{"id":11569,"date":"2025-04-10T00:55:00","date_gmt":"2025-04-10T06:55:00","guid":{"rendered":"https:\/\/sanluisinforma.com\/?p=11569"},"modified":"2025-04-09T22:38:40","modified_gmt":"2025-04-10T04:38:40","slug":"agradecen-a-ricardo-gallardo-por-apoyo-a-la-educacion","status":"publish","type":"post","link":"https:\/\/sanluisinforma.com\/?p=11569","title":{"rendered":"Agradecen a Ricardo Gallardo por apoyo a la Educaci\u00f3n"},"content":{"rendered":"\n<p><\/p>\n\n\n\n<p>Madres, docentes y estudiantes, reconocen las mejoras en los espacios y el nuevo seguro escolar<\/p>\n\n\n\n<p>Tras la gira de trabajo por el Altiplano, madres de familia, docentes y estudiantes, reconocieron y agradecieron el trabajo del Gobernador Ricardo Gallardo Cardona en beneficio del sector educativo, con la inauguraci\u00f3n de m\u00e1s obras y con la puesta en operaci\u00f3n del Apoyo Seguro al Estudiante.<\/p>\n\n\n\n<p>El docente Juan Francisco Hinojosa, aval\u00f3 el apoyo del Gobierno Estatal para brindar m\u00e1s tranquilidad y protecci\u00f3n a la comunidad estudiantil, \u201clas aulas, \u00e1reas recreativas renovadas y el seguro m\u00e9dico para nuestros j\u00f3venes son primordiales para su desarrollo&#8221;, coment\u00f3.<\/p>\n\n\n\n<p>Por su parte, Iris Rangel, madre de familia, resalt\u00f3 que los planteles en esta regi\u00f3n se encontraban en el total abandono por la indiferencia de los gobiernos de la Maldita Herencia, &#8220;la escuela estaba muy deteriorada, estas obras no se ve\u00edan antes, ning\u00fan Gobernador se hab\u00eda preocupado por restaurar los centros escolares&#8221;, agreg\u00f3.&nbsp;<\/p>\n\n\n\n<p>Por \u00faltimo, Alexis Mart\u00ednez y Elisa Camarillo, estudiantes de secundaria reconocieron el trabajo de reconstruir los centros escolares, tras recordar que &#8220;el plantel se encontraba sucio y muy descuidado, y ahora luce en \u00f3ptimas condiciones, es de los mejores trabajos que se han entregado en tiempo y forma, agradecemos al Gobernador en traer a nuestros municipios un seguro m\u00e9dico para la comunidad estudiantil para estar prevenidos ante alg\u00fan accidente&#8221;, concluyeron.<\/p>\n","protected":false},"excerpt":{"rendered":"<p>Madres, docentes y estudiantes, reconocen las mejoras en los espacios y el nuevo seguro escolar Tras la gira de trabajo<\/p>\n","protected":false},"author":2,"featured_media":11570,"comment_status":"closed","ping_status":"closed","sticky":false,"template":"","format":"standard","meta":{"footnotes":""},"categories":[30],"tags":[],"class_list":["post-11569","post","type-post","status-publish","format-standard","has-post-thumbnail","hentry","category-portada"],"yoast_head":"<!-- This site is optimized with the Yoast SEO plugin v24.1 - https:\/\/yoast.com\/wordpress\/plugins\/seo\/ -->\n<title>Agradecen a Ricardo Gallardo por apoyo a la Educaci\u00f3n - sanluisinforma.com<\/title>\n<meta name=\"robots\" content=\"index, follow, max-snippet:-1, max-image-preview:large, max-video-preview:-1\" \/>\n<link rel=\"canonical\" href=\"https:\/\/sanluisinforma.com\/?p=11569\" \/>\n<meta property=\"og:locale\" content=\"es_MX\" \/>\n<meta property=\"og:type\" content=\"article\" \/>\n<meta property=\"og:title\" content=\"Agradecen a Ricardo Gallardo por apoyo a la Educaci\u00f3n - sanluisinforma.com\" \/>\n<meta property=\"og:description\" content=\"Madres, docentes y estudiantes, reconocen las mejoras en los espacios y el nuevo seguro escolar Tras la gira de trabajo\" \/>\n<meta property=\"og:url\" content=\"https:\/\/sanluisinforma.com\/?p=11569\" \/>\n<meta property=\"og:site_name\" content=\"sanluisinforma.com\" \/>\n<meta property=\"article:published_time\" content=\"2025-04-10T06:55:00+00:00\" \/>\n<meta property=\"article:modified_time\" content=\"2025-04-10T04:38:40+00:00\" \/>\n<meta property=\"og:image\" content=\"https:\/\/sanluisinforma.com\/wp-content\/uploads\/2025\/04\/177595c8-c62c-4226-a24e-62dd83f1f89a.jpg\" \/>\n\t<meta property=\"og:image:width\" content=\"400\" \/>\n\t<meta property=\"og:image:height\" content=\"600\" \/>\n\t<meta property=\"og:image:type\" content=\"image\/jpeg\" \/>\n<meta name=\"author\" content=\"sanluisinforma.com\" \/>\n<meta name=\"twitter:card\" content=\"summary_large_image\" \/>\n<meta name=\"twitter:label1\" content=\"Escrito por\" \/>\n\t<meta name=\"twitter:data1\" content=\"sanluisinforma.com\" \/>\n\t<meta name=\"twitter:label2\" content=\"Tiempo de lectura\" \/>\n\t<meta name=\"twitter:data2\" content=\"2 minutos\" \/>\n<script type=\"application\/ld+json\" class=\"yoast-schema-graph\">{\"@context\":\"https:\/\/schema.org\",\"@graph\":[{\"@type\":\"Article\",\"@id\":\"https:\/\/sanluisinforma.com\/?p=11569#article\",\"isPartOf\":{\"@id\":\"https:\/\/sanluisinforma.com\/?p=11569\"},\"author\":{\"name\":\"sanluisinforma.com\",\"@id\":\"https:\/\/sanluisinforma.com\/#\/schema\/person\/c30648f71476be533b6f59d092905c8b\"},\"headline\":\"Agradecen a Ricardo Gallardo por apoyo a la Educaci\u00f3n\",\"datePublished\":\"2025-04-10T06:55:00+00:00\",\"dateModified\":\"2025-04-10T04:38:40+00:00\",\"mainEntityOfPage\":{\"@id\":\"https:\/\/sanluisinforma.com\/?p=11569\"},\"wordCount\":248,\"publisher\":{\"@id\":\"https:\/\/sanluisinforma.com\/#organization\"},\"image\":{\"@id\":\"https:\/\/sanluisinforma.com\/?p=11569#primaryimage\"},\"thumbnailUrl\":\"https:\/\/sanluisinforma.com\/wp-content\/uploads\/2025\/04\/177595c8-c62c-4226-a24e-62dd83f1f89a.jpg\",\"articleSection\":[\"Portada\"],\"inLanguage\":\"es\"},{\"@type\":\"WebPage\",\"@id\":\"https:\/\/sanluisinforma.com\/?p=11569\",\"url\":\"https:\/\/sanluisinforma.com\/?p=11569\",\"name\":\"Agradecen a Ricardo Gallardo por apoyo a la Educaci\u00f3n - sanluisinforma.com\",\"isPartOf\":{\"@id\":\"https:\/\/sanluisinforma.com\/#website\"},\"primaryImageOfPage\":{\"@id\":\"https:\/\/sanluisinforma.com\/?p=11569#primaryimage\"},\"image\":{\"@id\":\"https:\/\/sanluisinforma.com\/?p=11569#primaryimage\"},\"thumbnailUrl\":\"https:\/\/sanluisinforma.com\/wp-content\/uploads\/2025\/04\/177595c8-c62c-4226-a24e-62dd83f1f89a.jpg\",\"datePublished\":\"2025-04-10T06:55:00+00:00\",\"dateModified\":\"2025-04-10T04:38:40+00:00\",\"breadcrumb\":{\"@id\":\"https:\/\/sanluisinforma.com\/?p=11569#breadcrumb\"},\"inLanguage\":\"es\",\"potentialAction\":[{\"@type\":\"ReadAction\",\"target\":[\"https:\/\/sanluisinforma.com\/?p=11569\"]}]},{\"@type\":\"ImageObject\",\"inLanguage\":\"es\",\"@id\":\"https:\/\/sanluisinforma.com\/?p=11569#primaryimage\",\"url\":\"https:\/\/sanluisinforma.com\/wp-content\/uploads\/2025\/04\/177595c8-c62c-4226-a24e-62dd83f1f89a.jpg\",\"contentUrl\":\"https:\/\/sanluisinforma.com\/wp-content\/uploads\/2025\/04\/177595c8-c62c-4226-a24e-62dd83f1f89a.jpg\",\"width\":400,\"height\":600},{\"@type\":\"BreadcrumbList\",\"@id\":\"https:\/\/sanluisinforma.com\/?p=11569#breadcrumb\",\"itemListElement\":[{\"@type\":\"ListItem\",\"position\":1,\"name\":\"Inicio\",\"item\":\"https:\/\/sanluisinforma.com\/\"},{\"@type\":\"ListItem\",\"position\":2,\"name\":\"Agradecen a Ricardo Gallardo por apoyo a la Educaci\u00f3n\"}]},{\"@type\":\"WebSite\",\"@id\":\"https:\/\/sanluisinforma.com\/#website\",\"url\":\"https:\/\/sanluisinforma.com\/\",\"name\":\"sanluisinforma.com\",\"description\":\"Periodico San Luis Informa\",\"publisher\":{\"@id\":\"https:\/\/sanluisinforma.com\/#organization\"},\"potentialAction\":[{\"@type\":\"SearchAction\",\"target\":{\"@type\":\"EntryPoint\",\"urlTemplate\":\"https:\/\/sanluisinforma.com\/?s={search_term_string}\"},\"query-input\":{\"@type\":\"PropertyValueSpecification\",\"valueRequired\":true,\"valueName\":\"search_term_string\"}}],\"inLanguage\":\"es\"},{\"@type\":\"Organization\",\"@id\":\"https:\/\/sanluisinforma.com\/#organization\",\"name\":\"sanluisinforma.com\",\"url\":\"https:\/\/sanluisinforma.com\/\",\"logo\":{\"@type\":\"ImageObject\",\"inLanguage\":\"es\",\"@id\":\"https:\/\/sanluisinforma.com\/#\/schema\/logo\/image\/\",\"url\":\"https:\/\/sanluisinforma.com\/wp-content\/uploads\/2026\/03\/sanluisinforma-V.jpg\",\"contentUrl\":\"https:\/\/sanluisinforma.com\/wp-content\/uploads\/2026\/03\/sanluisinforma-V.jpg\",\"width\":500,\"height\":156,\"caption\":\"sanluisinforma.com\"},\"image\":{\"@id\":\"https:\/\/sanluisinforma.com\/#\/schema\/logo\/image\/\"}},{\"@type\":\"Person\",\"@id\":\"https:\/\/sanluisinforma.com\/#\/schema\/person\/c30648f71476be533b6f59d092905c8b\",\"name\":\"sanluisinforma.com\",\"image\":{\"@type\":\"ImageObject\",\"inLanguage\":\"es\",\"@id\":\"https:\/\/sanluisinforma.com\/#\/schema\/person\/image\/\",\"url\":\"https:\/\/secure.gravatar.com\/avatar\/86e3114e34a1eecefb963e0a02f0093f93b092dddb2fe1517596343751081a87?s=96&d=mm&r=g\",\"contentUrl\":\"https:\/\/secure.gravatar.com\/avatar\/86e3114e34a1eecefb963e0a02f0093f93b092dddb2fe1517596343751081a87?s=96&d=mm&r=g\",\"caption\":\"sanluisinforma.com\"},\"url\":\"https:\/\/sanluisinforma.com\/?author=2\"}]}<\/script>\n<!-- \/ Yoast SEO plugin. -->","yoast_head_json":{"title":"Agradecen a Ricardo Gallardo por apoyo a la Educaci\u00f3n - sanluisinforma.com","robots":{"index":"index","follow":"follow","max-snippet":"max-snippet:-1","max-image-preview":"max-image-preview:large","max-video-preview":"max-video-preview:-1"},"canonical":"https:\/\/sanluisinforma.com\/?p=11569","og_locale":"es_MX","og_type":"article","og_title":"Agradecen a Ricardo Gallardo por apoyo a la Educaci\u00f3n - sanluisinforma.com","og_description":"Madres, docentes y estudiantes, reconocen las mejoras en los espacios y el nuevo seguro escolar Tras la gira de trabajo","og_url":"https:\/\/sanluisinforma.com\/?p=11569","og_site_name":"sanluisinforma.com","article_published_time":"2025-04-10T06:55:00+00:00","article_modified_time":"2025-04-10T04:38:40+00:00","og_image":[{"width":400,"height":600,"url":"https:\/\/sanluisinforma.com\/wp-content\/uploads\/2025\/04\/177595c8-c62c-4226-a24e-62dd83f1f89a.jpg","type":"image\/jpeg"}],"author":"sanluisinforma.com","twitter_card":"summary_large_image","twitter_misc":{"Escrito por":"sanluisinforma.com","Tiempo de lectura":"2 minutos"},"schema":{"@context":"https:\/\/schema.org","@graph":[{"@type":"Article","@id":"https:\/\/sanluisinforma.com\/?p=11569#article","isPartOf":{"@id":"https:\/\/sanluisinforma.com\/?p=11569"},"author":{"name":"sanluisinforma.com","@id":"https:\/\/sanluisinforma.com\/#\/schema\/person\/c30648f71476be533b6f59d092905c8b"},"headline":"Agradecen a Ricardo Gallardo por apoyo a la Educaci\u00f3n","datePublished":"2025-04-10T06:55:00+00:00","dateModified":"2025-04-10T04:38:40+00:00","mainEntityOfPage":{"@id":"https:\/\/sanluisinforma.com\/?p=11569"},"wordCount":248,"publisher":{"@id":"https:\/\/sanluisinforma.com\/#organization"},"image":{"@id":"https:\/\/sanluisinforma.com\/?p=11569#primaryimage"},"thumbnailUrl":"https:\/\/sanluisinforma.com\/wp-content\/uploads\/2025\/04\/177595c8-c62c-4226-a24e-62dd83f1f89a.jpg","articleSection":["Portada"],"inLanguage":"es"},{"@type":"WebPage","@id":"https:\/\/sanluisinforma.com\/?p=11569","url":"https:\/\/sanluisinforma.com\/?p=11569","name":"Agradecen a Ricardo Gallardo por apoyo a la Educaci\u00f3n - sanluisinforma.com","isPartOf":{"@id":"https:\/\/sanluisinforma.com\/#website"},"primaryImageOfPage":{"@id":"https:\/\/sanluisinforma.com\/?p=11569#primaryimage"},"image":{"@id":"https:\/\/sanluisinforma.com\/?p=11569#primaryimage"},"thumbnailUrl":"https:\/\/sanluisinforma.com\/wp-content\/uploads\/2025\/04\/177595c8-c62c-4226-a24e-62dd83f1f89a.jpg","datePublished":"2025-04-10T06:55:00+00:00","dateModified":"2025-04-10T04:38:40+00:00","breadcrumb":{"@id":"https:\/\/sanluisinforma.com\/?p=11569#breadcrumb"},"inLanguage":"es","potentialAction":[{"@type":"ReadAction","target":["https:\/\/sanluisinforma.com\/?p=11569"]}]},{"@type":"ImageObject","inLanguage":"es","@id":"https:\/\/sanluisinforma.com\/?p=11569#primaryimage","url":"https:\/\/sanluisinforma.com\/wp-content\/uploads\/2025\/04\/177595c8-c62c-4226-a24e-62dd83f1f89a.jpg","contentUrl":"https:\/\/sanluisinforma.com\/wp-content\/uploads\/2025\/04\/177595c8-c62c-4226-a24e-62dd83f1f89a.jpg","width":400,"height":600},{"@type":"BreadcrumbList","@id":"https:\/\/sanluisinforma.com\/?p=11569#breadcrumb","itemListElement":[{"@type":"ListItem","position":1,"name":"Inicio","item":"https:\/\/sanluisinforma.com\/"},{"@type":"ListItem","position":2,"name":"Agradecen a Ricardo Gallardo por apoyo a la Educaci\u00f3n"}]},{"@type":"WebSite","@id":"https:\/\/sanluisinforma.com\/#website","url":"https:\/\/sanluisinforma.com\/","name":"sanluisinforma.com","description":"Periodico San Luis Informa","publisher":{"@id":"https:\/\/sanluisinforma.com\/#organization"},"potentialAction":[{"@type":"SearchAction","target":{"@type":"EntryPoint","urlTemplate":"https:\/\/sanluisinforma.com\/?s={search_term_string}"},"query-input":{"@type":"PropertyValueSpecification","valueRequired":true,"valueName":"search_term_string"}}],"inLanguage":"es"},{"@type":"Organization","@id":"https:\/\/sanluisinforma.com\/#organization","name":"sanluisinforma.com","url":"https:\/\/sanluisinforma.com\/","logo":{"@type":"ImageObject","inLanguage":"es","@id":"https:\/\/sanluisinforma.com\/#\/schema\/logo\/image\/","url":"https:\/\/sanluisinforma.com\/wp-content\/uploads\/2026\/03\/sanluisinforma-V.jpg","contentUrl":"https:\/\/sanluisinforma.com\/wp-content\/uploads\/2026\/03\/sanluisinforma-V.jpg","width":500,"height":156,"caption":"sanluisinforma.com"},"image":{"@id":"https:\/\/sanluisinforma.com\/#\/schema\/logo\/image\/"}},{"@type":"Person","@id":"https:\/\/sanluisinforma.com\/#\/schema\/person\/c30648f71476be533b6f59d092905c8b","name":"sanluisinforma.com","image":{"@type":"ImageObject","inLanguage":"es","@id":"https:\/\/sanluisinforma.com\/#\/schema\/person\/image\/","url":"https:\/\/secure.gravatar.com\/avatar\/86e3114e34a1eecefb963e0a02f0093f93b092dddb2fe1517596343751081a87?s=96&d=mm&r=g","contentUrl":"https:\/\/secure.gravatar.com\/avatar\/86e3114e34a1eecefb963e0a02f0093f93b092dddb2fe1517596343751081a87?s=96&d=mm&r=g","caption":"sanluisinforma.com"},"url":"https:\/\/sanluisinforma.com\/?author=2"}]}},"_links":{"self":[{"href":"https:\/\/sanluisinforma.com\/index.php?rest_route=\/wp\/v2\/posts\/11569","targetHints":{"allow":["GET"]}}],"collection":[{"href":"https:\/\/sanluisinforma.com\/index.php?rest_route=\/wp\/v2\/posts"}],"about":[{"href":"https:\/\/sanluisinforma.com\/index.php?rest_route=\/wp\/v2\/types\/post"}],"author":[{"embeddable":true,"href":"https:\/\/sanluisinforma.com\/index.php?rest_route=\/wp\/v2\/users\/2"}],"replies":[{"embeddable":true,"href":"https:\/\/sanluisinforma.com\/index.php?rest_route=%2Fwp%2Fv2%2Fcomments&post=11569"}],"version-history":[{"count":1,"href":"https:\/\/sanluisinforma.com\/index.php?rest_route=\/wp\/v2\/posts\/11569\/revisions"}],"predecessor-version":[{"id":11571,"href":"https:\/\/sanluisinforma.com\/index.php?rest_route=\/wp\/v2\/posts\/11569\/revisions\/11571"}],"wp:featuredmedia":[{"embeddable":true,"href":"https:\/\/sanluisinforma.com\/index.php?rest_route=\/wp\/v2\/media\/11570"}],"wp:attachment":[{"href":"https:\/\/sanluisinforma.com\/index.php?rest_route=%2Fwp%2Fv2%2Fmedia&parent=11569"}],"wp:term":[{"taxonomy":"category","embeddable":true,"href":"https:\/\/sanluisinforma.com\/index.php?rest_route=%2Fwp%2Fv2%2Fcategories&post=11569"},{"taxonomy":"post_tag","embeddable":true,"href":"https:\/\/sanluisinforma.com\/index.php?rest_route=%2Fwp%2Fv2%2Ftags&post=11569"}],"curies":[{"name":"wp","href":"https:\/\/api.w.org\/{rel}","templated":true}]}}