{"id":11602,"date":"2025-04-12T00:40:00","date_gmt":"2025-04-12T06:40:00","guid":{"rendered":"https:\/\/sanluisinforma.com\/?p=11602"},"modified":"2025-04-11T22:46:12","modified_gmt":"2025-04-12T04:46:12","slug":"mas-de-135-anos-de-historia-en-el-tradicional-callejon-del-buche","status":"publish","type":"post","link":"https:\/\/sanluisinforma.com\/?p=11602","title":{"rendered":"M\u00e1s de 135 a\u00f1os de historia, en el tradicional Callej\u00f3n del Buche"},"content":{"rendered":"\n<ul class=\"wp-block-list\">\n<li>El Alcalde Enrique Galindo dio inicio a las actividades del Festival Internacional San Luis en Primavera, con esta emblem\u00e1tica celebraci\u00f3n religiosa de los m\u00e1s de 400 altares dedicados a la Virgen de Dolores en el Barrio de Santiago; delegaci\u00f3n de Corea del Sur participa en este recorrido emblem\u00e1tico de San Luis Capital.<\/li>\n<\/ul>\n\n\n\n<p><\/p>\n\n\n\n<p>El Alcalde de San Luis Capital, Enrique Galindo Ceballos, encabez\u00f3 el tradicional recorrido por el Callej\u00f3n del Buche, una de las expresiones culturales m\u00e1s emblem\u00e1ticas y antiguas de la ciudad, que suma ya m\u00e1s de 135 a\u00f1os de historia con m\u00e1s de 400 altares dedicados a la Virgen de Dolores. Este evento representa el inicio de las celebraciones religiosas y culturales de Semana Santa en el Barrio de Santiago.<\/p>\n\n\n\n<p>El Presidente Municipal destac\u00f3 la importancia de preservar y promover estas tradiciones como parte esencial de la identidad potosina: \u201cCada altar tiene un profundo simbolismo y refleja la devoci\u00f3n de nuestras familias; es una herencia cultural invaluable que nos une y nos define como ciudad\u201d.<\/p>\n\n\n\n<p>El Director de Cultura Municipal, Ulises Tello Balderas, se\u00f1al\u00f3 que esta celebraci\u00f3n es reflejo del compromiso del Gobierno de la Capital, encabezado por el Alcalde Enrique Galindo, para conservar el patrimonio intangible de San Luis Capital: \u201ceste trabajo busca fortalecer nuestras tradiciones, compartirlas con las nuevas generaciones y proyectarlas a nivel internacional\u201d.<\/p>\n\n\n\n<p>En el evento estuvieron presentes la Senadora y Presidenta honoraria del DIF Municipal, Estela Arriaga M\u00e1rquez; la Presidenta de la Red Mundial de Turismo Religioso, Pilar Vald\u00e9s Arroyo; la Directora de Turismo Municipal, Claudia Peralta Antiga; las Regidoras Maritza V\u00e1zquez P\u00e9rez y Margarita Hern\u00e1ndez Fiscal; la promotora cultural Olga Susana Centeno Rico y una delegaci\u00f3n de m\u00e1s de 30 representantes de Corea del Sur, entre ellos alcaldes, vicealcaldes y funcionarios de Ciudades del Aprendizaje.<\/p>\n","protected":false},"excerpt":{"rendered":"<p>El Alcalde de San Luis Capital, Enrique Galindo Ceballos, encabez\u00f3 el tradicional recorrido por el Callej\u00f3n del Buche, una de<\/p>\n","protected":false},"author":2,"featured_media":11603,"comment_status":"closed","ping_status":"closed","sticky":false,"template":"","format":"standard","meta":{"footnotes":""},"categories":[25],"tags":[],"class_list":["post-11602","post","type-post","status-publish","format-standard","has-post-thumbnail","hentry","category-local"],"yoast_head":"<!-- This site is optimized with the Yoast SEO plugin v24.1 - https:\/\/yoast.com\/wordpress\/plugins\/seo\/ -->\n<title>M\u00e1s de 135 a\u00f1os de historia, en el tradicional Callej\u00f3n del Buche - sanluisinforma.com<\/title>\n<meta name=\"robots\" content=\"index, follow, max-snippet:-1, max-image-preview:large, max-video-preview:-1\" \/>\n<link rel=\"canonical\" href=\"https:\/\/sanluisinforma.com\/?p=11602\" \/>\n<meta property=\"og:locale\" content=\"es_MX\" \/>\n<meta property=\"og:type\" content=\"article\" \/>\n<meta property=\"og:title\" content=\"M\u00e1s de 135 a\u00f1os de historia, en el tradicional Callej\u00f3n del Buche - sanluisinforma.com\" \/>\n<meta property=\"og:description\" content=\"El Alcalde de San Luis Capital, Enrique Galindo Ceballos, encabez\u00f3 el tradicional recorrido por el Callej\u00f3n del Buche, una de\" \/>\n<meta property=\"og:url\" content=\"https:\/\/sanluisinforma.com\/?p=11602\" \/>\n<meta property=\"og:site_name\" content=\"sanluisinforma.com\" \/>\n<meta property=\"article:published_time\" content=\"2025-04-12T06:40:00+00:00\" \/>\n<meta property=\"article:modified_time\" content=\"2025-04-12T04:46:12+00:00\" \/>\n<meta property=\"og:image\" content=\"https:\/\/sanluisinforma.com\/wp-content\/uploads\/2025\/04\/dc96785c-81ca-4371-bd24-631c2ea23ada.jpg\" \/>\n\t<meta property=\"og:image:width\" content=\"400\" \/>\n\t<meta property=\"og:image:height\" content=\"266\" \/>\n\t<meta property=\"og:image:type\" content=\"image\/jpeg\" \/>\n<meta name=\"author\" content=\"sanluisinforma.com\" \/>\n<meta name=\"twitter:card\" content=\"summary_large_image\" \/>\n<meta name=\"twitter:label1\" content=\"Escrito por\" \/>\n\t<meta name=\"twitter:data1\" content=\"sanluisinforma.com\" \/>\n\t<meta name=\"twitter:label2\" content=\"Tiempo de lectura\" \/>\n\t<meta name=\"twitter:data2\" content=\"2 minutos\" \/>\n<script type=\"application\/ld+json\" class=\"yoast-schema-graph\">{\"@context\":\"https:\/\/schema.org\",\"@graph\":[{\"@type\":\"Article\",\"@id\":\"https:\/\/sanluisinforma.com\/?p=11602#article\",\"isPartOf\":{\"@id\":\"https:\/\/sanluisinforma.com\/?p=11602\"},\"author\":{\"name\":\"sanluisinforma.com\",\"@id\":\"https:\/\/sanluisinforma.com\/#\/schema\/person\/c30648f71476be533b6f59d092905c8b\"},\"headline\":\"M\u00e1s de 135 a\u00f1os de historia, en el tradicional Callej\u00f3n del Buche\",\"datePublished\":\"2025-04-12T06:40:00+00:00\",\"dateModified\":\"2025-04-12T04:46:12+00:00\",\"mainEntityOfPage\":{\"@id\":\"https:\/\/sanluisinforma.com\/?p=11602\"},\"wordCount\":323,\"publisher\":{\"@id\":\"https:\/\/sanluisinforma.com\/#organization\"},\"image\":{\"@id\":\"https:\/\/sanluisinforma.com\/?p=11602#primaryimage\"},\"thumbnailUrl\":\"https:\/\/sanluisinforma.com\/wp-content\/uploads\/2025\/04\/dc96785c-81ca-4371-bd24-631c2ea23ada.jpg\",\"articleSection\":[\"Local\"],\"inLanguage\":\"es\"},{\"@type\":\"WebPage\",\"@id\":\"https:\/\/sanluisinforma.com\/?p=11602\",\"url\":\"https:\/\/sanluisinforma.com\/?p=11602\",\"name\":\"M\u00e1s de 135 a\u00f1os de historia, en el tradicional Callej\u00f3n del Buche - sanluisinforma.com\",\"isPartOf\":{\"@id\":\"https:\/\/sanluisinforma.com\/#website\"},\"primaryImageOfPage\":{\"@id\":\"https:\/\/sanluisinforma.com\/?p=11602#primaryimage\"},\"image\":{\"@id\":\"https:\/\/sanluisinforma.com\/?p=11602#primaryimage\"},\"thumbnailUrl\":\"https:\/\/sanluisinforma.com\/wp-content\/uploads\/2025\/04\/dc96785c-81ca-4371-bd24-631c2ea23ada.jpg\",\"datePublished\":\"2025-04-12T06:40:00+00:00\",\"dateModified\":\"2025-04-12T04:46:12+00:00\",\"breadcrumb\":{\"@id\":\"https:\/\/sanluisinforma.com\/?p=11602#breadcrumb\"},\"inLanguage\":\"es\",\"potentialAction\":[{\"@type\":\"ReadAction\",\"target\":[\"https:\/\/sanluisinforma.com\/?p=11602\"]}]},{\"@type\":\"ImageObject\",\"inLanguage\":\"es\",\"@id\":\"https:\/\/sanluisinforma.com\/?p=11602#primaryimage\",\"url\":\"https:\/\/sanluisinforma.com\/wp-content\/uploads\/2025\/04\/dc96785c-81ca-4371-bd24-631c2ea23ada.jpg\",\"contentUrl\":\"https:\/\/sanluisinforma.com\/wp-content\/uploads\/2025\/04\/dc96785c-81ca-4371-bd24-631c2ea23ada.jpg\",\"width\":400,\"height\":266},{\"@type\":\"BreadcrumbList\",\"@id\":\"https:\/\/sanluisinforma.com\/?p=11602#breadcrumb\",\"itemListElement\":[{\"@type\":\"ListItem\",\"position\":1,\"name\":\"Inicio\",\"item\":\"https:\/\/sanluisinforma.com\/\"},{\"@type\":\"ListItem\",\"position\":2,\"name\":\"M\u00e1s de 135 a\u00f1os de historia, en el tradicional Callej\u00f3n del Buche\"}]},{\"@type\":\"WebSite\",\"@id\":\"https:\/\/sanluisinforma.com\/#website\",\"url\":\"https:\/\/sanluisinforma.com\/\",\"name\":\"sanluisinforma.com\",\"description\":\"Periodico San Luis Informa\",\"publisher\":{\"@id\":\"https:\/\/sanluisinforma.com\/#organization\"},\"potentialAction\":[{\"@type\":\"SearchAction\",\"target\":{\"@type\":\"EntryPoint\",\"urlTemplate\":\"https:\/\/sanluisinforma.com\/?s={search_term_string}\"},\"query-input\":{\"@type\":\"PropertyValueSpecification\",\"valueRequired\":true,\"valueName\":\"search_term_string\"}}],\"inLanguage\":\"es\"},{\"@type\":\"Organization\",\"@id\":\"https:\/\/sanluisinforma.com\/#organization\",\"name\":\"sanluisinforma.com\",\"url\":\"https:\/\/sanluisinforma.com\/\",\"logo\":{\"@type\":\"ImageObject\",\"inLanguage\":\"es\",\"@id\":\"https:\/\/sanluisinforma.com\/#\/schema\/logo\/image\/\",\"url\":\"https:\/\/sanluisinforma.com\/wp-content\/uploads\/2026\/03\/sanluisinforma-V.jpg\",\"contentUrl\":\"https:\/\/sanluisinforma.com\/wp-content\/uploads\/2026\/03\/sanluisinforma-V.jpg\",\"width\":500,\"height\":156,\"caption\":\"sanluisinforma.com\"},\"image\":{\"@id\":\"https:\/\/sanluisinforma.com\/#\/schema\/logo\/image\/\"}},{\"@type\":\"Person\",\"@id\":\"https:\/\/sanluisinforma.com\/#\/schema\/person\/c30648f71476be533b6f59d092905c8b\",\"name\":\"sanluisinforma.com\",\"image\":{\"@type\":\"ImageObject\",\"inLanguage\":\"es\",\"@id\":\"https:\/\/sanluisinforma.com\/#\/schema\/person\/image\/\",\"url\":\"https:\/\/secure.gravatar.com\/avatar\/86e3114e34a1eecefb963e0a02f0093f93b092dddb2fe1517596343751081a87?s=96&d=mm&r=g\",\"contentUrl\":\"https:\/\/secure.gravatar.com\/avatar\/86e3114e34a1eecefb963e0a02f0093f93b092dddb2fe1517596343751081a87?s=96&d=mm&r=g\",\"caption\":\"sanluisinforma.com\"},\"url\":\"https:\/\/sanluisinforma.com\/?author=2\"}]}<\/script>\n<!-- \/ Yoast SEO plugin. -->","yoast_head_json":{"title":"M\u00e1s de 135 a\u00f1os de historia, en el tradicional Callej\u00f3n del Buche - sanluisinforma.com","robots":{"index":"index","follow":"follow","max-snippet":"max-snippet:-1","max-image-preview":"max-image-preview:large","max-video-preview":"max-video-preview:-1"},"canonical":"https:\/\/sanluisinforma.com\/?p=11602","og_locale":"es_MX","og_type":"article","og_title":"M\u00e1s de 135 a\u00f1os de historia, en el tradicional Callej\u00f3n del Buche - sanluisinforma.com","og_description":"El Alcalde de San Luis Capital, Enrique Galindo Ceballos, encabez\u00f3 el tradicional recorrido por el Callej\u00f3n del Buche, una de","og_url":"https:\/\/sanluisinforma.com\/?p=11602","og_site_name":"sanluisinforma.com","article_published_time":"2025-04-12T06:40:00+00:00","article_modified_time":"2025-04-12T04:46:12+00:00","og_image":[{"width":400,"height":266,"url":"https:\/\/sanluisinforma.com\/wp-content\/uploads\/2025\/04\/dc96785c-81ca-4371-bd24-631c2ea23ada.jpg","type":"image\/jpeg"}],"author":"sanluisinforma.com","twitter_card":"summary_large_image","twitter_misc":{"Escrito por":"sanluisinforma.com","Tiempo de lectura":"2 minutos"},"schema":{"@context":"https:\/\/schema.org","@graph":[{"@type":"Article","@id":"https:\/\/sanluisinforma.com\/?p=11602#article","isPartOf":{"@id":"https:\/\/sanluisinforma.com\/?p=11602"},"author":{"name":"sanluisinforma.com","@id":"https:\/\/sanluisinforma.com\/#\/schema\/person\/c30648f71476be533b6f59d092905c8b"},"headline":"M\u00e1s de 135 a\u00f1os de historia, en el tradicional Callej\u00f3n del Buche","datePublished":"2025-04-12T06:40:00+00:00","dateModified":"2025-04-12T04:46:12+00:00","mainEntityOfPage":{"@id":"https:\/\/sanluisinforma.com\/?p=11602"},"wordCount":323,"publisher":{"@id":"https:\/\/sanluisinforma.com\/#organization"},"image":{"@id":"https:\/\/sanluisinforma.com\/?p=11602#primaryimage"},"thumbnailUrl":"https:\/\/sanluisinforma.com\/wp-content\/uploads\/2025\/04\/dc96785c-81ca-4371-bd24-631c2ea23ada.jpg","articleSection":["Local"],"inLanguage":"es"},{"@type":"WebPage","@id":"https:\/\/sanluisinforma.com\/?p=11602","url":"https:\/\/sanluisinforma.com\/?p=11602","name":"M\u00e1s de 135 a\u00f1os de historia, en el tradicional Callej\u00f3n del Buche - sanluisinforma.com","isPartOf":{"@id":"https:\/\/sanluisinforma.com\/#website"},"primaryImageOfPage":{"@id":"https:\/\/sanluisinforma.com\/?p=11602#primaryimage"},"image":{"@id":"https:\/\/sanluisinforma.com\/?p=11602#primaryimage"},"thumbnailUrl":"https:\/\/sanluisinforma.com\/wp-content\/uploads\/2025\/04\/dc96785c-81ca-4371-bd24-631c2ea23ada.jpg","datePublished":"2025-04-12T06:40:00+00:00","dateModified":"2025-04-12T04:46:12+00:00","breadcrumb":{"@id":"https:\/\/sanluisinforma.com\/?p=11602#breadcrumb"},"inLanguage":"es","potentialAction":[{"@type":"ReadAction","target":["https:\/\/sanluisinforma.com\/?p=11602"]}]},{"@type":"ImageObject","inLanguage":"es","@id":"https:\/\/sanluisinforma.com\/?p=11602#primaryimage","url":"https:\/\/sanluisinforma.com\/wp-content\/uploads\/2025\/04\/dc96785c-81ca-4371-bd24-631c2ea23ada.jpg","contentUrl":"https:\/\/sanluisinforma.com\/wp-content\/uploads\/2025\/04\/dc96785c-81ca-4371-bd24-631c2ea23ada.jpg","width":400,"height":266},{"@type":"BreadcrumbList","@id":"https:\/\/sanluisinforma.com\/?p=11602#breadcrumb","itemListElement":[{"@type":"ListItem","position":1,"name":"Inicio","item":"https:\/\/sanluisinforma.com\/"},{"@type":"ListItem","position":2,"name":"M\u00e1s de 135 a\u00f1os de historia, en el tradicional Callej\u00f3n del Buche"}]},{"@type":"WebSite","@id":"https:\/\/sanluisinforma.com\/#website","url":"https:\/\/sanluisinforma.com\/","name":"sanluisinforma.com","description":"Periodico San Luis Informa","publisher":{"@id":"https:\/\/sanluisinforma.com\/#organization"},"potentialAction":[{"@type":"SearchAction","target":{"@type":"EntryPoint","urlTemplate":"https:\/\/sanluisinforma.com\/?s={search_term_string}"},"query-input":{"@type":"PropertyValueSpecification","valueRequired":true,"valueName":"search_term_string"}}],"inLanguage":"es"},{"@type":"Organization","@id":"https:\/\/sanluisinforma.com\/#organization","name":"sanluisinforma.com","url":"https:\/\/sanluisinforma.com\/","logo":{"@type":"ImageObject","inLanguage":"es","@id":"https:\/\/sanluisinforma.com\/#\/schema\/logo\/image\/","url":"https:\/\/sanluisinforma.com\/wp-content\/uploads\/2026\/03\/sanluisinforma-V.jpg","contentUrl":"https:\/\/sanluisinforma.com\/wp-content\/uploads\/2026\/03\/sanluisinforma-V.jpg","width":500,"height":156,"caption":"sanluisinforma.com"},"image":{"@id":"https:\/\/sanluisinforma.com\/#\/schema\/logo\/image\/"}},{"@type":"Person","@id":"https:\/\/sanluisinforma.com\/#\/schema\/person\/c30648f71476be533b6f59d092905c8b","name":"sanluisinforma.com","image":{"@type":"ImageObject","inLanguage":"es","@id":"https:\/\/sanluisinforma.com\/#\/schema\/person\/image\/","url":"https:\/\/secure.gravatar.com\/avatar\/86e3114e34a1eecefb963e0a02f0093f93b092dddb2fe1517596343751081a87?s=96&d=mm&r=g","contentUrl":"https:\/\/secure.gravatar.com\/avatar\/86e3114e34a1eecefb963e0a02f0093f93b092dddb2fe1517596343751081a87?s=96&d=mm&r=g","caption":"sanluisinforma.com"},"url":"https:\/\/sanluisinforma.com\/?author=2"}]}},"_links":{"self":[{"href":"https:\/\/sanluisinforma.com\/index.php?rest_route=\/wp\/v2\/posts\/11602","targetHints":{"allow":["GET"]}}],"collection":[{"href":"https:\/\/sanluisinforma.com\/index.php?rest_route=\/wp\/v2\/posts"}],"about":[{"href":"https:\/\/sanluisinforma.com\/index.php?rest_route=\/wp\/v2\/types\/post"}],"author":[{"embeddable":true,"href":"https:\/\/sanluisinforma.com\/index.php?rest_route=\/wp\/v2\/users\/2"}],"replies":[{"embeddable":true,"href":"https:\/\/sanluisinforma.com\/index.php?rest_route=%2Fwp%2Fv2%2Fcomments&post=11602"}],"version-history":[{"count":1,"href":"https:\/\/sanluisinforma.com\/index.php?rest_route=\/wp\/v2\/posts\/11602\/revisions"}],"predecessor-version":[{"id":11604,"href":"https:\/\/sanluisinforma.com\/index.php?rest_route=\/wp\/v2\/posts\/11602\/revisions\/11604"}],"wp:featuredmedia":[{"embeddable":true,"href":"https:\/\/sanluisinforma.com\/index.php?rest_route=\/wp\/v2\/media\/11603"}],"wp:attachment":[{"href":"https:\/\/sanluisinforma.com\/index.php?rest_route=%2Fwp%2Fv2%2Fmedia&parent=11602"}],"wp:term":[{"taxonomy":"category","embeddable":true,"href":"https:\/\/sanluisinforma.com\/index.php?rest_route=%2Fwp%2Fv2%2Fcategories&post=11602"},{"taxonomy":"post_tag","embeddable":true,"href":"https:\/\/sanluisinforma.com\/index.php?rest_route=%2Fwp%2Fv2%2Ftags&post=11602"}],"curies":[{"name":"wp","href":"https:\/\/api.w.org\/{rel}","templated":true}]}}