{"id":1162,"date":"2022-05-18T08:16:58","date_gmt":"2022-05-18T13:16:58","guid":{"rendered":"https:\/\/sanluisinforma.com\/?p=66841"},"modified":"2022-05-18T08:16:58","modified_gmt":"2022-05-18T13:16:58","slug":"guardia-civil-estatal-hecho-historico-en-seguridad-publica","status":"publish","type":"post","link":"https:\/\/sanluisinforma.com\/?p=1162","title":{"rendered":"Guardia Civil Estatal, hecho hist\u00f3rico en seguridad p\u00fablica"},"content":{"rendered":"\n<div class=\"wp-block-image\"><figure class=\"aligncenter size-full is-resized\"><a href=\"https:\/\/sanluisinforma.com\/wp-content\/uploads\/2022\/05\/07cdef17-c55d-4063-9b14-a74b140560e5.jpg\"><img loading=\"lazy\" decoding=\"async\" src=\"https:\/\/sanluisinforma.com\/wp-content\/uploads\/2022\/05\/07cdef17-c55d-4063-9b14-a74b140560e5.jpg\" alt=\"\" class=\"wp-image-66836\" width=\"613\" height=\"297\"\/><\/a><\/figure><\/div>\n\n\n\n<p><strong>Jos\u00e9 Luis Fern\u00e1ndez, Ren\u00e9 Oyarvide y Antonio Lorca coinciden en que el nuevo modelo impulsado por el Gobernador Ricardo Gallardo ser\u00e1 garant\u00eda de seguridad y bienestar social.&nbsp;<\/strong><\/p>\n\n\n\n<p>San Luis Potos\u00ed, SLP.- Congresistas locales de distintas fuerzas pol\u00edticas calificaron como un hecho hist\u00f3rico la creaci\u00f3n de la Guardia Civil Estatal en San Luis Potos\u00ed, iniciativa del Gobernador Ricardo Gallardo Cardona para pacificar los 58 municipios y atender la demanda m\u00e1s sentida de la poblaci\u00f3n: mejorar la seguridad p\u00fablica.<\/p>\n\n\n\n<p>Jos\u00e9 Luis Fern\u00e1ndez Mart\u00ednez, representante del Partido Verde Ecologista de M\u00e9xico, hizo un reconocimiento al jefe del Ejecutivo y al equipo que lo acompa\u00f1a en el nuevo Gobierno por materializar la nueva estrategia, al tiempo de destacar que hay gran esperanza de que con este mecanismo se recobrar\u00e1 la paz del Estado. \u201cQueremos vivir sin miedo, esa es la oferta de este Gobierno del cambio y esperamos que en breve podamos tener muy buenos resultados, como ya los hemos venido teniendo en otros \u00e1mbitos\u201d, afirm\u00f3 el diputado.<\/p>\n\n\n\n<p>Jos\u00e9 Antonio Lorca Valle, legislador por Movimiento Regeneraci\u00f3n Nacional, coment\u00f3 que se construye una nueva forma de dar seguridad a las y los potosinos y se congratul\u00f3 con la consolidaci\u00f3n de una reforma de la que form\u00f3 parte: \u201cel objetivo es ir abonando a la seguridad, es la preocupaci\u00f3n m\u00e1s fuerte de las familias potosinas y es un tema que se tiene que atender. Se dan los primeros pasos y esperamos que d\u00e9 resultados r\u00e1pidos y que en temas de percepci\u00f3n la gente se pueda sentir m\u00e1s tranquila y cercana\u201d.<\/p>\n\n\n\n<p>Por su parte, Ren\u00e9 Oyarvide Ibarra, integrante del Partido del Trabajo, dijo que la transformaci\u00f3n en el modelo de seguridad establecido por Ricardo Gallardo, se logr\u00f3 gracias a la suma de voluntades y reiter\u00f3 que ser\u00e1 una corporaci\u00f3n con elementos preparados y bien capacitados, pero sobre todo con mucha tecnolog\u00eda para poder enfrentar a la delincuencia, haciendo uso de la Ley, con pleno respeto a los derechos humanos.<\/p>\n\n\n\n<p>\u201cEs un d\u00eda hist\u00f3rico para las y los potosinos, porque ahora vamos a contar con una verdadera polic\u00eda en San Luis Potos\u00ed, m\u00e1s preparada y mejor equipada\u201d; destac\u00f3 la suma de voluntades, tanto de las y los diputados locales como de cabildos de los 58 ayuntamientos para sacar adelante este proyecto, lo que demuestra que en San Luis Potos\u00ed se gobierna para todos, sin colores partidistas.<\/p>\n","protected":false},"excerpt":{"rendered":"<p>Jos\u00e9 Luis Fern\u00e1ndez, Ren\u00e9 Oyarvide y Antonio Lorca coinciden en que el nuevo modelo impulsado por el Gobernador Ricardo Gallardo<\/p>\n","protected":false},"author":1,"featured_media":1163,"comment_status":"open","ping_status":"open","sticky":false,"template":"","format":"standard","meta":{"footnotes":""},"categories":[25],"tags":[],"class_list":["post-1162","post","type-post","status-publish","format-standard","has-post-thumbnail","hentry","category-local"],"yoast_head":"<!-- This site is optimized with the Yoast SEO plugin v24.1 - https:\/\/yoast.com\/wordpress\/plugins\/seo\/ -->\n<title>Guardia Civil Estatal, hecho hist\u00f3rico en seguridad p\u00fablica - sanluisinforma.com<\/title>\n<meta name=\"robots\" content=\"index, follow, max-snippet:-1, max-image-preview:large, max-video-preview:-1\" \/>\n<link rel=\"canonical\" href=\"https:\/\/sanluisinforma.com\/?p=1162\" \/>\n<meta property=\"og:locale\" content=\"es_MX\" \/>\n<meta property=\"og:type\" content=\"article\" \/>\n<meta property=\"og:title\" content=\"Guardia Civil Estatal, hecho hist\u00f3rico en seguridad p\u00fablica - sanluisinforma.com\" \/>\n<meta property=\"og:description\" content=\"Jos\u00e9 Luis Fern\u00e1ndez, Ren\u00e9 Oyarvide y Antonio Lorca coinciden en que el nuevo modelo impulsado por el Gobernador Ricardo Gallardo\" \/>\n<meta property=\"og:url\" content=\"https:\/\/sanluisinforma.com\/?p=1162\" \/>\n<meta property=\"og:site_name\" content=\"sanluisinforma.com\" \/>\n<meta property=\"article:published_time\" content=\"2022-05-18T13:16:58+00:00\" \/>\n<meta property=\"og:image\" content=\"https:\/\/sanluisinforma.com\/wp-content\/uploads\/2022\/05\/07cdef17-c55d-4063-9b14-a74b140560e5.jpg\" \/>\n\t<meta property=\"og:image:width\" content=\"500\" \/>\n\t<meta property=\"og:image:height\" content=\"242\" \/>\n\t<meta property=\"og:image:type\" content=\"image\/jpeg\" \/>\n<meta name=\"author\" content=\"m3rsync\" \/>\n<meta name=\"twitter:card\" content=\"summary_large_image\" \/>\n<meta name=\"twitter:label1\" content=\"Escrito por\" \/>\n\t<meta name=\"twitter:data1\" content=\"m3rsync\" \/>\n\t<meta name=\"twitter:label2\" content=\"Tiempo de lectura\" \/>\n\t<meta name=\"twitter:data2\" content=\"2 minutos\" \/>\n<script type=\"application\/ld+json\" class=\"yoast-schema-graph\">{\"@context\":\"https:\/\/schema.org\",\"@graph\":[{\"@type\":\"Article\",\"@id\":\"https:\/\/sanluisinforma.com\/?p=1162#article\",\"isPartOf\":{\"@id\":\"https:\/\/sanluisinforma.com\/?p=1162\"},\"author\":{\"name\":\"m3rsync\",\"@id\":\"https:\/\/sanluisinforma.com\/#\/schema\/person\/49ff81046c3481e1b5440b65c424cc17\"},\"headline\":\"Guardia Civil Estatal, hecho hist\u00f3rico en seguridad p\u00fablica\",\"datePublished\":\"2022-05-18T13:16:58+00:00\",\"dateModified\":\"2022-05-18T13:16:58+00:00\",\"mainEntityOfPage\":{\"@id\":\"https:\/\/sanluisinforma.com\/?p=1162\"},\"wordCount\":424,\"commentCount\":0,\"publisher\":{\"@id\":\"https:\/\/sanluisinforma.com\/#organization\"},\"image\":{\"@id\":\"https:\/\/sanluisinforma.com\/?p=1162#primaryimage\"},\"thumbnailUrl\":\"https:\/\/sanluisinforma.com\/wp-content\/uploads\/2022\/05\/07cdef17-c55d-4063-9b14-a74b140560e5.jpg\",\"articleSection\":[\"Local\"],\"inLanguage\":\"es\",\"potentialAction\":[{\"@type\":\"CommentAction\",\"name\":\"Comment\",\"target\":[\"https:\/\/sanluisinforma.com\/?p=1162#respond\"]}]},{\"@type\":\"WebPage\",\"@id\":\"https:\/\/sanluisinforma.com\/?p=1162\",\"url\":\"https:\/\/sanluisinforma.com\/?p=1162\",\"name\":\"Guardia Civil Estatal, hecho hist\u00f3rico en seguridad p\u00fablica - sanluisinforma.com\",\"isPartOf\":{\"@id\":\"https:\/\/sanluisinforma.com\/#website\"},\"primaryImageOfPage\":{\"@id\":\"https:\/\/sanluisinforma.com\/?p=1162#primaryimage\"},\"image\":{\"@id\":\"https:\/\/sanluisinforma.com\/?p=1162#primaryimage\"},\"thumbnailUrl\":\"https:\/\/sanluisinforma.com\/wp-content\/uploads\/2022\/05\/07cdef17-c55d-4063-9b14-a74b140560e5.jpg\",\"datePublished\":\"2022-05-18T13:16:58+00:00\",\"dateModified\":\"2022-05-18T13:16:58+00:00\",\"breadcrumb\":{\"@id\":\"https:\/\/sanluisinforma.com\/?p=1162#breadcrumb\"},\"inLanguage\":\"es\",\"potentialAction\":[{\"@type\":\"ReadAction\",\"target\":[\"https:\/\/sanluisinforma.com\/?p=1162\"]}]},{\"@type\":\"ImageObject\",\"inLanguage\":\"es\",\"@id\":\"https:\/\/sanluisinforma.com\/?p=1162#primaryimage\",\"url\":\"https:\/\/sanluisinforma.com\/wp-content\/uploads\/2022\/05\/07cdef17-c55d-4063-9b14-a74b140560e5.jpg\",\"contentUrl\":\"https:\/\/sanluisinforma.com\/wp-content\/uploads\/2022\/05\/07cdef17-c55d-4063-9b14-a74b140560e5.jpg\",\"width\":500,\"height\":242},{\"@type\":\"BreadcrumbList\",\"@id\":\"https:\/\/sanluisinforma.com\/?p=1162#breadcrumb\",\"itemListElement\":[{\"@type\":\"ListItem\",\"position\":1,\"name\":\"Inicio\",\"item\":\"https:\/\/sanluisinforma.com\/\"},{\"@type\":\"ListItem\",\"position\":2,\"name\":\"Guardia Civil Estatal, hecho hist\u00f3rico en seguridad p\u00fablica\"}]},{\"@type\":\"WebSite\",\"@id\":\"https:\/\/sanluisinforma.com\/#website\",\"url\":\"https:\/\/sanluisinforma.com\/\",\"name\":\"sanluisinforma.com\",\"description\":\"Periodico San Luis Informa\",\"publisher\":{\"@id\":\"https:\/\/sanluisinforma.com\/#organization\"},\"potentialAction\":[{\"@type\":\"SearchAction\",\"target\":{\"@type\":\"EntryPoint\",\"urlTemplate\":\"https:\/\/sanluisinforma.com\/?s={search_term_string}\"},\"query-input\":{\"@type\":\"PropertyValueSpecification\",\"valueRequired\":true,\"valueName\":\"search_term_string\"}}],\"inLanguage\":\"es\"},{\"@type\":\"Organization\",\"@id\":\"https:\/\/sanluisinforma.com\/#organization\",\"name\":\"sanluisinforma.com\",\"url\":\"https:\/\/sanluisinforma.com\/\",\"logo\":{\"@type\":\"ImageObject\",\"inLanguage\":\"es\",\"@id\":\"https:\/\/sanluisinforma.com\/#\/schema\/logo\/image\/\",\"url\":\"https:\/\/sanluisinforma.com\/wp-content\/uploads\/2026\/03\/sanluisinforma-V.jpg\",\"contentUrl\":\"https:\/\/sanluisinforma.com\/wp-content\/uploads\/2026\/03\/sanluisinforma-V.jpg\",\"width\":500,\"height\":156,\"caption\":\"sanluisinforma.com\"},\"image\":{\"@id\":\"https:\/\/sanluisinforma.com\/#\/schema\/logo\/image\/\"}},{\"@type\":\"Person\",\"@id\":\"https:\/\/sanluisinforma.com\/#\/schema\/person\/49ff81046c3481e1b5440b65c424cc17\",\"name\":\"m3rsync\",\"image\":{\"@type\":\"ImageObject\",\"inLanguage\":\"es\",\"@id\":\"https:\/\/sanluisinforma.com\/#\/schema\/person\/image\/\",\"url\":\"https:\/\/secure.gravatar.com\/avatar\/a680509951ac8a465dc670dcf485535c45f0448b55f320b47fd5b6339aed90e2?s=96&d=mm&r=g\",\"contentUrl\":\"https:\/\/secure.gravatar.com\/avatar\/a680509951ac8a465dc670dcf485535c45f0448b55f320b47fd5b6339aed90e2?s=96&d=mm&r=g\",\"caption\":\"m3rsync\"},\"sameAs\":[\"https:\/\/sanluisinforma.com\"],\"url\":\"https:\/\/sanluisinforma.com\/?author=1\"}]}<\/script>\n<!-- \/ Yoast SEO plugin. -->","yoast_head_json":{"title":"Guardia Civil Estatal, hecho hist\u00f3rico en seguridad p\u00fablica - sanluisinforma.com","robots":{"index":"index","follow":"follow","max-snippet":"max-snippet:-1","max-image-preview":"max-image-preview:large","max-video-preview":"max-video-preview:-1"},"canonical":"https:\/\/sanluisinforma.com\/?p=1162","og_locale":"es_MX","og_type":"article","og_title":"Guardia Civil Estatal, hecho hist\u00f3rico en seguridad p\u00fablica - sanluisinforma.com","og_description":"Jos\u00e9 Luis Fern\u00e1ndez, Ren\u00e9 Oyarvide y Antonio Lorca coinciden en que el nuevo modelo impulsado por el Gobernador Ricardo Gallardo","og_url":"https:\/\/sanluisinforma.com\/?p=1162","og_site_name":"sanluisinforma.com","article_published_time":"2022-05-18T13:16:58+00:00","og_image":[{"width":500,"height":242,"url":"https:\/\/sanluisinforma.com\/wp-content\/uploads\/2022\/05\/07cdef17-c55d-4063-9b14-a74b140560e5.jpg","type":"image\/jpeg"}],"author":"m3rsync","twitter_card":"summary_large_image","twitter_misc":{"Escrito por":"m3rsync","Tiempo de lectura":"2 minutos"},"schema":{"@context":"https:\/\/schema.org","@graph":[{"@type":"Article","@id":"https:\/\/sanluisinforma.com\/?p=1162#article","isPartOf":{"@id":"https:\/\/sanluisinforma.com\/?p=1162"},"author":{"name":"m3rsync","@id":"https:\/\/sanluisinforma.com\/#\/schema\/person\/49ff81046c3481e1b5440b65c424cc17"},"headline":"Guardia Civil Estatal, hecho hist\u00f3rico en seguridad p\u00fablica","datePublished":"2022-05-18T13:16:58+00:00","dateModified":"2022-05-18T13:16:58+00:00","mainEntityOfPage":{"@id":"https:\/\/sanluisinforma.com\/?p=1162"},"wordCount":424,"commentCount":0,"publisher":{"@id":"https:\/\/sanluisinforma.com\/#organization"},"image":{"@id":"https:\/\/sanluisinforma.com\/?p=1162#primaryimage"},"thumbnailUrl":"https:\/\/sanluisinforma.com\/wp-content\/uploads\/2022\/05\/07cdef17-c55d-4063-9b14-a74b140560e5.jpg","articleSection":["Local"],"inLanguage":"es","potentialAction":[{"@type":"CommentAction","name":"Comment","target":["https:\/\/sanluisinforma.com\/?p=1162#respond"]}]},{"@type":"WebPage","@id":"https:\/\/sanluisinforma.com\/?p=1162","url":"https:\/\/sanluisinforma.com\/?p=1162","name":"Guardia Civil Estatal, hecho hist\u00f3rico en seguridad p\u00fablica - sanluisinforma.com","isPartOf":{"@id":"https:\/\/sanluisinforma.com\/#website"},"primaryImageOfPage":{"@id":"https:\/\/sanluisinforma.com\/?p=1162#primaryimage"},"image":{"@id":"https:\/\/sanluisinforma.com\/?p=1162#primaryimage"},"thumbnailUrl":"https:\/\/sanluisinforma.com\/wp-content\/uploads\/2022\/05\/07cdef17-c55d-4063-9b14-a74b140560e5.jpg","datePublished":"2022-05-18T13:16:58+00:00","dateModified":"2022-05-18T13:16:58+00:00","breadcrumb":{"@id":"https:\/\/sanluisinforma.com\/?p=1162#breadcrumb"},"inLanguage":"es","potentialAction":[{"@type":"ReadAction","target":["https:\/\/sanluisinforma.com\/?p=1162"]}]},{"@type":"ImageObject","inLanguage":"es","@id":"https:\/\/sanluisinforma.com\/?p=1162#primaryimage","url":"https:\/\/sanluisinforma.com\/wp-content\/uploads\/2022\/05\/07cdef17-c55d-4063-9b14-a74b140560e5.jpg","contentUrl":"https:\/\/sanluisinforma.com\/wp-content\/uploads\/2022\/05\/07cdef17-c55d-4063-9b14-a74b140560e5.jpg","width":500,"height":242},{"@type":"BreadcrumbList","@id":"https:\/\/sanluisinforma.com\/?p=1162#breadcrumb","itemListElement":[{"@type":"ListItem","position":1,"name":"Inicio","item":"https:\/\/sanluisinforma.com\/"},{"@type":"ListItem","position":2,"name":"Guardia Civil Estatal, hecho hist\u00f3rico en seguridad p\u00fablica"}]},{"@type":"WebSite","@id":"https:\/\/sanluisinforma.com\/#website","url":"https:\/\/sanluisinforma.com\/","name":"sanluisinforma.com","description":"Periodico San Luis Informa","publisher":{"@id":"https:\/\/sanluisinforma.com\/#organization"},"potentialAction":[{"@type":"SearchAction","target":{"@type":"EntryPoint","urlTemplate":"https:\/\/sanluisinforma.com\/?s={search_term_string}"},"query-input":{"@type":"PropertyValueSpecification","valueRequired":true,"valueName":"search_term_string"}}],"inLanguage":"es"},{"@type":"Organization","@id":"https:\/\/sanluisinforma.com\/#organization","name":"sanluisinforma.com","url":"https:\/\/sanluisinforma.com\/","logo":{"@type":"ImageObject","inLanguage":"es","@id":"https:\/\/sanluisinforma.com\/#\/schema\/logo\/image\/","url":"https:\/\/sanluisinforma.com\/wp-content\/uploads\/2026\/03\/sanluisinforma-V.jpg","contentUrl":"https:\/\/sanluisinforma.com\/wp-content\/uploads\/2026\/03\/sanluisinforma-V.jpg","width":500,"height":156,"caption":"sanluisinforma.com"},"image":{"@id":"https:\/\/sanluisinforma.com\/#\/schema\/logo\/image\/"}},{"@type":"Person","@id":"https:\/\/sanluisinforma.com\/#\/schema\/person\/49ff81046c3481e1b5440b65c424cc17","name":"m3rsync","image":{"@type":"ImageObject","inLanguage":"es","@id":"https:\/\/sanluisinforma.com\/#\/schema\/person\/image\/","url":"https:\/\/secure.gravatar.com\/avatar\/a680509951ac8a465dc670dcf485535c45f0448b55f320b47fd5b6339aed90e2?s=96&d=mm&r=g","contentUrl":"https:\/\/secure.gravatar.com\/avatar\/a680509951ac8a465dc670dcf485535c45f0448b55f320b47fd5b6339aed90e2?s=96&d=mm&r=g","caption":"m3rsync"},"sameAs":["https:\/\/sanluisinforma.com"],"url":"https:\/\/sanluisinforma.com\/?author=1"}]}},"_links":{"self":[{"href":"https:\/\/sanluisinforma.com\/index.php?rest_route=\/wp\/v2\/posts\/1162","targetHints":{"allow":["GET"]}}],"collection":[{"href":"https:\/\/sanluisinforma.com\/index.php?rest_route=\/wp\/v2\/posts"}],"about":[{"href":"https:\/\/sanluisinforma.com\/index.php?rest_route=\/wp\/v2\/types\/post"}],"author":[{"embeddable":true,"href":"https:\/\/sanluisinforma.com\/index.php?rest_route=\/wp\/v2\/users\/1"}],"replies":[{"embeddable":true,"href":"https:\/\/sanluisinforma.com\/index.php?rest_route=%2Fwp%2Fv2%2Fcomments&post=1162"}],"version-history":[{"count":0,"href":"https:\/\/sanluisinforma.com\/index.php?rest_route=\/wp\/v2\/posts\/1162\/revisions"}],"wp:featuredmedia":[{"embeddable":true,"href":"https:\/\/sanluisinforma.com\/index.php?rest_route=\/wp\/v2\/media\/1163"}],"wp:attachment":[{"href":"https:\/\/sanluisinforma.com\/index.php?rest_route=%2Fwp%2Fv2%2Fmedia&parent=1162"}],"wp:term":[{"taxonomy":"category","embeddable":true,"href":"https:\/\/sanluisinforma.com\/index.php?rest_route=%2Fwp%2Fv2%2Fcategories&post=1162"},{"taxonomy":"post_tag","embeddable":true,"href":"https:\/\/sanluisinforma.com\/index.php?rest_route=%2Fwp%2Fv2%2Ftags&post=1162"}],"curies":[{"name":"wp","href":"https:\/\/api.w.org\/{rel}","templated":true}]}}