{"id":11634,"date":"2025-04-13T00:45:00","date_gmt":"2025-04-13T06:45:00","guid":{"rendered":"https:\/\/sanluisinforma.com\/?p=11634"},"modified":"2025-04-12T21:50:51","modified_gmt":"2025-04-13T03:50:51","slug":"majestuosa-noche-inaugural-del-festival-internacional-san-luis-en-primavera-2025","status":"publish","type":"post","link":"https:\/\/sanluisinforma.com\/?p=11634","title":{"rendered":"Majestuosa noche inaugural del Festival Internacional San Luis en Primavera 2025"},"content":{"rendered":"\n<p>Con un homenaje inolvidable a Roberto Cantoral y voces de talla mundial, el Alcalde Enrique Galindo inaugur\u00f3 el Cuarto Festival Internacional San Luis en Primavera, que arranc\u00f3 con una noche m\u00e1gica que llen\u00f3 de orgullo, m\u00fasica y emociones la Plaza de los Fundadores.<\/p>\n\n\n\n<p><\/p>\n\n\n\n<p>Este 12 de abril, la Plaza de los Fundadores se transform\u00f3 en un escenario de clase mundial con la inauguraci\u00f3n del Cuarto Festival Internacional San Luis en Primavera, que abri\u00f3 con el espect\u00e1culo estelar Reg\u00e1lame esta Noche, un emotivo homenaje a Roberto Cantoral. Eugenia Le\u00f3n, Fernando de la Mora, Ram\u00f3n Vargas y Jos\u00e9 Cantoral unieron sus voces para rendir tributo a uno de los compositores m\u00e1s grandes de M\u00e9xico, ante miles de personas que vivieron un inicio espectacular del festival que ya es una tradici\u00f3n en Semana Santa.<\/p>\n\n\n\n<p>El Alcalde Enrique Galindo Ceballos encabez\u00f3 la ceremonia inaugural, acompa\u00f1ado de la delegaci\u00f3n de la Rep\u00fablica de Corea que participa en la Reuni\u00f3n de Ciudades del Aprendizaje: \u201cEs la cuarta vez que cumplimos nuestro compromiso con la cultura. Hace tres a\u00f1os nos comprometimos a ser la Capital de la Cultura, eso es gracias al p\u00fablico, a las y los potosinos y los miles de visitantes que est\u00e1n con nosotros cada Semana Santa\u201d, afirm\u00f3. Concluy\u00f3 con un mensaje emotivo: \u201cDisfr\u00fatenlo, qui\u00e9ranse mucho, quieran a esta ciudad, amemos a San Luis Potos\u00ed\u201d. La velada fue dedicada al Hombre Cultura de la Ciudad, Daniel de la Llera.<\/p>\n\n\n\n<p>La emotividad de Eugenia Le\u00f3n, la elegancia de Fernando de la Mora, la potencia vocal de Ram\u00f3n Vargas y la calidez de Jos\u00e9 Cantoral estremecieron al p\u00fablico que llen\u00f3 cada rinc\u00f3n de la plaza. Las canciones m\u00e1s emblem\u00e1ticas de Roberto Cantoral resonaron bajo el cielo potosino, en una noche que confirm\u00f3 el nivel art\u00edstico y t\u00e9cnico de un festival que pone a San Luis Potos\u00ed en los ojos del mundo.<\/p>\n\n\n\n<p>El Cuarto Festival Internacional San Luis en Primavera se desarrollar\u00e1 del 12 al 19 de abril en espacios p\u00fablicos de nuestra ciudad Capital, con una cartelera de calidad internacional que refrenda el liderazgo cultural de San Luis Potos\u00ed, la Capital Americana de la Cultura. Con cada edici\u00f3n, esta celebraci\u00f3n se consolida como uno de los eventos m\u00e1s esperados del a\u00f1o, que adem\u00e1s de fortalecer el alma de la ciudad, impulsa el turismo, la convivencia familiar y el orgullo potosino.<\/p>\n","protected":false},"excerpt":{"rendered":"<p>Con un homenaje inolvidable a Roberto Cantoral y voces de talla mundial, el Alcalde Enrique Galindo inaugur\u00f3 el Cuarto Festival<\/p>\n","protected":false},"author":2,"featured_media":11635,"comment_status":"closed","ping_status":"closed","sticky":false,"template":"","format":"standard","meta":{"footnotes":""},"categories":[25,30],"tags":[],"class_list":["post-11634","post","type-post","status-publish","format-standard","has-post-thumbnail","hentry","category-local","category-portada"],"yoast_head":"<!-- This site is optimized with the Yoast SEO plugin v24.1 - https:\/\/yoast.com\/wordpress\/plugins\/seo\/ -->\n<title>Majestuosa noche inaugural del Festival Internacional San Luis en Primavera 2025 - sanluisinforma.com<\/title>\n<meta name=\"robots\" content=\"index, follow, max-snippet:-1, max-image-preview:large, max-video-preview:-1\" \/>\n<link rel=\"canonical\" href=\"https:\/\/sanluisinforma.com\/?p=11634\" \/>\n<meta property=\"og:locale\" content=\"es_MX\" \/>\n<meta property=\"og:type\" content=\"article\" \/>\n<meta property=\"og:title\" content=\"Majestuosa noche inaugural del Festival Internacional San Luis en Primavera 2025 - sanluisinforma.com\" \/>\n<meta property=\"og:description\" content=\"Con un homenaje inolvidable a Roberto Cantoral y voces de talla mundial, el Alcalde Enrique Galindo inaugur\u00f3 el Cuarto Festival\" \/>\n<meta property=\"og:url\" content=\"https:\/\/sanluisinforma.com\/?p=11634\" \/>\n<meta property=\"og:site_name\" content=\"sanluisinforma.com\" \/>\n<meta property=\"article:published_time\" content=\"2025-04-13T06:45:00+00:00\" \/>\n<meta property=\"article:modified_time\" content=\"2025-04-13T03:50:51+00:00\" \/>\n<meta property=\"og:image\" content=\"https:\/\/sanluisinforma.com\/wp-content\/uploads\/2025\/04\/e9257614-3a87-4b3e-942f-31e813420ab5.png\" \/>\n\t<meta property=\"og:image:width\" content=\"400\" \/>\n\t<meta property=\"og:image:height\" content=\"266\" \/>\n\t<meta property=\"og:image:type\" content=\"image\/png\" \/>\n<meta name=\"author\" content=\"sanluisinforma.com\" \/>\n<meta name=\"twitter:card\" content=\"summary_large_image\" \/>\n<meta name=\"twitter:label1\" content=\"Escrito por\" \/>\n\t<meta name=\"twitter:data1\" content=\"sanluisinforma.com\" \/>\n\t<meta name=\"twitter:label2\" content=\"Tiempo de lectura\" \/>\n\t<meta name=\"twitter:data2\" content=\"2 minutos\" \/>\n<script type=\"application\/ld+json\" class=\"yoast-schema-graph\">{\"@context\":\"https:\/\/schema.org\",\"@graph\":[{\"@type\":\"Article\",\"@id\":\"https:\/\/sanluisinforma.com\/?p=11634#article\",\"isPartOf\":{\"@id\":\"https:\/\/sanluisinforma.com\/?p=11634\"},\"author\":{\"name\":\"sanluisinforma.com\",\"@id\":\"https:\/\/sanluisinforma.com\/#\/schema\/person\/c30648f71476be533b6f59d092905c8b\"},\"headline\":\"Majestuosa noche inaugural del Festival Internacional San Luis en Primavera 2025\",\"datePublished\":\"2025-04-13T06:45:00+00:00\",\"dateModified\":\"2025-04-13T03:50:51+00:00\",\"mainEntityOfPage\":{\"@id\":\"https:\/\/sanluisinforma.com\/?p=11634\"},\"wordCount\":424,\"publisher\":{\"@id\":\"https:\/\/sanluisinforma.com\/#organization\"},\"image\":{\"@id\":\"https:\/\/sanluisinforma.com\/?p=11634#primaryimage\"},\"thumbnailUrl\":\"https:\/\/sanluisinforma.com\/wp-content\/uploads\/2025\/04\/e9257614-3a87-4b3e-942f-31e813420ab5.png\",\"articleSection\":[\"Local\",\"Portada\"],\"inLanguage\":\"es\"},{\"@type\":\"WebPage\",\"@id\":\"https:\/\/sanluisinforma.com\/?p=11634\",\"url\":\"https:\/\/sanluisinforma.com\/?p=11634\",\"name\":\"Majestuosa noche inaugural del Festival Internacional San Luis en Primavera 2025 - sanluisinforma.com\",\"isPartOf\":{\"@id\":\"https:\/\/sanluisinforma.com\/#website\"},\"primaryImageOfPage\":{\"@id\":\"https:\/\/sanluisinforma.com\/?p=11634#primaryimage\"},\"image\":{\"@id\":\"https:\/\/sanluisinforma.com\/?p=11634#primaryimage\"},\"thumbnailUrl\":\"https:\/\/sanluisinforma.com\/wp-content\/uploads\/2025\/04\/e9257614-3a87-4b3e-942f-31e813420ab5.png\",\"datePublished\":\"2025-04-13T06:45:00+00:00\",\"dateModified\":\"2025-04-13T03:50:51+00:00\",\"breadcrumb\":{\"@id\":\"https:\/\/sanluisinforma.com\/?p=11634#breadcrumb\"},\"inLanguage\":\"es\",\"potentialAction\":[{\"@type\":\"ReadAction\",\"target\":[\"https:\/\/sanluisinforma.com\/?p=11634\"]}]},{\"@type\":\"ImageObject\",\"inLanguage\":\"es\",\"@id\":\"https:\/\/sanluisinforma.com\/?p=11634#primaryimage\",\"url\":\"https:\/\/sanluisinforma.com\/wp-content\/uploads\/2025\/04\/e9257614-3a87-4b3e-942f-31e813420ab5.png\",\"contentUrl\":\"https:\/\/sanluisinforma.com\/wp-content\/uploads\/2025\/04\/e9257614-3a87-4b3e-942f-31e813420ab5.png\",\"width\":400,\"height\":266},{\"@type\":\"BreadcrumbList\",\"@id\":\"https:\/\/sanluisinforma.com\/?p=11634#breadcrumb\",\"itemListElement\":[{\"@type\":\"ListItem\",\"position\":1,\"name\":\"Inicio\",\"item\":\"https:\/\/sanluisinforma.com\/\"},{\"@type\":\"ListItem\",\"position\":2,\"name\":\"Majestuosa noche inaugural del Festival Internacional San Luis en Primavera 2025\"}]},{\"@type\":\"WebSite\",\"@id\":\"https:\/\/sanluisinforma.com\/#website\",\"url\":\"https:\/\/sanluisinforma.com\/\",\"name\":\"sanluisinforma.com\",\"description\":\"Periodico San Luis Informa\",\"publisher\":{\"@id\":\"https:\/\/sanluisinforma.com\/#organization\"},\"potentialAction\":[{\"@type\":\"SearchAction\",\"target\":{\"@type\":\"EntryPoint\",\"urlTemplate\":\"https:\/\/sanluisinforma.com\/?s={search_term_string}\"},\"query-input\":{\"@type\":\"PropertyValueSpecification\",\"valueRequired\":true,\"valueName\":\"search_term_string\"}}],\"inLanguage\":\"es\"},{\"@type\":\"Organization\",\"@id\":\"https:\/\/sanluisinforma.com\/#organization\",\"name\":\"sanluisinforma.com\",\"url\":\"https:\/\/sanluisinforma.com\/\",\"logo\":{\"@type\":\"ImageObject\",\"inLanguage\":\"es\",\"@id\":\"https:\/\/sanluisinforma.com\/#\/schema\/logo\/image\/\",\"url\":\"https:\/\/sanluisinforma.com\/wp-content\/uploads\/2026\/03\/sanluisinforma-V.jpg\",\"contentUrl\":\"https:\/\/sanluisinforma.com\/wp-content\/uploads\/2026\/03\/sanluisinforma-V.jpg\",\"width\":500,\"height\":156,\"caption\":\"sanluisinforma.com\"},\"image\":{\"@id\":\"https:\/\/sanluisinforma.com\/#\/schema\/logo\/image\/\"}},{\"@type\":\"Person\",\"@id\":\"https:\/\/sanluisinforma.com\/#\/schema\/person\/c30648f71476be533b6f59d092905c8b\",\"name\":\"sanluisinforma.com\",\"image\":{\"@type\":\"ImageObject\",\"inLanguage\":\"es\",\"@id\":\"https:\/\/sanluisinforma.com\/#\/schema\/person\/image\/\",\"url\":\"https:\/\/secure.gravatar.com\/avatar\/86e3114e34a1eecefb963e0a02f0093f93b092dddb2fe1517596343751081a87?s=96&d=mm&r=g\",\"contentUrl\":\"https:\/\/secure.gravatar.com\/avatar\/86e3114e34a1eecefb963e0a02f0093f93b092dddb2fe1517596343751081a87?s=96&d=mm&r=g\",\"caption\":\"sanluisinforma.com\"},\"url\":\"https:\/\/sanluisinforma.com\/?author=2\"}]}<\/script>\n<!-- \/ Yoast SEO plugin. -->","yoast_head_json":{"title":"Majestuosa noche inaugural del Festival Internacional San Luis en Primavera 2025 - sanluisinforma.com","robots":{"index":"index","follow":"follow","max-snippet":"max-snippet:-1","max-image-preview":"max-image-preview:large","max-video-preview":"max-video-preview:-1"},"canonical":"https:\/\/sanluisinforma.com\/?p=11634","og_locale":"es_MX","og_type":"article","og_title":"Majestuosa noche inaugural del Festival Internacional San Luis en Primavera 2025 - sanluisinforma.com","og_description":"Con un homenaje inolvidable a Roberto Cantoral y voces de talla mundial, el Alcalde Enrique Galindo inaugur\u00f3 el Cuarto Festival","og_url":"https:\/\/sanluisinforma.com\/?p=11634","og_site_name":"sanluisinforma.com","article_published_time":"2025-04-13T06:45:00+00:00","article_modified_time":"2025-04-13T03:50:51+00:00","og_image":[{"width":400,"height":266,"url":"https:\/\/sanluisinforma.com\/wp-content\/uploads\/2025\/04\/e9257614-3a87-4b3e-942f-31e813420ab5.png","type":"image\/png"}],"author":"sanluisinforma.com","twitter_card":"summary_large_image","twitter_misc":{"Escrito por":"sanluisinforma.com","Tiempo de lectura":"2 minutos"},"schema":{"@context":"https:\/\/schema.org","@graph":[{"@type":"Article","@id":"https:\/\/sanluisinforma.com\/?p=11634#article","isPartOf":{"@id":"https:\/\/sanluisinforma.com\/?p=11634"},"author":{"name":"sanluisinforma.com","@id":"https:\/\/sanluisinforma.com\/#\/schema\/person\/c30648f71476be533b6f59d092905c8b"},"headline":"Majestuosa noche inaugural del Festival Internacional San Luis en Primavera 2025","datePublished":"2025-04-13T06:45:00+00:00","dateModified":"2025-04-13T03:50:51+00:00","mainEntityOfPage":{"@id":"https:\/\/sanluisinforma.com\/?p=11634"},"wordCount":424,"publisher":{"@id":"https:\/\/sanluisinforma.com\/#organization"},"image":{"@id":"https:\/\/sanluisinforma.com\/?p=11634#primaryimage"},"thumbnailUrl":"https:\/\/sanluisinforma.com\/wp-content\/uploads\/2025\/04\/e9257614-3a87-4b3e-942f-31e813420ab5.png","articleSection":["Local","Portada"],"inLanguage":"es"},{"@type":"WebPage","@id":"https:\/\/sanluisinforma.com\/?p=11634","url":"https:\/\/sanluisinforma.com\/?p=11634","name":"Majestuosa noche inaugural del Festival Internacional San Luis en Primavera 2025 - sanluisinforma.com","isPartOf":{"@id":"https:\/\/sanluisinforma.com\/#website"},"primaryImageOfPage":{"@id":"https:\/\/sanluisinforma.com\/?p=11634#primaryimage"},"image":{"@id":"https:\/\/sanluisinforma.com\/?p=11634#primaryimage"},"thumbnailUrl":"https:\/\/sanluisinforma.com\/wp-content\/uploads\/2025\/04\/e9257614-3a87-4b3e-942f-31e813420ab5.png","datePublished":"2025-04-13T06:45:00+00:00","dateModified":"2025-04-13T03:50:51+00:00","breadcrumb":{"@id":"https:\/\/sanluisinforma.com\/?p=11634#breadcrumb"},"inLanguage":"es","potentialAction":[{"@type":"ReadAction","target":["https:\/\/sanluisinforma.com\/?p=11634"]}]},{"@type":"ImageObject","inLanguage":"es","@id":"https:\/\/sanluisinforma.com\/?p=11634#primaryimage","url":"https:\/\/sanluisinforma.com\/wp-content\/uploads\/2025\/04\/e9257614-3a87-4b3e-942f-31e813420ab5.png","contentUrl":"https:\/\/sanluisinforma.com\/wp-content\/uploads\/2025\/04\/e9257614-3a87-4b3e-942f-31e813420ab5.png","width":400,"height":266},{"@type":"BreadcrumbList","@id":"https:\/\/sanluisinforma.com\/?p=11634#breadcrumb","itemListElement":[{"@type":"ListItem","position":1,"name":"Inicio","item":"https:\/\/sanluisinforma.com\/"},{"@type":"ListItem","position":2,"name":"Majestuosa noche inaugural del Festival Internacional San Luis en Primavera 2025"}]},{"@type":"WebSite","@id":"https:\/\/sanluisinforma.com\/#website","url":"https:\/\/sanluisinforma.com\/","name":"sanluisinforma.com","description":"Periodico San Luis Informa","publisher":{"@id":"https:\/\/sanluisinforma.com\/#organization"},"potentialAction":[{"@type":"SearchAction","target":{"@type":"EntryPoint","urlTemplate":"https:\/\/sanluisinforma.com\/?s={search_term_string}"},"query-input":{"@type":"PropertyValueSpecification","valueRequired":true,"valueName":"search_term_string"}}],"inLanguage":"es"},{"@type":"Organization","@id":"https:\/\/sanluisinforma.com\/#organization","name":"sanluisinforma.com","url":"https:\/\/sanluisinforma.com\/","logo":{"@type":"ImageObject","inLanguage":"es","@id":"https:\/\/sanluisinforma.com\/#\/schema\/logo\/image\/","url":"https:\/\/sanluisinforma.com\/wp-content\/uploads\/2026\/03\/sanluisinforma-V.jpg","contentUrl":"https:\/\/sanluisinforma.com\/wp-content\/uploads\/2026\/03\/sanluisinforma-V.jpg","width":500,"height":156,"caption":"sanluisinforma.com"},"image":{"@id":"https:\/\/sanluisinforma.com\/#\/schema\/logo\/image\/"}},{"@type":"Person","@id":"https:\/\/sanluisinforma.com\/#\/schema\/person\/c30648f71476be533b6f59d092905c8b","name":"sanluisinforma.com","image":{"@type":"ImageObject","inLanguage":"es","@id":"https:\/\/sanluisinforma.com\/#\/schema\/person\/image\/","url":"https:\/\/secure.gravatar.com\/avatar\/86e3114e34a1eecefb963e0a02f0093f93b092dddb2fe1517596343751081a87?s=96&d=mm&r=g","contentUrl":"https:\/\/secure.gravatar.com\/avatar\/86e3114e34a1eecefb963e0a02f0093f93b092dddb2fe1517596343751081a87?s=96&d=mm&r=g","caption":"sanluisinforma.com"},"url":"https:\/\/sanluisinforma.com\/?author=2"}]}},"_links":{"self":[{"href":"https:\/\/sanluisinforma.com\/index.php?rest_route=\/wp\/v2\/posts\/11634","targetHints":{"allow":["GET"]}}],"collection":[{"href":"https:\/\/sanluisinforma.com\/index.php?rest_route=\/wp\/v2\/posts"}],"about":[{"href":"https:\/\/sanluisinforma.com\/index.php?rest_route=\/wp\/v2\/types\/post"}],"author":[{"embeddable":true,"href":"https:\/\/sanluisinforma.com\/index.php?rest_route=\/wp\/v2\/users\/2"}],"replies":[{"embeddable":true,"href":"https:\/\/sanluisinforma.com\/index.php?rest_route=%2Fwp%2Fv2%2Fcomments&post=11634"}],"version-history":[{"count":1,"href":"https:\/\/sanluisinforma.com\/index.php?rest_route=\/wp\/v2\/posts\/11634\/revisions"}],"predecessor-version":[{"id":11636,"href":"https:\/\/sanluisinforma.com\/index.php?rest_route=\/wp\/v2\/posts\/11634\/revisions\/11636"}],"wp:featuredmedia":[{"embeddable":true,"href":"https:\/\/sanluisinforma.com\/index.php?rest_route=\/wp\/v2\/media\/11635"}],"wp:attachment":[{"href":"https:\/\/sanluisinforma.com\/index.php?rest_route=%2Fwp%2Fv2%2Fmedia&parent=11634"}],"wp:term":[{"taxonomy":"category","embeddable":true,"href":"https:\/\/sanluisinforma.com\/index.php?rest_route=%2Fwp%2Fv2%2Fcategories&post=11634"},{"taxonomy":"post_tag","embeddable":true,"href":"https:\/\/sanluisinforma.com\/index.php?rest_route=%2Fwp%2Fv2%2Ftags&post=11634"}],"curies":[{"name":"wp","href":"https:\/\/api.w.org\/{rel}","templated":true}]}}