{"id":11649,"date":"2025-04-14T00:30:00","date_gmt":"2025-04-14T06:30:00","guid":{"rendered":"https:\/\/sanluisinforma.com\/?p=11649"},"modified":"2025-04-13T21:06:17","modified_gmt":"2025-04-14T03:06:17","slug":"laura-esquivel-inspira-revoluciones-a-traves-del-arte-con-su-conferencia-mujeres-semilla","status":"publish","type":"post","link":"https:\/\/sanluisinforma.com\/?p=11649","title":{"rendered":"Laura Esquivel inspira revoluciones a trav\u00e9s del arte, con su conferencia Mujeres Semilla"},"content":{"rendered":"\n<ul class=\"wp-block-list\">\n<li>La reconocida escritora, homenajeada por el Presidente Municipal Enrique Galindo Ceballos, comparti\u00f3 en su conferencia magistral \u201cMujeres semilla\u201d reflexiones sobre la resiliencia y la transformaci\u00f3n social a trav\u00e9s de la literatura y la m\u00fasica.<\/li>\n<\/ul>\n\n\n\n<p><\/p>\n\n\n\n<p>En un Palacio Municipal repleto durante el segundo d\u00eda del Festival Internacional San Luis en Primavera, la escritora mexicana Laura Esquivel recibi\u00f3 un reconocimiento por su notable aporte a la cultura y la literatura, a manos del Alcalde Enrique Galindo Ceballos, quien expres\u00f3 su admiraci\u00f3n y agradecimiento por las lecciones aprendidas en sus textos llenos de tradici\u00f3n y creatividad.<\/p>\n\n\n\n<p>Durante su Conferencia Magistral \u201cMujeres semilla\u201d, Esquivel resalt\u00f3 el poder transformador de la m\u00fasica y la literatura, planteando que estos elementos son veh\u00edculos para crear escenarios en los que conviven sensibilidad e innovaci\u00f3n. Adem\u00e1s, destac\u00f3 la resiliencia, pasi\u00f3n y perseverancia de las mujeres presentes en sus obras, especialmente en la emblem\u00e1tica trilog\u00eda de Como agua para chocolate, que reivindica las labores del hogar y convierte la cocina en un espacio de revoluciones \u00edntimas.<\/p>\n\n\n\n<p>Laura Esquivel invit\u00f3 a mujeres y hombres de San Luis Amable a elegir nuevas historias de igualdad, paz y justicia. Concluy\u00f3 su ponencia subrayando que es momento de abrazar el poder transformador de \u201clas mujeres semilla\u201d. Su mensaje fue un llamado a la renovaci\u00f3n de las tradiciones, en donde cada narrativa genera la posibilidad de un cambio profundo en la sociedad.<\/p>\n","protected":false},"excerpt":{"rendered":"<p>En un Palacio Municipal repleto durante el segundo d\u00eda del Festival Internacional San Luis en Primavera, la escritora mexicana Laura<\/p>\n","protected":false},"author":2,"featured_media":11650,"comment_status":"closed","ping_status":"closed","sticky":false,"template":"","format":"standard","meta":{"footnotes":""},"categories":[25],"tags":[],"class_list":["post-11649","post","type-post","status-publish","format-standard","has-post-thumbnail","hentry","category-local"],"yoast_head":"<!-- This site is optimized with the Yoast SEO plugin v24.1 - https:\/\/yoast.com\/wordpress\/plugins\/seo\/ -->\n<title>Laura Esquivel inspira revoluciones a trav\u00e9s del arte, con su conferencia Mujeres Semilla - sanluisinforma.com<\/title>\n<meta name=\"robots\" content=\"index, follow, max-snippet:-1, max-image-preview:large, max-video-preview:-1\" \/>\n<link rel=\"canonical\" href=\"https:\/\/sanluisinforma.com\/?p=11649\" \/>\n<meta property=\"og:locale\" content=\"es_MX\" \/>\n<meta property=\"og:type\" content=\"article\" \/>\n<meta property=\"og:title\" content=\"Laura Esquivel inspira revoluciones a trav\u00e9s del arte, con su conferencia Mujeres Semilla - sanluisinforma.com\" \/>\n<meta property=\"og:description\" content=\"En un Palacio Municipal repleto durante el segundo d\u00eda del Festival Internacional San Luis en Primavera, la escritora mexicana Laura\" \/>\n<meta property=\"og:url\" content=\"https:\/\/sanluisinforma.com\/?p=11649\" \/>\n<meta property=\"og:site_name\" content=\"sanluisinforma.com\" \/>\n<meta property=\"article:published_time\" content=\"2025-04-14T06:30:00+00:00\" \/>\n<meta property=\"article:modified_time\" content=\"2025-04-14T03:06:17+00:00\" \/>\n<meta property=\"og:image\" content=\"https:\/\/sanluisinforma.com\/wp-content\/uploads\/2025\/04\/d010c22d-d22a-485a-b87f-39942f442ad9.jpg\" \/>\n\t<meta property=\"og:image:width\" content=\"400\" \/>\n\t<meta property=\"og:image:height\" content=\"251\" \/>\n\t<meta property=\"og:image:type\" content=\"image\/jpeg\" \/>\n<meta name=\"author\" content=\"sanluisinforma.com\" \/>\n<meta name=\"twitter:card\" content=\"summary_large_image\" \/>\n<meta name=\"twitter:label1\" content=\"Escrito por\" \/>\n\t<meta name=\"twitter:data1\" content=\"sanluisinforma.com\" \/>\n\t<meta name=\"twitter:label2\" content=\"Tiempo de lectura\" \/>\n\t<meta name=\"twitter:data2\" content=\"2 minutos\" \/>\n<script type=\"application\/ld+json\" class=\"yoast-schema-graph\">{\"@context\":\"https:\/\/schema.org\",\"@graph\":[{\"@type\":\"Article\",\"@id\":\"https:\/\/sanluisinforma.com\/?p=11649#article\",\"isPartOf\":{\"@id\":\"https:\/\/sanluisinforma.com\/?p=11649\"},\"author\":{\"name\":\"sanluisinforma.com\",\"@id\":\"https:\/\/sanluisinforma.com\/#\/schema\/person\/c30648f71476be533b6f59d092905c8b\"},\"headline\":\"Laura Esquivel inspira revoluciones a trav\u00e9s del arte, con su conferencia Mujeres Semilla\",\"datePublished\":\"2025-04-14T06:30:00+00:00\",\"dateModified\":\"2025-04-14T03:06:17+00:00\",\"mainEntityOfPage\":{\"@id\":\"https:\/\/sanluisinforma.com\/?p=11649\"},\"wordCount\":255,\"publisher\":{\"@id\":\"https:\/\/sanluisinforma.com\/#organization\"},\"image\":{\"@id\":\"https:\/\/sanluisinforma.com\/?p=11649#primaryimage\"},\"thumbnailUrl\":\"https:\/\/sanluisinforma.com\/wp-content\/uploads\/2025\/04\/d010c22d-d22a-485a-b87f-39942f442ad9.jpg\",\"articleSection\":[\"Local\"],\"inLanguage\":\"es\"},{\"@type\":\"WebPage\",\"@id\":\"https:\/\/sanluisinforma.com\/?p=11649\",\"url\":\"https:\/\/sanluisinforma.com\/?p=11649\",\"name\":\"Laura Esquivel inspira revoluciones a trav\u00e9s del arte, con su conferencia Mujeres Semilla - sanluisinforma.com\",\"isPartOf\":{\"@id\":\"https:\/\/sanluisinforma.com\/#website\"},\"primaryImageOfPage\":{\"@id\":\"https:\/\/sanluisinforma.com\/?p=11649#primaryimage\"},\"image\":{\"@id\":\"https:\/\/sanluisinforma.com\/?p=11649#primaryimage\"},\"thumbnailUrl\":\"https:\/\/sanluisinforma.com\/wp-content\/uploads\/2025\/04\/d010c22d-d22a-485a-b87f-39942f442ad9.jpg\",\"datePublished\":\"2025-04-14T06:30:00+00:00\",\"dateModified\":\"2025-04-14T03:06:17+00:00\",\"breadcrumb\":{\"@id\":\"https:\/\/sanluisinforma.com\/?p=11649#breadcrumb\"},\"inLanguage\":\"es\",\"potentialAction\":[{\"@type\":\"ReadAction\",\"target\":[\"https:\/\/sanluisinforma.com\/?p=11649\"]}]},{\"@type\":\"ImageObject\",\"inLanguage\":\"es\",\"@id\":\"https:\/\/sanluisinforma.com\/?p=11649#primaryimage\",\"url\":\"https:\/\/sanluisinforma.com\/wp-content\/uploads\/2025\/04\/d010c22d-d22a-485a-b87f-39942f442ad9.jpg\",\"contentUrl\":\"https:\/\/sanluisinforma.com\/wp-content\/uploads\/2025\/04\/d010c22d-d22a-485a-b87f-39942f442ad9.jpg\",\"width\":400,\"height\":251},{\"@type\":\"BreadcrumbList\",\"@id\":\"https:\/\/sanluisinforma.com\/?p=11649#breadcrumb\",\"itemListElement\":[{\"@type\":\"ListItem\",\"position\":1,\"name\":\"Inicio\",\"item\":\"https:\/\/sanluisinforma.com\/\"},{\"@type\":\"ListItem\",\"position\":2,\"name\":\"Laura Esquivel inspira revoluciones a trav\u00e9s del arte, con su conferencia Mujeres Semilla\"}]},{\"@type\":\"WebSite\",\"@id\":\"https:\/\/sanluisinforma.com\/#website\",\"url\":\"https:\/\/sanluisinforma.com\/\",\"name\":\"sanluisinforma.com\",\"description\":\"Periodico San Luis Informa\",\"publisher\":{\"@id\":\"https:\/\/sanluisinforma.com\/#organization\"},\"potentialAction\":[{\"@type\":\"SearchAction\",\"target\":{\"@type\":\"EntryPoint\",\"urlTemplate\":\"https:\/\/sanluisinforma.com\/?s={search_term_string}\"},\"query-input\":{\"@type\":\"PropertyValueSpecification\",\"valueRequired\":true,\"valueName\":\"search_term_string\"}}],\"inLanguage\":\"es\"},{\"@type\":\"Organization\",\"@id\":\"https:\/\/sanluisinforma.com\/#organization\",\"name\":\"sanluisinforma.com\",\"url\":\"https:\/\/sanluisinforma.com\/\",\"logo\":{\"@type\":\"ImageObject\",\"inLanguage\":\"es\",\"@id\":\"https:\/\/sanluisinforma.com\/#\/schema\/logo\/image\/\",\"url\":\"https:\/\/sanluisinforma.com\/wp-content\/uploads\/2026\/03\/sanluisinforma-V.jpg\",\"contentUrl\":\"https:\/\/sanluisinforma.com\/wp-content\/uploads\/2026\/03\/sanluisinforma-V.jpg\",\"width\":500,\"height\":156,\"caption\":\"sanluisinforma.com\"},\"image\":{\"@id\":\"https:\/\/sanluisinforma.com\/#\/schema\/logo\/image\/\"}},{\"@type\":\"Person\",\"@id\":\"https:\/\/sanluisinforma.com\/#\/schema\/person\/c30648f71476be533b6f59d092905c8b\",\"name\":\"sanluisinforma.com\",\"image\":{\"@type\":\"ImageObject\",\"inLanguage\":\"es\",\"@id\":\"https:\/\/sanluisinforma.com\/#\/schema\/person\/image\/\",\"url\":\"https:\/\/secure.gravatar.com\/avatar\/86e3114e34a1eecefb963e0a02f0093f93b092dddb2fe1517596343751081a87?s=96&d=mm&r=g\",\"contentUrl\":\"https:\/\/secure.gravatar.com\/avatar\/86e3114e34a1eecefb963e0a02f0093f93b092dddb2fe1517596343751081a87?s=96&d=mm&r=g\",\"caption\":\"sanluisinforma.com\"},\"url\":\"https:\/\/sanluisinforma.com\/?author=2\"}]}<\/script>\n<!-- \/ Yoast SEO plugin. -->","yoast_head_json":{"title":"Laura Esquivel inspira revoluciones a trav\u00e9s del arte, con su conferencia Mujeres Semilla - sanluisinforma.com","robots":{"index":"index","follow":"follow","max-snippet":"max-snippet:-1","max-image-preview":"max-image-preview:large","max-video-preview":"max-video-preview:-1"},"canonical":"https:\/\/sanluisinforma.com\/?p=11649","og_locale":"es_MX","og_type":"article","og_title":"Laura Esquivel inspira revoluciones a trav\u00e9s del arte, con su conferencia Mujeres Semilla - sanluisinforma.com","og_description":"En un Palacio Municipal repleto durante el segundo d\u00eda del Festival Internacional San Luis en Primavera, la escritora mexicana Laura","og_url":"https:\/\/sanluisinforma.com\/?p=11649","og_site_name":"sanluisinforma.com","article_published_time":"2025-04-14T06:30:00+00:00","article_modified_time":"2025-04-14T03:06:17+00:00","og_image":[{"width":400,"height":251,"url":"https:\/\/sanluisinforma.com\/wp-content\/uploads\/2025\/04\/d010c22d-d22a-485a-b87f-39942f442ad9.jpg","type":"image\/jpeg"}],"author":"sanluisinforma.com","twitter_card":"summary_large_image","twitter_misc":{"Escrito por":"sanluisinforma.com","Tiempo de lectura":"2 minutos"},"schema":{"@context":"https:\/\/schema.org","@graph":[{"@type":"Article","@id":"https:\/\/sanluisinforma.com\/?p=11649#article","isPartOf":{"@id":"https:\/\/sanluisinforma.com\/?p=11649"},"author":{"name":"sanluisinforma.com","@id":"https:\/\/sanluisinforma.com\/#\/schema\/person\/c30648f71476be533b6f59d092905c8b"},"headline":"Laura Esquivel inspira revoluciones a trav\u00e9s del arte, con su conferencia Mujeres Semilla","datePublished":"2025-04-14T06:30:00+00:00","dateModified":"2025-04-14T03:06:17+00:00","mainEntityOfPage":{"@id":"https:\/\/sanluisinforma.com\/?p=11649"},"wordCount":255,"publisher":{"@id":"https:\/\/sanluisinforma.com\/#organization"},"image":{"@id":"https:\/\/sanluisinforma.com\/?p=11649#primaryimage"},"thumbnailUrl":"https:\/\/sanluisinforma.com\/wp-content\/uploads\/2025\/04\/d010c22d-d22a-485a-b87f-39942f442ad9.jpg","articleSection":["Local"],"inLanguage":"es"},{"@type":"WebPage","@id":"https:\/\/sanluisinforma.com\/?p=11649","url":"https:\/\/sanluisinforma.com\/?p=11649","name":"Laura Esquivel inspira revoluciones a trav\u00e9s del arte, con su conferencia Mujeres Semilla - sanluisinforma.com","isPartOf":{"@id":"https:\/\/sanluisinforma.com\/#website"},"primaryImageOfPage":{"@id":"https:\/\/sanluisinforma.com\/?p=11649#primaryimage"},"image":{"@id":"https:\/\/sanluisinforma.com\/?p=11649#primaryimage"},"thumbnailUrl":"https:\/\/sanluisinforma.com\/wp-content\/uploads\/2025\/04\/d010c22d-d22a-485a-b87f-39942f442ad9.jpg","datePublished":"2025-04-14T06:30:00+00:00","dateModified":"2025-04-14T03:06:17+00:00","breadcrumb":{"@id":"https:\/\/sanluisinforma.com\/?p=11649#breadcrumb"},"inLanguage":"es","potentialAction":[{"@type":"ReadAction","target":["https:\/\/sanluisinforma.com\/?p=11649"]}]},{"@type":"ImageObject","inLanguage":"es","@id":"https:\/\/sanluisinforma.com\/?p=11649#primaryimage","url":"https:\/\/sanluisinforma.com\/wp-content\/uploads\/2025\/04\/d010c22d-d22a-485a-b87f-39942f442ad9.jpg","contentUrl":"https:\/\/sanluisinforma.com\/wp-content\/uploads\/2025\/04\/d010c22d-d22a-485a-b87f-39942f442ad9.jpg","width":400,"height":251},{"@type":"BreadcrumbList","@id":"https:\/\/sanluisinforma.com\/?p=11649#breadcrumb","itemListElement":[{"@type":"ListItem","position":1,"name":"Inicio","item":"https:\/\/sanluisinforma.com\/"},{"@type":"ListItem","position":2,"name":"Laura Esquivel inspira revoluciones a trav\u00e9s del arte, con su conferencia Mujeres Semilla"}]},{"@type":"WebSite","@id":"https:\/\/sanluisinforma.com\/#website","url":"https:\/\/sanluisinforma.com\/","name":"sanluisinforma.com","description":"Periodico San Luis Informa","publisher":{"@id":"https:\/\/sanluisinforma.com\/#organization"},"potentialAction":[{"@type":"SearchAction","target":{"@type":"EntryPoint","urlTemplate":"https:\/\/sanluisinforma.com\/?s={search_term_string}"},"query-input":{"@type":"PropertyValueSpecification","valueRequired":true,"valueName":"search_term_string"}}],"inLanguage":"es"},{"@type":"Organization","@id":"https:\/\/sanluisinforma.com\/#organization","name":"sanluisinforma.com","url":"https:\/\/sanluisinforma.com\/","logo":{"@type":"ImageObject","inLanguage":"es","@id":"https:\/\/sanluisinforma.com\/#\/schema\/logo\/image\/","url":"https:\/\/sanluisinforma.com\/wp-content\/uploads\/2026\/03\/sanluisinforma-V.jpg","contentUrl":"https:\/\/sanluisinforma.com\/wp-content\/uploads\/2026\/03\/sanluisinforma-V.jpg","width":500,"height":156,"caption":"sanluisinforma.com"},"image":{"@id":"https:\/\/sanluisinforma.com\/#\/schema\/logo\/image\/"}},{"@type":"Person","@id":"https:\/\/sanluisinforma.com\/#\/schema\/person\/c30648f71476be533b6f59d092905c8b","name":"sanluisinforma.com","image":{"@type":"ImageObject","inLanguage":"es","@id":"https:\/\/sanluisinforma.com\/#\/schema\/person\/image\/","url":"https:\/\/secure.gravatar.com\/avatar\/86e3114e34a1eecefb963e0a02f0093f93b092dddb2fe1517596343751081a87?s=96&d=mm&r=g","contentUrl":"https:\/\/secure.gravatar.com\/avatar\/86e3114e34a1eecefb963e0a02f0093f93b092dddb2fe1517596343751081a87?s=96&d=mm&r=g","caption":"sanluisinforma.com"},"url":"https:\/\/sanluisinforma.com\/?author=2"}]}},"_links":{"self":[{"href":"https:\/\/sanluisinforma.com\/index.php?rest_route=\/wp\/v2\/posts\/11649","targetHints":{"allow":["GET"]}}],"collection":[{"href":"https:\/\/sanluisinforma.com\/index.php?rest_route=\/wp\/v2\/posts"}],"about":[{"href":"https:\/\/sanluisinforma.com\/index.php?rest_route=\/wp\/v2\/types\/post"}],"author":[{"embeddable":true,"href":"https:\/\/sanluisinforma.com\/index.php?rest_route=\/wp\/v2\/users\/2"}],"replies":[{"embeddable":true,"href":"https:\/\/sanluisinforma.com\/index.php?rest_route=%2Fwp%2Fv2%2Fcomments&post=11649"}],"version-history":[{"count":1,"href":"https:\/\/sanluisinforma.com\/index.php?rest_route=\/wp\/v2\/posts\/11649\/revisions"}],"predecessor-version":[{"id":11651,"href":"https:\/\/sanluisinforma.com\/index.php?rest_route=\/wp\/v2\/posts\/11649\/revisions\/11651"}],"wp:featuredmedia":[{"embeddable":true,"href":"https:\/\/sanluisinforma.com\/index.php?rest_route=\/wp\/v2\/media\/11650"}],"wp:attachment":[{"href":"https:\/\/sanluisinforma.com\/index.php?rest_route=%2Fwp%2Fv2%2Fmedia&parent=11649"}],"wp:term":[{"taxonomy":"category","embeddable":true,"href":"https:\/\/sanluisinforma.com\/index.php?rest_route=%2Fwp%2Fv2%2Fcategories&post=11649"},{"taxonomy":"post_tag","embeddable":true,"href":"https:\/\/sanluisinforma.com\/index.php?rest_route=%2Fwp%2Fv2%2Ftags&post=11649"}],"curies":[{"name":"wp","href":"https:\/\/api.w.org\/{rel}","templated":true}]}}