{"id":11652,"date":"2025-04-14T00:45:00","date_gmt":"2025-04-14T06:45:00","guid":{"rendered":"https:\/\/sanluisinforma.com\/?p=11652"},"modified":"2025-04-13T21:31:53","modified_gmt":"2025-04-14T03:31:53","slug":"la-energia-de-los-caligaris-pone-a-brincar-y-a-bailar-al-festival-internacional-san-luis-en-primavera","status":"publish","type":"post","link":"https:\/\/sanluisinforma.com\/?p=11652","title":{"rendered":"La energ\u00eda de Los Caligaris pone a brincar y a bailar al Festival Internacional San Luis en Primavera"},"content":{"rendered":"\n<p>Los Caligaris deslumbran en la Plaza de Aranzaz\u00fa, que luci\u00f3 repleta de j\u00f3venes que cantaron sus temas mezcla de ska y rock, que permitieron a miles de potosinos y visitantes disfrutar este espectacular concierto.<\/p>\n\n\n\n<p><\/p>\n\n\n\n<p>El segundo d\u00eda del Festival San Luis en Primavera llen\u00f3 de magia y energ\u00eda la Plaza Aranzaz\u00fa con la electrizante presentaci\u00f3n de la agrupaci\u00f3n argentina Los Caligaris, quienes transformaron la noche en una celebraci\u00f3n inolvidable.<\/p>\n\n\n\n<p>Con su caracter\u00edstica fusi\u00f3n de rock, ska y un explosivo toque circense, los Caligaris encendieron al p\u00fablico potosino, que abarrot\u00f3 la plaza, coreando y saltando al ritmo de sus grandes \u00e9xitos: Kil\u00f3metros, Raz\u00f3n, A\u00f1ejo W, Todos Locos, Nadie es perfecto, entre muchos otros.<\/p>\n\n\n\n<p>Esta noche consolida el \u00e9xito del IV Festival Internacional San Luis en Primavera, sino que tambi\u00e9n reafirma a San Luis Potos\u00ed como la Capital Americana de la Cultura. La ciudad, con su calidez y hospitalidad, brilla como un escenario vibrante donde la m\u00fasica y la alegr\u00eda unen a miles de personas en una experiencia \u00fanica.<\/p>\n\n\n\n<p>San Luis Potos\u00ed se muestra al mundo como una ciudad digna de ser amada, un San Luis Amable, que recibe con los brazos abiertos a todos quienes la visitan.<\/p>\n","protected":false},"excerpt":{"rendered":"<p>Los Caligaris deslumbran en la Plaza de Aranzaz\u00fa, que luci\u00f3 repleta de j\u00f3venes que cantaron sus temas mezcla de ska<\/p>\n","protected":false},"author":2,"featured_media":11653,"comment_status":"closed","ping_status":"closed","sticky":false,"template":"","format":"standard","meta":{"footnotes":""},"categories":[25],"tags":[],"class_list":["post-11652","post","type-post","status-publish","format-standard","has-post-thumbnail","hentry","category-local"],"yoast_head":"<!-- This site is optimized with the Yoast SEO plugin v24.1 - https:\/\/yoast.com\/wordpress\/plugins\/seo\/ -->\n<title>La energ\u00eda de Los Caligaris pone a brincar y a bailar al Festival Internacional San Luis en Primavera - sanluisinforma.com<\/title>\n<meta name=\"robots\" content=\"index, follow, max-snippet:-1, max-image-preview:large, max-video-preview:-1\" \/>\n<link rel=\"canonical\" href=\"https:\/\/sanluisinforma.com\/?p=11652\" \/>\n<meta property=\"og:locale\" content=\"es_MX\" \/>\n<meta property=\"og:type\" content=\"article\" \/>\n<meta property=\"og:title\" content=\"La energ\u00eda de Los Caligaris pone a brincar y a bailar al Festival Internacional San Luis en Primavera - sanluisinforma.com\" \/>\n<meta property=\"og:description\" content=\"Los Caligaris deslumbran en la Plaza de Aranzaz\u00fa, que luci\u00f3 repleta de j\u00f3venes que cantaron sus temas mezcla de ska\" \/>\n<meta property=\"og:url\" content=\"https:\/\/sanluisinforma.com\/?p=11652\" \/>\n<meta property=\"og:site_name\" content=\"sanluisinforma.com\" \/>\n<meta property=\"article:published_time\" content=\"2025-04-14T06:45:00+00:00\" \/>\n<meta property=\"article:modified_time\" content=\"2025-04-14T03:31:53+00:00\" \/>\n<meta property=\"og:image\" content=\"https:\/\/sanluisinforma.com\/wp-content\/uploads\/2025\/04\/3ce15c1e-cfae-4519-811c-4fdefc764d18.jpg\" \/>\n\t<meta property=\"og:image:width\" content=\"400\" \/>\n\t<meta property=\"og:image:height\" content=\"300\" \/>\n\t<meta property=\"og:image:type\" content=\"image\/jpeg\" \/>\n<meta name=\"author\" content=\"sanluisinforma.com\" \/>\n<meta name=\"twitter:card\" content=\"summary_large_image\" \/>\n<meta name=\"twitter:label1\" content=\"Escrito por\" \/>\n\t<meta name=\"twitter:data1\" content=\"sanluisinforma.com\" \/>\n\t<meta name=\"twitter:label2\" content=\"Tiempo de lectura\" \/>\n\t<meta name=\"twitter:data2\" content=\"2 minutos\" \/>\n<script type=\"application\/ld+json\" class=\"yoast-schema-graph\">{\"@context\":\"https:\/\/schema.org\",\"@graph\":[{\"@type\":\"Article\",\"@id\":\"https:\/\/sanluisinforma.com\/?p=11652#article\",\"isPartOf\":{\"@id\":\"https:\/\/sanluisinforma.com\/?p=11652\"},\"author\":{\"name\":\"sanluisinforma.com\",\"@id\":\"https:\/\/sanluisinforma.com\/#\/schema\/person\/c30648f71476be533b6f59d092905c8b\"},\"headline\":\"La energ\u00eda de Los Caligaris pone a brincar y a bailar al Festival Internacional San Luis en Primavera\",\"datePublished\":\"2025-04-14T06:45:00+00:00\",\"dateModified\":\"2025-04-14T03:31:53+00:00\",\"mainEntityOfPage\":{\"@id\":\"https:\/\/sanluisinforma.com\/?p=11652\"},\"wordCount\":230,\"publisher\":{\"@id\":\"https:\/\/sanluisinforma.com\/#organization\"},\"image\":{\"@id\":\"https:\/\/sanluisinforma.com\/?p=11652#primaryimage\"},\"thumbnailUrl\":\"https:\/\/sanluisinforma.com\/wp-content\/uploads\/2025\/04\/3ce15c1e-cfae-4519-811c-4fdefc764d18.jpg\",\"articleSection\":[\"Local\"],\"inLanguage\":\"es\"},{\"@type\":\"WebPage\",\"@id\":\"https:\/\/sanluisinforma.com\/?p=11652\",\"url\":\"https:\/\/sanluisinforma.com\/?p=11652\",\"name\":\"La energ\u00eda de Los Caligaris pone a brincar y a bailar al Festival Internacional San Luis en Primavera - sanluisinforma.com\",\"isPartOf\":{\"@id\":\"https:\/\/sanluisinforma.com\/#website\"},\"primaryImageOfPage\":{\"@id\":\"https:\/\/sanluisinforma.com\/?p=11652#primaryimage\"},\"image\":{\"@id\":\"https:\/\/sanluisinforma.com\/?p=11652#primaryimage\"},\"thumbnailUrl\":\"https:\/\/sanluisinforma.com\/wp-content\/uploads\/2025\/04\/3ce15c1e-cfae-4519-811c-4fdefc764d18.jpg\",\"datePublished\":\"2025-04-14T06:45:00+00:00\",\"dateModified\":\"2025-04-14T03:31:53+00:00\",\"breadcrumb\":{\"@id\":\"https:\/\/sanluisinforma.com\/?p=11652#breadcrumb\"},\"inLanguage\":\"es\",\"potentialAction\":[{\"@type\":\"ReadAction\",\"target\":[\"https:\/\/sanluisinforma.com\/?p=11652\"]}]},{\"@type\":\"ImageObject\",\"inLanguage\":\"es\",\"@id\":\"https:\/\/sanluisinforma.com\/?p=11652#primaryimage\",\"url\":\"https:\/\/sanluisinforma.com\/wp-content\/uploads\/2025\/04\/3ce15c1e-cfae-4519-811c-4fdefc764d18.jpg\",\"contentUrl\":\"https:\/\/sanluisinforma.com\/wp-content\/uploads\/2025\/04\/3ce15c1e-cfae-4519-811c-4fdefc764d18.jpg\",\"width\":400,\"height\":300},{\"@type\":\"BreadcrumbList\",\"@id\":\"https:\/\/sanluisinforma.com\/?p=11652#breadcrumb\",\"itemListElement\":[{\"@type\":\"ListItem\",\"position\":1,\"name\":\"Inicio\",\"item\":\"https:\/\/sanluisinforma.com\/\"},{\"@type\":\"ListItem\",\"position\":2,\"name\":\"La energ\u00eda de Los Caligaris pone a brincar y a bailar al Festival Internacional San Luis en Primavera\"}]},{\"@type\":\"WebSite\",\"@id\":\"https:\/\/sanluisinforma.com\/#website\",\"url\":\"https:\/\/sanluisinforma.com\/\",\"name\":\"sanluisinforma.com\",\"description\":\"Periodico San Luis Informa\",\"publisher\":{\"@id\":\"https:\/\/sanluisinforma.com\/#organization\"},\"potentialAction\":[{\"@type\":\"SearchAction\",\"target\":{\"@type\":\"EntryPoint\",\"urlTemplate\":\"https:\/\/sanluisinforma.com\/?s={search_term_string}\"},\"query-input\":{\"@type\":\"PropertyValueSpecification\",\"valueRequired\":true,\"valueName\":\"search_term_string\"}}],\"inLanguage\":\"es\"},{\"@type\":\"Organization\",\"@id\":\"https:\/\/sanluisinforma.com\/#organization\",\"name\":\"sanluisinforma.com\",\"url\":\"https:\/\/sanluisinforma.com\/\",\"logo\":{\"@type\":\"ImageObject\",\"inLanguage\":\"es\",\"@id\":\"https:\/\/sanluisinforma.com\/#\/schema\/logo\/image\/\",\"url\":\"https:\/\/sanluisinforma.com\/wp-content\/uploads\/2026\/03\/sanluisinforma-V.jpg\",\"contentUrl\":\"https:\/\/sanluisinforma.com\/wp-content\/uploads\/2026\/03\/sanluisinforma-V.jpg\",\"width\":500,\"height\":156,\"caption\":\"sanluisinforma.com\"},\"image\":{\"@id\":\"https:\/\/sanluisinforma.com\/#\/schema\/logo\/image\/\"}},{\"@type\":\"Person\",\"@id\":\"https:\/\/sanluisinforma.com\/#\/schema\/person\/c30648f71476be533b6f59d092905c8b\",\"name\":\"sanluisinforma.com\",\"image\":{\"@type\":\"ImageObject\",\"inLanguage\":\"es\",\"@id\":\"https:\/\/sanluisinforma.com\/#\/schema\/person\/image\/\",\"url\":\"https:\/\/secure.gravatar.com\/avatar\/86e3114e34a1eecefb963e0a02f0093f93b092dddb2fe1517596343751081a87?s=96&d=mm&r=g\",\"contentUrl\":\"https:\/\/secure.gravatar.com\/avatar\/86e3114e34a1eecefb963e0a02f0093f93b092dddb2fe1517596343751081a87?s=96&d=mm&r=g\",\"caption\":\"sanluisinforma.com\"},\"url\":\"https:\/\/sanluisinforma.com\/?author=2\"}]}<\/script>\n<!-- \/ Yoast SEO plugin. -->","yoast_head_json":{"title":"La energ\u00eda de Los Caligaris pone a brincar y a bailar al Festival Internacional San Luis en Primavera - sanluisinforma.com","robots":{"index":"index","follow":"follow","max-snippet":"max-snippet:-1","max-image-preview":"max-image-preview:large","max-video-preview":"max-video-preview:-1"},"canonical":"https:\/\/sanluisinforma.com\/?p=11652","og_locale":"es_MX","og_type":"article","og_title":"La energ\u00eda de Los Caligaris pone a brincar y a bailar al Festival Internacional San Luis en Primavera - sanluisinforma.com","og_description":"Los Caligaris deslumbran en la Plaza de Aranzaz\u00fa, que luci\u00f3 repleta de j\u00f3venes que cantaron sus temas mezcla de ska","og_url":"https:\/\/sanluisinforma.com\/?p=11652","og_site_name":"sanluisinforma.com","article_published_time":"2025-04-14T06:45:00+00:00","article_modified_time":"2025-04-14T03:31:53+00:00","og_image":[{"width":400,"height":300,"url":"https:\/\/sanluisinforma.com\/wp-content\/uploads\/2025\/04\/3ce15c1e-cfae-4519-811c-4fdefc764d18.jpg","type":"image\/jpeg"}],"author":"sanluisinforma.com","twitter_card":"summary_large_image","twitter_misc":{"Escrito por":"sanluisinforma.com","Tiempo de lectura":"2 minutos"},"schema":{"@context":"https:\/\/schema.org","@graph":[{"@type":"Article","@id":"https:\/\/sanluisinforma.com\/?p=11652#article","isPartOf":{"@id":"https:\/\/sanluisinforma.com\/?p=11652"},"author":{"name":"sanluisinforma.com","@id":"https:\/\/sanluisinforma.com\/#\/schema\/person\/c30648f71476be533b6f59d092905c8b"},"headline":"La energ\u00eda de Los Caligaris pone a brincar y a bailar al Festival Internacional San Luis en Primavera","datePublished":"2025-04-14T06:45:00+00:00","dateModified":"2025-04-14T03:31:53+00:00","mainEntityOfPage":{"@id":"https:\/\/sanluisinforma.com\/?p=11652"},"wordCount":230,"publisher":{"@id":"https:\/\/sanluisinforma.com\/#organization"},"image":{"@id":"https:\/\/sanluisinforma.com\/?p=11652#primaryimage"},"thumbnailUrl":"https:\/\/sanluisinforma.com\/wp-content\/uploads\/2025\/04\/3ce15c1e-cfae-4519-811c-4fdefc764d18.jpg","articleSection":["Local"],"inLanguage":"es"},{"@type":"WebPage","@id":"https:\/\/sanluisinforma.com\/?p=11652","url":"https:\/\/sanluisinforma.com\/?p=11652","name":"La energ\u00eda de Los Caligaris pone a brincar y a bailar al Festival Internacional San Luis en Primavera - sanluisinforma.com","isPartOf":{"@id":"https:\/\/sanluisinforma.com\/#website"},"primaryImageOfPage":{"@id":"https:\/\/sanluisinforma.com\/?p=11652#primaryimage"},"image":{"@id":"https:\/\/sanluisinforma.com\/?p=11652#primaryimage"},"thumbnailUrl":"https:\/\/sanluisinforma.com\/wp-content\/uploads\/2025\/04\/3ce15c1e-cfae-4519-811c-4fdefc764d18.jpg","datePublished":"2025-04-14T06:45:00+00:00","dateModified":"2025-04-14T03:31:53+00:00","breadcrumb":{"@id":"https:\/\/sanluisinforma.com\/?p=11652#breadcrumb"},"inLanguage":"es","potentialAction":[{"@type":"ReadAction","target":["https:\/\/sanluisinforma.com\/?p=11652"]}]},{"@type":"ImageObject","inLanguage":"es","@id":"https:\/\/sanluisinforma.com\/?p=11652#primaryimage","url":"https:\/\/sanluisinforma.com\/wp-content\/uploads\/2025\/04\/3ce15c1e-cfae-4519-811c-4fdefc764d18.jpg","contentUrl":"https:\/\/sanluisinforma.com\/wp-content\/uploads\/2025\/04\/3ce15c1e-cfae-4519-811c-4fdefc764d18.jpg","width":400,"height":300},{"@type":"BreadcrumbList","@id":"https:\/\/sanluisinforma.com\/?p=11652#breadcrumb","itemListElement":[{"@type":"ListItem","position":1,"name":"Inicio","item":"https:\/\/sanluisinforma.com\/"},{"@type":"ListItem","position":2,"name":"La energ\u00eda de Los Caligaris pone a brincar y a bailar al Festival Internacional San Luis en Primavera"}]},{"@type":"WebSite","@id":"https:\/\/sanluisinforma.com\/#website","url":"https:\/\/sanluisinforma.com\/","name":"sanluisinforma.com","description":"Periodico San Luis Informa","publisher":{"@id":"https:\/\/sanluisinforma.com\/#organization"},"potentialAction":[{"@type":"SearchAction","target":{"@type":"EntryPoint","urlTemplate":"https:\/\/sanluisinforma.com\/?s={search_term_string}"},"query-input":{"@type":"PropertyValueSpecification","valueRequired":true,"valueName":"search_term_string"}}],"inLanguage":"es"},{"@type":"Organization","@id":"https:\/\/sanluisinforma.com\/#organization","name":"sanluisinforma.com","url":"https:\/\/sanluisinforma.com\/","logo":{"@type":"ImageObject","inLanguage":"es","@id":"https:\/\/sanluisinforma.com\/#\/schema\/logo\/image\/","url":"https:\/\/sanluisinforma.com\/wp-content\/uploads\/2026\/03\/sanluisinforma-V.jpg","contentUrl":"https:\/\/sanluisinforma.com\/wp-content\/uploads\/2026\/03\/sanluisinforma-V.jpg","width":500,"height":156,"caption":"sanluisinforma.com"},"image":{"@id":"https:\/\/sanluisinforma.com\/#\/schema\/logo\/image\/"}},{"@type":"Person","@id":"https:\/\/sanluisinforma.com\/#\/schema\/person\/c30648f71476be533b6f59d092905c8b","name":"sanluisinforma.com","image":{"@type":"ImageObject","inLanguage":"es","@id":"https:\/\/sanluisinforma.com\/#\/schema\/person\/image\/","url":"https:\/\/secure.gravatar.com\/avatar\/86e3114e34a1eecefb963e0a02f0093f93b092dddb2fe1517596343751081a87?s=96&d=mm&r=g","contentUrl":"https:\/\/secure.gravatar.com\/avatar\/86e3114e34a1eecefb963e0a02f0093f93b092dddb2fe1517596343751081a87?s=96&d=mm&r=g","caption":"sanluisinforma.com"},"url":"https:\/\/sanluisinforma.com\/?author=2"}]}},"_links":{"self":[{"href":"https:\/\/sanluisinforma.com\/index.php?rest_route=\/wp\/v2\/posts\/11652","targetHints":{"allow":["GET"]}}],"collection":[{"href":"https:\/\/sanluisinforma.com\/index.php?rest_route=\/wp\/v2\/posts"}],"about":[{"href":"https:\/\/sanluisinforma.com\/index.php?rest_route=\/wp\/v2\/types\/post"}],"author":[{"embeddable":true,"href":"https:\/\/sanluisinforma.com\/index.php?rest_route=\/wp\/v2\/users\/2"}],"replies":[{"embeddable":true,"href":"https:\/\/sanluisinforma.com\/index.php?rest_route=%2Fwp%2Fv2%2Fcomments&post=11652"}],"version-history":[{"count":1,"href":"https:\/\/sanluisinforma.com\/index.php?rest_route=\/wp\/v2\/posts\/11652\/revisions"}],"predecessor-version":[{"id":11654,"href":"https:\/\/sanluisinforma.com\/index.php?rest_route=\/wp\/v2\/posts\/11652\/revisions\/11654"}],"wp:featuredmedia":[{"embeddable":true,"href":"https:\/\/sanluisinforma.com\/index.php?rest_route=\/wp\/v2\/media\/11653"}],"wp:attachment":[{"href":"https:\/\/sanluisinforma.com\/index.php?rest_route=%2Fwp%2Fv2%2Fmedia&parent=11652"}],"wp:term":[{"taxonomy":"category","embeddable":true,"href":"https:\/\/sanluisinforma.com\/index.php?rest_route=%2Fwp%2Fv2%2Fcategories&post=11652"},{"taxonomy":"post_tag","embeddable":true,"href":"https:\/\/sanluisinforma.com\/index.php?rest_route=%2Fwp%2Fv2%2Ftags&post=11652"}],"curies":[{"name":"wp","href":"https:\/\/api.w.org\/{rel}","templated":true}]}}