{"id":11661,"date":"2025-04-14T00:45:00","date_gmt":"2025-04-14T06:45:00","guid":{"rendered":"https:\/\/sanluisinforma.com\/?p=11661"},"modified":"2025-04-13T21:31:01","modified_gmt":"2025-04-14T03:31:01","slug":"pletorica-fundadores-estalla-en-emociones-y-se-rinde-al-talento-de-natalia-jimenez","status":"publish","type":"post","link":"https:\/\/sanluisinforma.com\/?p=11661","title":{"rendered":"Plet\u00f3rica Fundadores, estalla en emociones y se rinde al talento de Natalia Jim\u00e9nez"},"content":{"rendered":"\n<ul class=\"wp-block-list\">\n<li>En el segundo d\u00eda del Festival Internacional San Luis en Primavera, interpret\u00f3 canciones emblem\u00e1ticas de Juan Gabriel, Jos\u00e9 Jos\u00e9, del Buki, as\u00ed como sus \u00e9xitos m\u00e1s emblem\u00e1ticos como parte del repertorio de esta gran cantante espa\u00f1ola con coraz\u00f3n mexicano, que abarrot\u00f3 con su talento y carisma el Centro Hist\u00f3rico de San Luis Potos\u00ed.<\/li>\n<\/ul>\n\n\n\n<p>La gran cantante espa\u00f1ola, pero con coraz\u00f3n mexicano, Natalia Jim\u00e9nez, ilumin\u00f3 con su presencia y puso a cantar a viva voz a la abarrotada Plaza de los Fundadores, con su inigualable estilo de interpretar tantos sus \u00e9xitos como canciones emblem\u00e1ticas del cancionero de nuestro pa\u00eds, al rendir un homenaje a nuestros grandes cantantes y revivir la magia de la m\u00fasica mexicana.<\/p>\n\n\n\n<p>Elegante, deleit\u00f3 al p\u00fablico potosino y a visitantes con su potencia vocal y su manera de sentir la m\u00fasica. Abri\u00f3 con temas mexicanos, como El Triste o Gavil\u00e1n o Paloma, y para no perder su esencia pop, aprovech\u00f3 para incluir sus \u00e9xitos m\u00e1s ic\u00f3nicos, los que tambi\u00e9n fueron ovacionados por la asistencia que no dej\u00f3 de bailar y corear sus baladas.<\/p>\n\n\n\n<p>Natalia Jim\u00e9nez, quien ha trabajado con artistas internacionales y ha sido reconocida con m\u00faltiples galardones como los Premios Billboard y Lo Nuestro, agradeci\u00f3 la entrega de las potosinas y potosinos, as\u00ed como su calidez y el seguimiento a su carrera, por lo que resalt\u00f3 que dicho concierto quedar\u00e1 en la memoria y corazones de todas las personas que se dieron cita en Plaza de Fundadores.<\/p>\n\n\n\n<p>El artista que se encarg\u00f3 de abrir el concierto del domingo fue Allen de Gorza, quien con su banda integrada por m\u00fasicos experimentados de San Luis Potos\u00ed, compartieron su m\u00fasica pop mediante sus primeras composiciones y su m\u00e1s reciente lanzamiento con las familias potosinas y turistas que estuvieron en el segundo d\u00eda del Festival Internacional San Luis en Primavera 2025.<\/p>\n","protected":false},"excerpt":{"rendered":"<p>La gran cantante espa\u00f1ola, pero con coraz\u00f3n mexicano, Natalia Jim\u00e9nez, ilumin\u00f3 con su presencia y puso a cantar a viva<\/p>\n","protected":false},"author":2,"featured_media":11662,"comment_status":"closed","ping_status":"closed","sticky":false,"template":"","format":"standard","meta":{"footnotes":""},"categories":[30],"tags":[],"class_list":["post-11661","post","type-post","status-publish","format-standard","has-post-thumbnail","hentry","category-portada"],"yoast_head":"<!-- This site is optimized with the Yoast SEO plugin v24.1 - https:\/\/yoast.com\/wordpress\/plugins\/seo\/ -->\n<title>Plet\u00f3rica Fundadores, estalla en emociones y se rinde al talento de Natalia Jim\u00e9nez - sanluisinforma.com<\/title>\n<meta name=\"robots\" content=\"index, follow, max-snippet:-1, max-image-preview:large, max-video-preview:-1\" \/>\n<link rel=\"canonical\" href=\"https:\/\/sanluisinforma.com\/?p=11661\" \/>\n<meta property=\"og:locale\" content=\"es_MX\" \/>\n<meta property=\"og:type\" content=\"article\" \/>\n<meta property=\"og:title\" content=\"Plet\u00f3rica Fundadores, estalla en emociones y se rinde al talento de Natalia Jim\u00e9nez - sanluisinforma.com\" \/>\n<meta property=\"og:description\" content=\"La gran cantante espa\u00f1ola, pero con coraz\u00f3n mexicano, Natalia Jim\u00e9nez, ilumin\u00f3 con su presencia y puso a cantar a viva\" \/>\n<meta property=\"og:url\" content=\"https:\/\/sanluisinforma.com\/?p=11661\" \/>\n<meta property=\"og:site_name\" content=\"sanluisinforma.com\" \/>\n<meta property=\"article:published_time\" content=\"2025-04-14T06:45:00+00:00\" \/>\n<meta property=\"article:modified_time\" content=\"2025-04-14T03:31:01+00:00\" \/>\n<meta property=\"og:image\" content=\"https:\/\/sanluisinforma.com\/wp-content\/uploads\/2025\/04\/90f87068-151a-47a8-8494-9da27a36f0d1.jpg\" \/>\n\t<meta property=\"og:image:width\" content=\"400\" \/>\n\t<meta property=\"og:image:height\" content=\"266\" \/>\n\t<meta property=\"og:image:type\" content=\"image\/jpeg\" \/>\n<meta name=\"author\" content=\"sanluisinforma.com\" \/>\n<meta name=\"twitter:card\" content=\"summary_large_image\" \/>\n<meta name=\"twitter:label1\" content=\"Escrito por\" \/>\n\t<meta name=\"twitter:data1\" content=\"sanluisinforma.com\" \/>\n\t<meta name=\"twitter:label2\" content=\"Tiempo de lectura\" \/>\n\t<meta name=\"twitter:data2\" content=\"2 minutos\" \/>\n<script type=\"application\/ld+json\" class=\"yoast-schema-graph\">{\"@context\":\"https:\/\/schema.org\",\"@graph\":[{\"@type\":\"Article\",\"@id\":\"https:\/\/sanluisinforma.com\/?p=11661#article\",\"isPartOf\":{\"@id\":\"https:\/\/sanluisinforma.com\/?p=11661\"},\"author\":{\"name\":\"sanluisinforma.com\",\"@id\":\"https:\/\/sanluisinforma.com\/#\/schema\/person\/c30648f71476be533b6f59d092905c8b\"},\"headline\":\"Plet\u00f3rica Fundadores, estalla en emociones y se rinde al talento de Natalia Jim\u00e9nez\",\"datePublished\":\"2025-04-14T06:45:00+00:00\",\"dateModified\":\"2025-04-14T03:31:01+00:00\",\"mainEntityOfPage\":{\"@id\":\"https:\/\/sanluisinforma.com\/?p=11661\"},\"wordCount\":339,\"publisher\":{\"@id\":\"https:\/\/sanluisinforma.com\/#organization\"},\"image\":{\"@id\":\"https:\/\/sanluisinforma.com\/?p=11661#primaryimage\"},\"thumbnailUrl\":\"https:\/\/sanluisinforma.com\/wp-content\/uploads\/2025\/04\/90f87068-151a-47a8-8494-9da27a36f0d1.jpg\",\"articleSection\":[\"Portada\"],\"inLanguage\":\"es\"},{\"@type\":\"WebPage\",\"@id\":\"https:\/\/sanluisinforma.com\/?p=11661\",\"url\":\"https:\/\/sanluisinforma.com\/?p=11661\",\"name\":\"Plet\u00f3rica Fundadores, estalla en emociones y se rinde al talento de Natalia Jim\u00e9nez - sanluisinforma.com\",\"isPartOf\":{\"@id\":\"https:\/\/sanluisinforma.com\/#website\"},\"primaryImageOfPage\":{\"@id\":\"https:\/\/sanluisinforma.com\/?p=11661#primaryimage\"},\"image\":{\"@id\":\"https:\/\/sanluisinforma.com\/?p=11661#primaryimage\"},\"thumbnailUrl\":\"https:\/\/sanluisinforma.com\/wp-content\/uploads\/2025\/04\/90f87068-151a-47a8-8494-9da27a36f0d1.jpg\",\"datePublished\":\"2025-04-14T06:45:00+00:00\",\"dateModified\":\"2025-04-14T03:31:01+00:00\",\"breadcrumb\":{\"@id\":\"https:\/\/sanluisinforma.com\/?p=11661#breadcrumb\"},\"inLanguage\":\"es\",\"potentialAction\":[{\"@type\":\"ReadAction\",\"target\":[\"https:\/\/sanluisinforma.com\/?p=11661\"]}]},{\"@type\":\"ImageObject\",\"inLanguage\":\"es\",\"@id\":\"https:\/\/sanluisinforma.com\/?p=11661#primaryimage\",\"url\":\"https:\/\/sanluisinforma.com\/wp-content\/uploads\/2025\/04\/90f87068-151a-47a8-8494-9da27a36f0d1.jpg\",\"contentUrl\":\"https:\/\/sanluisinforma.com\/wp-content\/uploads\/2025\/04\/90f87068-151a-47a8-8494-9da27a36f0d1.jpg\",\"width\":400,\"height\":266},{\"@type\":\"BreadcrumbList\",\"@id\":\"https:\/\/sanluisinforma.com\/?p=11661#breadcrumb\",\"itemListElement\":[{\"@type\":\"ListItem\",\"position\":1,\"name\":\"Inicio\",\"item\":\"https:\/\/sanluisinforma.com\/\"},{\"@type\":\"ListItem\",\"position\":2,\"name\":\"Plet\u00f3rica Fundadores, estalla en emociones y se rinde al talento de Natalia Jim\u00e9nez\"}]},{\"@type\":\"WebSite\",\"@id\":\"https:\/\/sanluisinforma.com\/#website\",\"url\":\"https:\/\/sanluisinforma.com\/\",\"name\":\"sanluisinforma.com\",\"description\":\"Periodico San Luis Informa\",\"publisher\":{\"@id\":\"https:\/\/sanluisinforma.com\/#organization\"},\"potentialAction\":[{\"@type\":\"SearchAction\",\"target\":{\"@type\":\"EntryPoint\",\"urlTemplate\":\"https:\/\/sanluisinforma.com\/?s={search_term_string}\"},\"query-input\":{\"@type\":\"PropertyValueSpecification\",\"valueRequired\":true,\"valueName\":\"search_term_string\"}}],\"inLanguage\":\"es\"},{\"@type\":\"Organization\",\"@id\":\"https:\/\/sanluisinforma.com\/#organization\",\"name\":\"sanluisinforma.com\",\"url\":\"https:\/\/sanluisinforma.com\/\",\"logo\":{\"@type\":\"ImageObject\",\"inLanguage\":\"es\",\"@id\":\"https:\/\/sanluisinforma.com\/#\/schema\/logo\/image\/\",\"url\":\"https:\/\/sanluisinforma.com\/wp-content\/uploads\/2026\/03\/sanluisinforma-V.jpg\",\"contentUrl\":\"https:\/\/sanluisinforma.com\/wp-content\/uploads\/2026\/03\/sanluisinforma-V.jpg\",\"width\":500,\"height\":156,\"caption\":\"sanluisinforma.com\"},\"image\":{\"@id\":\"https:\/\/sanluisinforma.com\/#\/schema\/logo\/image\/\"}},{\"@type\":\"Person\",\"@id\":\"https:\/\/sanluisinforma.com\/#\/schema\/person\/c30648f71476be533b6f59d092905c8b\",\"name\":\"sanluisinforma.com\",\"image\":{\"@type\":\"ImageObject\",\"inLanguage\":\"es\",\"@id\":\"https:\/\/sanluisinforma.com\/#\/schema\/person\/image\/\",\"url\":\"https:\/\/secure.gravatar.com\/avatar\/86e3114e34a1eecefb963e0a02f0093f93b092dddb2fe1517596343751081a87?s=96&d=mm&r=g\",\"contentUrl\":\"https:\/\/secure.gravatar.com\/avatar\/86e3114e34a1eecefb963e0a02f0093f93b092dddb2fe1517596343751081a87?s=96&d=mm&r=g\",\"caption\":\"sanluisinforma.com\"},\"url\":\"https:\/\/sanluisinforma.com\/?author=2\"}]}<\/script>\n<!-- \/ Yoast SEO plugin. -->","yoast_head_json":{"title":"Plet\u00f3rica Fundadores, estalla en emociones y se rinde al talento de Natalia Jim\u00e9nez - sanluisinforma.com","robots":{"index":"index","follow":"follow","max-snippet":"max-snippet:-1","max-image-preview":"max-image-preview:large","max-video-preview":"max-video-preview:-1"},"canonical":"https:\/\/sanluisinforma.com\/?p=11661","og_locale":"es_MX","og_type":"article","og_title":"Plet\u00f3rica Fundadores, estalla en emociones y se rinde al talento de Natalia Jim\u00e9nez - sanluisinforma.com","og_description":"La gran cantante espa\u00f1ola, pero con coraz\u00f3n mexicano, Natalia Jim\u00e9nez, ilumin\u00f3 con su presencia y puso a cantar a viva","og_url":"https:\/\/sanluisinforma.com\/?p=11661","og_site_name":"sanluisinforma.com","article_published_time":"2025-04-14T06:45:00+00:00","article_modified_time":"2025-04-14T03:31:01+00:00","og_image":[{"width":400,"height":266,"url":"https:\/\/sanluisinforma.com\/wp-content\/uploads\/2025\/04\/90f87068-151a-47a8-8494-9da27a36f0d1.jpg","type":"image\/jpeg"}],"author":"sanluisinforma.com","twitter_card":"summary_large_image","twitter_misc":{"Escrito por":"sanluisinforma.com","Tiempo de lectura":"2 minutos"},"schema":{"@context":"https:\/\/schema.org","@graph":[{"@type":"Article","@id":"https:\/\/sanluisinforma.com\/?p=11661#article","isPartOf":{"@id":"https:\/\/sanluisinforma.com\/?p=11661"},"author":{"name":"sanluisinforma.com","@id":"https:\/\/sanluisinforma.com\/#\/schema\/person\/c30648f71476be533b6f59d092905c8b"},"headline":"Plet\u00f3rica Fundadores, estalla en emociones y se rinde al talento de Natalia Jim\u00e9nez","datePublished":"2025-04-14T06:45:00+00:00","dateModified":"2025-04-14T03:31:01+00:00","mainEntityOfPage":{"@id":"https:\/\/sanluisinforma.com\/?p=11661"},"wordCount":339,"publisher":{"@id":"https:\/\/sanluisinforma.com\/#organization"},"image":{"@id":"https:\/\/sanluisinforma.com\/?p=11661#primaryimage"},"thumbnailUrl":"https:\/\/sanluisinforma.com\/wp-content\/uploads\/2025\/04\/90f87068-151a-47a8-8494-9da27a36f0d1.jpg","articleSection":["Portada"],"inLanguage":"es"},{"@type":"WebPage","@id":"https:\/\/sanluisinforma.com\/?p=11661","url":"https:\/\/sanluisinforma.com\/?p=11661","name":"Plet\u00f3rica Fundadores, estalla en emociones y se rinde al talento de Natalia Jim\u00e9nez - sanluisinforma.com","isPartOf":{"@id":"https:\/\/sanluisinforma.com\/#website"},"primaryImageOfPage":{"@id":"https:\/\/sanluisinforma.com\/?p=11661#primaryimage"},"image":{"@id":"https:\/\/sanluisinforma.com\/?p=11661#primaryimage"},"thumbnailUrl":"https:\/\/sanluisinforma.com\/wp-content\/uploads\/2025\/04\/90f87068-151a-47a8-8494-9da27a36f0d1.jpg","datePublished":"2025-04-14T06:45:00+00:00","dateModified":"2025-04-14T03:31:01+00:00","breadcrumb":{"@id":"https:\/\/sanluisinforma.com\/?p=11661#breadcrumb"},"inLanguage":"es","potentialAction":[{"@type":"ReadAction","target":["https:\/\/sanluisinforma.com\/?p=11661"]}]},{"@type":"ImageObject","inLanguage":"es","@id":"https:\/\/sanluisinforma.com\/?p=11661#primaryimage","url":"https:\/\/sanluisinforma.com\/wp-content\/uploads\/2025\/04\/90f87068-151a-47a8-8494-9da27a36f0d1.jpg","contentUrl":"https:\/\/sanluisinforma.com\/wp-content\/uploads\/2025\/04\/90f87068-151a-47a8-8494-9da27a36f0d1.jpg","width":400,"height":266},{"@type":"BreadcrumbList","@id":"https:\/\/sanluisinforma.com\/?p=11661#breadcrumb","itemListElement":[{"@type":"ListItem","position":1,"name":"Inicio","item":"https:\/\/sanluisinforma.com\/"},{"@type":"ListItem","position":2,"name":"Plet\u00f3rica Fundadores, estalla en emociones y se rinde al talento de Natalia Jim\u00e9nez"}]},{"@type":"WebSite","@id":"https:\/\/sanluisinforma.com\/#website","url":"https:\/\/sanluisinforma.com\/","name":"sanluisinforma.com","description":"Periodico San Luis Informa","publisher":{"@id":"https:\/\/sanluisinforma.com\/#organization"},"potentialAction":[{"@type":"SearchAction","target":{"@type":"EntryPoint","urlTemplate":"https:\/\/sanluisinforma.com\/?s={search_term_string}"},"query-input":{"@type":"PropertyValueSpecification","valueRequired":true,"valueName":"search_term_string"}}],"inLanguage":"es"},{"@type":"Organization","@id":"https:\/\/sanluisinforma.com\/#organization","name":"sanluisinforma.com","url":"https:\/\/sanluisinforma.com\/","logo":{"@type":"ImageObject","inLanguage":"es","@id":"https:\/\/sanluisinforma.com\/#\/schema\/logo\/image\/","url":"https:\/\/sanluisinforma.com\/wp-content\/uploads\/2026\/03\/sanluisinforma-V.jpg","contentUrl":"https:\/\/sanluisinforma.com\/wp-content\/uploads\/2026\/03\/sanluisinforma-V.jpg","width":500,"height":156,"caption":"sanluisinforma.com"},"image":{"@id":"https:\/\/sanluisinforma.com\/#\/schema\/logo\/image\/"}},{"@type":"Person","@id":"https:\/\/sanluisinforma.com\/#\/schema\/person\/c30648f71476be533b6f59d092905c8b","name":"sanluisinforma.com","image":{"@type":"ImageObject","inLanguage":"es","@id":"https:\/\/sanluisinforma.com\/#\/schema\/person\/image\/","url":"https:\/\/secure.gravatar.com\/avatar\/86e3114e34a1eecefb963e0a02f0093f93b092dddb2fe1517596343751081a87?s=96&d=mm&r=g","contentUrl":"https:\/\/secure.gravatar.com\/avatar\/86e3114e34a1eecefb963e0a02f0093f93b092dddb2fe1517596343751081a87?s=96&d=mm&r=g","caption":"sanluisinforma.com"},"url":"https:\/\/sanluisinforma.com\/?author=2"}]}},"_links":{"self":[{"href":"https:\/\/sanluisinforma.com\/index.php?rest_route=\/wp\/v2\/posts\/11661","targetHints":{"allow":["GET"]}}],"collection":[{"href":"https:\/\/sanluisinforma.com\/index.php?rest_route=\/wp\/v2\/posts"}],"about":[{"href":"https:\/\/sanluisinforma.com\/index.php?rest_route=\/wp\/v2\/types\/post"}],"author":[{"embeddable":true,"href":"https:\/\/sanluisinforma.com\/index.php?rest_route=\/wp\/v2\/users\/2"}],"replies":[{"embeddable":true,"href":"https:\/\/sanluisinforma.com\/index.php?rest_route=%2Fwp%2Fv2%2Fcomments&post=11661"}],"version-history":[{"count":1,"href":"https:\/\/sanluisinforma.com\/index.php?rest_route=\/wp\/v2\/posts\/11661\/revisions"}],"predecessor-version":[{"id":11663,"href":"https:\/\/sanluisinforma.com\/index.php?rest_route=\/wp\/v2\/posts\/11661\/revisions\/11663"}],"wp:featuredmedia":[{"embeddable":true,"href":"https:\/\/sanluisinforma.com\/index.php?rest_route=\/wp\/v2\/media\/11662"}],"wp:attachment":[{"href":"https:\/\/sanluisinforma.com\/index.php?rest_route=%2Fwp%2Fv2%2Fmedia&parent=11661"}],"wp:term":[{"taxonomy":"category","embeddable":true,"href":"https:\/\/sanluisinforma.com\/index.php?rest_route=%2Fwp%2Fv2%2Fcategories&post=11661"},{"taxonomy":"post_tag","embeddable":true,"href":"https:\/\/sanluisinforma.com\/index.php?rest_route=%2Fwp%2Fv2%2Ftags&post=11661"}],"curies":[{"name":"wp","href":"https:\/\/api.w.org\/{rel}","templated":true}]}}