{"id":11703,"date":"2025-04-17T00:40:06","date_gmt":"2025-04-17T06:40:06","guid":{"rendered":"https:\/\/sanluisinforma.com\/?p=11703"},"modified":"2025-04-16T19:15:45","modified_gmt":"2025-04-17T01:15:45","slug":"el-dif-municipal-invita-a-personas-con-discapacidad-a-vivir-la-procesion-del-silencio-desde-un-espacio-inclusivo","status":"publish","type":"post","link":"https:\/\/sanluisinforma.com\/?p=11703","title":{"rendered":"El DIF Municipal invita a personas con discapacidad a vivir la Procesi\u00f3n del Silencio desde un espacio inclusivo"},"content":{"rendered":"\n<p>\u201cContaremos con un \u00e1rea inclusiva para que disfruten plenamente del paso de las cofrad\u00edas\u201d: Estela Arriaga, presidenta del DIF Capitalino<\/p>\n\n\n\n<p>Acceso totalmente gratuito. Indispensable registro previo en https:\/\/forms.gle\/gycaQeQxbpihsAvS6 . Ingreso a las 18:00 horas sobre Manuel Jos\u00e9 Oth\u00f3n<\/p>\n\n\n\n<p><\/p>\n\n\n\n<p>SLP.- En este San Luis Amable, cada paso hacia la inclusi\u00f3n lo damos con firmeza y sensibilidad, por eso, la Presidenta del DIF Municipal Estela Arriaga M\u00e1rquez, invita a las personas con discapacidad y un acompa\u00f1ante, a vivir la Procesi\u00f3n del Silencio 2025 desde un espacio dise\u00f1ado especialmente para que vivan esta experiencia de tradici\u00f3n, respeto y profunda emoci\u00f3n.<\/p>\n\n\n\n<p>\u201cEste viernes 18 de abril, contaremos con un \u00e1rea inclusiva totalmente gratuita, con capacidad para 40 personas con discapacidad, la cual estar\u00e1 libre de obst\u00e1culos, para que disfruten plenamente del paso de las cofrad\u00edas\u201d, explic\u00f3.<\/p>\n\n\n\n<p>Asimismo, se contar\u00e1 con interpretaci\u00f3n en Lengua de Se\u00f1as Mexicana (LSM), garantizando el derecho a la participaci\u00f3n de todas y todos.<\/p>\n\n\n\n<p>El acceso ser\u00e1 sobre Manuel Jos\u00e9 Oth\u00f3n a las 18:00 horas, y es indispensable realizar un registro previo a trav\u00e9s del siguiente enlace https:\/\/forms.gle\/gycaQeQxbpihsAvS6 para asegurar tu lugar al frente y con todas las condiciones de accesibilidad.<\/p>\n\n\n\n<p>\u201cLa Procesi\u00f3n del Silencio, es uno de los eventos m\u00e1s emblem\u00e1ticos de nuestra ciudad, y este a\u00f1o reafirmamos que la fe, la tradici\u00f3n y la cultura tambi\u00e9n deben vivirse desde la inclusi\u00f3n\u201d, agreg\u00f3 la titular del DIF Capitalino Arriaga M\u00e1rquez.<\/p>\n","protected":false},"excerpt":{"rendered":"<p>\u201cContaremos con un \u00e1rea inclusiva para que disfruten plenamente del paso de las cofrad\u00edas\u201d: Estela Arriaga, presidenta del DIF Capitalino<\/p>\n","protected":false},"author":2,"featured_media":11704,"comment_status":"closed","ping_status":"closed","sticky":false,"template":"","format":"standard","meta":{"footnotes":""},"categories":[25],"tags":[],"class_list":["post-11703","post","type-post","status-publish","format-standard","has-post-thumbnail","hentry","category-local"],"yoast_head":"<!-- This site is optimized with the Yoast SEO plugin v24.1 - https:\/\/yoast.com\/wordpress\/plugins\/seo\/ -->\n<title>El DIF Municipal invita a personas con discapacidad a vivir la Procesi\u00f3n del Silencio desde un espacio inclusivo - sanluisinforma.com<\/title>\n<meta name=\"robots\" content=\"index, follow, max-snippet:-1, max-image-preview:large, max-video-preview:-1\" \/>\n<link rel=\"canonical\" href=\"https:\/\/sanluisinforma.com\/?p=11703\" \/>\n<meta property=\"og:locale\" content=\"es_MX\" \/>\n<meta property=\"og:type\" content=\"article\" \/>\n<meta property=\"og:title\" content=\"El DIF Municipal invita a personas con discapacidad a vivir la Procesi\u00f3n del Silencio desde un espacio inclusivo - sanluisinforma.com\" \/>\n<meta property=\"og:description\" content=\"\u201cContaremos con un \u00e1rea inclusiva para que disfruten plenamente del paso de las cofrad\u00edas\u201d: Estela Arriaga, presidenta del DIF Capitalino\" \/>\n<meta property=\"og:url\" content=\"https:\/\/sanluisinforma.com\/?p=11703\" \/>\n<meta property=\"og:site_name\" content=\"sanluisinforma.com\" \/>\n<meta property=\"article:published_time\" content=\"2025-04-17T06:40:06+00:00\" \/>\n<meta property=\"article:modified_time\" content=\"2025-04-17T01:15:45+00:00\" \/>\n<meta property=\"og:image\" content=\"https:\/\/sanluisinforma.com\/wp-content\/uploads\/2025\/04\/94714072-ce71-4f9a-bbfa-2956a442ea2b.jpg\" \/>\n\t<meta property=\"og:image:width\" content=\"1280\" \/>\n\t<meta property=\"og:image:height\" content=\"853\" \/>\n\t<meta property=\"og:image:type\" content=\"image\/jpeg\" \/>\n<meta name=\"author\" content=\"sanluisinforma.com\" \/>\n<meta name=\"twitter:card\" content=\"summary_large_image\" \/>\n<meta name=\"twitter:label1\" content=\"Escrito por\" \/>\n\t<meta name=\"twitter:data1\" content=\"sanluisinforma.com\" \/>\n\t<meta name=\"twitter:label2\" content=\"Tiempo de lectura\" \/>\n\t<meta name=\"twitter:data2\" content=\"2 minutos\" \/>\n<script type=\"application\/ld+json\" class=\"yoast-schema-graph\">{\"@context\":\"https:\/\/schema.org\",\"@graph\":[{\"@type\":\"Article\",\"@id\":\"https:\/\/sanluisinforma.com\/?p=11703#article\",\"isPartOf\":{\"@id\":\"https:\/\/sanluisinforma.com\/?p=11703\"},\"author\":{\"name\":\"sanluisinforma.com\",\"@id\":\"https:\/\/sanluisinforma.com\/#\/schema\/person\/c30648f71476be533b6f59d092905c8b\"},\"headline\":\"El DIF Municipal invita a personas con discapacidad a vivir la Procesi\u00f3n del Silencio desde un espacio inclusivo\",\"datePublished\":\"2025-04-17T06:40:06+00:00\",\"dateModified\":\"2025-04-17T01:15:45+00:00\",\"mainEntityOfPage\":{\"@id\":\"https:\/\/sanluisinforma.com\/?p=11703\"},\"wordCount\":274,\"publisher\":{\"@id\":\"https:\/\/sanluisinforma.com\/#organization\"},\"image\":{\"@id\":\"https:\/\/sanluisinforma.com\/?p=11703#primaryimage\"},\"thumbnailUrl\":\"https:\/\/sanluisinforma.com\/wp-content\/uploads\/2025\/04\/94714072-ce71-4f9a-bbfa-2956a442ea2b.jpg\",\"articleSection\":[\"Local\"],\"inLanguage\":\"es\"},{\"@type\":\"WebPage\",\"@id\":\"https:\/\/sanluisinforma.com\/?p=11703\",\"url\":\"https:\/\/sanluisinforma.com\/?p=11703\",\"name\":\"El DIF Municipal invita a personas con discapacidad a vivir la Procesi\u00f3n del Silencio desde un espacio inclusivo - sanluisinforma.com\",\"isPartOf\":{\"@id\":\"https:\/\/sanluisinforma.com\/#website\"},\"primaryImageOfPage\":{\"@id\":\"https:\/\/sanluisinforma.com\/?p=11703#primaryimage\"},\"image\":{\"@id\":\"https:\/\/sanluisinforma.com\/?p=11703#primaryimage\"},\"thumbnailUrl\":\"https:\/\/sanluisinforma.com\/wp-content\/uploads\/2025\/04\/94714072-ce71-4f9a-bbfa-2956a442ea2b.jpg\",\"datePublished\":\"2025-04-17T06:40:06+00:00\",\"dateModified\":\"2025-04-17T01:15:45+00:00\",\"breadcrumb\":{\"@id\":\"https:\/\/sanluisinforma.com\/?p=11703#breadcrumb\"},\"inLanguage\":\"es\",\"potentialAction\":[{\"@type\":\"ReadAction\",\"target\":[\"https:\/\/sanluisinforma.com\/?p=11703\"]}]},{\"@type\":\"ImageObject\",\"inLanguage\":\"es\",\"@id\":\"https:\/\/sanluisinforma.com\/?p=11703#primaryimage\",\"url\":\"https:\/\/sanluisinforma.com\/wp-content\/uploads\/2025\/04\/94714072-ce71-4f9a-bbfa-2956a442ea2b.jpg\",\"contentUrl\":\"https:\/\/sanluisinforma.com\/wp-content\/uploads\/2025\/04\/94714072-ce71-4f9a-bbfa-2956a442ea2b.jpg\",\"width\":1280,\"height\":853},{\"@type\":\"BreadcrumbList\",\"@id\":\"https:\/\/sanluisinforma.com\/?p=11703#breadcrumb\",\"itemListElement\":[{\"@type\":\"ListItem\",\"position\":1,\"name\":\"Inicio\",\"item\":\"https:\/\/sanluisinforma.com\/\"},{\"@type\":\"ListItem\",\"position\":2,\"name\":\"El DIF Municipal invita a personas con discapacidad a vivir la Procesi\u00f3n del Silencio desde un espacio inclusivo\"}]},{\"@type\":\"WebSite\",\"@id\":\"https:\/\/sanluisinforma.com\/#website\",\"url\":\"https:\/\/sanluisinforma.com\/\",\"name\":\"sanluisinforma.com\",\"description\":\"Periodico San Luis Informa\",\"publisher\":{\"@id\":\"https:\/\/sanluisinforma.com\/#organization\"},\"potentialAction\":[{\"@type\":\"SearchAction\",\"target\":{\"@type\":\"EntryPoint\",\"urlTemplate\":\"https:\/\/sanluisinforma.com\/?s={search_term_string}\"},\"query-input\":{\"@type\":\"PropertyValueSpecification\",\"valueRequired\":true,\"valueName\":\"search_term_string\"}}],\"inLanguage\":\"es\"},{\"@type\":\"Organization\",\"@id\":\"https:\/\/sanluisinforma.com\/#organization\",\"name\":\"sanluisinforma.com\",\"url\":\"https:\/\/sanluisinforma.com\/\",\"logo\":{\"@type\":\"ImageObject\",\"inLanguage\":\"es\",\"@id\":\"https:\/\/sanluisinforma.com\/#\/schema\/logo\/image\/\",\"url\":\"https:\/\/sanluisinforma.com\/wp-content\/uploads\/2026\/03\/sanluisinforma-V.jpg\",\"contentUrl\":\"https:\/\/sanluisinforma.com\/wp-content\/uploads\/2026\/03\/sanluisinforma-V.jpg\",\"width\":500,\"height\":156,\"caption\":\"sanluisinforma.com\"},\"image\":{\"@id\":\"https:\/\/sanluisinforma.com\/#\/schema\/logo\/image\/\"}},{\"@type\":\"Person\",\"@id\":\"https:\/\/sanluisinforma.com\/#\/schema\/person\/c30648f71476be533b6f59d092905c8b\",\"name\":\"sanluisinforma.com\",\"image\":{\"@type\":\"ImageObject\",\"inLanguage\":\"es\",\"@id\":\"https:\/\/sanluisinforma.com\/#\/schema\/person\/image\/\",\"url\":\"https:\/\/secure.gravatar.com\/avatar\/86e3114e34a1eecefb963e0a02f0093f93b092dddb2fe1517596343751081a87?s=96&d=mm&r=g\",\"contentUrl\":\"https:\/\/secure.gravatar.com\/avatar\/86e3114e34a1eecefb963e0a02f0093f93b092dddb2fe1517596343751081a87?s=96&d=mm&r=g\",\"caption\":\"sanluisinforma.com\"},\"url\":\"https:\/\/sanluisinforma.com\/?author=2\"}]}<\/script>\n<!-- \/ Yoast SEO plugin. -->","yoast_head_json":{"title":"El DIF Municipal invita a personas con discapacidad a vivir la Procesi\u00f3n del Silencio desde un espacio inclusivo - sanluisinforma.com","robots":{"index":"index","follow":"follow","max-snippet":"max-snippet:-1","max-image-preview":"max-image-preview:large","max-video-preview":"max-video-preview:-1"},"canonical":"https:\/\/sanluisinforma.com\/?p=11703","og_locale":"es_MX","og_type":"article","og_title":"El DIF Municipal invita a personas con discapacidad a vivir la Procesi\u00f3n del Silencio desde un espacio inclusivo - sanluisinforma.com","og_description":"\u201cContaremos con un \u00e1rea inclusiva para que disfruten plenamente del paso de las cofrad\u00edas\u201d: Estela Arriaga, presidenta del DIF Capitalino","og_url":"https:\/\/sanluisinforma.com\/?p=11703","og_site_name":"sanluisinforma.com","article_published_time":"2025-04-17T06:40:06+00:00","article_modified_time":"2025-04-17T01:15:45+00:00","og_image":[{"width":1280,"height":853,"url":"https:\/\/sanluisinforma.com\/wp-content\/uploads\/2025\/04\/94714072-ce71-4f9a-bbfa-2956a442ea2b.jpg","type":"image\/jpeg"}],"author":"sanluisinforma.com","twitter_card":"summary_large_image","twitter_misc":{"Escrito por":"sanluisinforma.com","Tiempo de lectura":"2 minutos"},"schema":{"@context":"https:\/\/schema.org","@graph":[{"@type":"Article","@id":"https:\/\/sanluisinforma.com\/?p=11703#article","isPartOf":{"@id":"https:\/\/sanluisinforma.com\/?p=11703"},"author":{"name":"sanluisinforma.com","@id":"https:\/\/sanluisinforma.com\/#\/schema\/person\/c30648f71476be533b6f59d092905c8b"},"headline":"El DIF Municipal invita a personas con discapacidad a vivir la Procesi\u00f3n del Silencio desde un espacio inclusivo","datePublished":"2025-04-17T06:40:06+00:00","dateModified":"2025-04-17T01:15:45+00:00","mainEntityOfPage":{"@id":"https:\/\/sanluisinforma.com\/?p=11703"},"wordCount":274,"publisher":{"@id":"https:\/\/sanluisinforma.com\/#organization"},"image":{"@id":"https:\/\/sanluisinforma.com\/?p=11703#primaryimage"},"thumbnailUrl":"https:\/\/sanluisinforma.com\/wp-content\/uploads\/2025\/04\/94714072-ce71-4f9a-bbfa-2956a442ea2b.jpg","articleSection":["Local"],"inLanguage":"es"},{"@type":"WebPage","@id":"https:\/\/sanluisinforma.com\/?p=11703","url":"https:\/\/sanluisinforma.com\/?p=11703","name":"El DIF Municipal invita a personas con discapacidad a vivir la Procesi\u00f3n del Silencio desde un espacio inclusivo - sanluisinforma.com","isPartOf":{"@id":"https:\/\/sanluisinforma.com\/#website"},"primaryImageOfPage":{"@id":"https:\/\/sanluisinforma.com\/?p=11703#primaryimage"},"image":{"@id":"https:\/\/sanluisinforma.com\/?p=11703#primaryimage"},"thumbnailUrl":"https:\/\/sanluisinforma.com\/wp-content\/uploads\/2025\/04\/94714072-ce71-4f9a-bbfa-2956a442ea2b.jpg","datePublished":"2025-04-17T06:40:06+00:00","dateModified":"2025-04-17T01:15:45+00:00","breadcrumb":{"@id":"https:\/\/sanluisinforma.com\/?p=11703#breadcrumb"},"inLanguage":"es","potentialAction":[{"@type":"ReadAction","target":["https:\/\/sanluisinforma.com\/?p=11703"]}]},{"@type":"ImageObject","inLanguage":"es","@id":"https:\/\/sanluisinforma.com\/?p=11703#primaryimage","url":"https:\/\/sanluisinforma.com\/wp-content\/uploads\/2025\/04\/94714072-ce71-4f9a-bbfa-2956a442ea2b.jpg","contentUrl":"https:\/\/sanluisinforma.com\/wp-content\/uploads\/2025\/04\/94714072-ce71-4f9a-bbfa-2956a442ea2b.jpg","width":1280,"height":853},{"@type":"BreadcrumbList","@id":"https:\/\/sanluisinforma.com\/?p=11703#breadcrumb","itemListElement":[{"@type":"ListItem","position":1,"name":"Inicio","item":"https:\/\/sanluisinforma.com\/"},{"@type":"ListItem","position":2,"name":"El DIF Municipal invita a personas con discapacidad a vivir la Procesi\u00f3n del Silencio desde un espacio inclusivo"}]},{"@type":"WebSite","@id":"https:\/\/sanluisinforma.com\/#website","url":"https:\/\/sanluisinforma.com\/","name":"sanluisinforma.com","description":"Periodico San Luis Informa","publisher":{"@id":"https:\/\/sanluisinforma.com\/#organization"},"potentialAction":[{"@type":"SearchAction","target":{"@type":"EntryPoint","urlTemplate":"https:\/\/sanluisinforma.com\/?s={search_term_string}"},"query-input":{"@type":"PropertyValueSpecification","valueRequired":true,"valueName":"search_term_string"}}],"inLanguage":"es"},{"@type":"Organization","@id":"https:\/\/sanluisinforma.com\/#organization","name":"sanluisinforma.com","url":"https:\/\/sanluisinforma.com\/","logo":{"@type":"ImageObject","inLanguage":"es","@id":"https:\/\/sanluisinforma.com\/#\/schema\/logo\/image\/","url":"https:\/\/sanluisinforma.com\/wp-content\/uploads\/2026\/03\/sanluisinforma-V.jpg","contentUrl":"https:\/\/sanluisinforma.com\/wp-content\/uploads\/2026\/03\/sanluisinforma-V.jpg","width":500,"height":156,"caption":"sanluisinforma.com"},"image":{"@id":"https:\/\/sanluisinforma.com\/#\/schema\/logo\/image\/"}},{"@type":"Person","@id":"https:\/\/sanluisinforma.com\/#\/schema\/person\/c30648f71476be533b6f59d092905c8b","name":"sanluisinforma.com","image":{"@type":"ImageObject","inLanguage":"es","@id":"https:\/\/sanluisinforma.com\/#\/schema\/person\/image\/","url":"https:\/\/secure.gravatar.com\/avatar\/86e3114e34a1eecefb963e0a02f0093f93b092dddb2fe1517596343751081a87?s=96&d=mm&r=g","contentUrl":"https:\/\/secure.gravatar.com\/avatar\/86e3114e34a1eecefb963e0a02f0093f93b092dddb2fe1517596343751081a87?s=96&d=mm&r=g","caption":"sanluisinforma.com"},"url":"https:\/\/sanluisinforma.com\/?author=2"}]}},"_links":{"self":[{"href":"https:\/\/sanluisinforma.com\/index.php?rest_route=\/wp\/v2\/posts\/11703","targetHints":{"allow":["GET"]}}],"collection":[{"href":"https:\/\/sanluisinforma.com\/index.php?rest_route=\/wp\/v2\/posts"}],"about":[{"href":"https:\/\/sanluisinforma.com\/index.php?rest_route=\/wp\/v2\/types\/post"}],"author":[{"embeddable":true,"href":"https:\/\/sanluisinforma.com\/index.php?rest_route=\/wp\/v2\/users\/2"}],"replies":[{"embeddable":true,"href":"https:\/\/sanluisinforma.com\/index.php?rest_route=%2Fwp%2Fv2%2Fcomments&post=11703"}],"version-history":[{"count":1,"href":"https:\/\/sanluisinforma.com\/index.php?rest_route=\/wp\/v2\/posts\/11703\/revisions"}],"predecessor-version":[{"id":11705,"href":"https:\/\/sanluisinforma.com\/index.php?rest_route=\/wp\/v2\/posts\/11703\/revisions\/11705"}],"wp:featuredmedia":[{"embeddable":true,"href":"https:\/\/sanluisinforma.com\/index.php?rest_route=\/wp\/v2\/media\/11704"}],"wp:attachment":[{"href":"https:\/\/sanluisinforma.com\/index.php?rest_route=%2Fwp%2Fv2%2Fmedia&parent=11703"}],"wp:term":[{"taxonomy":"category","embeddable":true,"href":"https:\/\/sanluisinforma.com\/index.php?rest_route=%2Fwp%2Fv2%2Fcategories&post=11703"},{"taxonomy":"post_tag","embeddable":true,"href":"https:\/\/sanluisinforma.com\/index.php?rest_route=%2Fwp%2Fv2%2Ftags&post=11703"}],"curies":[{"name":"wp","href":"https:\/\/api.w.org\/{rel}","templated":true}]}}