{"id":11709,"date":"2025-04-17T00:45:00","date_gmt":"2025-04-17T06:45:00","guid":{"rendered":"https:\/\/sanluisinforma.com\/?p=11709"},"modified":"2025-04-16T22:55:07","modified_gmt":"2025-04-17T04:55:07","slug":"con-capital-al-100-las-colonias-florecen","status":"publish","type":"post","link":"https:\/\/sanluisinforma.com\/?p=11709","title":{"rendered":"Con Capital al 100, las colonias florecen"},"content":{"rendered":"\n<ul class=\"wp-block-list\">\n<li>Alcalde Enrique Galindo encabeza jornada 220 de este programa, en Condominios Glorieta, que incluy\u00f3 remoci\u00f3n de \u00e1reas verdes, pintura en se\u00f1alizaci\u00f3n vial y guarniciones.<\/li>\n<\/ul>\n\n\n\n<p>Con \u201cCapital al 100\u201d, programa clave para trabajar conjuntamente el gobierno y la comunidad, inici\u00f3 la transformaci\u00f3n de los Condominios Glorieta en la jornada n\u00famero 220 que encabez\u00f3 el Alcalde Enrique Galindo Ceballos, en la que se hicieron trabajos de remozamiento de \u00e1reas verdes, pintura nueva en se\u00f1alizaci\u00f3n vial y guarniciones, y limpieza del camell\u00f3n de avenida Industrias.<\/p>\n\n\n\n<p>Adem\u00e1s, el Alcalde pidi\u00f3 llevar el programa \u201cDe coraz\u00f3n mi casa\u201d a esa misma zona habitacional a fin de rehabilitar las fachadas con pintura nueva: \u201caqu\u00ed hay voluntad, talento y buenas vecinas y vecinos, todos vamos a aportar nuestro granito de arena para dejarlo m\u00e1s bonito\u201d, expres\u00f3.<\/p>\n\n\n\n<p>Christian Azuara Azuara, titular de Servicios Municipales, mencion\u00f3 que el rescate de la zona se ha realizado con la intervenci\u00f3n de las \u00e1reas de Alumbrado P\u00fablico, Parques y Jardines e Imagen Urbana, con el prop\u00f3sito de hacer el espacio visiblemente m\u00e1s agradable y promover el sentido de pertenencia y seguridad para sus residentes.<\/p>\n\n\n\n<p>A nombre de las y los vecinos, la Presidenta de la Junta de Participaci\u00f3n Ciudadana, Rosa Elena Moreno Cadena, reconoci\u00f3 al Alcalde Enrique Galindo como el primer Presidente Municipal que se presenta en la zona \u201ces un triunfo para nosotros que venga \u00e9l mismo y que nos apoye para tener una mejor calidad de vida\u201d, manifest\u00f3 la ciudadana.<\/p>\n","protected":false},"excerpt":{"rendered":"<p>Con \u201cCapital al 100\u201d, programa clave para trabajar conjuntamente el gobierno y la comunidad, inici\u00f3 la transformaci\u00f3n de los Condominios<\/p>\n","protected":false},"author":2,"featured_media":11710,"comment_status":"closed","ping_status":"closed","sticky":false,"template":"","format":"standard","meta":{"footnotes":""},"categories":[25],"tags":[],"class_list":["post-11709","post","type-post","status-publish","format-standard","has-post-thumbnail","hentry","category-local"],"yoast_head":"<!-- This site is optimized with the Yoast SEO plugin v24.1 - https:\/\/yoast.com\/wordpress\/plugins\/seo\/ -->\n<title>Con Capital al 100, las colonias florecen - sanluisinforma.com<\/title>\n<meta name=\"robots\" content=\"index, follow, max-snippet:-1, max-image-preview:large, max-video-preview:-1\" \/>\n<link rel=\"canonical\" href=\"https:\/\/sanluisinforma.com\/?p=11709\" \/>\n<meta property=\"og:locale\" content=\"es_MX\" \/>\n<meta property=\"og:type\" content=\"article\" \/>\n<meta property=\"og:title\" content=\"Con Capital al 100, las colonias florecen - sanluisinforma.com\" \/>\n<meta property=\"og:description\" content=\"Con \u201cCapital al 100\u201d, programa clave para trabajar conjuntamente el gobierno y la comunidad, inici\u00f3 la transformaci\u00f3n de los Condominios\" \/>\n<meta property=\"og:url\" content=\"https:\/\/sanluisinforma.com\/?p=11709\" \/>\n<meta property=\"og:site_name\" content=\"sanluisinforma.com\" \/>\n<meta property=\"article:published_time\" content=\"2025-04-17T06:45:00+00:00\" \/>\n<meta property=\"article:modified_time\" content=\"2025-04-17T04:55:07+00:00\" \/>\n<meta property=\"og:image\" content=\"https:\/\/sanluisinforma.com\/wp-content\/uploads\/2025\/04\/c788adc1-ea84-479c-b697-606d41687627.jpg\" \/>\n\t<meta property=\"og:image:width\" content=\"400\" \/>\n\t<meta property=\"og:image:height\" content=\"266\" \/>\n\t<meta property=\"og:image:type\" content=\"image\/jpeg\" \/>\n<meta name=\"author\" content=\"sanluisinforma.com\" \/>\n<meta name=\"twitter:card\" content=\"summary_large_image\" \/>\n<meta name=\"twitter:label1\" content=\"Escrito por\" \/>\n\t<meta name=\"twitter:data1\" content=\"sanluisinforma.com\" \/>\n\t<meta name=\"twitter:label2\" content=\"Tiempo de lectura\" \/>\n\t<meta name=\"twitter:data2\" content=\"2 minutos\" \/>\n<script type=\"application\/ld+json\" class=\"yoast-schema-graph\">{\"@context\":\"https:\/\/schema.org\",\"@graph\":[{\"@type\":\"Article\",\"@id\":\"https:\/\/sanluisinforma.com\/?p=11709#article\",\"isPartOf\":{\"@id\":\"https:\/\/sanluisinforma.com\/?p=11709\"},\"author\":{\"name\":\"sanluisinforma.com\",\"@id\":\"https:\/\/sanluisinforma.com\/#\/schema\/person\/c30648f71476be533b6f59d092905c8b\"},\"headline\":\"Con Capital al 100, las colonias florecen\",\"datePublished\":\"2025-04-17T06:45:00+00:00\",\"dateModified\":\"2025-04-17T04:55:07+00:00\",\"mainEntityOfPage\":{\"@id\":\"https:\/\/sanluisinforma.com\/?p=11709\"},\"wordCount\":259,\"publisher\":{\"@id\":\"https:\/\/sanluisinforma.com\/#organization\"},\"image\":{\"@id\":\"https:\/\/sanluisinforma.com\/?p=11709#primaryimage\"},\"thumbnailUrl\":\"https:\/\/sanluisinforma.com\/wp-content\/uploads\/2025\/04\/c788adc1-ea84-479c-b697-606d41687627.jpg\",\"articleSection\":[\"Local\"],\"inLanguage\":\"es\"},{\"@type\":\"WebPage\",\"@id\":\"https:\/\/sanluisinforma.com\/?p=11709\",\"url\":\"https:\/\/sanluisinforma.com\/?p=11709\",\"name\":\"Con Capital al 100, las colonias florecen - sanluisinforma.com\",\"isPartOf\":{\"@id\":\"https:\/\/sanluisinforma.com\/#website\"},\"primaryImageOfPage\":{\"@id\":\"https:\/\/sanluisinforma.com\/?p=11709#primaryimage\"},\"image\":{\"@id\":\"https:\/\/sanluisinforma.com\/?p=11709#primaryimage\"},\"thumbnailUrl\":\"https:\/\/sanluisinforma.com\/wp-content\/uploads\/2025\/04\/c788adc1-ea84-479c-b697-606d41687627.jpg\",\"datePublished\":\"2025-04-17T06:45:00+00:00\",\"dateModified\":\"2025-04-17T04:55:07+00:00\",\"breadcrumb\":{\"@id\":\"https:\/\/sanluisinforma.com\/?p=11709#breadcrumb\"},\"inLanguage\":\"es\",\"potentialAction\":[{\"@type\":\"ReadAction\",\"target\":[\"https:\/\/sanluisinforma.com\/?p=11709\"]}]},{\"@type\":\"ImageObject\",\"inLanguage\":\"es\",\"@id\":\"https:\/\/sanluisinforma.com\/?p=11709#primaryimage\",\"url\":\"https:\/\/sanluisinforma.com\/wp-content\/uploads\/2025\/04\/c788adc1-ea84-479c-b697-606d41687627.jpg\",\"contentUrl\":\"https:\/\/sanluisinforma.com\/wp-content\/uploads\/2025\/04\/c788adc1-ea84-479c-b697-606d41687627.jpg\",\"width\":400,\"height\":266},{\"@type\":\"BreadcrumbList\",\"@id\":\"https:\/\/sanluisinforma.com\/?p=11709#breadcrumb\",\"itemListElement\":[{\"@type\":\"ListItem\",\"position\":1,\"name\":\"Inicio\",\"item\":\"https:\/\/sanluisinforma.com\/\"},{\"@type\":\"ListItem\",\"position\":2,\"name\":\"Con Capital al 100, las colonias florecen\"}]},{\"@type\":\"WebSite\",\"@id\":\"https:\/\/sanluisinforma.com\/#website\",\"url\":\"https:\/\/sanluisinforma.com\/\",\"name\":\"sanluisinforma.com\",\"description\":\"Periodico San Luis Informa\",\"publisher\":{\"@id\":\"https:\/\/sanluisinforma.com\/#organization\"},\"potentialAction\":[{\"@type\":\"SearchAction\",\"target\":{\"@type\":\"EntryPoint\",\"urlTemplate\":\"https:\/\/sanluisinforma.com\/?s={search_term_string}\"},\"query-input\":{\"@type\":\"PropertyValueSpecification\",\"valueRequired\":true,\"valueName\":\"search_term_string\"}}],\"inLanguage\":\"es\"},{\"@type\":\"Organization\",\"@id\":\"https:\/\/sanluisinforma.com\/#organization\",\"name\":\"sanluisinforma.com\",\"url\":\"https:\/\/sanluisinforma.com\/\",\"logo\":{\"@type\":\"ImageObject\",\"inLanguage\":\"es\",\"@id\":\"https:\/\/sanluisinforma.com\/#\/schema\/logo\/image\/\",\"url\":\"https:\/\/sanluisinforma.com\/wp-content\/uploads\/2026\/03\/sanluisinforma-V.jpg\",\"contentUrl\":\"https:\/\/sanluisinforma.com\/wp-content\/uploads\/2026\/03\/sanluisinforma-V.jpg\",\"width\":500,\"height\":156,\"caption\":\"sanluisinforma.com\"},\"image\":{\"@id\":\"https:\/\/sanluisinforma.com\/#\/schema\/logo\/image\/\"}},{\"@type\":\"Person\",\"@id\":\"https:\/\/sanluisinforma.com\/#\/schema\/person\/c30648f71476be533b6f59d092905c8b\",\"name\":\"sanluisinforma.com\",\"image\":{\"@type\":\"ImageObject\",\"inLanguage\":\"es\",\"@id\":\"https:\/\/sanluisinforma.com\/#\/schema\/person\/image\/\",\"url\":\"https:\/\/secure.gravatar.com\/avatar\/86e3114e34a1eecefb963e0a02f0093f93b092dddb2fe1517596343751081a87?s=96&d=mm&r=g\",\"contentUrl\":\"https:\/\/secure.gravatar.com\/avatar\/86e3114e34a1eecefb963e0a02f0093f93b092dddb2fe1517596343751081a87?s=96&d=mm&r=g\",\"caption\":\"sanluisinforma.com\"},\"url\":\"https:\/\/sanluisinforma.com\/?author=2\"}]}<\/script>\n<!-- \/ Yoast SEO plugin. -->","yoast_head_json":{"title":"Con Capital al 100, las colonias florecen - sanluisinforma.com","robots":{"index":"index","follow":"follow","max-snippet":"max-snippet:-1","max-image-preview":"max-image-preview:large","max-video-preview":"max-video-preview:-1"},"canonical":"https:\/\/sanluisinforma.com\/?p=11709","og_locale":"es_MX","og_type":"article","og_title":"Con Capital al 100, las colonias florecen - sanluisinforma.com","og_description":"Con \u201cCapital al 100\u201d, programa clave para trabajar conjuntamente el gobierno y la comunidad, inici\u00f3 la transformaci\u00f3n de los Condominios","og_url":"https:\/\/sanluisinforma.com\/?p=11709","og_site_name":"sanluisinforma.com","article_published_time":"2025-04-17T06:45:00+00:00","article_modified_time":"2025-04-17T04:55:07+00:00","og_image":[{"width":400,"height":266,"url":"https:\/\/sanluisinforma.com\/wp-content\/uploads\/2025\/04\/c788adc1-ea84-479c-b697-606d41687627.jpg","type":"image\/jpeg"}],"author":"sanluisinforma.com","twitter_card":"summary_large_image","twitter_misc":{"Escrito por":"sanluisinforma.com","Tiempo de lectura":"2 minutos"},"schema":{"@context":"https:\/\/schema.org","@graph":[{"@type":"Article","@id":"https:\/\/sanluisinforma.com\/?p=11709#article","isPartOf":{"@id":"https:\/\/sanluisinforma.com\/?p=11709"},"author":{"name":"sanluisinforma.com","@id":"https:\/\/sanluisinforma.com\/#\/schema\/person\/c30648f71476be533b6f59d092905c8b"},"headline":"Con Capital al 100, las colonias florecen","datePublished":"2025-04-17T06:45:00+00:00","dateModified":"2025-04-17T04:55:07+00:00","mainEntityOfPage":{"@id":"https:\/\/sanluisinforma.com\/?p=11709"},"wordCount":259,"publisher":{"@id":"https:\/\/sanluisinforma.com\/#organization"},"image":{"@id":"https:\/\/sanluisinforma.com\/?p=11709#primaryimage"},"thumbnailUrl":"https:\/\/sanluisinforma.com\/wp-content\/uploads\/2025\/04\/c788adc1-ea84-479c-b697-606d41687627.jpg","articleSection":["Local"],"inLanguage":"es"},{"@type":"WebPage","@id":"https:\/\/sanluisinforma.com\/?p=11709","url":"https:\/\/sanluisinforma.com\/?p=11709","name":"Con Capital al 100, las colonias florecen - sanluisinforma.com","isPartOf":{"@id":"https:\/\/sanluisinforma.com\/#website"},"primaryImageOfPage":{"@id":"https:\/\/sanluisinforma.com\/?p=11709#primaryimage"},"image":{"@id":"https:\/\/sanluisinforma.com\/?p=11709#primaryimage"},"thumbnailUrl":"https:\/\/sanluisinforma.com\/wp-content\/uploads\/2025\/04\/c788adc1-ea84-479c-b697-606d41687627.jpg","datePublished":"2025-04-17T06:45:00+00:00","dateModified":"2025-04-17T04:55:07+00:00","breadcrumb":{"@id":"https:\/\/sanluisinforma.com\/?p=11709#breadcrumb"},"inLanguage":"es","potentialAction":[{"@type":"ReadAction","target":["https:\/\/sanluisinforma.com\/?p=11709"]}]},{"@type":"ImageObject","inLanguage":"es","@id":"https:\/\/sanluisinforma.com\/?p=11709#primaryimage","url":"https:\/\/sanluisinforma.com\/wp-content\/uploads\/2025\/04\/c788adc1-ea84-479c-b697-606d41687627.jpg","contentUrl":"https:\/\/sanluisinforma.com\/wp-content\/uploads\/2025\/04\/c788adc1-ea84-479c-b697-606d41687627.jpg","width":400,"height":266},{"@type":"BreadcrumbList","@id":"https:\/\/sanluisinforma.com\/?p=11709#breadcrumb","itemListElement":[{"@type":"ListItem","position":1,"name":"Inicio","item":"https:\/\/sanluisinforma.com\/"},{"@type":"ListItem","position":2,"name":"Con Capital al 100, las colonias florecen"}]},{"@type":"WebSite","@id":"https:\/\/sanluisinforma.com\/#website","url":"https:\/\/sanluisinforma.com\/","name":"sanluisinforma.com","description":"Periodico San Luis Informa","publisher":{"@id":"https:\/\/sanluisinforma.com\/#organization"},"potentialAction":[{"@type":"SearchAction","target":{"@type":"EntryPoint","urlTemplate":"https:\/\/sanluisinforma.com\/?s={search_term_string}"},"query-input":{"@type":"PropertyValueSpecification","valueRequired":true,"valueName":"search_term_string"}}],"inLanguage":"es"},{"@type":"Organization","@id":"https:\/\/sanluisinforma.com\/#organization","name":"sanluisinforma.com","url":"https:\/\/sanluisinforma.com\/","logo":{"@type":"ImageObject","inLanguage":"es","@id":"https:\/\/sanluisinforma.com\/#\/schema\/logo\/image\/","url":"https:\/\/sanluisinforma.com\/wp-content\/uploads\/2026\/03\/sanluisinforma-V.jpg","contentUrl":"https:\/\/sanluisinforma.com\/wp-content\/uploads\/2026\/03\/sanluisinforma-V.jpg","width":500,"height":156,"caption":"sanluisinforma.com"},"image":{"@id":"https:\/\/sanluisinforma.com\/#\/schema\/logo\/image\/"}},{"@type":"Person","@id":"https:\/\/sanluisinforma.com\/#\/schema\/person\/c30648f71476be533b6f59d092905c8b","name":"sanluisinforma.com","image":{"@type":"ImageObject","inLanguage":"es","@id":"https:\/\/sanluisinforma.com\/#\/schema\/person\/image\/","url":"https:\/\/secure.gravatar.com\/avatar\/86e3114e34a1eecefb963e0a02f0093f93b092dddb2fe1517596343751081a87?s=96&d=mm&r=g","contentUrl":"https:\/\/secure.gravatar.com\/avatar\/86e3114e34a1eecefb963e0a02f0093f93b092dddb2fe1517596343751081a87?s=96&d=mm&r=g","caption":"sanluisinforma.com"},"url":"https:\/\/sanluisinforma.com\/?author=2"}]}},"_links":{"self":[{"href":"https:\/\/sanluisinforma.com\/index.php?rest_route=\/wp\/v2\/posts\/11709","targetHints":{"allow":["GET"]}}],"collection":[{"href":"https:\/\/sanluisinforma.com\/index.php?rest_route=\/wp\/v2\/posts"}],"about":[{"href":"https:\/\/sanluisinforma.com\/index.php?rest_route=\/wp\/v2\/types\/post"}],"author":[{"embeddable":true,"href":"https:\/\/sanluisinforma.com\/index.php?rest_route=\/wp\/v2\/users\/2"}],"replies":[{"embeddable":true,"href":"https:\/\/sanluisinforma.com\/index.php?rest_route=%2Fwp%2Fv2%2Fcomments&post=11709"}],"version-history":[{"count":1,"href":"https:\/\/sanluisinforma.com\/index.php?rest_route=\/wp\/v2\/posts\/11709\/revisions"}],"predecessor-version":[{"id":11711,"href":"https:\/\/sanluisinforma.com\/index.php?rest_route=\/wp\/v2\/posts\/11709\/revisions\/11711"}],"wp:featuredmedia":[{"embeddable":true,"href":"https:\/\/sanluisinforma.com\/index.php?rest_route=\/wp\/v2\/media\/11710"}],"wp:attachment":[{"href":"https:\/\/sanluisinforma.com\/index.php?rest_route=%2Fwp%2Fv2%2Fmedia&parent=11709"}],"wp:term":[{"taxonomy":"category","embeddable":true,"href":"https:\/\/sanluisinforma.com\/index.php?rest_route=%2Fwp%2Fv2%2Fcategories&post=11709"},{"taxonomy":"post_tag","embeddable":true,"href":"https:\/\/sanluisinforma.com\/index.php?rest_route=%2Fwp%2Fv2%2Ftags&post=11709"}],"curies":[{"name":"wp","href":"https:\/\/api.w.org\/{rel}","templated":true}]}}