{"id":11745,"date":"2025-04-18T00:50:00","date_gmt":"2025-04-18T06:50:00","guid":{"rendered":"https:\/\/sanluisinforma.com\/?p=11745"},"modified":"2025-04-18T22:04:09","modified_gmt":"2025-04-19T04:04:09","slug":"red-mundial-de-turismo-religioso-y-espiritual-reconoce-potencial-de-san-luis-capital-como-destino-internacional","status":"publish","type":"post","link":"https:\/\/sanluisinforma.com\/?p=11745","title":{"rendered":"Red Mundial de Turismo Religioso y Espiritual reconoce potencial de San Luis Capital como destino internacional"},"content":{"rendered":"\n<p>Pilar Vald\u00e9s Arroyo, directora general del organismo, destac\u00f3 la Procesi\u00f3n del Silencio y el trabajo inclusivo de la ciudad como fortalezas para impulsar el turismo religioso todo el a\u00f1o.<\/p>\n\n\n\n<p><\/p>\n\n\n\n<p>Durante su visita a San Luis Capital en el marco de Semana Santa, Pilar Vald\u00e9s Arroyo, directora general de la Red Mundial de Turismo Religioso y Espiritual, reconoci\u00f3 el gran potencial de la ciudad como destino internacional gracias a su riqueza espiritual, cultural y arquitect\u00f3nica; subray\u00f3 que eventos como la Procesi\u00f3n del Silencio son elementos \u00fanicos que deben aprovecharse para posicionar a San Luis a nivel global.<\/p>\n\n\n\n<p>Vald\u00e9s Arroyo celebr\u00f3 que San Luis Capital haya sido el primer destino en M\u00e9xico en integrarse a la Red Mundial de Turismo Religioso y Espiritual, asegur\u00f3 que el municipio avanza con pasos firmes al crear sinergias entre autoridades, iniciativa privada y prestadores de servicios tur\u00edsticos para ofrecer experiencias completas a los visitantes. \u201cEl turismo religioso bien calendarizado rompe con la estacionalidad y permite mantener flujos tur\u00edsticos constantes todo el a\u00f1o\u201d, explic\u00f3.<\/p>\n\n\n\n<p>Adem\u00e1s, destac\u00f3 el esfuerzo de las autoridades municipales por garantizar la accesibilidad en los eventos de Semana Santa, lo que calific\u00f3 como un ejemplo de inclusi\u00f3n a nivel internacional y mencion\u00f3 la necesidad de ampliar el calendario con rutas como la de la Beata Concepci\u00f3n Cabrera, as\u00ed como integrar la gastronom\u00eda, tradiciones y experiencias sensoriales en paquetes tur\u00edsticos permanentes.<\/p>\n\n\n\n<p>La especialista internacional concluy\u00f3 que San Luis Capital cuenta con una oferta tur\u00edstica de alta calidad, que va m\u00e1s all\u00e1 de sus celebraciones religiosas, y que puede convertirse en un referente mundial del turismo religioso con identidad propia, gracias al compromiso del Gobierno Municipal de San Luis Capital, encabezado por el Alcalde Enrique Galindo Ceballos y su comunidad.<\/p>\n","protected":false},"excerpt":{"rendered":"<p>Pilar Vald\u00e9s Arroyo, directora general del organismo, destac\u00f3 la Procesi\u00f3n del Silencio y el trabajo inclusivo de la ciudad como<\/p>\n","protected":false},"author":2,"featured_media":11746,"comment_status":"closed","ping_status":"closed","sticky":false,"template":"","format":"standard","meta":{"footnotes":""},"categories":[25],"tags":[],"class_list":["post-11745","post","type-post","status-publish","format-standard","has-post-thumbnail","hentry","category-local"],"yoast_head":"<!-- This site is optimized with the Yoast SEO plugin v24.1 - https:\/\/yoast.com\/wordpress\/plugins\/seo\/ -->\n<title>Red Mundial de Turismo Religioso y Espiritual reconoce potencial de San Luis Capital como destino internacional - sanluisinforma.com<\/title>\n<meta name=\"robots\" content=\"index, follow, max-snippet:-1, max-image-preview:large, max-video-preview:-1\" \/>\n<link rel=\"canonical\" href=\"https:\/\/sanluisinforma.com\/?p=11745\" \/>\n<meta property=\"og:locale\" content=\"es_MX\" \/>\n<meta property=\"og:type\" content=\"article\" \/>\n<meta property=\"og:title\" content=\"Red Mundial de Turismo Religioso y Espiritual reconoce potencial de San Luis Capital como destino internacional - sanluisinforma.com\" \/>\n<meta property=\"og:description\" content=\"Pilar Vald\u00e9s Arroyo, directora general del organismo, destac\u00f3 la Procesi\u00f3n del Silencio y el trabajo inclusivo de la ciudad como\" \/>\n<meta property=\"og:url\" content=\"https:\/\/sanluisinforma.com\/?p=11745\" \/>\n<meta property=\"og:site_name\" content=\"sanluisinforma.com\" \/>\n<meta property=\"article:published_time\" content=\"2025-04-18T06:50:00+00:00\" \/>\n<meta property=\"article:modified_time\" content=\"2025-04-19T04:04:09+00:00\" \/>\n<meta property=\"og:image\" content=\"https:\/\/sanluisinforma.com\/wp-content\/uploads\/2025\/04\/ce484b9a-025d-417d-993f-67fde6471d5b.jpg\" \/>\n\t<meta property=\"og:image:width\" content=\"1600\" \/>\n\t<meta property=\"og:image:height\" content=\"1066\" \/>\n\t<meta property=\"og:image:type\" content=\"image\/jpeg\" \/>\n<meta name=\"author\" content=\"sanluisinforma.com\" \/>\n<meta name=\"twitter:card\" content=\"summary_large_image\" \/>\n<meta name=\"twitter:label1\" content=\"Escrito por\" \/>\n\t<meta name=\"twitter:data1\" content=\"sanluisinforma.com\" \/>\n\t<meta name=\"twitter:label2\" content=\"Tiempo de lectura\" \/>\n\t<meta name=\"twitter:data2\" content=\"2 minutos\" \/>\n<script type=\"application\/ld+json\" class=\"yoast-schema-graph\">{\"@context\":\"https:\/\/schema.org\",\"@graph\":[{\"@type\":\"Article\",\"@id\":\"https:\/\/sanluisinforma.com\/?p=11745#article\",\"isPartOf\":{\"@id\":\"https:\/\/sanluisinforma.com\/?p=11745\"},\"author\":{\"name\":\"sanluisinforma.com\",\"@id\":\"https:\/\/sanluisinforma.com\/#\/schema\/person\/c30648f71476be533b6f59d092905c8b\"},\"headline\":\"Red Mundial de Turismo Religioso y Espiritual reconoce potencial de San Luis Capital como destino internacional\",\"datePublished\":\"2025-04-18T06:50:00+00:00\",\"dateModified\":\"2025-04-19T04:04:09+00:00\",\"mainEntityOfPage\":{\"@id\":\"https:\/\/sanluisinforma.com\/?p=11745\"},\"wordCount\":318,\"publisher\":{\"@id\":\"https:\/\/sanluisinforma.com\/#organization\"},\"image\":{\"@id\":\"https:\/\/sanluisinforma.com\/?p=11745#primaryimage\"},\"thumbnailUrl\":\"https:\/\/sanluisinforma.com\/wp-content\/uploads\/2025\/04\/ce484b9a-025d-417d-993f-67fde6471d5b.jpg\",\"articleSection\":[\"Local\"],\"inLanguage\":\"es\"},{\"@type\":\"WebPage\",\"@id\":\"https:\/\/sanluisinforma.com\/?p=11745\",\"url\":\"https:\/\/sanluisinforma.com\/?p=11745\",\"name\":\"Red Mundial de Turismo Religioso y Espiritual reconoce potencial de San Luis Capital como destino internacional - sanluisinforma.com\",\"isPartOf\":{\"@id\":\"https:\/\/sanluisinforma.com\/#website\"},\"primaryImageOfPage\":{\"@id\":\"https:\/\/sanluisinforma.com\/?p=11745#primaryimage\"},\"image\":{\"@id\":\"https:\/\/sanluisinforma.com\/?p=11745#primaryimage\"},\"thumbnailUrl\":\"https:\/\/sanluisinforma.com\/wp-content\/uploads\/2025\/04\/ce484b9a-025d-417d-993f-67fde6471d5b.jpg\",\"datePublished\":\"2025-04-18T06:50:00+00:00\",\"dateModified\":\"2025-04-19T04:04:09+00:00\",\"breadcrumb\":{\"@id\":\"https:\/\/sanluisinforma.com\/?p=11745#breadcrumb\"},\"inLanguage\":\"es\",\"potentialAction\":[{\"@type\":\"ReadAction\",\"target\":[\"https:\/\/sanluisinforma.com\/?p=11745\"]}]},{\"@type\":\"ImageObject\",\"inLanguage\":\"es\",\"@id\":\"https:\/\/sanluisinforma.com\/?p=11745#primaryimage\",\"url\":\"https:\/\/sanluisinforma.com\/wp-content\/uploads\/2025\/04\/ce484b9a-025d-417d-993f-67fde6471d5b.jpg\",\"contentUrl\":\"https:\/\/sanluisinforma.com\/wp-content\/uploads\/2025\/04\/ce484b9a-025d-417d-993f-67fde6471d5b.jpg\",\"width\":1600,\"height\":1066},{\"@type\":\"BreadcrumbList\",\"@id\":\"https:\/\/sanluisinforma.com\/?p=11745#breadcrumb\",\"itemListElement\":[{\"@type\":\"ListItem\",\"position\":1,\"name\":\"Inicio\",\"item\":\"https:\/\/sanluisinforma.com\/\"},{\"@type\":\"ListItem\",\"position\":2,\"name\":\"Red Mundial de Turismo Religioso y Espiritual reconoce potencial de San Luis Capital como destino internacional\"}]},{\"@type\":\"WebSite\",\"@id\":\"https:\/\/sanluisinforma.com\/#website\",\"url\":\"https:\/\/sanluisinforma.com\/\",\"name\":\"sanluisinforma.com\",\"description\":\"Periodico San Luis Informa\",\"publisher\":{\"@id\":\"https:\/\/sanluisinforma.com\/#organization\"},\"potentialAction\":[{\"@type\":\"SearchAction\",\"target\":{\"@type\":\"EntryPoint\",\"urlTemplate\":\"https:\/\/sanluisinforma.com\/?s={search_term_string}\"},\"query-input\":{\"@type\":\"PropertyValueSpecification\",\"valueRequired\":true,\"valueName\":\"search_term_string\"}}],\"inLanguage\":\"es\"},{\"@type\":\"Organization\",\"@id\":\"https:\/\/sanluisinforma.com\/#organization\",\"name\":\"sanluisinforma.com\",\"url\":\"https:\/\/sanluisinforma.com\/\",\"logo\":{\"@type\":\"ImageObject\",\"inLanguage\":\"es\",\"@id\":\"https:\/\/sanluisinforma.com\/#\/schema\/logo\/image\/\",\"url\":\"https:\/\/sanluisinforma.com\/wp-content\/uploads\/2026\/03\/sanluisinforma-V.jpg\",\"contentUrl\":\"https:\/\/sanluisinforma.com\/wp-content\/uploads\/2026\/03\/sanluisinforma-V.jpg\",\"width\":500,\"height\":156,\"caption\":\"sanluisinforma.com\"},\"image\":{\"@id\":\"https:\/\/sanluisinforma.com\/#\/schema\/logo\/image\/\"}},{\"@type\":\"Person\",\"@id\":\"https:\/\/sanluisinforma.com\/#\/schema\/person\/c30648f71476be533b6f59d092905c8b\",\"name\":\"sanluisinforma.com\",\"image\":{\"@type\":\"ImageObject\",\"inLanguage\":\"es\",\"@id\":\"https:\/\/sanluisinforma.com\/#\/schema\/person\/image\/\",\"url\":\"https:\/\/secure.gravatar.com\/avatar\/86e3114e34a1eecefb963e0a02f0093f93b092dddb2fe1517596343751081a87?s=96&d=mm&r=g\",\"contentUrl\":\"https:\/\/secure.gravatar.com\/avatar\/86e3114e34a1eecefb963e0a02f0093f93b092dddb2fe1517596343751081a87?s=96&d=mm&r=g\",\"caption\":\"sanluisinforma.com\"},\"url\":\"https:\/\/sanluisinforma.com\/?author=2\"}]}<\/script>\n<!-- \/ Yoast SEO plugin. -->","yoast_head_json":{"title":"Red Mundial de Turismo Religioso y Espiritual reconoce potencial de San Luis Capital como destino internacional - sanluisinforma.com","robots":{"index":"index","follow":"follow","max-snippet":"max-snippet:-1","max-image-preview":"max-image-preview:large","max-video-preview":"max-video-preview:-1"},"canonical":"https:\/\/sanluisinforma.com\/?p=11745","og_locale":"es_MX","og_type":"article","og_title":"Red Mundial de Turismo Religioso y Espiritual reconoce potencial de San Luis Capital como destino internacional - sanluisinforma.com","og_description":"Pilar Vald\u00e9s Arroyo, directora general del organismo, destac\u00f3 la Procesi\u00f3n del Silencio y el trabajo inclusivo de la ciudad como","og_url":"https:\/\/sanluisinforma.com\/?p=11745","og_site_name":"sanluisinforma.com","article_published_time":"2025-04-18T06:50:00+00:00","article_modified_time":"2025-04-19T04:04:09+00:00","og_image":[{"width":1600,"height":1066,"url":"https:\/\/sanluisinforma.com\/wp-content\/uploads\/2025\/04\/ce484b9a-025d-417d-993f-67fde6471d5b.jpg","type":"image\/jpeg"}],"author":"sanluisinforma.com","twitter_card":"summary_large_image","twitter_misc":{"Escrito por":"sanluisinforma.com","Tiempo de lectura":"2 minutos"},"schema":{"@context":"https:\/\/schema.org","@graph":[{"@type":"Article","@id":"https:\/\/sanluisinforma.com\/?p=11745#article","isPartOf":{"@id":"https:\/\/sanluisinforma.com\/?p=11745"},"author":{"name":"sanluisinforma.com","@id":"https:\/\/sanluisinforma.com\/#\/schema\/person\/c30648f71476be533b6f59d092905c8b"},"headline":"Red Mundial de Turismo Religioso y Espiritual reconoce potencial de San Luis Capital como destino internacional","datePublished":"2025-04-18T06:50:00+00:00","dateModified":"2025-04-19T04:04:09+00:00","mainEntityOfPage":{"@id":"https:\/\/sanluisinforma.com\/?p=11745"},"wordCount":318,"publisher":{"@id":"https:\/\/sanluisinforma.com\/#organization"},"image":{"@id":"https:\/\/sanluisinforma.com\/?p=11745#primaryimage"},"thumbnailUrl":"https:\/\/sanluisinforma.com\/wp-content\/uploads\/2025\/04\/ce484b9a-025d-417d-993f-67fde6471d5b.jpg","articleSection":["Local"],"inLanguage":"es"},{"@type":"WebPage","@id":"https:\/\/sanluisinforma.com\/?p=11745","url":"https:\/\/sanluisinforma.com\/?p=11745","name":"Red Mundial de Turismo Religioso y Espiritual reconoce potencial de San Luis Capital como destino internacional - sanluisinforma.com","isPartOf":{"@id":"https:\/\/sanluisinforma.com\/#website"},"primaryImageOfPage":{"@id":"https:\/\/sanluisinforma.com\/?p=11745#primaryimage"},"image":{"@id":"https:\/\/sanluisinforma.com\/?p=11745#primaryimage"},"thumbnailUrl":"https:\/\/sanluisinforma.com\/wp-content\/uploads\/2025\/04\/ce484b9a-025d-417d-993f-67fde6471d5b.jpg","datePublished":"2025-04-18T06:50:00+00:00","dateModified":"2025-04-19T04:04:09+00:00","breadcrumb":{"@id":"https:\/\/sanluisinforma.com\/?p=11745#breadcrumb"},"inLanguage":"es","potentialAction":[{"@type":"ReadAction","target":["https:\/\/sanluisinforma.com\/?p=11745"]}]},{"@type":"ImageObject","inLanguage":"es","@id":"https:\/\/sanluisinforma.com\/?p=11745#primaryimage","url":"https:\/\/sanluisinforma.com\/wp-content\/uploads\/2025\/04\/ce484b9a-025d-417d-993f-67fde6471d5b.jpg","contentUrl":"https:\/\/sanluisinforma.com\/wp-content\/uploads\/2025\/04\/ce484b9a-025d-417d-993f-67fde6471d5b.jpg","width":1600,"height":1066},{"@type":"BreadcrumbList","@id":"https:\/\/sanluisinforma.com\/?p=11745#breadcrumb","itemListElement":[{"@type":"ListItem","position":1,"name":"Inicio","item":"https:\/\/sanluisinforma.com\/"},{"@type":"ListItem","position":2,"name":"Red Mundial de Turismo Religioso y Espiritual reconoce potencial de San Luis Capital como destino internacional"}]},{"@type":"WebSite","@id":"https:\/\/sanluisinforma.com\/#website","url":"https:\/\/sanluisinforma.com\/","name":"sanluisinforma.com","description":"Periodico San Luis Informa","publisher":{"@id":"https:\/\/sanluisinforma.com\/#organization"},"potentialAction":[{"@type":"SearchAction","target":{"@type":"EntryPoint","urlTemplate":"https:\/\/sanluisinforma.com\/?s={search_term_string}"},"query-input":{"@type":"PropertyValueSpecification","valueRequired":true,"valueName":"search_term_string"}}],"inLanguage":"es"},{"@type":"Organization","@id":"https:\/\/sanluisinforma.com\/#organization","name":"sanluisinforma.com","url":"https:\/\/sanluisinforma.com\/","logo":{"@type":"ImageObject","inLanguage":"es","@id":"https:\/\/sanluisinforma.com\/#\/schema\/logo\/image\/","url":"https:\/\/sanluisinforma.com\/wp-content\/uploads\/2026\/03\/sanluisinforma-V.jpg","contentUrl":"https:\/\/sanluisinforma.com\/wp-content\/uploads\/2026\/03\/sanluisinforma-V.jpg","width":500,"height":156,"caption":"sanluisinforma.com"},"image":{"@id":"https:\/\/sanluisinforma.com\/#\/schema\/logo\/image\/"}},{"@type":"Person","@id":"https:\/\/sanluisinforma.com\/#\/schema\/person\/c30648f71476be533b6f59d092905c8b","name":"sanluisinforma.com","image":{"@type":"ImageObject","inLanguage":"es","@id":"https:\/\/sanluisinforma.com\/#\/schema\/person\/image\/","url":"https:\/\/secure.gravatar.com\/avatar\/86e3114e34a1eecefb963e0a02f0093f93b092dddb2fe1517596343751081a87?s=96&d=mm&r=g","contentUrl":"https:\/\/secure.gravatar.com\/avatar\/86e3114e34a1eecefb963e0a02f0093f93b092dddb2fe1517596343751081a87?s=96&d=mm&r=g","caption":"sanluisinforma.com"},"url":"https:\/\/sanluisinforma.com\/?author=2"}]}},"_links":{"self":[{"href":"https:\/\/sanluisinforma.com\/index.php?rest_route=\/wp\/v2\/posts\/11745","targetHints":{"allow":["GET"]}}],"collection":[{"href":"https:\/\/sanluisinforma.com\/index.php?rest_route=\/wp\/v2\/posts"}],"about":[{"href":"https:\/\/sanluisinforma.com\/index.php?rest_route=\/wp\/v2\/types\/post"}],"author":[{"embeddable":true,"href":"https:\/\/sanluisinforma.com\/index.php?rest_route=\/wp\/v2\/users\/2"}],"replies":[{"embeddable":true,"href":"https:\/\/sanluisinforma.com\/index.php?rest_route=%2Fwp%2Fv2%2Fcomments&post=11745"}],"version-history":[{"count":1,"href":"https:\/\/sanluisinforma.com\/index.php?rest_route=\/wp\/v2\/posts\/11745\/revisions"}],"predecessor-version":[{"id":11747,"href":"https:\/\/sanluisinforma.com\/index.php?rest_route=\/wp\/v2\/posts\/11745\/revisions\/11747"}],"wp:featuredmedia":[{"embeddable":true,"href":"https:\/\/sanluisinforma.com\/index.php?rest_route=\/wp\/v2\/media\/11746"}],"wp:attachment":[{"href":"https:\/\/sanluisinforma.com\/index.php?rest_route=%2Fwp%2Fv2%2Fmedia&parent=11745"}],"wp:term":[{"taxonomy":"category","embeddable":true,"href":"https:\/\/sanluisinforma.com\/index.php?rest_route=%2Fwp%2Fv2%2Fcategories&post=11745"},{"taxonomy":"post_tag","embeddable":true,"href":"https:\/\/sanluisinforma.com\/index.php?rest_route=%2Fwp%2Fv2%2Ftags&post=11745"}],"curies":[{"name":"wp","href":"https:\/\/api.w.org\/{rel}","templated":true}]}}