{"id":11766,"date":"2025-04-18T00:50:00","date_gmt":"2025-04-18T06:50:00","guid":{"rendered":"https:\/\/sanluisinforma.com\/?p=11766"},"modified":"2025-04-17T22:51:09","modified_gmt":"2025-04-18T04:51:09","slug":"noche-epica-con-el-90s-pop-tour-en-el-festival-san-luis-en-primavera","status":"publish","type":"post","link":"https:\/\/sanluisinforma.com\/?p=11766","title":{"rendered":"\u00a1Noche \u00e9pica con el 90\u2019s Pop Tour en el Festival San Luis en Primavera!"},"content":{"rendered":"\n<ul class=\"wp-block-list\">\n<li>JNS, Kabah, Magneto y Cal\u00f3 prendieron la Plaza Fundadores con una avalancha de nostalgia y hits noventeros.<\/li>\n<\/ul>\n\n\n\n<p><\/p>\n\n\n\n<p>Una aut\u00e9ntica fiesta retro se vivi\u00f3 en el coraz\u00f3n de la ciudad durante el Festival San Luis en Primavera, con la explosiva presentaci\u00f3n del \u201c90\u2019s Pop Tour\u201d. La Plaza de los Fundadores vibr\u00f3 al ritmo de los grandes \u00e9xitos de JNS, Kabah, Magneto y Cal\u00f3, grupos que marcaron a toda una generaci\u00f3n y que hicieron cantar a miles de asistentes que llenaron el lugar de energ\u00eda, emoci\u00f3n y recuerdos.<\/p>\n\n\n\n<p>Temas como La calle de las sirenas (Kabah), Coraz\u00f3n confidente (JNS), Suena tremendo (Magneto) y No puedo m\u00e1s (Cal\u00f3), desataron la euforia colectiva en una noche que quedar\u00e1 en la memoria de los fans del pop noventero. El espect\u00e1culo, parte de una de las giras en vivo m\u00e1s exitosas de los \u00faltimos a\u00f1os, demostr\u00f3 que la m\u00fasica de esa d\u00e9cada sigue tan viva como siempre.<\/p>\n\n\n\n<p>Este fin de semana contin\u00faa la actividad del Festival San Luis en Primavera: este viernes se realiza la tradicional Procesi\u00f3n del Silencio, la m\u00e1s importante de Am\u00e9rica Latina, una muestra de la devoci\u00f3n potosina. Para el s\u00e1bado 19 de abril, la espectacular clausura del Festival, con la presentaci\u00f3n de Daniel Boaventura y Filippa Giordano.<\/p>\n","protected":false},"excerpt":{"rendered":"<p>Una aut\u00e9ntica fiesta retro se vivi\u00f3 en el coraz\u00f3n de la ciudad durante el Festival San Luis en Primavera, con<\/p>\n","protected":false},"author":2,"featured_media":11767,"comment_status":"closed","ping_status":"closed","sticky":false,"template":"","format":"standard","meta":{"footnotes":""},"categories":[30],"tags":[],"class_list":["post-11766","post","type-post","status-publish","format-standard","has-post-thumbnail","hentry","category-portada"],"yoast_head":"<!-- This site is optimized with the Yoast SEO plugin v24.1 - https:\/\/yoast.com\/wordpress\/plugins\/seo\/ -->\n<title>\u00a1Noche \u00e9pica con el 90\u2019s Pop Tour en el Festival San Luis en Primavera! - sanluisinforma.com<\/title>\n<meta name=\"robots\" content=\"index, follow, max-snippet:-1, max-image-preview:large, max-video-preview:-1\" \/>\n<link rel=\"canonical\" href=\"https:\/\/sanluisinforma.com\/?p=11766\" \/>\n<meta property=\"og:locale\" content=\"es_MX\" \/>\n<meta property=\"og:type\" content=\"article\" \/>\n<meta property=\"og:title\" content=\"\u00a1Noche \u00e9pica con el 90\u2019s Pop Tour en el Festival San Luis en Primavera! - sanluisinforma.com\" \/>\n<meta property=\"og:description\" content=\"Una aut\u00e9ntica fiesta retro se vivi\u00f3 en el coraz\u00f3n de la ciudad durante el Festival San Luis en Primavera, con\" \/>\n<meta property=\"og:url\" content=\"https:\/\/sanluisinforma.com\/?p=11766\" \/>\n<meta property=\"og:site_name\" content=\"sanluisinforma.com\" \/>\n<meta property=\"article:published_time\" content=\"2025-04-18T06:50:00+00:00\" \/>\n<meta property=\"article:modified_time\" content=\"2025-04-18T04:51:09+00:00\" \/>\n<meta property=\"og:image\" content=\"https:\/\/sanluisinforma.com\/wp-content\/uploads\/2025\/04\/c0479ddd-412c-4c67-ac3b-7da75d3ad120.jpg\" \/>\n\t<meta property=\"og:image:width\" content=\"400\" \/>\n\t<meta property=\"og:image:height\" content=\"252\" \/>\n\t<meta property=\"og:image:type\" content=\"image\/jpeg\" \/>\n<meta name=\"author\" content=\"sanluisinforma.com\" \/>\n<meta name=\"twitter:card\" content=\"summary_large_image\" \/>\n<meta name=\"twitter:label1\" content=\"Escrito por\" \/>\n\t<meta name=\"twitter:data1\" content=\"sanluisinforma.com\" \/>\n\t<meta name=\"twitter:label2\" content=\"Tiempo de lectura\" \/>\n\t<meta name=\"twitter:data2\" content=\"2 minutos\" \/>\n<script type=\"application\/ld+json\" class=\"yoast-schema-graph\">{\"@context\":\"https:\/\/schema.org\",\"@graph\":[{\"@type\":\"Article\",\"@id\":\"https:\/\/sanluisinforma.com\/?p=11766#article\",\"isPartOf\":{\"@id\":\"https:\/\/sanluisinforma.com\/?p=11766\"},\"author\":{\"name\":\"sanluisinforma.com\",\"@id\":\"https:\/\/sanluisinforma.com\/#\/schema\/person\/c30648f71476be533b6f59d092905c8b\"},\"headline\":\"\u00a1Noche \u00e9pica con el 90\u2019s Pop Tour en el Festival San Luis en Primavera!\",\"datePublished\":\"2025-04-18T06:50:00+00:00\",\"dateModified\":\"2025-04-18T04:51:09+00:00\",\"mainEntityOfPage\":{\"@id\":\"https:\/\/sanluisinforma.com\/?p=11766\"},\"wordCount\":238,\"publisher\":{\"@id\":\"https:\/\/sanluisinforma.com\/#organization\"},\"image\":{\"@id\":\"https:\/\/sanluisinforma.com\/?p=11766#primaryimage\"},\"thumbnailUrl\":\"https:\/\/sanluisinforma.com\/wp-content\/uploads\/2025\/04\/c0479ddd-412c-4c67-ac3b-7da75d3ad120.jpg\",\"articleSection\":[\"Portada\"],\"inLanguage\":\"es\"},{\"@type\":\"WebPage\",\"@id\":\"https:\/\/sanluisinforma.com\/?p=11766\",\"url\":\"https:\/\/sanluisinforma.com\/?p=11766\",\"name\":\"\u00a1Noche \u00e9pica con el 90\u2019s Pop Tour en el Festival San Luis en Primavera! - sanluisinforma.com\",\"isPartOf\":{\"@id\":\"https:\/\/sanluisinforma.com\/#website\"},\"primaryImageOfPage\":{\"@id\":\"https:\/\/sanluisinforma.com\/?p=11766#primaryimage\"},\"image\":{\"@id\":\"https:\/\/sanluisinforma.com\/?p=11766#primaryimage\"},\"thumbnailUrl\":\"https:\/\/sanluisinforma.com\/wp-content\/uploads\/2025\/04\/c0479ddd-412c-4c67-ac3b-7da75d3ad120.jpg\",\"datePublished\":\"2025-04-18T06:50:00+00:00\",\"dateModified\":\"2025-04-18T04:51:09+00:00\",\"breadcrumb\":{\"@id\":\"https:\/\/sanluisinforma.com\/?p=11766#breadcrumb\"},\"inLanguage\":\"es\",\"potentialAction\":[{\"@type\":\"ReadAction\",\"target\":[\"https:\/\/sanluisinforma.com\/?p=11766\"]}]},{\"@type\":\"ImageObject\",\"inLanguage\":\"es\",\"@id\":\"https:\/\/sanluisinforma.com\/?p=11766#primaryimage\",\"url\":\"https:\/\/sanluisinforma.com\/wp-content\/uploads\/2025\/04\/c0479ddd-412c-4c67-ac3b-7da75d3ad120.jpg\",\"contentUrl\":\"https:\/\/sanluisinforma.com\/wp-content\/uploads\/2025\/04\/c0479ddd-412c-4c67-ac3b-7da75d3ad120.jpg\",\"width\":400,\"height\":252},{\"@type\":\"BreadcrumbList\",\"@id\":\"https:\/\/sanluisinforma.com\/?p=11766#breadcrumb\",\"itemListElement\":[{\"@type\":\"ListItem\",\"position\":1,\"name\":\"Inicio\",\"item\":\"https:\/\/sanluisinforma.com\/\"},{\"@type\":\"ListItem\",\"position\":2,\"name\":\"\u00a1Noche \u00e9pica con el 90\u2019s Pop Tour en el Festival San Luis en Primavera!\"}]},{\"@type\":\"WebSite\",\"@id\":\"https:\/\/sanluisinforma.com\/#website\",\"url\":\"https:\/\/sanluisinforma.com\/\",\"name\":\"sanluisinforma.com\",\"description\":\"Periodico San Luis Informa\",\"publisher\":{\"@id\":\"https:\/\/sanluisinforma.com\/#organization\"},\"potentialAction\":[{\"@type\":\"SearchAction\",\"target\":{\"@type\":\"EntryPoint\",\"urlTemplate\":\"https:\/\/sanluisinforma.com\/?s={search_term_string}\"},\"query-input\":{\"@type\":\"PropertyValueSpecification\",\"valueRequired\":true,\"valueName\":\"search_term_string\"}}],\"inLanguage\":\"es\"},{\"@type\":\"Organization\",\"@id\":\"https:\/\/sanluisinforma.com\/#organization\",\"name\":\"sanluisinforma.com\",\"url\":\"https:\/\/sanluisinforma.com\/\",\"logo\":{\"@type\":\"ImageObject\",\"inLanguage\":\"es\",\"@id\":\"https:\/\/sanluisinforma.com\/#\/schema\/logo\/image\/\",\"url\":\"https:\/\/sanluisinforma.com\/wp-content\/uploads\/2026\/03\/sanluisinforma-V.jpg\",\"contentUrl\":\"https:\/\/sanluisinforma.com\/wp-content\/uploads\/2026\/03\/sanluisinforma-V.jpg\",\"width\":500,\"height\":156,\"caption\":\"sanluisinforma.com\"},\"image\":{\"@id\":\"https:\/\/sanluisinforma.com\/#\/schema\/logo\/image\/\"}},{\"@type\":\"Person\",\"@id\":\"https:\/\/sanluisinforma.com\/#\/schema\/person\/c30648f71476be533b6f59d092905c8b\",\"name\":\"sanluisinforma.com\",\"image\":{\"@type\":\"ImageObject\",\"inLanguage\":\"es\",\"@id\":\"https:\/\/sanluisinforma.com\/#\/schema\/person\/image\/\",\"url\":\"https:\/\/secure.gravatar.com\/avatar\/86e3114e34a1eecefb963e0a02f0093f93b092dddb2fe1517596343751081a87?s=96&d=mm&r=g\",\"contentUrl\":\"https:\/\/secure.gravatar.com\/avatar\/86e3114e34a1eecefb963e0a02f0093f93b092dddb2fe1517596343751081a87?s=96&d=mm&r=g\",\"caption\":\"sanluisinforma.com\"},\"url\":\"https:\/\/sanluisinforma.com\/?author=2\"}]}<\/script>\n<!-- \/ Yoast SEO plugin. -->","yoast_head_json":{"title":"\u00a1Noche \u00e9pica con el 90\u2019s Pop Tour en el Festival San Luis en Primavera! - sanluisinforma.com","robots":{"index":"index","follow":"follow","max-snippet":"max-snippet:-1","max-image-preview":"max-image-preview:large","max-video-preview":"max-video-preview:-1"},"canonical":"https:\/\/sanluisinforma.com\/?p=11766","og_locale":"es_MX","og_type":"article","og_title":"\u00a1Noche \u00e9pica con el 90\u2019s Pop Tour en el Festival San Luis en Primavera! - sanluisinforma.com","og_description":"Una aut\u00e9ntica fiesta retro se vivi\u00f3 en el coraz\u00f3n de la ciudad durante el Festival San Luis en Primavera, con","og_url":"https:\/\/sanluisinforma.com\/?p=11766","og_site_name":"sanluisinforma.com","article_published_time":"2025-04-18T06:50:00+00:00","article_modified_time":"2025-04-18T04:51:09+00:00","og_image":[{"width":400,"height":252,"url":"https:\/\/sanluisinforma.com\/wp-content\/uploads\/2025\/04\/c0479ddd-412c-4c67-ac3b-7da75d3ad120.jpg","type":"image\/jpeg"}],"author":"sanluisinforma.com","twitter_card":"summary_large_image","twitter_misc":{"Escrito por":"sanluisinforma.com","Tiempo de lectura":"2 minutos"},"schema":{"@context":"https:\/\/schema.org","@graph":[{"@type":"Article","@id":"https:\/\/sanluisinforma.com\/?p=11766#article","isPartOf":{"@id":"https:\/\/sanluisinforma.com\/?p=11766"},"author":{"name":"sanluisinforma.com","@id":"https:\/\/sanluisinforma.com\/#\/schema\/person\/c30648f71476be533b6f59d092905c8b"},"headline":"\u00a1Noche \u00e9pica con el 90\u2019s Pop Tour en el Festival San Luis en Primavera!","datePublished":"2025-04-18T06:50:00+00:00","dateModified":"2025-04-18T04:51:09+00:00","mainEntityOfPage":{"@id":"https:\/\/sanluisinforma.com\/?p=11766"},"wordCount":238,"publisher":{"@id":"https:\/\/sanluisinforma.com\/#organization"},"image":{"@id":"https:\/\/sanluisinforma.com\/?p=11766#primaryimage"},"thumbnailUrl":"https:\/\/sanluisinforma.com\/wp-content\/uploads\/2025\/04\/c0479ddd-412c-4c67-ac3b-7da75d3ad120.jpg","articleSection":["Portada"],"inLanguage":"es"},{"@type":"WebPage","@id":"https:\/\/sanluisinforma.com\/?p=11766","url":"https:\/\/sanluisinforma.com\/?p=11766","name":"\u00a1Noche \u00e9pica con el 90\u2019s Pop Tour en el Festival San Luis en Primavera! - sanluisinforma.com","isPartOf":{"@id":"https:\/\/sanluisinforma.com\/#website"},"primaryImageOfPage":{"@id":"https:\/\/sanluisinforma.com\/?p=11766#primaryimage"},"image":{"@id":"https:\/\/sanluisinforma.com\/?p=11766#primaryimage"},"thumbnailUrl":"https:\/\/sanluisinforma.com\/wp-content\/uploads\/2025\/04\/c0479ddd-412c-4c67-ac3b-7da75d3ad120.jpg","datePublished":"2025-04-18T06:50:00+00:00","dateModified":"2025-04-18T04:51:09+00:00","breadcrumb":{"@id":"https:\/\/sanluisinforma.com\/?p=11766#breadcrumb"},"inLanguage":"es","potentialAction":[{"@type":"ReadAction","target":["https:\/\/sanluisinforma.com\/?p=11766"]}]},{"@type":"ImageObject","inLanguage":"es","@id":"https:\/\/sanluisinforma.com\/?p=11766#primaryimage","url":"https:\/\/sanluisinforma.com\/wp-content\/uploads\/2025\/04\/c0479ddd-412c-4c67-ac3b-7da75d3ad120.jpg","contentUrl":"https:\/\/sanluisinforma.com\/wp-content\/uploads\/2025\/04\/c0479ddd-412c-4c67-ac3b-7da75d3ad120.jpg","width":400,"height":252},{"@type":"BreadcrumbList","@id":"https:\/\/sanluisinforma.com\/?p=11766#breadcrumb","itemListElement":[{"@type":"ListItem","position":1,"name":"Inicio","item":"https:\/\/sanluisinforma.com\/"},{"@type":"ListItem","position":2,"name":"\u00a1Noche \u00e9pica con el 90\u2019s Pop Tour en el Festival San Luis en Primavera!"}]},{"@type":"WebSite","@id":"https:\/\/sanluisinforma.com\/#website","url":"https:\/\/sanluisinforma.com\/","name":"sanluisinforma.com","description":"Periodico San Luis Informa","publisher":{"@id":"https:\/\/sanluisinforma.com\/#organization"},"potentialAction":[{"@type":"SearchAction","target":{"@type":"EntryPoint","urlTemplate":"https:\/\/sanluisinforma.com\/?s={search_term_string}"},"query-input":{"@type":"PropertyValueSpecification","valueRequired":true,"valueName":"search_term_string"}}],"inLanguage":"es"},{"@type":"Organization","@id":"https:\/\/sanluisinforma.com\/#organization","name":"sanluisinforma.com","url":"https:\/\/sanluisinforma.com\/","logo":{"@type":"ImageObject","inLanguage":"es","@id":"https:\/\/sanluisinforma.com\/#\/schema\/logo\/image\/","url":"https:\/\/sanluisinforma.com\/wp-content\/uploads\/2026\/03\/sanluisinforma-V.jpg","contentUrl":"https:\/\/sanluisinforma.com\/wp-content\/uploads\/2026\/03\/sanluisinforma-V.jpg","width":500,"height":156,"caption":"sanluisinforma.com"},"image":{"@id":"https:\/\/sanluisinforma.com\/#\/schema\/logo\/image\/"}},{"@type":"Person","@id":"https:\/\/sanluisinforma.com\/#\/schema\/person\/c30648f71476be533b6f59d092905c8b","name":"sanluisinforma.com","image":{"@type":"ImageObject","inLanguage":"es","@id":"https:\/\/sanluisinforma.com\/#\/schema\/person\/image\/","url":"https:\/\/secure.gravatar.com\/avatar\/86e3114e34a1eecefb963e0a02f0093f93b092dddb2fe1517596343751081a87?s=96&d=mm&r=g","contentUrl":"https:\/\/secure.gravatar.com\/avatar\/86e3114e34a1eecefb963e0a02f0093f93b092dddb2fe1517596343751081a87?s=96&d=mm&r=g","caption":"sanluisinforma.com"},"url":"https:\/\/sanluisinforma.com\/?author=2"}]}},"_links":{"self":[{"href":"https:\/\/sanluisinforma.com\/index.php?rest_route=\/wp\/v2\/posts\/11766","targetHints":{"allow":["GET"]}}],"collection":[{"href":"https:\/\/sanluisinforma.com\/index.php?rest_route=\/wp\/v2\/posts"}],"about":[{"href":"https:\/\/sanluisinforma.com\/index.php?rest_route=\/wp\/v2\/types\/post"}],"author":[{"embeddable":true,"href":"https:\/\/sanluisinforma.com\/index.php?rest_route=\/wp\/v2\/users\/2"}],"replies":[{"embeddable":true,"href":"https:\/\/sanluisinforma.com\/index.php?rest_route=%2Fwp%2Fv2%2Fcomments&post=11766"}],"version-history":[{"count":1,"href":"https:\/\/sanluisinforma.com\/index.php?rest_route=\/wp\/v2\/posts\/11766\/revisions"}],"predecessor-version":[{"id":11768,"href":"https:\/\/sanluisinforma.com\/index.php?rest_route=\/wp\/v2\/posts\/11766\/revisions\/11768"}],"wp:featuredmedia":[{"embeddable":true,"href":"https:\/\/sanluisinforma.com\/index.php?rest_route=\/wp\/v2\/media\/11767"}],"wp:attachment":[{"href":"https:\/\/sanluisinforma.com\/index.php?rest_route=%2Fwp%2Fv2%2Fmedia&parent=11766"}],"wp:term":[{"taxonomy":"category","embeddable":true,"href":"https:\/\/sanluisinforma.com\/index.php?rest_route=%2Fwp%2Fv2%2Fcategories&post=11766"},{"taxonomy":"post_tag","embeddable":true,"href":"https:\/\/sanluisinforma.com\/index.php?rest_route=%2Fwp%2Fv2%2Ftags&post=11766"}],"curies":[{"name":"wp","href":"https:\/\/api.w.org\/{rel}","templated":true}]}}