{"id":11772,"date":"2025-04-19T00:55:00","date_gmt":"2025-04-19T06:55:00","guid":{"rendered":"https:\/\/sanluisinforma.com\/?p=11772"},"modified":"2025-04-18T22:02:11","modified_gmt":"2025-04-19T04:02:11","slug":"el-estado-da-seguimiento-a-prevencion-de-incendios-por-zafra-33-incendios-originados","status":"publish","type":"post","link":"https:\/\/sanluisinforma.com\/?p=11772","title":{"rendered":"El Estado da seguimiento a Prevenci\u00f3n de Incendios por zafra; 33 incendios originados \u00a0"},"content":{"rendered":"\n<p><\/p>\n\n\n\n<p>33 incendios se han originado por el manejo inadecuado de fuego durante la actual temporada de zafra.<\/p>\n\n\n\n<p>A partir de la pr\u00f3xima semana funcionarias y funcionarios estatales mantendr\u00e1n reuniones con productores de ca\u00f1a en Tamu\u00edn y El Naranjo. Estas zonas son fundamentales para el sector, por lo que fortalecer\u00e1n la colaboraci\u00f3n e implementaci\u00f3n de soluciones conjuntas para prevenir incendios forestales, ya que al menos 33, se han originado por el manejo inadecuado de fuego durante la actual temporada de zafra.<\/p>\n\n\n\n<p>Al respecto el titular de la Secretar\u00eda General de Gobierno, J. Guadalupe Torres S\u00e1nchez puntualiz\u00f3 que ya se sostuvo un encuentro en Ciudad Valles, donde se sentaron las bases para la creaci\u00f3n de un fondo para atender dichos siniestros, y cuyo recurso se obtendr\u00e1 de multas a productores que no respeten los horarios para la zafra.<\/p>\n\n\n\n<p>Torres Sanchez refrend\u00f3 el compromiso del Gobernador Ricardo Gallardo Cardona de seguir fortaleciendo al campo, potosino y preservar el medio ambiente.<\/p>\n","protected":false},"excerpt":{"rendered":"<p>33 incendios se han originado por el manejo inadecuado de fuego durante la actual temporada de zafra. A partir de<\/p>\n","protected":false},"author":2,"featured_media":11773,"comment_status":"closed","ping_status":"closed","sticky":false,"template":"","format":"standard","meta":{"footnotes":""},"categories":[25,30],"tags":[],"class_list":["post-11772","post","type-post","status-publish","format-standard","has-post-thumbnail","hentry","category-local","category-portada"],"yoast_head":"<!-- This site is optimized with the Yoast SEO plugin v24.1 - https:\/\/yoast.com\/wordpress\/plugins\/seo\/ -->\n<title>El Estado da seguimiento a Prevenci\u00f3n de Incendios por zafra; 33 incendios originados \u00a0 - sanluisinforma.com<\/title>\n<meta name=\"robots\" content=\"index, follow, max-snippet:-1, max-image-preview:large, max-video-preview:-1\" \/>\n<link rel=\"canonical\" href=\"https:\/\/sanluisinforma.com\/?p=11772\" \/>\n<meta property=\"og:locale\" content=\"es_MX\" \/>\n<meta property=\"og:type\" content=\"article\" \/>\n<meta property=\"og:title\" content=\"El Estado da seguimiento a Prevenci\u00f3n de Incendios por zafra; 33 incendios originados \u00a0 - sanluisinforma.com\" \/>\n<meta property=\"og:description\" content=\"33 incendios se han originado por el manejo inadecuado de fuego durante la actual temporada de zafra. A partir de\" \/>\n<meta property=\"og:url\" content=\"https:\/\/sanluisinforma.com\/?p=11772\" \/>\n<meta property=\"og:site_name\" content=\"sanluisinforma.com\" \/>\n<meta property=\"article:published_time\" content=\"2025-04-19T06:55:00+00:00\" \/>\n<meta property=\"article:modified_time\" content=\"2025-04-19T04:02:11+00:00\" \/>\n<meta property=\"og:image\" content=\"https:\/\/sanluisinforma.com\/wp-content\/uploads\/2025\/04\/0e3bf00c-ffa0-417e-8f93-cee92f2e1eae.jpg\" \/>\n\t<meta property=\"og:image:width\" content=\"400\" \/>\n\t<meta property=\"og:image:height\" content=\"260\" \/>\n\t<meta property=\"og:image:type\" content=\"image\/jpeg\" \/>\n<meta name=\"author\" content=\"sanluisinforma.com\" \/>\n<meta name=\"twitter:card\" content=\"summary_large_image\" \/>\n<meta name=\"twitter:label1\" content=\"Escrito por\" \/>\n\t<meta name=\"twitter:data1\" content=\"sanluisinforma.com\" \/>\n\t<meta name=\"twitter:label2\" content=\"Tiempo de lectura\" \/>\n\t<meta name=\"twitter:data2\" content=\"1 minuto\" \/>\n<script type=\"application\/ld+json\" class=\"yoast-schema-graph\">{\"@context\":\"https:\/\/schema.org\",\"@graph\":[{\"@type\":\"Article\",\"@id\":\"https:\/\/sanluisinforma.com\/?p=11772#article\",\"isPartOf\":{\"@id\":\"https:\/\/sanluisinforma.com\/?p=11772\"},\"author\":{\"name\":\"sanluisinforma.com\",\"@id\":\"https:\/\/sanluisinforma.com\/#\/schema\/person\/c30648f71476be533b6f59d092905c8b\"},\"headline\":\"El Estado da seguimiento a Prevenci\u00f3n de Incendios por zafra; 33 incendios originados \u00a0\",\"datePublished\":\"2025-04-19T06:55:00+00:00\",\"dateModified\":\"2025-04-19T04:02:11+00:00\",\"mainEntityOfPage\":{\"@id\":\"https:\/\/sanluisinforma.com\/?p=11772\"},\"wordCount\":178,\"publisher\":{\"@id\":\"https:\/\/sanluisinforma.com\/#organization\"},\"image\":{\"@id\":\"https:\/\/sanluisinforma.com\/?p=11772#primaryimage\"},\"thumbnailUrl\":\"https:\/\/sanluisinforma.com\/wp-content\/uploads\/2025\/04\/0e3bf00c-ffa0-417e-8f93-cee92f2e1eae.jpg\",\"articleSection\":[\"Local\",\"Portada\"],\"inLanguage\":\"es\"},{\"@type\":\"WebPage\",\"@id\":\"https:\/\/sanluisinforma.com\/?p=11772\",\"url\":\"https:\/\/sanluisinforma.com\/?p=11772\",\"name\":\"El Estado da seguimiento a Prevenci\u00f3n de Incendios por zafra; 33 incendios originados \u00a0 - sanluisinforma.com\",\"isPartOf\":{\"@id\":\"https:\/\/sanluisinforma.com\/#website\"},\"primaryImageOfPage\":{\"@id\":\"https:\/\/sanluisinforma.com\/?p=11772#primaryimage\"},\"image\":{\"@id\":\"https:\/\/sanluisinforma.com\/?p=11772#primaryimage\"},\"thumbnailUrl\":\"https:\/\/sanluisinforma.com\/wp-content\/uploads\/2025\/04\/0e3bf00c-ffa0-417e-8f93-cee92f2e1eae.jpg\",\"datePublished\":\"2025-04-19T06:55:00+00:00\",\"dateModified\":\"2025-04-19T04:02:11+00:00\",\"breadcrumb\":{\"@id\":\"https:\/\/sanluisinforma.com\/?p=11772#breadcrumb\"},\"inLanguage\":\"es\",\"potentialAction\":[{\"@type\":\"ReadAction\",\"target\":[\"https:\/\/sanluisinforma.com\/?p=11772\"]}]},{\"@type\":\"ImageObject\",\"inLanguage\":\"es\",\"@id\":\"https:\/\/sanluisinforma.com\/?p=11772#primaryimage\",\"url\":\"https:\/\/sanluisinforma.com\/wp-content\/uploads\/2025\/04\/0e3bf00c-ffa0-417e-8f93-cee92f2e1eae.jpg\",\"contentUrl\":\"https:\/\/sanluisinforma.com\/wp-content\/uploads\/2025\/04\/0e3bf00c-ffa0-417e-8f93-cee92f2e1eae.jpg\",\"width\":400,\"height\":260},{\"@type\":\"BreadcrumbList\",\"@id\":\"https:\/\/sanluisinforma.com\/?p=11772#breadcrumb\",\"itemListElement\":[{\"@type\":\"ListItem\",\"position\":1,\"name\":\"Inicio\",\"item\":\"https:\/\/sanluisinforma.com\/\"},{\"@type\":\"ListItem\",\"position\":2,\"name\":\"El Estado da seguimiento a Prevenci\u00f3n de Incendios por zafra; 33 incendios originados \u00a0\"}]},{\"@type\":\"WebSite\",\"@id\":\"https:\/\/sanluisinforma.com\/#website\",\"url\":\"https:\/\/sanluisinforma.com\/\",\"name\":\"sanluisinforma.com\",\"description\":\"Periodico San Luis Informa\",\"publisher\":{\"@id\":\"https:\/\/sanluisinforma.com\/#organization\"},\"potentialAction\":[{\"@type\":\"SearchAction\",\"target\":{\"@type\":\"EntryPoint\",\"urlTemplate\":\"https:\/\/sanluisinforma.com\/?s={search_term_string}\"},\"query-input\":{\"@type\":\"PropertyValueSpecification\",\"valueRequired\":true,\"valueName\":\"search_term_string\"}}],\"inLanguage\":\"es\"},{\"@type\":\"Organization\",\"@id\":\"https:\/\/sanluisinforma.com\/#organization\",\"name\":\"sanluisinforma.com\",\"url\":\"https:\/\/sanluisinforma.com\/\",\"logo\":{\"@type\":\"ImageObject\",\"inLanguage\":\"es\",\"@id\":\"https:\/\/sanluisinforma.com\/#\/schema\/logo\/image\/\",\"url\":\"https:\/\/sanluisinforma.com\/wp-content\/uploads\/2026\/03\/sanluisinforma-V.jpg\",\"contentUrl\":\"https:\/\/sanluisinforma.com\/wp-content\/uploads\/2026\/03\/sanluisinforma-V.jpg\",\"width\":500,\"height\":156,\"caption\":\"sanluisinforma.com\"},\"image\":{\"@id\":\"https:\/\/sanluisinforma.com\/#\/schema\/logo\/image\/\"}},{\"@type\":\"Person\",\"@id\":\"https:\/\/sanluisinforma.com\/#\/schema\/person\/c30648f71476be533b6f59d092905c8b\",\"name\":\"sanluisinforma.com\",\"image\":{\"@type\":\"ImageObject\",\"inLanguage\":\"es\",\"@id\":\"https:\/\/sanluisinforma.com\/#\/schema\/person\/image\/\",\"url\":\"https:\/\/secure.gravatar.com\/avatar\/86e3114e34a1eecefb963e0a02f0093f93b092dddb2fe1517596343751081a87?s=96&d=mm&r=g\",\"contentUrl\":\"https:\/\/secure.gravatar.com\/avatar\/86e3114e34a1eecefb963e0a02f0093f93b092dddb2fe1517596343751081a87?s=96&d=mm&r=g\",\"caption\":\"sanluisinforma.com\"},\"url\":\"https:\/\/sanluisinforma.com\/?author=2\"}]}<\/script>\n<!-- \/ Yoast SEO plugin. -->","yoast_head_json":{"title":"El Estado da seguimiento a Prevenci\u00f3n de Incendios por zafra; 33 incendios originados \u00a0 - sanluisinforma.com","robots":{"index":"index","follow":"follow","max-snippet":"max-snippet:-1","max-image-preview":"max-image-preview:large","max-video-preview":"max-video-preview:-1"},"canonical":"https:\/\/sanluisinforma.com\/?p=11772","og_locale":"es_MX","og_type":"article","og_title":"El Estado da seguimiento a Prevenci\u00f3n de Incendios por zafra; 33 incendios originados \u00a0 - sanluisinforma.com","og_description":"33 incendios se han originado por el manejo inadecuado de fuego durante la actual temporada de zafra. A partir de","og_url":"https:\/\/sanluisinforma.com\/?p=11772","og_site_name":"sanluisinforma.com","article_published_time":"2025-04-19T06:55:00+00:00","article_modified_time":"2025-04-19T04:02:11+00:00","og_image":[{"width":400,"height":260,"url":"https:\/\/sanluisinforma.com\/wp-content\/uploads\/2025\/04\/0e3bf00c-ffa0-417e-8f93-cee92f2e1eae.jpg","type":"image\/jpeg"}],"author":"sanluisinforma.com","twitter_card":"summary_large_image","twitter_misc":{"Escrito por":"sanluisinforma.com","Tiempo de lectura":"1 minuto"},"schema":{"@context":"https:\/\/schema.org","@graph":[{"@type":"Article","@id":"https:\/\/sanluisinforma.com\/?p=11772#article","isPartOf":{"@id":"https:\/\/sanluisinforma.com\/?p=11772"},"author":{"name":"sanluisinforma.com","@id":"https:\/\/sanluisinforma.com\/#\/schema\/person\/c30648f71476be533b6f59d092905c8b"},"headline":"El Estado da seguimiento a Prevenci\u00f3n de Incendios por zafra; 33 incendios originados \u00a0","datePublished":"2025-04-19T06:55:00+00:00","dateModified":"2025-04-19T04:02:11+00:00","mainEntityOfPage":{"@id":"https:\/\/sanluisinforma.com\/?p=11772"},"wordCount":178,"publisher":{"@id":"https:\/\/sanluisinforma.com\/#organization"},"image":{"@id":"https:\/\/sanluisinforma.com\/?p=11772#primaryimage"},"thumbnailUrl":"https:\/\/sanluisinforma.com\/wp-content\/uploads\/2025\/04\/0e3bf00c-ffa0-417e-8f93-cee92f2e1eae.jpg","articleSection":["Local","Portada"],"inLanguage":"es"},{"@type":"WebPage","@id":"https:\/\/sanluisinforma.com\/?p=11772","url":"https:\/\/sanluisinforma.com\/?p=11772","name":"El Estado da seguimiento a Prevenci\u00f3n de Incendios por zafra; 33 incendios originados \u00a0 - sanluisinforma.com","isPartOf":{"@id":"https:\/\/sanluisinforma.com\/#website"},"primaryImageOfPage":{"@id":"https:\/\/sanluisinforma.com\/?p=11772#primaryimage"},"image":{"@id":"https:\/\/sanluisinforma.com\/?p=11772#primaryimage"},"thumbnailUrl":"https:\/\/sanluisinforma.com\/wp-content\/uploads\/2025\/04\/0e3bf00c-ffa0-417e-8f93-cee92f2e1eae.jpg","datePublished":"2025-04-19T06:55:00+00:00","dateModified":"2025-04-19T04:02:11+00:00","breadcrumb":{"@id":"https:\/\/sanluisinforma.com\/?p=11772#breadcrumb"},"inLanguage":"es","potentialAction":[{"@type":"ReadAction","target":["https:\/\/sanluisinforma.com\/?p=11772"]}]},{"@type":"ImageObject","inLanguage":"es","@id":"https:\/\/sanluisinforma.com\/?p=11772#primaryimage","url":"https:\/\/sanluisinforma.com\/wp-content\/uploads\/2025\/04\/0e3bf00c-ffa0-417e-8f93-cee92f2e1eae.jpg","contentUrl":"https:\/\/sanluisinforma.com\/wp-content\/uploads\/2025\/04\/0e3bf00c-ffa0-417e-8f93-cee92f2e1eae.jpg","width":400,"height":260},{"@type":"BreadcrumbList","@id":"https:\/\/sanluisinforma.com\/?p=11772#breadcrumb","itemListElement":[{"@type":"ListItem","position":1,"name":"Inicio","item":"https:\/\/sanluisinforma.com\/"},{"@type":"ListItem","position":2,"name":"El Estado da seguimiento a Prevenci\u00f3n de Incendios por zafra; 33 incendios originados \u00a0"}]},{"@type":"WebSite","@id":"https:\/\/sanluisinforma.com\/#website","url":"https:\/\/sanluisinforma.com\/","name":"sanluisinforma.com","description":"Periodico San Luis Informa","publisher":{"@id":"https:\/\/sanluisinforma.com\/#organization"},"potentialAction":[{"@type":"SearchAction","target":{"@type":"EntryPoint","urlTemplate":"https:\/\/sanluisinforma.com\/?s={search_term_string}"},"query-input":{"@type":"PropertyValueSpecification","valueRequired":true,"valueName":"search_term_string"}}],"inLanguage":"es"},{"@type":"Organization","@id":"https:\/\/sanluisinforma.com\/#organization","name":"sanluisinforma.com","url":"https:\/\/sanluisinforma.com\/","logo":{"@type":"ImageObject","inLanguage":"es","@id":"https:\/\/sanluisinforma.com\/#\/schema\/logo\/image\/","url":"https:\/\/sanluisinforma.com\/wp-content\/uploads\/2026\/03\/sanluisinforma-V.jpg","contentUrl":"https:\/\/sanluisinforma.com\/wp-content\/uploads\/2026\/03\/sanluisinforma-V.jpg","width":500,"height":156,"caption":"sanluisinforma.com"},"image":{"@id":"https:\/\/sanluisinforma.com\/#\/schema\/logo\/image\/"}},{"@type":"Person","@id":"https:\/\/sanluisinforma.com\/#\/schema\/person\/c30648f71476be533b6f59d092905c8b","name":"sanluisinforma.com","image":{"@type":"ImageObject","inLanguage":"es","@id":"https:\/\/sanluisinforma.com\/#\/schema\/person\/image\/","url":"https:\/\/secure.gravatar.com\/avatar\/86e3114e34a1eecefb963e0a02f0093f93b092dddb2fe1517596343751081a87?s=96&d=mm&r=g","contentUrl":"https:\/\/secure.gravatar.com\/avatar\/86e3114e34a1eecefb963e0a02f0093f93b092dddb2fe1517596343751081a87?s=96&d=mm&r=g","caption":"sanluisinforma.com"},"url":"https:\/\/sanluisinforma.com\/?author=2"}]}},"_links":{"self":[{"href":"https:\/\/sanluisinforma.com\/index.php?rest_route=\/wp\/v2\/posts\/11772","targetHints":{"allow":["GET"]}}],"collection":[{"href":"https:\/\/sanluisinforma.com\/index.php?rest_route=\/wp\/v2\/posts"}],"about":[{"href":"https:\/\/sanluisinforma.com\/index.php?rest_route=\/wp\/v2\/types\/post"}],"author":[{"embeddable":true,"href":"https:\/\/sanluisinforma.com\/index.php?rest_route=\/wp\/v2\/users\/2"}],"replies":[{"embeddable":true,"href":"https:\/\/sanluisinforma.com\/index.php?rest_route=%2Fwp%2Fv2%2Fcomments&post=11772"}],"version-history":[{"count":1,"href":"https:\/\/sanluisinforma.com\/index.php?rest_route=\/wp\/v2\/posts\/11772\/revisions"}],"predecessor-version":[{"id":11774,"href":"https:\/\/sanluisinforma.com\/index.php?rest_route=\/wp\/v2\/posts\/11772\/revisions\/11774"}],"wp:featuredmedia":[{"embeddable":true,"href":"https:\/\/sanluisinforma.com\/index.php?rest_route=\/wp\/v2\/media\/11773"}],"wp:attachment":[{"href":"https:\/\/sanluisinforma.com\/index.php?rest_route=%2Fwp%2Fv2%2Fmedia&parent=11772"}],"wp:term":[{"taxonomy":"category","embeddable":true,"href":"https:\/\/sanluisinforma.com\/index.php?rest_route=%2Fwp%2Fv2%2Fcategories&post=11772"},{"taxonomy":"post_tag","embeddable":true,"href":"https:\/\/sanluisinforma.com\/index.php?rest_route=%2Fwp%2Fv2%2Ftags&post=11772"}],"curies":[{"name":"wp","href":"https:\/\/api.w.org\/{rel}","templated":true}]}}