{"id":11778,"date":"2025-04-19T00:50:00","date_gmt":"2025-04-19T06:50:00","guid":{"rendered":"https:\/\/sanluisinforma.com\/?p=11778"},"modified":"2025-04-18T22:09:22","modified_gmt":"2025-04-19T04:09:22","slug":"con-gran-fervor-la-procesion-del-silencio-recorrio-las-calles-de-san-luis-capital","status":"publish","type":"post","link":"https:\/\/sanluisinforma.com\/?p=11778","title":{"rendered":"Con gran fervor, la Procesi\u00f3n del Silencio recorri\u00f3 las calles de San Luis Capital"},"content":{"rendered":"\n<p>Como marca la tradici\u00f3n, el Presidente Municipal Enrique Galindo Ceballos escuch\u00f3 el toque de la Guardia Pretoriana en la Iglesia del Carmen y encabez\u00f3 el inicio del recorrido en el LXXII aniversario de esta emblem\u00e1tica manifestaci\u00f3n de fe.<\/p>\n\n\n\n<p><\/p>\n\n\n\n<p><a><\/a>Con un profundo ambiente de recogimiento y solemnidad, se llev\u00f3 a cabo la edici\u00f3n n\u00famero 72 de la Procesi\u00f3n del Silencio, una de las expresiones religiosas y culturales m\u00e1s importantes de M\u00e9xico. Miles de personas se congregaron en el Centro Hist\u00f3rico de la Capital para presenciar el recorrido de m\u00e1s de 35 cofrad\u00edas, que una vez m\u00e1s dieron testimonio de la fe y la tradici\u00f3n potosina.<\/p>\n\n\n\n<p><a><\/a>Como lo establece el protocolo, el Presidente Municipal Enrique Galindo Ceballos escuch\u00f3 el toque de la Guardia Pretoriana a las puertas de la Iglesia del Carmen y, posteriormente, abri\u00f3 las puertas del templo para dar inicio al recorrido encabezado por la imagen de la Virgen de la Soledad. Lo acompa\u00f1\u00f3 la presidenta del DIF Municipal, Estela Arriaga M\u00e1rquez, con quien previamente acudi\u00f3 a la capilla de la Virgen para unirse en oraci\u00f3n junto a miles de fieles.<\/p>\n\n\n\n<p><a><\/a>La marcha silente avanz\u00f3 por las principales calles del Centro Hist\u00f3rico, en medio del respeto de miles de asistentes que acompa\u00f1aron el trayecto con devoci\u00f3n. El retumbar de los tambores y el lamento de las trompetas guiaron a las cofrad\u00edas en una noche llena de simbolismo, que reafirma a San Luis Capital como un referente nacional de tradici\u00f3n y espiritualidad.<\/p>\n","protected":false},"excerpt":{"rendered":"<p>Como marca la tradici\u00f3n, el Presidente Municipal Enrique Galindo Ceballos escuch\u00f3 el toque de la Guardia Pretoriana en la Iglesia<\/p>\n","protected":false},"author":2,"featured_media":11779,"comment_status":"closed","ping_status":"closed","sticky":false,"template":"","format":"standard","meta":{"footnotes":""},"categories":[25,30],"tags":[],"class_list":["post-11778","post","type-post","status-publish","format-standard","has-post-thumbnail","hentry","category-local","category-portada"],"yoast_head":"<!-- This site is optimized with the Yoast SEO plugin v24.1 - https:\/\/yoast.com\/wordpress\/plugins\/seo\/ -->\n<title>Con gran fervor, la Procesi\u00f3n del Silencio recorri\u00f3 las calles de San Luis Capital - sanluisinforma.com<\/title>\n<meta name=\"robots\" content=\"index, follow, max-snippet:-1, max-image-preview:large, max-video-preview:-1\" \/>\n<link rel=\"canonical\" href=\"https:\/\/sanluisinforma.com\/?p=11778\" \/>\n<meta property=\"og:locale\" content=\"es_MX\" \/>\n<meta property=\"og:type\" content=\"article\" \/>\n<meta property=\"og:title\" content=\"Con gran fervor, la Procesi\u00f3n del Silencio recorri\u00f3 las calles de San Luis Capital - sanluisinforma.com\" \/>\n<meta property=\"og:description\" content=\"Como marca la tradici\u00f3n, el Presidente Municipal Enrique Galindo Ceballos escuch\u00f3 el toque de la Guardia Pretoriana en la Iglesia\" \/>\n<meta property=\"og:url\" content=\"https:\/\/sanluisinforma.com\/?p=11778\" \/>\n<meta property=\"og:site_name\" content=\"sanluisinforma.com\" \/>\n<meta property=\"article:published_time\" content=\"2025-04-19T06:50:00+00:00\" \/>\n<meta property=\"article:modified_time\" content=\"2025-04-19T04:09:22+00:00\" \/>\n<meta property=\"og:image\" content=\"https:\/\/sanluisinforma.com\/wp-content\/uploads\/2025\/04\/ddc77e9e-072a-480f-ade1-ca8167678c43.jpg\" \/>\n\t<meta property=\"og:image:width\" content=\"400\" \/>\n\t<meta property=\"og:image:height\" content=\"317\" \/>\n\t<meta property=\"og:image:type\" content=\"image\/jpeg\" \/>\n<meta name=\"author\" content=\"sanluisinforma.com\" \/>\n<meta name=\"twitter:card\" content=\"summary_large_image\" \/>\n<meta name=\"twitter:label1\" content=\"Escrito por\" \/>\n\t<meta name=\"twitter:data1\" content=\"sanluisinforma.com\" \/>\n\t<meta name=\"twitter:label2\" content=\"Tiempo de lectura\" \/>\n\t<meta name=\"twitter:data2\" content=\"2 minutos\" \/>\n<script type=\"application\/ld+json\" class=\"yoast-schema-graph\">{\"@context\":\"https:\/\/schema.org\",\"@graph\":[{\"@type\":\"Article\",\"@id\":\"https:\/\/sanluisinforma.com\/?p=11778#article\",\"isPartOf\":{\"@id\":\"https:\/\/sanluisinforma.com\/?p=11778\"},\"author\":{\"name\":\"sanluisinforma.com\",\"@id\":\"https:\/\/sanluisinforma.com\/#\/schema\/person\/c30648f71476be533b6f59d092905c8b\"},\"headline\":\"Con gran fervor, la Procesi\u00f3n del Silencio recorri\u00f3 las calles de San Luis Capital\",\"datePublished\":\"2025-04-19T06:50:00+00:00\",\"dateModified\":\"2025-04-19T04:09:22+00:00\",\"mainEntityOfPage\":{\"@id\":\"https:\/\/sanluisinforma.com\/?p=11778\"},\"wordCount\":274,\"publisher\":{\"@id\":\"https:\/\/sanluisinforma.com\/#organization\"},\"image\":{\"@id\":\"https:\/\/sanluisinforma.com\/?p=11778#primaryimage\"},\"thumbnailUrl\":\"https:\/\/sanluisinforma.com\/wp-content\/uploads\/2025\/04\/ddc77e9e-072a-480f-ade1-ca8167678c43.jpg\",\"articleSection\":[\"Local\",\"Portada\"],\"inLanguage\":\"es\"},{\"@type\":\"WebPage\",\"@id\":\"https:\/\/sanluisinforma.com\/?p=11778\",\"url\":\"https:\/\/sanluisinforma.com\/?p=11778\",\"name\":\"Con gran fervor, la Procesi\u00f3n del Silencio recorri\u00f3 las calles de San Luis Capital - sanluisinforma.com\",\"isPartOf\":{\"@id\":\"https:\/\/sanluisinforma.com\/#website\"},\"primaryImageOfPage\":{\"@id\":\"https:\/\/sanluisinforma.com\/?p=11778#primaryimage\"},\"image\":{\"@id\":\"https:\/\/sanluisinforma.com\/?p=11778#primaryimage\"},\"thumbnailUrl\":\"https:\/\/sanluisinforma.com\/wp-content\/uploads\/2025\/04\/ddc77e9e-072a-480f-ade1-ca8167678c43.jpg\",\"datePublished\":\"2025-04-19T06:50:00+00:00\",\"dateModified\":\"2025-04-19T04:09:22+00:00\",\"breadcrumb\":{\"@id\":\"https:\/\/sanluisinforma.com\/?p=11778#breadcrumb\"},\"inLanguage\":\"es\",\"potentialAction\":[{\"@type\":\"ReadAction\",\"target\":[\"https:\/\/sanluisinforma.com\/?p=11778\"]}]},{\"@type\":\"ImageObject\",\"inLanguage\":\"es\",\"@id\":\"https:\/\/sanluisinforma.com\/?p=11778#primaryimage\",\"url\":\"https:\/\/sanluisinforma.com\/wp-content\/uploads\/2025\/04\/ddc77e9e-072a-480f-ade1-ca8167678c43.jpg\",\"contentUrl\":\"https:\/\/sanluisinforma.com\/wp-content\/uploads\/2025\/04\/ddc77e9e-072a-480f-ade1-ca8167678c43.jpg\",\"width\":400,\"height\":317},{\"@type\":\"BreadcrumbList\",\"@id\":\"https:\/\/sanluisinforma.com\/?p=11778#breadcrumb\",\"itemListElement\":[{\"@type\":\"ListItem\",\"position\":1,\"name\":\"Inicio\",\"item\":\"https:\/\/sanluisinforma.com\/\"},{\"@type\":\"ListItem\",\"position\":2,\"name\":\"Con gran fervor, la Procesi\u00f3n del Silencio recorri\u00f3 las calles de San Luis Capital\"}]},{\"@type\":\"WebSite\",\"@id\":\"https:\/\/sanluisinforma.com\/#website\",\"url\":\"https:\/\/sanluisinforma.com\/\",\"name\":\"sanluisinforma.com\",\"description\":\"Periodico San Luis Informa\",\"publisher\":{\"@id\":\"https:\/\/sanluisinforma.com\/#organization\"},\"potentialAction\":[{\"@type\":\"SearchAction\",\"target\":{\"@type\":\"EntryPoint\",\"urlTemplate\":\"https:\/\/sanluisinforma.com\/?s={search_term_string}\"},\"query-input\":{\"@type\":\"PropertyValueSpecification\",\"valueRequired\":true,\"valueName\":\"search_term_string\"}}],\"inLanguage\":\"es\"},{\"@type\":\"Organization\",\"@id\":\"https:\/\/sanluisinforma.com\/#organization\",\"name\":\"sanluisinforma.com\",\"url\":\"https:\/\/sanluisinforma.com\/\",\"logo\":{\"@type\":\"ImageObject\",\"inLanguage\":\"es\",\"@id\":\"https:\/\/sanluisinforma.com\/#\/schema\/logo\/image\/\",\"url\":\"https:\/\/sanluisinforma.com\/wp-content\/uploads\/2026\/03\/sanluisinforma-V.jpg\",\"contentUrl\":\"https:\/\/sanluisinforma.com\/wp-content\/uploads\/2026\/03\/sanluisinforma-V.jpg\",\"width\":500,\"height\":156,\"caption\":\"sanluisinforma.com\"},\"image\":{\"@id\":\"https:\/\/sanluisinforma.com\/#\/schema\/logo\/image\/\"}},{\"@type\":\"Person\",\"@id\":\"https:\/\/sanluisinforma.com\/#\/schema\/person\/c30648f71476be533b6f59d092905c8b\",\"name\":\"sanluisinforma.com\",\"image\":{\"@type\":\"ImageObject\",\"inLanguage\":\"es\",\"@id\":\"https:\/\/sanluisinforma.com\/#\/schema\/person\/image\/\",\"url\":\"https:\/\/secure.gravatar.com\/avatar\/86e3114e34a1eecefb963e0a02f0093f93b092dddb2fe1517596343751081a87?s=96&d=mm&r=g\",\"contentUrl\":\"https:\/\/secure.gravatar.com\/avatar\/86e3114e34a1eecefb963e0a02f0093f93b092dddb2fe1517596343751081a87?s=96&d=mm&r=g\",\"caption\":\"sanluisinforma.com\"},\"url\":\"https:\/\/sanluisinforma.com\/?author=2\"}]}<\/script>\n<!-- \/ Yoast SEO plugin. -->","yoast_head_json":{"title":"Con gran fervor, la Procesi\u00f3n del Silencio recorri\u00f3 las calles de San Luis Capital - sanluisinforma.com","robots":{"index":"index","follow":"follow","max-snippet":"max-snippet:-1","max-image-preview":"max-image-preview:large","max-video-preview":"max-video-preview:-1"},"canonical":"https:\/\/sanluisinforma.com\/?p=11778","og_locale":"es_MX","og_type":"article","og_title":"Con gran fervor, la Procesi\u00f3n del Silencio recorri\u00f3 las calles de San Luis Capital - sanluisinforma.com","og_description":"Como marca la tradici\u00f3n, el Presidente Municipal Enrique Galindo Ceballos escuch\u00f3 el toque de la Guardia Pretoriana en la Iglesia","og_url":"https:\/\/sanluisinforma.com\/?p=11778","og_site_name":"sanluisinforma.com","article_published_time":"2025-04-19T06:50:00+00:00","article_modified_time":"2025-04-19T04:09:22+00:00","og_image":[{"width":400,"height":317,"url":"https:\/\/sanluisinforma.com\/wp-content\/uploads\/2025\/04\/ddc77e9e-072a-480f-ade1-ca8167678c43.jpg","type":"image\/jpeg"}],"author":"sanluisinforma.com","twitter_card":"summary_large_image","twitter_misc":{"Escrito por":"sanluisinforma.com","Tiempo de lectura":"2 minutos"},"schema":{"@context":"https:\/\/schema.org","@graph":[{"@type":"Article","@id":"https:\/\/sanluisinforma.com\/?p=11778#article","isPartOf":{"@id":"https:\/\/sanluisinforma.com\/?p=11778"},"author":{"name":"sanluisinforma.com","@id":"https:\/\/sanluisinforma.com\/#\/schema\/person\/c30648f71476be533b6f59d092905c8b"},"headline":"Con gran fervor, la Procesi\u00f3n del Silencio recorri\u00f3 las calles de San Luis Capital","datePublished":"2025-04-19T06:50:00+00:00","dateModified":"2025-04-19T04:09:22+00:00","mainEntityOfPage":{"@id":"https:\/\/sanluisinforma.com\/?p=11778"},"wordCount":274,"publisher":{"@id":"https:\/\/sanluisinforma.com\/#organization"},"image":{"@id":"https:\/\/sanluisinforma.com\/?p=11778#primaryimage"},"thumbnailUrl":"https:\/\/sanluisinforma.com\/wp-content\/uploads\/2025\/04\/ddc77e9e-072a-480f-ade1-ca8167678c43.jpg","articleSection":["Local","Portada"],"inLanguage":"es"},{"@type":"WebPage","@id":"https:\/\/sanluisinforma.com\/?p=11778","url":"https:\/\/sanluisinforma.com\/?p=11778","name":"Con gran fervor, la Procesi\u00f3n del Silencio recorri\u00f3 las calles de San Luis Capital - sanluisinforma.com","isPartOf":{"@id":"https:\/\/sanluisinforma.com\/#website"},"primaryImageOfPage":{"@id":"https:\/\/sanluisinforma.com\/?p=11778#primaryimage"},"image":{"@id":"https:\/\/sanluisinforma.com\/?p=11778#primaryimage"},"thumbnailUrl":"https:\/\/sanluisinforma.com\/wp-content\/uploads\/2025\/04\/ddc77e9e-072a-480f-ade1-ca8167678c43.jpg","datePublished":"2025-04-19T06:50:00+00:00","dateModified":"2025-04-19T04:09:22+00:00","breadcrumb":{"@id":"https:\/\/sanluisinforma.com\/?p=11778#breadcrumb"},"inLanguage":"es","potentialAction":[{"@type":"ReadAction","target":["https:\/\/sanluisinforma.com\/?p=11778"]}]},{"@type":"ImageObject","inLanguage":"es","@id":"https:\/\/sanluisinforma.com\/?p=11778#primaryimage","url":"https:\/\/sanluisinforma.com\/wp-content\/uploads\/2025\/04\/ddc77e9e-072a-480f-ade1-ca8167678c43.jpg","contentUrl":"https:\/\/sanluisinforma.com\/wp-content\/uploads\/2025\/04\/ddc77e9e-072a-480f-ade1-ca8167678c43.jpg","width":400,"height":317},{"@type":"BreadcrumbList","@id":"https:\/\/sanluisinforma.com\/?p=11778#breadcrumb","itemListElement":[{"@type":"ListItem","position":1,"name":"Inicio","item":"https:\/\/sanluisinforma.com\/"},{"@type":"ListItem","position":2,"name":"Con gran fervor, la Procesi\u00f3n del Silencio recorri\u00f3 las calles de San Luis Capital"}]},{"@type":"WebSite","@id":"https:\/\/sanluisinforma.com\/#website","url":"https:\/\/sanluisinforma.com\/","name":"sanluisinforma.com","description":"Periodico San Luis Informa","publisher":{"@id":"https:\/\/sanluisinforma.com\/#organization"},"potentialAction":[{"@type":"SearchAction","target":{"@type":"EntryPoint","urlTemplate":"https:\/\/sanluisinforma.com\/?s={search_term_string}"},"query-input":{"@type":"PropertyValueSpecification","valueRequired":true,"valueName":"search_term_string"}}],"inLanguage":"es"},{"@type":"Organization","@id":"https:\/\/sanluisinforma.com\/#organization","name":"sanluisinforma.com","url":"https:\/\/sanluisinforma.com\/","logo":{"@type":"ImageObject","inLanguage":"es","@id":"https:\/\/sanluisinforma.com\/#\/schema\/logo\/image\/","url":"https:\/\/sanluisinforma.com\/wp-content\/uploads\/2026\/03\/sanluisinforma-V.jpg","contentUrl":"https:\/\/sanluisinforma.com\/wp-content\/uploads\/2026\/03\/sanluisinforma-V.jpg","width":500,"height":156,"caption":"sanluisinforma.com"},"image":{"@id":"https:\/\/sanluisinforma.com\/#\/schema\/logo\/image\/"}},{"@type":"Person","@id":"https:\/\/sanluisinforma.com\/#\/schema\/person\/c30648f71476be533b6f59d092905c8b","name":"sanluisinforma.com","image":{"@type":"ImageObject","inLanguage":"es","@id":"https:\/\/sanluisinforma.com\/#\/schema\/person\/image\/","url":"https:\/\/secure.gravatar.com\/avatar\/86e3114e34a1eecefb963e0a02f0093f93b092dddb2fe1517596343751081a87?s=96&d=mm&r=g","contentUrl":"https:\/\/secure.gravatar.com\/avatar\/86e3114e34a1eecefb963e0a02f0093f93b092dddb2fe1517596343751081a87?s=96&d=mm&r=g","caption":"sanluisinforma.com"},"url":"https:\/\/sanluisinforma.com\/?author=2"}]}},"_links":{"self":[{"href":"https:\/\/sanluisinforma.com\/index.php?rest_route=\/wp\/v2\/posts\/11778","targetHints":{"allow":["GET"]}}],"collection":[{"href":"https:\/\/sanluisinforma.com\/index.php?rest_route=\/wp\/v2\/posts"}],"about":[{"href":"https:\/\/sanluisinforma.com\/index.php?rest_route=\/wp\/v2\/types\/post"}],"author":[{"embeddable":true,"href":"https:\/\/sanluisinforma.com\/index.php?rest_route=\/wp\/v2\/users\/2"}],"replies":[{"embeddable":true,"href":"https:\/\/sanluisinforma.com\/index.php?rest_route=%2Fwp%2Fv2%2Fcomments&post=11778"}],"version-history":[{"count":1,"href":"https:\/\/sanluisinforma.com\/index.php?rest_route=\/wp\/v2\/posts\/11778\/revisions"}],"predecessor-version":[{"id":11780,"href":"https:\/\/sanluisinforma.com\/index.php?rest_route=\/wp\/v2\/posts\/11778\/revisions\/11780"}],"wp:featuredmedia":[{"embeddable":true,"href":"https:\/\/sanluisinforma.com\/index.php?rest_route=\/wp\/v2\/media\/11779"}],"wp:attachment":[{"href":"https:\/\/sanluisinforma.com\/index.php?rest_route=%2Fwp%2Fv2%2Fmedia&parent=11778"}],"wp:term":[{"taxonomy":"category","embeddable":true,"href":"https:\/\/sanluisinforma.com\/index.php?rest_route=%2Fwp%2Fv2%2Fcategories&post=11778"},{"taxonomy":"post_tag","embeddable":true,"href":"https:\/\/sanluisinforma.com\/index.php?rest_route=%2Fwp%2Fv2%2Ftags&post=11778"}],"curies":[{"name":"wp","href":"https:\/\/api.w.org\/{rel}","templated":true}]}}