{"id":11787,"date":"2025-04-20T00:45:00","date_gmt":"2025-04-20T06:45:00","guid":{"rendered":"https:\/\/sanluisinforma.com\/?p=11787"},"modified":"2025-04-19T22:04:22","modified_gmt":"2025-04-20T04:04:22","slug":"reconoce-red-mundial-de-destinos-de-turismo-religioso-y-espiritual-potencial-de-slp-y-sus-delegaciones","status":"publish","type":"post","link":"https:\/\/sanluisinforma.com\/?p=11787","title":{"rendered":"Reconoce Red Mundial de Destinos de Turismo Religioso y Espiritual potencial de SLP y sus delegaciones"},"content":{"rendered":"\n<ul class=\"wp-block-list\">\n<li>Su directora general, Pilar Vald\u00e9s, resalta los atractivos que hay en la demarcaci\u00f3n de Bocas y sus comunidades<\/li>\n\n\n\n<li>Subraya la arquitectura, las danzas, as\u00ed como la gastronom\u00eda de esta zona de la Capital potosina<\/li>\n<\/ul>\n\n\n\n<p><\/p>\n\n\n\n<p><a><\/a>La Directora General de la Red Mundial de Destinos de Turismo Religioso y Espiritual, Pilar Vald\u00e9s Arroyo subray\u00f3 que San Luis Capital cuenta con diversos atractivos para consolidarse como un destino con gran potencial tur\u00edstico y como una gran marca que sea conocida de manera internacional.<\/p>\n\n\n\n<p>Despu\u00e9s de su visita que incluy\u00f3 recorridos por la Delegaci\u00f3n de Bocas, resalt\u00f3 la religiosidad mezclada con danzas ancestrales, as\u00ed como los templos y su arquitectura, pero igualmente la gastronom\u00eda de esta zona del Municipio de San Luis Potos\u00ed.<\/p>\n\n\n\n<p>Igualmente, Vald\u00e9s Arroyo se dijo sorprendida por lo que esta demarcaci\u00f3n puede ofrecer al turismo no s\u00f3lo en la cabecera delegacional, sino en sus distintas comunidades rurales como Cerritos de Zavala, adem\u00e1s de conocer parte de la m\u00fasica como una de las expresiones tanto culturales como art\u00edsticas de Bocas.<\/p>\n\n\n\n<p>La representante de la Red Mundial de Destinos de Turismo Religioso y Espiritual tambi\u00e9n consider\u00f3 fundamental difundir la producci\u00f3n de mezcal que se da en esta \u00e1rea del Municipio, \u201cporque para muchas personas visitantes es un mundo por descubrir, por lo que insisto, hay mucho potencial tur\u00edsticamente hablando\u201d.<\/p>\n\n\n\n<p>Pilar Vald\u00e9s Arroyo reconoci\u00f3 la hospitalidad de habitantes de Bocas, as\u00ed como de su Delegado, Jaime Waldo Luna, por lo que seguir\u00e1 con sus visitas junto tambi\u00e9n con la Direcci\u00f3n de Turismo Municipal, para hacer las gestiones necesarias junto con el Gobierno que encabeza el Alcalde, Enrique Galindo Ceballos, a fin de difundir los atractivos de la ciudad y de todo el Municipio de San Luis Potos\u00ed.<\/p>\n","protected":false},"excerpt":{"rendered":"<p>La Directora General de la Red Mundial de Destinos de Turismo Religioso y Espiritual, Pilar Vald\u00e9s Arroyo subray\u00f3 que San<\/p>\n","protected":false},"author":2,"featured_media":11788,"comment_status":"closed","ping_status":"closed","sticky":false,"template":"","format":"standard","meta":{"footnotes":""},"categories":[25,30],"tags":[],"class_list":["post-11787","post","type-post","status-publish","format-standard","has-post-thumbnail","hentry","category-local","category-portada"],"yoast_head":"<!-- This site is optimized with the Yoast SEO plugin v24.1 - https:\/\/yoast.com\/wordpress\/plugins\/seo\/ -->\n<title>Reconoce Red Mundial de Destinos de Turismo Religioso y Espiritual potencial de SLP y sus delegaciones - sanluisinforma.com<\/title>\n<meta name=\"robots\" content=\"index, follow, max-snippet:-1, max-image-preview:large, max-video-preview:-1\" \/>\n<link rel=\"canonical\" href=\"https:\/\/sanluisinforma.com\/?p=11787\" \/>\n<meta property=\"og:locale\" content=\"es_MX\" \/>\n<meta property=\"og:type\" content=\"article\" \/>\n<meta property=\"og:title\" content=\"Reconoce Red Mundial de Destinos de Turismo Religioso y Espiritual potencial de SLP y sus delegaciones - sanluisinforma.com\" \/>\n<meta property=\"og:description\" content=\"La Directora General de la Red Mundial de Destinos de Turismo Religioso y Espiritual, Pilar Vald\u00e9s Arroyo subray\u00f3 que San\" \/>\n<meta property=\"og:url\" content=\"https:\/\/sanluisinforma.com\/?p=11787\" \/>\n<meta property=\"og:site_name\" content=\"sanluisinforma.com\" \/>\n<meta property=\"article:published_time\" content=\"2025-04-20T06:45:00+00:00\" \/>\n<meta property=\"article:modified_time\" content=\"2025-04-20T04:04:22+00:00\" \/>\n<meta property=\"og:image\" content=\"https:\/\/sanluisinforma.com\/wp-content\/uploads\/2025\/04\/880ce474-62a2-4571-b360-4384c0ef7ef8.jpg\" \/>\n\t<meta property=\"og:image:width\" content=\"400\" \/>\n\t<meta property=\"og:image:height\" content=\"266\" \/>\n\t<meta property=\"og:image:type\" content=\"image\/jpeg\" \/>\n<meta name=\"author\" content=\"sanluisinforma.com\" \/>\n<meta name=\"twitter:card\" content=\"summary_large_image\" \/>\n<meta name=\"twitter:label1\" content=\"Escrito por\" \/>\n\t<meta name=\"twitter:data1\" content=\"sanluisinforma.com\" \/>\n\t<meta name=\"twitter:label2\" content=\"Tiempo de lectura\" \/>\n\t<meta name=\"twitter:data2\" content=\"2 minutos\" \/>\n<script type=\"application\/ld+json\" class=\"yoast-schema-graph\">{\"@context\":\"https:\/\/schema.org\",\"@graph\":[{\"@type\":\"Article\",\"@id\":\"https:\/\/sanluisinforma.com\/?p=11787#article\",\"isPartOf\":{\"@id\":\"https:\/\/sanluisinforma.com\/?p=11787\"},\"author\":{\"name\":\"sanluisinforma.com\",\"@id\":\"https:\/\/sanluisinforma.com\/#\/schema\/person\/c30648f71476be533b6f59d092905c8b\"},\"headline\":\"Reconoce Red Mundial de Destinos de Turismo Religioso y Espiritual potencial de SLP y sus delegaciones\",\"datePublished\":\"2025-04-20T06:45:00+00:00\",\"dateModified\":\"2025-04-20T04:04:22+00:00\",\"mainEntityOfPage\":{\"@id\":\"https:\/\/sanluisinforma.com\/?p=11787\"},\"wordCount\":319,\"publisher\":{\"@id\":\"https:\/\/sanluisinforma.com\/#organization\"},\"image\":{\"@id\":\"https:\/\/sanluisinforma.com\/?p=11787#primaryimage\"},\"thumbnailUrl\":\"https:\/\/sanluisinforma.com\/wp-content\/uploads\/2025\/04\/880ce474-62a2-4571-b360-4384c0ef7ef8.jpg\",\"articleSection\":[\"Local\",\"Portada\"],\"inLanguage\":\"es\"},{\"@type\":\"WebPage\",\"@id\":\"https:\/\/sanluisinforma.com\/?p=11787\",\"url\":\"https:\/\/sanluisinforma.com\/?p=11787\",\"name\":\"Reconoce Red Mundial de Destinos de Turismo Religioso y Espiritual potencial de SLP y sus delegaciones - sanluisinforma.com\",\"isPartOf\":{\"@id\":\"https:\/\/sanluisinforma.com\/#website\"},\"primaryImageOfPage\":{\"@id\":\"https:\/\/sanluisinforma.com\/?p=11787#primaryimage\"},\"image\":{\"@id\":\"https:\/\/sanluisinforma.com\/?p=11787#primaryimage\"},\"thumbnailUrl\":\"https:\/\/sanluisinforma.com\/wp-content\/uploads\/2025\/04\/880ce474-62a2-4571-b360-4384c0ef7ef8.jpg\",\"datePublished\":\"2025-04-20T06:45:00+00:00\",\"dateModified\":\"2025-04-20T04:04:22+00:00\",\"breadcrumb\":{\"@id\":\"https:\/\/sanluisinforma.com\/?p=11787#breadcrumb\"},\"inLanguage\":\"es\",\"potentialAction\":[{\"@type\":\"ReadAction\",\"target\":[\"https:\/\/sanluisinforma.com\/?p=11787\"]}]},{\"@type\":\"ImageObject\",\"inLanguage\":\"es\",\"@id\":\"https:\/\/sanluisinforma.com\/?p=11787#primaryimage\",\"url\":\"https:\/\/sanluisinforma.com\/wp-content\/uploads\/2025\/04\/880ce474-62a2-4571-b360-4384c0ef7ef8.jpg\",\"contentUrl\":\"https:\/\/sanluisinforma.com\/wp-content\/uploads\/2025\/04\/880ce474-62a2-4571-b360-4384c0ef7ef8.jpg\",\"width\":400,\"height\":266},{\"@type\":\"BreadcrumbList\",\"@id\":\"https:\/\/sanluisinforma.com\/?p=11787#breadcrumb\",\"itemListElement\":[{\"@type\":\"ListItem\",\"position\":1,\"name\":\"Inicio\",\"item\":\"https:\/\/sanluisinforma.com\/\"},{\"@type\":\"ListItem\",\"position\":2,\"name\":\"Reconoce Red Mundial de Destinos de Turismo Religioso y Espiritual potencial de SLP y sus delegaciones\"}]},{\"@type\":\"WebSite\",\"@id\":\"https:\/\/sanluisinforma.com\/#website\",\"url\":\"https:\/\/sanluisinforma.com\/\",\"name\":\"sanluisinforma.com\",\"description\":\"Periodico San Luis Informa\",\"publisher\":{\"@id\":\"https:\/\/sanluisinforma.com\/#organization\"},\"potentialAction\":[{\"@type\":\"SearchAction\",\"target\":{\"@type\":\"EntryPoint\",\"urlTemplate\":\"https:\/\/sanluisinforma.com\/?s={search_term_string}\"},\"query-input\":{\"@type\":\"PropertyValueSpecification\",\"valueRequired\":true,\"valueName\":\"search_term_string\"}}],\"inLanguage\":\"es\"},{\"@type\":\"Organization\",\"@id\":\"https:\/\/sanluisinforma.com\/#organization\",\"name\":\"sanluisinforma.com\",\"url\":\"https:\/\/sanluisinforma.com\/\",\"logo\":{\"@type\":\"ImageObject\",\"inLanguage\":\"es\",\"@id\":\"https:\/\/sanluisinforma.com\/#\/schema\/logo\/image\/\",\"url\":\"https:\/\/sanluisinforma.com\/wp-content\/uploads\/2026\/03\/sanluisinforma-V.jpg\",\"contentUrl\":\"https:\/\/sanluisinforma.com\/wp-content\/uploads\/2026\/03\/sanluisinforma-V.jpg\",\"width\":500,\"height\":156,\"caption\":\"sanluisinforma.com\"},\"image\":{\"@id\":\"https:\/\/sanluisinforma.com\/#\/schema\/logo\/image\/\"}},{\"@type\":\"Person\",\"@id\":\"https:\/\/sanluisinforma.com\/#\/schema\/person\/c30648f71476be533b6f59d092905c8b\",\"name\":\"sanluisinforma.com\",\"image\":{\"@type\":\"ImageObject\",\"inLanguage\":\"es\",\"@id\":\"https:\/\/sanluisinforma.com\/#\/schema\/person\/image\/\",\"url\":\"https:\/\/secure.gravatar.com\/avatar\/86e3114e34a1eecefb963e0a02f0093f93b092dddb2fe1517596343751081a87?s=96&d=mm&r=g\",\"contentUrl\":\"https:\/\/secure.gravatar.com\/avatar\/86e3114e34a1eecefb963e0a02f0093f93b092dddb2fe1517596343751081a87?s=96&d=mm&r=g\",\"caption\":\"sanluisinforma.com\"},\"url\":\"https:\/\/sanluisinforma.com\/?author=2\"}]}<\/script>\n<!-- \/ Yoast SEO plugin. -->","yoast_head_json":{"title":"Reconoce Red Mundial de Destinos de Turismo Religioso y Espiritual potencial de SLP y sus delegaciones - sanluisinforma.com","robots":{"index":"index","follow":"follow","max-snippet":"max-snippet:-1","max-image-preview":"max-image-preview:large","max-video-preview":"max-video-preview:-1"},"canonical":"https:\/\/sanluisinforma.com\/?p=11787","og_locale":"es_MX","og_type":"article","og_title":"Reconoce Red Mundial de Destinos de Turismo Religioso y Espiritual potencial de SLP y sus delegaciones - sanluisinforma.com","og_description":"La Directora General de la Red Mundial de Destinos de Turismo Religioso y Espiritual, Pilar Vald\u00e9s Arroyo subray\u00f3 que San","og_url":"https:\/\/sanluisinforma.com\/?p=11787","og_site_name":"sanluisinforma.com","article_published_time":"2025-04-20T06:45:00+00:00","article_modified_time":"2025-04-20T04:04:22+00:00","og_image":[{"width":400,"height":266,"url":"https:\/\/sanluisinforma.com\/wp-content\/uploads\/2025\/04\/880ce474-62a2-4571-b360-4384c0ef7ef8.jpg","type":"image\/jpeg"}],"author":"sanluisinforma.com","twitter_card":"summary_large_image","twitter_misc":{"Escrito por":"sanluisinforma.com","Tiempo de lectura":"2 minutos"},"schema":{"@context":"https:\/\/schema.org","@graph":[{"@type":"Article","@id":"https:\/\/sanluisinforma.com\/?p=11787#article","isPartOf":{"@id":"https:\/\/sanluisinforma.com\/?p=11787"},"author":{"name":"sanluisinforma.com","@id":"https:\/\/sanluisinforma.com\/#\/schema\/person\/c30648f71476be533b6f59d092905c8b"},"headline":"Reconoce Red Mundial de Destinos de Turismo Religioso y Espiritual potencial de SLP y sus delegaciones","datePublished":"2025-04-20T06:45:00+00:00","dateModified":"2025-04-20T04:04:22+00:00","mainEntityOfPage":{"@id":"https:\/\/sanluisinforma.com\/?p=11787"},"wordCount":319,"publisher":{"@id":"https:\/\/sanluisinforma.com\/#organization"},"image":{"@id":"https:\/\/sanluisinforma.com\/?p=11787#primaryimage"},"thumbnailUrl":"https:\/\/sanluisinforma.com\/wp-content\/uploads\/2025\/04\/880ce474-62a2-4571-b360-4384c0ef7ef8.jpg","articleSection":["Local","Portada"],"inLanguage":"es"},{"@type":"WebPage","@id":"https:\/\/sanluisinforma.com\/?p=11787","url":"https:\/\/sanluisinforma.com\/?p=11787","name":"Reconoce Red Mundial de Destinos de Turismo Religioso y Espiritual potencial de SLP y sus delegaciones - sanluisinforma.com","isPartOf":{"@id":"https:\/\/sanluisinforma.com\/#website"},"primaryImageOfPage":{"@id":"https:\/\/sanluisinforma.com\/?p=11787#primaryimage"},"image":{"@id":"https:\/\/sanluisinforma.com\/?p=11787#primaryimage"},"thumbnailUrl":"https:\/\/sanluisinforma.com\/wp-content\/uploads\/2025\/04\/880ce474-62a2-4571-b360-4384c0ef7ef8.jpg","datePublished":"2025-04-20T06:45:00+00:00","dateModified":"2025-04-20T04:04:22+00:00","breadcrumb":{"@id":"https:\/\/sanluisinforma.com\/?p=11787#breadcrumb"},"inLanguage":"es","potentialAction":[{"@type":"ReadAction","target":["https:\/\/sanluisinforma.com\/?p=11787"]}]},{"@type":"ImageObject","inLanguage":"es","@id":"https:\/\/sanluisinforma.com\/?p=11787#primaryimage","url":"https:\/\/sanluisinforma.com\/wp-content\/uploads\/2025\/04\/880ce474-62a2-4571-b360-4384c0ef7ef8.jpg","contentUrl":"https:\/\/sanluisinforma.com\/wp-content\/uploads\/2025\/04\/880ce474-62a2-4571-b360-4384c0ef7ef8.jpg","width":400,"height":266},{"@type":"BreadcrumbList","@id":"https:\/\/sanluisinforma.com\/?p=11787#breadcrumb","itemListElement":[{"@type":"ListItem","position":1,"name":"Inicio","item":"https:\/\/sanluisinforma.com\/"},{"@type":"ListItem","position":2,"name":"Reconoce Red Mundial de Destinos de Turismo Religioso y Espiritual potencial de SLP y sus delegaciones"}]},{"@type":"WebSite","@id":"https:\/\/sanluisinforma.com\/#website","url":"https:\/\/sanluisinforma.com\/","name":"sanluisinforma.com","description":"Periodico San Luis Informa","publisher":{"@id":"https:\/\/sanluisinforma.com\/#organization"},"potentialAction":[{"@type":"SearchAction","target":{"@type":"EntryPoint","urlTemplate":"https:\/\/sanluisinforma.com\/?s={search_term_string}"},"query-input":{"@type":"PropertyValueSpecification","valueRequired":true,"valueName":"search_term_string"}}],"inLanguage":"es"},{"@type":"Organization","@id":"https:\/\/sanluisinforma.com\/#organization","name":"sanluisinforma.com","url":"https:\/\/sanluisinforma.com\/","logo":{"@type":"ImageObject","inLanguage":"es","@id":"https:\/\/sanluisinforma.com\/#\/schema\/logo\/image\/","url":"https:\/\/sanluisinforma.com\/wp-content\/uploads\/2026\/03\/sanluisinforma-V.jpg","contentUrl":"https:\/\/sanluisinforma.com\/wp-content\/uploads\/2026\/03\/sanluisinforma-V.jpg","width":500,"height":156,"caption":"sanluisinforma.com"},"image":{"@id":"https:\/\/sanluisinforma.com\/#\/schema\/logo\/image\/"}},{"@type":"Person","@id":"https:\/\/sanluisinforma.com\/#\/schema\/person\/c30648f71476be533b6f59d092905c8b","name":"sanluisinforma.com","image":{"@type":"ImageObject","inLanguage":"es","@id":"https:\/\/sanluisinforma.com\/#\/schema\/person\/image\/","url":"https:\/\/secure.gravatar.com\/avatar\/86e3114e34a1eecefb963e0a02f0093f93b092dddb2fe1517596343751081a87?s=96&d=mm&r=g","contentUrl":"https:\/\/secure.gravatar.com\/avatar\/86e3114e34a1eecefb963e0a02f0093f93b092dddb2fe1517596343751081a87?s=96&d=mm&r=g","caption":"sanluisinforma.com"},"url":"https:\/\/sanluisinforma.com\/?author=2"}]}},"_links":{"self":[{"href":"https:\/\/sanluisinforma.com\/index.php?rest_route=\/wp\/v2\/posts\/11787","targetHints":{"allow":["GET"]}}],"collection":[{"href":"https:\/\/sanluisinforma.com\/index.php?rest_route=\/wp\/v2\/posts"}],"about":[{"href":"https:\/\/sanluisinforma.com\/index.php?rest_route=\/wp\/v2\/types\/post"}],"author":[{"embeddable":true,"href":"https:\/\/sanluisinforma.com\/index.php?rest_route=\/wp\/v2\/users\/2"}],"replies":[{"embeddable":true,"href":"https:\/\/sanluisinforma.com\/index.php?rest_route=%2Fwp%2Fv2%2Fcomments&post=11787"}],"version-history":[{"count":1,"href":"https:\/\/sanluisinforma.com\/index.php?rest_route=\/wp\/v2\/posts\/11787\/revisions"}],"predecessor-version":[{"id":11789,"href":"https:\/\/sanluisinforma.com\/index.php?rest_route=\/wp\/v2\/posts\/11787\/revisions\/11789"}],"wp:featuredmedia":[{"embeddable":true,"href":"https:\/\/sanluisinforma.com\/index.php?rest_route=\/wp\/v2\/media\/11788"}],"wp:attachment":[{"href":"https:\/\/sanluisinforma.com\/index.php?rest_route=%2Fwp%2Fv2%2Fmedia&parent=11787"}],"wp:term":[{"taxonomy":"category","embeddable":true,"href":"https:\/\/sanluisinforma.com\/index.php?rest_route=%2Fwp%2Fv2%2Fcategories&post=11787"},{"taxonomy":"post_tag","embeddable":true,"href":"https:\/\/sanluisinforma.com\/index.php?rest_route=%2Fwp%2Fv2%2Ftags&post=11787"}],"curies":[{"name":"wp","href":"https:\/\/api.w.org\/{rel}","templated":true}]}}