{"id":11804,"date":"2025-04-21T00:58:00","date_gmt":"2025-04-21T06:58:00","guid":{"rendered":"https:\/\/sanluisinforma.com\/?p=11804"},"modified":"2025-04-20T19:10:19","modified_gmt":"2025-04-21T01:10:19","slug":"san-luis-potosi-se-suma-al-plan-mexico-con-claudia-sheinbaum","status":"publish","type":"post","link":"https:\/\/sanluisinforma.com\/?p=11804","title":{"rendered":"San Luis \u00a0Potos\u00ed se suma al Plan M\u00e9xico con Claudia Sheinbaum"},"content":{"rendered":"\n<p><\/p>\n\n\n\n<p>El Gobernador Ricardo Gallardo anunci\u00f3 que la construcci\u00f3n del eje carretero Tampico-Ciudad Valles y las rutas Tamazunchale-Huejutla-Pachuca, son dos de los ocho proyectos que impulsar\u00e1 la Federaci\u00f3n en todo el pa\u00eds.<\/p>\n\n\n\n<p>El Ejecutivo Estatal de San Luis Potos\u00ed se suma a la iniciativa de la Presidenta Claudia Sheinbaum Pardo para acelerar la obra p\u00fablica, como parte del Plan M\u00e9xico, que contempla la construcci\u00f3n y ampliaci\u00f3n del eje carretero Tampico-Ciudad Valles y las rutas Tamazunchale-Huejutla-Pachuca, dos de ocho proyectos que suman mil 970 kil\u00f3metros de v\u00edas, adem\u00e1s del mantenimiento de 44 mil kil\u00f3metros de red carretera federal.<\/p>\n\n\n\n<p>El Gobernador Ricardo Gallardo Cardona destac\u00f3 que estos proyectos son prioritarios para el presente a\u00f1o, y que su administraci\u00f3n estar\u00e1 atenta a los avances en la construcci\u00f3n y ampliaci\u00f3n de estas importantes v\u00edas, que impulsar\u00e1n la conectividad y el crecimiento econ\u00f3mico de la Entidad, con la creaci\u00f3n de 114 caminos artesanales para pueblos originarios.<\/p>\n\n\n\n<p>Asimismo, detall\u00f3 que en el marco de este plan, se contempla la construcci\u00f3n de trenes de pasajeros, incluyendo la l\u00ednea Ciudad de M\u00e9xico-Quer\u00e9taro, en la que San Luis Potos\u00ed tendr\u00e1 participaci\u00f3n. \u201cLa visi\u00f3n de la Presidenta y del Gobierno Estatal refleja un compromiso con un desarrollo sustentable e inclusivo, que beneficia a todos los mexicanos\u201d, expres\u00f3 el Mandatario Estatal.<\/p>\n","protected":false},"excerpt":{"rendered":"<p>El Gobernador Ricardo Gallardo anunci\u00f3 que la construcci\u00f3n del eje carretero Tampico-Ciudad Valles y las rutas Tamazunchale-Huejutla-Pachuca, son dos de<\/p>\n","protected":false},"author":2,"featured_media":11806,"comment_status":"closed","ping_status":"closed","sticky":false,"template":"","format":"standard","meta":{"footnotes":""},"categories":[25,30],"tags":[],"class_list":["post-11804","post","type-post","status-publish","format-standard","has-post-thumbnail","hentry","category-local","category-portada"],"yoast_head":"<!-- This site is optimized with the Yoast SEO plugin v24.1 - https:\/\/yoast.com\/wordpress\/plugins\/seo\/ -->\n<title>San Luis \u00a0Potos\u00ed se suma al Plan M\u00e9xico con Claudia Sheinbaum - sanluisinforma.com<\/title>\n<meta name=\"robots\" content=\"index, follow, max-snippet:-1, max-image-preview:large, max-video-preview:-1\" \/>\n<link rel=\"canonical\" href=\"https:\/\/sanluisinforma.com\/?p=11804\" \/>\n<meta property=\"og:locale\" content=\"es_MX\" \/>\n<meta property=\"og:type\" content=\"article\" \/>\n<meta property=\"og:title\" content=\"San Luis \u00a0Potos\u00ed se suma al Plan M\u00e9xico con Claudia Sheinbaum - sanluisinforma.com\" \/>\n<meta property=\"og:description\" content=\"El Gobernador Ricardo Gallardo anunci\u00f3 que la construcci\u00f3n del eje carretero Tampico-Ciudad Valles y las rutas Tamazunchale-Huejutla-Pachuca, son dos de\" \/>\n<meta property=\"og:url\" content=\"https:\/\/sanluisinforma.com\/?p=11804\" \/>\n<meta property=\"og:site_name\" content=\"sanluisinforma.com\" \/>\n<meta property=\"article:published_time\" content=\"2025-04-21T06:58:00+00:00\" \/>\n<meta property=\"article:modified_time\" content=\"2025-04-21T01:10:19+00:00\" \/>\n<meta property=\"og:image\" content=\"https:\/\/sanluisinforma.com\/wp-content\/uploads\/2025\/04\/c67b4869-2a98-4964-bbdb-00f9becacb92.jpg\" \/>\n\t<meta property=\"og:image:width\" content=\"400\" \/>\n\t<meta property=\"og:image:height\" content=\"412\" \/>\n\t<meta property=\"og:image:type\" content=\"image\/jpeg\" \/>\n<meta name=\"author\" content=\"sanluisinforma.com\" \/>\n<meta name=\"twitter:card\" content=\"summary_large_image\" \/>\n<meta name=\"twitter:label1\" content=\"Escrito por\" \/>\n\t<meta name=\"twitter:data1\" content=\"sanluisinforma.com\" \/>\n\t<meta name=\"twitter:label2\" content=\"Tiempo de lectura\" \/>\n\t<meta name=\"twitter:data2\" content=\"2 minutos\" \/>\n<script type=\"application\/ld+json\" class=\"yoast-schema-graph\">{\"@context\":\"https:\/\/schema.org\",\"@graph\":[{\"@type\":\"Article\",\"@id\":\"https:\/\/sanluisinforma.com\/?p=11804#article\",\"isPartOf\":{\"@id\":\"https:\/\/sanluisinforma.com\/?p=11804\"},\"author\":{\"name\":\"sanluisinforma.com\",\"@id\":\"https:\/\/sanluisinforma.com\/#\/schema\/person\/c30648f71476be533b6f59d092905c8b\"},\"headline\":\"San Luis \u00a0Potos\u00ed se suma al Plan M\u00e9xico con Claudia Sheinbaum\",\"datePublished\":\"2025-04-21T06:58:00+00:00\",\"dateModified\":\"2025-04-21T01:10:19+00:00\",\"mainEntityOfPage\":{\"@id\":\"https:\/\/sanluisinforma.com\/?p=11804\"},\"wordCount\":243,\"publisher\":{\"@id\":\"https:\/\/sanluisinforma.com\/#organization\"},\"image\":{\"@id\":\"https:\/\/sanluisinforma.com\/?p=11804#primaryimage\"},\"thumbnailUrl\":\"https:\/\/sanluisinforma.com\/wp-content\/uploads\/2025\/04\/c67b4869-2a98-4964-bbdb-00f9becacb92.jpg\",\"articleSection\":[\"Local\",\"Portada\"],\"inLanguage\":\"es\"},{\"@type\":\"WebPage\",\"@id\":\"https:\/\/sanluisinforma.com\/?p=11804\",\"url\":\"https:\/\/sanluisinforma.com\/?p=11804\",\"name\":\"San Luis \u00a0Potos\u00ed se suma al Plan M\u00e9xico con Claudia Sheinbaum - sanluisinforma.com\",\"isPartOf\":{\"@id\":\"https:\/\/sanluisinforma.com\/#website\"},\"primaryImageOfPage\":{\"@id\":\"https:\/\/sanluisinforma.com\/?p=11804#primaryimage\"},\"image\":{\"@id\":\"https:\/\/sanluisinforma.com\/?p=11804#primaryimage\"},\"thumbnailUrl\":\"https:\/\/sanluisinforma.com\/wp-content\/uploads\/2025\/04\/c67b4869-2a98-4964-bbdb-00f9becacb92.jpg\",\"datePublished\":\"2025-04-21T06:58:00+00:00\",\"dateModified\":\"2025-04-21T01:10:19+00:00\",\"breadcrumb\":{\"@id\":\"https:\/\/sanluisinforma.com\/?p=11804#breadcrumb\"},\"inLanguage\":\"es\",\"potentialAction\":[{\"@type\":\"ReadAction\",\"target\":[\"https:\/\/sanluisinforma.com\/?p=11804\"]}]},{\"@type\":\"ImageObject\",\"inLanguage\":\"es\",\"@id\":\"https:\/\/sanluisinforma.com\/?p=11804#primaryimage\",\"url\":\"https:\/\/sanluisinforma.com\/wp-content\/uploads\/2025\/04\/c67b4869-2a98-4964-bbdb-00f9becacb92.jpg\",\"contentUrl\":\"https:\/\/sanluisinforma.com\/wp-content\/uploads\/2025\/04\/c67b4869-2a98-4964-bbdb-00f9becacb92.jpg\",\"width\":400,\"height\":412},{\"@type\":\"BreadcrumbList\",\"@id\":\"https:\/\/sanluisinforma.com\/?p=11804#breadcrumb\",\"itemListElement\":[{\"@type\":\"ListItem\",\"position\":1,\"name\":\"Inicio\",\"item\":\"https:\/\/sanluisinforma.com\/\"},{\"@type\":\"ListItem\",\"position\":2,\"name\":\"San Luis \u00a0Potos\u00ed se suma al Plan M\u00e9xico con Claudia Sheinbaum\"}]},{\"@type\":\"WebSite\",\"@id\":\"https:\/\/sanluisinforma.com\/#website\",\"url\":\"https:\/\/sanluisinforma.com\/\",\"name\":\"sanluisinforma.com\",\"description\":\"Periodico San Luis Informa\",\"publisher\":{\"@id\":\"https:\/\/sanluisinforma.com\/#organization\"},\"potentialAction\":[{\"@type\":\"SearchAction\",\"target\":{\"@type\":\"EntryPoint\",\"urlTemplate\":\"https:\/\/sanluisinforma.com\/?s={search_term_string}\"},\"query-input\":{\"@type\":\"PropertyValueSpecification\",\"valueRequired\":true,\"valueName\":\"search_term_string\"}}],\"inLanguage\":\"es\"},{\"@type\":\"Organization\",\"@id\":\"https:\/\/sanluisinforma.com\/#organization\",\"name\":\"sanluisinforma.com\",\"url\":\"https:\/\/sanluisinforma.com\/\",\"logo\":{\"@type\":\"ImageObject\",\"inLanguage\":\"es\",\"@id\":\"https:\/\/sanluisinforma.com\/#\/schema\/logo\/image\/\",\"url\":\"https:\/\/sanluisinforma.com\/wp-content\/uploads\/2026\/03\/sanluisinforma-V.jpg\",\"contentUrl\":\"https:\/\/sanluisinforma.com\/wp-content\/uploads\/2026\/03\/sanluisinforma-V.jpg\",\"width\":500,\"height\":156,\"caption\":\"sanluisinforma.com\"},\"image\":{\"@id\":\"https:\/\/sanluisinforma.com\/#\/schema\/logo\/image\/\"}},{\"@type\":\"Person\",\"@id\":\"https:\/\/sanluisinforma.com\/#\/schema\/person\/c30648f71476be533b6f59d092905c8b\",\"name\":\"sanluisinforma.com\",\"image\":{\"@type\":\"ImageObject\",\"inLanguage\":\"es\",\"@id\":\"https:\/\/sanluisinforma.com\/#\/schema\/person\/image\/\",\"url\":\"https:\/\/secure.gravatar.com\/avatar\/86e3114e34a1eecefb963e0a02f0093f93b092dddb2fe1517596343751081a87?s=96&d=mm&r=g\",\"contentUrl\":\"https:\/\/secure.gravatar.com\/avatar\/86e3114e34a1eecefb963e0a02f0093f93b092dddb2fe1517596343751081a87?s=96&d=mm&r=g\",\"caption\":\"sanluisinforma.com\"},\"url\":\"https:\/\/sanluisinforma.com\/?author=2\"}]}<\/script>\n<!-- \/ Yoast SEO plugin. -->","yoast_head_json":{"title":"San Luis \u00a0Potos\u00ed se suma al Plan M\u00e9xico con Claudia Sheinbaum - sanluisinforma.com","robots":{"index":"index","follow":"follow","max-snippet":"max-snippet:-1","max-image-preview":"max-image-preview:large","max-video-preview":"max-video-preview:-1"},"canonical":"https:\/\/sanluisinforma.com\/?p=11804","og_locale":"es_MX","og_type":"article","og_title":"San Luis \u00a0Potos\u00ed se suma al Plan M\u00e9xico con Claudia Sheinbaum - sanluisinforma.com","og_description":"El Gobernador Ricardo Gallardo anunci\u00f3 que la construcci\u00f3n del eje carretero Tampico-Ciudad Valles y las rutas Tamazunchale-Huejutla-Pachuca, son dos de","og_url":"https:\/\/sanluisinforma.com\/?p=11804","og_site_name":"sanluisinforma.com","article_published_time":"2025-04-21T06:58:00+00:00","article_modified_time":"2025-04-21T01:10:19+00:00","og_image":[{"width":400,"height":412,"url":"https:\/\/sanluisinforma.com\/wp-content\/uploads\/2025\/04\/c67b4869-2a98-4964-bbdb-00f9becacb92.jpg","type":"image\/jpeg"}],"author":"sanluisinforma.com","twitter_card":"summary_large_image","twitter_misc":{"Escrito por":"sanluisinforma.com","Tiempo de lectura":"2 minutos"},"schema":{"@context":"https:\/\/schema.org","@graph":[{"@type":"Article","@id":"https:\/\/sanluisinforma.com\/?p=11804#article","isPartOf":{"@id":"https:\/\/sanluisinforma.com\/?p=11804"},"author":{"name":"sanluisinforma.com","@id":"https:\/\/sanluisinforma.com\/#\/schema\/person\/c30648f71476be533b6f59d092905c8b"},"headline":"San Luis \u00a0Potos\u00ed se suma al Plan M\u00e9xico con Claudia Sheinbaum","datePublished":"2025-04-21T06:58:00+00:00","dateModified":"2025-04-21T01:10:19+00:00","mainEntityOfPage":{"@id":"https:\/\/sanluisinforma.com\/?p=11804"},"wordCount":243,"publisher":{"@id":"https:\/\/sanluisinforma.com\/#organization"},"image":{"@id":"https:\/\/sanluisinforma.com\/?p=11804#primaryimage"},"thumbnailUrl":"https:\/\/sanluisinforma.com\/wp-content\/uploads\/2025\/04\/c67b4869-2a98-4964-bbdb-00f9becacb92.jpg","articleSection":["Local","Portada"],"inLanguage":"es"},{"@type":"WebPage","@id":"https:\/\/sanluisinforma.com\/?p=11804","url":"https:\/\/sanluisinforma.com\/?p=11804","name":"San Luis \u00a0Potos\u00ed se suma al Plan M\u00e9xico con Claudia Sheinbaum - sanluisinforma.com","isPartOf":{"@id":"https:\/\/sanluisinforma.com\/#website"},"primaryImageOfPage":{"@id":"https:\/\/sanluisinforma.com\/?p=11804#primaryimage"},"image":{"@id":"https:\/\/sanluisinforma.com\/?p=11804#primaryimage"},"thumbnailUrl":"https:\/\/sanluisinforma.com\/wp-content\/uploads\/2025\/04\/c67b4869-2a98-4964-bbdb-00f9becacb92.jpg","datePublished":"2025-04-21T06:58:00+00:00","dateModified":"2025-04-21T01:10:19+00:00","breadcrumb":{"@id":"https:\/\/sanluisinforma.com\/?p=11804#breadcrumb"},"inLanguage":"es","potentialAction":[{"@type":"ReadAction","target":["https:\/\/sanluisinforma.com\/?p=11804"]}]},{"@type":"ImageObject","inLanguage":"es","@id":"https:\/\/sanluisinforma.com\/?p=11804#primaryimage","url":"https:\/\/sanluisinforma.com\/wp-content\/uploads\/2025\/04\/c67b4869-2a98-4964-bbdb-00f9becacb92.jpg","contentUrl":"https:\/\/sanluisinforma.com\/wp-content\/uploads\/2025\/04\/c67b4869-2a98-4964-bbdb-00f9becacb92.jpg","width":400,"height":412},{"@type":"BreadcrumbList","@id":"https:\/\/sanluisinforma.com\/?p=11804#breadcrumb","itemListElement":[{"@type":"ListItem","position":1,"name":"Inicio","item":"https:\/\/sanluisinforma.com\/"},{"@type":"ListItem","position":2,"name":"San Luis \u00a0Potos\u00ed se suma al Plan M\u00e9xico con Claudia Sheinbaum"}]},{"@type":"WebSite","@id":"https:\/\/sanluisinforma.com\/#website","url":"https:\/\/sanluisinforma.com\/","name":"sanluisinforma.com","description":"Periodico San Luis Informa","publisher":{"@id":"https:\/\/sanluisinforma.com\/#organization"},"potentialAction":[{"@type":"SearchAction","target":{"@type":"EntryPoint","urlTemplate":"https:\/\/sanluisinforma.com\/?s={search_term_string}"},"query-input":{"@type":"PropertyValueSpecification","valueRequired":true,"valueName":"search_term_string"}}],"inLanguage":"es"},{"@type":"Organization","@id":"https:\/\/sanluisinforma.com\/#organization","name":"sanluisinforma.com","url":"https:\/\/sanluisinforma.com\/","logo":{"@type":"ImageObject","inLanguage":"es","@id":"https:\/\/sanluisinforma.com\/#\/schema\/logo\/image\/","url":"https:\/\/sanluisinforma.com\/wp-content\/uploads\/2026\/03\/sanluisinforma-V.jpg","contentUrl":"https:\/\/sanluisinforma.com\/wp-content\/uploads\/2026\/03\/sanluisinforma-V.jpg","width":500,"height":156,"caption":"sanluisinforma.com"},"image":{"@id":"https:\/\/sanluisinforma.com\/#\/schema\/logo\/image\/"}},{"@type":"Person","@id":"https:\/\/sanluisinforma.com\/#\/schema\/person\/c30648f71476be533b6f59d092905c8b","name":"sanluisinforma.com","image":{"@type":"ImageObject","inLanguage":"es","@id":"https:\/\/sanluisinforma.com\/#\/schema\/person\/image\/","url":"https:\/\/secure.gravatar.com\/avatar\/86e3114e34a1eecefb963e0a02f0093f93b092dddb2fe1517596343751081a87?s=96&d=mm&r=g","contentUrl":"https:\/\/secure.gravatar.com\/avatar\/86e3114e34a1eecefb963e0a02f0093f93b092dddb2fe1517596343751081a87?s=96&d=mm&r=g","caption":"sanluisinforma.com"},"url":"https:\/\/sanluisinforma.com\/?author=2"}]}},"_links":{"self":[{"href":"https:\/\/sanluisinforma.com\/index.php?rest_route=\/wp\/v2\/posts\/11804","targetHints":{"allow":["GET"]}}],"collection":[{"href":"https:\/\/sanluisinforma.com\/index.php?rest_route=\/wp\/v2\/posts"}],"about":[{"href":"https:\/\/sanluisinforma.com\/index.php?rest_route=\/wp\/v2\/types\/post"}],"author":[{"embeddable":true,"href":"https:\/\/sanluisinforma.com\/index.php?rest_route=\/wp\/v2\/users\/2"}],"replies":[{"embeddable":true,"href":"https:\/\/sanluisinforma.com\/index.php?rest_route=%2Fwp%2Fv2%2Fcomments&post=11804"}],"version-history":[{"count":1,"href":"https:\/\/sanluisinforma.com\/index.php?rest_route=\/wp\/v2\/posts\/11804\/revisions"}],"predecessor-version":[{"id":11805,"href":"https:\/\/sanluisinforma.com\/index.php?rest_route=\/wp\/v2\/posts\/11804\/revisions\/11805"}],"wp:featuredmedia":[{"embeddable":true,"href":"https:\/\/sanluisinforma.com\/index.php?rest_route=\/wp\/v2\/media\/11806"}],"wp:attachment":[{"href":"https:\/\/sanluisinforma.com\/index.php?rest_route=%2Fwp%2Fv2%2Fmedia&parent=11804"}],"wp:term":[{"taxonomy":"category","embeddable":true,"href":"https:\/\/sanluisinforma.com\/index.php?rest_route=%2Fwp%2Fv2%2Fcategories&post=11804"},{"taxonomy":"post_tag","embeddable":true,"href":"https:\/\/sanluisinforma.com\/index.php?rest_route=%2Fwp%2Fv2%2Ftags&post=11804"}],"curies":[{"name":"wp","href":"https:\/\/api.w.org\/{rel}","templated":true}]}}