{"id":11807,"date":"2025-04-21T00:45:00","date_gmt":"2025-04-21T06:45:00","guid":{"rendered":"https:\/\/sanluisinforma.com\/?p=11807"},"modified":"2025-04-20T19:03:17","modified_gmt":"2025-04-21T01:03:17","slug":"se-consolida-san-luis-capital-del-ciclismo-con-el-raul-alcala-challenge-2025","status":"publish","type":"post","link":"https:\/\/sanluisinforma.com\/?p=11807","title":{"rendered":"Se consolida San Luis, Capital del Ciclismo, con el Ra\u00fal Alcal\u00e1 Challenge 2025"},"content":{"rendered":"\n<ul class=\"wp-block-list\">\n<li><strong>Un \u00e9xito la primera edici\u00f3n de esta justa ciclista con la participaci\u00f3n de m\u00e1s de 2 mil deportistas.<\/strong><\/li>\n\n\n\n<li><strong>El Alcalde Enrique Galindo reafirma su compromiso con la promoci\u00f3n del deporte con proyecci\u00f3n internacional.<\/strong><\/li>\n<\/ul>\n\n\n\n<p>San Luis Capital se consolid\u00f3 como un referente deportivo con la primera edici\u00f3n del \u201cRa\u00fal Alcal\u00e1 Challenge 2025\u201d, que reuni\u00f3 a m\u00e1s de 2 mil ciclistas de M\u00e9xico y el extranjero. Este evento internacional se enmarc\u00f3 dentro del IV Festival Internacional San Luis en Primavera, y form\u00f3 parte de las actividades que posicionan a la ciudad como Capital Latinoamericana del Turismo Deportivo 2025.<\/p>\n\n\n\n<p>Desde el Parque de Morales y acompa\u00f1ado del hist\u00f3rico ciclista mexicano Ra\u00fal Alcal\u00e1, el Alcalde Enrique Galindo Ceballos dio el banderazo de salida a esta competencia, reafirmando su compromiso con el impulso del deporte como eje clave para proyectar a San Luis Potos\u00ed a nivel mundial. Adem\u00e1s de fomentar el turismo y la cultura, Galindo destac\u00f3 la importancia de integrar eventos deportivos de alto nivel en la agenda municipal.<\/p>\n\n\n\n<p>El \u201cRa\u00fal Alcal\u00e1 Challenge 2025\u201d super\u00f3 expectativas gracias al entusiasmo de ciclistas, clubes y equipos de distintas regiones del pa\u00eds y del mundo. El Alcalde incluso se sum\u00f3 al recorrido en bicicleta, pedaleando junto al contingente de participantes, lo que reforz\u00f3 el mensaje de que el deporte tambi\u00e9n es una herramienta de integraci\u00f3n social y desarrollo.<\/p>\n\n\n\n<p>Ra\u00fal Alcal\u00e1 reconoci\u00f3 el respaldo del Gobierno Municipal para fomentar el ciclismo entre nuevas generaciones y detectar talentos con potencial internacional. La justa ciclista se desarroll\u00f3 en dos rutas: el Medio Fondo de 50 km y el Gran Fondo de 105 km, con un recorrido que incluy\u00f3 zonas emblem\u00e1ticas como el Perif\u00e9rico, Pe\u00f1asco y la delegaci\u00f3n de Bocas, todo bajo un operativo especial de seguridad y vialidad a cargo de la SSPC Municipal.<\/p>\n","protected":false},"excerpt":{"rendered":"<p>San Luis Capital se consolid\u00f3 como un referente deportivo con la primera edici\u00f3n del \u201cRa\u00fal Alcal\u00e1 Challenge 2025\u201d, que reuni\u00f3<\/p>\n","protected":false},"author":2,"featured_media":11808,"comment_status":"closed","ping_status":"closed","sticky":false,"template":"","format":"standard","meta":{"footnotes":""},"categories":[25,30],"tags":[],"class_list":["post-11807","post","type-post","status-publish","format-standard","has-post-thumbnail","hentry","category-local","category-portada"],"yoast_head":"<!-- This site is optimized with the Yoast SEO plugin v24.1 - https:\/\/yoast.com\/wordpress\/plugins\/seo\/ -->\n<title>Se consolida San Luis, Capital del Ciclismo, con el Ra\u00fal Alcal\u00e1 Challenge 2025 - sanluisinforma.com<\/title>\n<meta name=\"robots\" content=\"index, follow, max-snippet:-1, max-image-preview:large, max-video-preview:-1\" \/>\n<link rel=\"canonical\" href=\"https:\/\/sanluisinforma.com\/?p=11807\" \/>\n<meta property=\"og:locale\" content=\"es_MX\" \/>\n<meta property=\"og:type\" content=\"article\" \/>\n<meta property=\"og:title\" content=\"Se consolida San Luis, Capital del Ciclismo, con el Ra\u00fal Alcal\u00e1 Challenge 2025 - sanluisinforma.com\" \/>\n<meta property=\"og:description\" content=\"San Luis Capital se consolid\u00f3 como un referente deportivo con la primera edici\u00f3n del \u201cRa\u00fal Alcal\u00e1 Challenge 2025\u201d, que reuni\u00f3\" \/>\n<meta property=\"og:url\" content=\"https:\/\/sanluisinforma.com\/?p=11807\" \/>\n<meta property=\"og:site_name\" content=\"sanluisinforma.com\" \/>\n<meta property=\"article:published_time\" content=\"2025-04-21T06:45:00+00:00\" \/>\n<meta property=\"article:modified_time\" content=\"2025-04-21T01:03:17+00:00\" \/>\n<meta property=\"og:image\" content=\"https:\/\/sanluisinforma.com\/wp-content\/uploads\/2025\/04\/c533277e-aaef-4ad3-9635-8b13198ce2aa.jpg\" \/>\n\t<meta property=\"og:image:width\" content=\"400\" \/>\n\t<meta property=\"og:image:height\" content=\"266\" \/>\n\t<meta property=\"og:image:type\" content=\"image\/jpeg\" \/>\n<meta name=\"author\" content=\"sanluisinforma.com\" \/>\n<meta name=\"twitter:card\" content=\"summary_large_image\" \/>\n<meta name=\"twitter:label1\" content=\"Escrito por\" \/>\n\t<meta name=\"twitter:data1\" content=\"sanluisinforma.com\" \/>\n\t<meta name=\"twitter:label2\" content=\"Tiempo de lectura\" \/>\n\t<meta name=\"twitter:data2\" content=\"2 minutos\" \/>\n<script type=\"application\/ld+json\" class=\"yoast-schema-graph\">{\"@context\":\"https:\/\/schema.org\",\"@graph\":[{\"@type\":\"Article\",\"@id\":\"https:\/\/sanluisinforma.com\/?p=11807#article\",\"isPartOf\":{\"@id\":\"https:\/\/sanluisinforma.com\/?p=11807\"},\"author\":{\"name\":\"sanluisinforma.com\",\"@id\":\"https:\/\/sanluisinforma.com\/#\/schema\/person\/c30648f71476be533b6f59d092905c8b\"},\"headline\":\"Se consolida San Luis, Capital del Ciclismo, con el Ra\u00fal Alcal\u00e1 Challenge 2025\",\"datePublished\":\"2025-04-21T06:45:00+00:00\",\"dateModified\":\"2025-04-21T01:03:17+00:00\",\"mainEntityOfPage\":{\"@id\":\"https:\/\/sanluisinforma.com\/?p=11807\"},\"wordCount\":322,\"publisher\":{\"@id\":\"https:\/\/sanluisinforma.com\/#organization\"},\"image\":{\"@id\":\"https:\/\/sanluisinforma.com\/?p=11807#primaryimage\"},\"thumbnailUrl\":\"https:\/\/sanluisinforma.com\/wp-content\/uploads\/2025\/04\/c533277e-aaef-4ad3-9635-8b13198ce2aa.jpg\",\"articleSection\":[\"Local\",\"Portada\"],\"inLanguage\":\"es\"},{\"@type\":\"WebPage\",\"@id\":\"https:\/\/sanluisinforma.com\/?p=11807\",\"url\":\"https:\/\/sanluisinforma.com\/?p=11807\",\"name\":\"Se consolida San Luis, Capital del Ciclismo, con el Ra\u00fal Alcal\u00e1 Challenge 2025 - sanluisinforma.com\",\"isPartOf\":{\"@id\":\"https:\/\/sanluisinforma.com\/#website\"},\"primaryImageOfPage\":{\"@id\":\"https:\/\/sanluisinforma.com\/?p=11807#primaryimage\"},\"image\":{\"@id\":\"https:\/\/sanluisinforma.com\/?p=11807#primaryimage\"},\"thumbnailUrl\":\"https:\/\/sanluisinforma.com\/wp-content\/uploads\/2025\/04\/c533277e-aaef-4ad3-9635-8b13198ce2aa.jpg\",\"datePublished\":\"2025-04-21T06:45:00+00:00\",\"dateModified\":\"2025-04-21T01:03:17+00:00\",\"breadcrumb\":{\"@id\":\"https:\/\/sanluisinforma.com\/?p=11807#breadcrumb\"},\"inLanguage\":\"es\",\"potentialAction\":[{\"@type\":\"ReadAction\",\"target\":[\"https:\/\/sanluisinforma.com\/?p=11807\"]}]},{\"@type\":\"ImageObject\",\"inLanguage\":\"es\",\"@id\":\"https:\/\/sanluisinforma.com\/?p=11807#primaryimage\",\"url\":\"https:\/\/sanluisinforma.com\/wp-content\/uploads\/2025\/04\/c533277e-aaef-4ad3-9635-8b13198ce2aa.jpg\",\"contentUrl\":\"https:\/\/sanluisinforma.com\/wp-content\/uploads\/2025\/04\/c533277e-aaef-4ad3-9635-8b13198ce2aa.jpg\",\"width\":400,\"height\":266},{\"@type\":\"BreadcrumbList\",\"@id\":\"https:\/\/sanluisinforma.com\/?p=11807#breadcrumb\",\"itemListElement\":[{\"@type\":\"ListItem\",\"position\":1,\"name\":\"Inicio\",\"item\":\"https:\/\/sanluisinforma.com\/\"},{\"@type\":\"ListItem\",\"position\":2,\"name\":\"Se consolida San Luis, Capital del Ciclismo, con el Ra\u00fal Alcal\u00e1 Challenge 2025\"}]},{\"@type\":\"WebSite\",\"@id\":\"https:\/\/sanluisinforma.com\/#website\",\"url\":\"https:\/\/sanluisinforma.com\/\",\"name\":\"sanluisinforma.com\",\"description\":\"Periodico San Luis Informa\",\"publisher\":{\"@id\":\"https:\/\/sanluisinforma.com\/#organization\"},\"potentialAction\":[{\"@type\":\"SearchAction\",\"target\":{\"@type\":\"EntryPoint\",\"urlTemplate\":\"https:\/\/sanluisinforma.com\/?s={search_term_string}\"},\"query-input\":{\"@type\":\"PropertyValueSpecification\",\"valueRequired\":true,\"valueName\":\"search_term_string\"}}],\"inLanguage\":\"es\"},{\"@type\":\"Organization\",\"@id\":\"https:\/\/sanluisinforma.com\/#organization\",\"name\":\"sanluisinforma.com\",\"url\":\"https:\/\/sanluisinforma.com\/\",\"logo\":{\"@type\":\"ImageObject\",\"inLanguage\":\"es\",\"@id\":\"https:\/\/sanluisinforma.com\/#\/schema\/logo\/image\/\",\"url\":\"https:\/\/sanluisinforma.com\/wp-content\/uploads\/2026\/03\/sanluisinforma-V.jpg\",\"contentUrl\":\"https:\/\/sanluisinforma.com\/wp-content\/uploads\/2026\/03\/sanluisinforma-V.jpg\",\"width\":500,\"height\":156,\"caption\":\"sanluisinforma.com\"},\"image\":{\"@id\":\"https:\/\/sanluisinforma.com\/#\/schema\/logo\/image\/\"}},{\"@type\":\"Person\",\"@id\":\"https:\/\/sanluisinforma.com\/#\/schema\/person\/c30648f71476be533b6f59d092905c8b\",\"name\":\"sanluisinforma.com\",\"image\":{\"@type\":\"ImageObject\",\"inLanguage\":\"es\",\"@id\":\"https:\/\/sanluisinforma.com\/#\/schema\/person\/image\/\",\"url\":\"https:\/\/secure.gravatar.com\/avatar\/86e3114e34a1eecefb963e0a02f0093f93b092dddb2fe1517596343751081a87?s=96&d=mm&r=g\",\"contentUrl\":\"https:\/\/secure.gravatar.com\/avatar\/86e3114e34a1eecefb963e0a02f0093f93b092dddb2fe1517596343751081a87?s=96&d=mm&r=g\",\"caption\":\"sanluisinforma.com\"},\"url\":\"https:\/\/sanluisinforma.com\/?author=2\"}]}<\/script>\n<!-- \/ Yoast SEO plugin. -->","yoast_head_json":{"title":"Se consolida San Luis, Capital del Ciclismo, con el Ra\u00fal Alcal\u00e1 Challenge 2025 - sanluisinforma.com","robots":{"index":"index","follow":"follow","max-snippet":"max-snippet:-1","max-image-preview":"max-image-preview:large","max-video-preview":"max-video-preview:-1"},"canonical":"https:\/\/sanluisinforma.com\/?p=11807","og_locale":"es_MX","og_type":"article","og_title":"Se consolida San Luis, Capital del Ciclismo, con el Ra\u00fal Alcal\u00e1 Challenge 2025 - sanluisinforma.com","og_description":"San Luis Capital se consolid\u00f3 como un referente deportivo con la primera edici\u00f3n del \u201cRa\u00fal Alcal\u00e1 Challenge 2025\u201d, que reuni\u00f3","og_url":"https:\/\/sanluisinforma.com\/?p=11807","og_site_name":"sanluisinforma.com","article_published_time":"2025-04-21T06:45:00+00:00","article_modified_time":"2025-04-21T01:03:17+00:00","og_image":[{"width":400,"height":266,"url":"https:\/\/sanluisinforma.com\/wp-content\/uploads\/2025\/04\/c533277e-aaef-4ad3-9635-8b13198ce2aa.jpg","type":"image\/jpeg"}],"author":"sanluisinforma.com","twitter_card":"summary_large_image","twitter_misc":{"Escrito por":"sanluisinforma.com","Tiempo de lectura":"2 minutos"},"schema":{"@context":"https:\/\/schema.org","@graph":[{"@type":"Article","@id":"https:\/\/sanluisinforma.com\/?p=11807#article","isPartOf":{"@id":"https:\/\/sanluisinforma.com\/?p=11807"},"author":{"name":"sanluisinforma.com","@id":"https:\/\/sanluisinforma.com\/#\/schema\/person\/c30648f71476be533b6f59d092905c8b"},"headline":"Se consolida San Luis, Capital del Ciclismo, con el Ra\u00fal Alcal\u00e1 Challenge 2025","datePublished":"2025-04-21T06:45:00+00:00","dateModified":"2025-04-21T01:03:17+00:00","mainEntityOfPage":{"@id":"https:\/\/sanluisinforma.com\/?p=11807"},"wordCount":322,"publisher":{"@id":"https:\/\/sanluisinforma.com\/#organization"},"image":{"@id":"https:\/\/sanluisinforma.com\/?p=11807#primaryimage"},"thumbnailUrl":"https:\/\/sanluisinforma.com\/wp-content\/uploads\/2025\/04\/c533277e-aaef-4ad3-9635-8b13198ce2aa.jpg","articleSection":["Local","Portada"],"inLanguage":"es"},{"@type":"WebPage","@id":"https:\/\/sanluisinforma.com\/?p=11807","url":"https:\/\/sanluisinforma.com\/?p=11807","name":"Se consolida San Luis, Capital del Ciclismo, con el Ra\u00fal Alcal\u00e1 Challenge 2025 - sanluisinforma.com","isPartOf":{"@id":"https:\/\/sanluisinforma.com\/#website"},"primaryImageOfPage":{"@id":"https:\/\/sanluisinforma.com\/?p=11807#primaryimage"},"image":{"@id":"https:\/\/sanluisinforma.com\/?p=11807#primaryimage"},"thumbnailUrl":"https:\/\/sanluisinforma.com\/wp-content\/uploads\/2025\/04\/c533277e-aaef-4ad3-9635-8b13198ce2aa.jpg","datePublished":"2025-04-21T06:45:00+00:00","dateModified":"2025-04-21T01:03:17+00:00","breadcrumb":{"@id":"https:\/\/sanluisinforma.com\/?p=11807#breadcrumb"},"inLanguage":"es","potentialAction":[{"@type":"ReadAction","target":["https:\/\/sanluisinforma.com\/?p=11807"]}]},{"@type":"ImageObject","inLanguage":"es","@id":"https:\/\/sanluisinforma.com\/?p=11807#primaryimage","url":"https:\/\/sanluisinforma.com\/wp-content\/uploads\/2025\/04\/c533277e-aaef-4ad3-9635-8b13198ce2aa.jpg","contentUrl":"https:\/\/sanluisinforma.com\/wp-content\/uploads\/2025\/04\/c533277e-aaef-4ad3-9635-8b13198ce2aa.jpg","width":400,"height":266},{"@type":"BreadcrumbList","@id":"https:\/\/sanluisinforma.com\/?p=11807#breadcrumb","itemListElement":[{"@type":"ListItem","position":1,"name":"Inicio","item":"https:\/\/sanluisinforma.com\/"},{"@type":"ListItem","position":2,"name":"Se consolida San Luis, Capital del Ciclismo, con el Ra\u00fal Alcal\u00e1 Challenge 2025"}]},{"@type":"WebSite","@id":"https:\/\/sanluisinforma.com\/#website","url":"https:\/\/sanluisinforma.com\/","name":"sanluisinforma.com","description":"Periodico San Luis Informa","publisher":{"@id":"https:\/\/sanluisinforma.com\/#organization"},"potentialAction":[{"@type":"SearchAction","target":{"@type":"EntryPoint","urlTemplate":"https:\/\/sanluisinforma.com\/?s={search_term_string}"},"query-input":{"@type":"PropertyValueSpecification","valueRequired":true,"valueName":"search_term_string"}}],"inLanguage":"es"},{"@type":"Organization","@id":"https:\/\/sanluisinforma.com\/#organization","name":"sanluisinforma.com","url":"https:\/\/sanluisinforma.com\/","logo":{"@type":"ImageObject","inLanguage":"es","@id":"https:\/\/sanluisinforma.com\/#\/schema\/logo\/image\/","url":"https:\/\/sanluisinforma.com\/wp-content\/uploads\/2026\/03\/sanluisinforma-V.jpg","contentUrl":"https:\/\/sanluisinforma.com\/wp-content\/uploads\/2026\/03\/sanluisinforma-V.jpg","width":500,"height":156,"caption":"sanluisinforma.com"},"image":{"@id":"https:\/\/sanluisinforma.com\/#\/schema\/logo\/image\/"}},{"@type":"Person","@id":"https:\/\/sanluisinforma.com\/#\/schema\/person\/c30648f71476be533b6f59d092905c8b","name":"sanluisinforma.com","image":{"@type":"ImageObject","inLanguage":"es","@id":"https:\/\/sanluisinforma.com\/#\/schema\/person\/image\/","url":"https:\/\/secure.gravatar.com\/avatar\/86e3114e34a1eecefb963e0a02f0093f93b092dddb2fe1517596343751081a87?s=96&d=mm&r=g","contentUrl":"https:\/\/secure.gravatar.com\/avatar\/86e3114e34a1eecefb963e0a02f0093f93b092dddb2fe1517596343751081a87?s=96&d=mm&r=g","caption":"sanluisinforma.com"},"url":"https:\/\/sanluisinforma.com\/?author=2"}]}},"_links":{"self":[{"href":"https:\/\/sanluisinforma.com\/index.php?rest_route=\/wp\/v2\/posts\/11807","targetHints":{"allow":["GET"]}}],"collection":[{"href":"https:\/\/sanluisinforma.com\/index.php?rest_route=\/wp\/v2\/posts"}],"about":[{"href":"https:\/\/sanluisinforma.com\/index.php?rest_route=\/wp\/v2\/types\/post"}],"author":[{"embeddable":true,"href":"https:\/\/sanluisinforma.com\/index.php?rest_route=\/wp\/v2\/users\/2"}],"replies":[{"embeddable":true,"href":"https:\/\/sanluisinforma.com\/index.php?rest_route=%2Fwp%2Fv2%2Fcomments&post=11807"}],"version-history":[{"count":1,"href":"https:\/\/sanluisinforma.com\/index.php?rest_route=\/wp\/v2\/posts\/11807\/revisions"}],"predecessor-version":[{"id":11809,"href":"https:\/\/sanluisinforma.com\/index.php?rest_route=\/wp\/v2\/posts\/11807\/revisions\/11809"}],"wp:featuredmedia":[{"embeddable":true,"href":"https:\/\/sanluisinforma.com\/index.php?rest_route=\/wp\/v2\/media\/11808"}],"wp:attachment":[{"href":"https:\/\/sanluisinforma.com\/index.php?rest_route=%2Fwp%2Fv2%2Fmedia&parent=11807"}],"wp:term":[{"taxonomy":"category","embeddable":true,"href":"https:\/\/sanluisinforma.com\/index.php?rest_route=%2Fwp%2Fv2%2Fcategories&post=11807"},{"taxonomy":"post_tag","embeddable":true,"href":"https:\/\/sanluisinforma.com\/index.php?rest_route=%2Fwp%2Fv2%2Ftags&post=11807"}],"curies":[{"name":"wp","href":"https:\/\/api.w.org\/{rel}","templated":true}]}}