{"id":11813,"date":"2025-04-21T00:50:00","date_gmt":"2025-04-21T06:50:00","guid":{"rendered":"https:\/\/sanluisinforma.com\/?p=11813"},"modified":"2025-04-20T19:03:48","modified_gmt":"2025-04-21T01:03:48","slug":"exito-total-el-raul-alcala-challenge-mas-de-2-mil-atletas-disfrutan-el-maximo-evento-ciclista-de-la-region","status":"publish","type":"post","link":"https:\/\/sanluisinforma.com\/?p=11813","title":{"rendered":"\u00a0\u00c9xito total el Ra\u00fal Alcal\u00e1 Challenge: m\u00e1s de 2 mil atletas disfrutan el m\u00e1ximo evento ciclista de la regi\u00f3n"},"content":{"rendered":"\n<ul class=\"wp-block-list\">\n<li>El evento atl\u00e9tico arranc\u00f3 en el parque de Morales, con salida controlada; de \u00a0Milpillas a Bocas se dio la competencia, en las categor\u00edas Gran Fondo y Medio Fondo.\u00a0\u00a0\u00a0\u00a0<\/li>\n<\/ul>\n\n\n\n<p><\/p>\n\n\n\n<p>San Luis Potos\u00ed. \u2013 La Direcci\u00f3n de Deporte Municipal del Gobierno de la Capital, reuni\u00f3 a m\u00e1s de 2 mil competidores para cerrar con broche de oro el Festival San Luis en Primavera, que tuvo tambi\u00e9n eventos de deportivos como el celebrado este domingo.<\/p>\n\n\n\n<p>En punto de las 7:00 de la ma\u00f1ana la salida fue espectacular en el andador central del Parque de Morales Juan H. S\u00e1nchez, donde el Alcalde Enrique Galindo dio el banderazo de arranque al contingente que parti\u00f3 rumbo a la delegaci\u00f3n de Bocas.<\/p>\n\n\n\n<p>Fue en salida controlada que la caravana rod\u00f3 hasta el kil\u00f3metro 13 donde arranc\u00f3 el cronometraje y dio inicio la competencia.<\/p>\n\n\n\n<p>Aunque el terreno en su mayor\u00eda fue plano, la exigencia fue mucha para los competidores, que disfrutaron de un gran paisaje, as\u00ed como un trayecto realmente atractivo en todos los aspectos.<\/p>\n\n\n\n<p>Precisamente en el kil\u00f3metro 13 donde inicio la competencia, a contra-meta se registr\u00f3 la llegada de los ciclistas y los resultados fueron los siguientes.&nbsp;&nbsp;&nbsp;&nbsp;<\/p>\n\n\n\n<p>GRAN FONDO 105 KIL\u00d3METROS<\/p>\n\n\n\n<p>VARONIL SUB 18<\/p>\n\n\n\n<p>1.- Jaime Insa Fern\u00e1ndez con 1:46, 47. 2.- Jonathan Hern\u00e1ndez Torres con 1:49, 52. 3.- Luis Francisco Alem\u00e1n con 1: 49, 54.<\/p>\n\n\n\n<p>VARONIL 18-39<\/p>\n\n\n\n<p>1.- Kevin Hern\u00e1ndez con 1:47, 27. 2.- Sorath Mesa L\u00f3pez con 1:49, 44. 3.- V\u00edctor Hugo Rodr\u00edguez con 1:49, 53.<\/p>\n\n\n\n<p>VARONIL 40-49<\/p>\n\n\n\n<p>1.- Adri\u00e1n Rubio Enr\u00edquez con 1: 49, 49. 2.- Rams\u00e9s Mendoza Nava con 1:49, 55. 3.- V\u00edctor Gerardo M\u00e9ndez con 1:49,56.<\/p>\n\n\n\n<p>VARONIL 50-59<\/p>\n\n\n\n<p>1.- Armando Zacar\u00edas Guti\u00e9rrez con 1:49,49. 2.- Mart\u00edn Leija Gonz\u00e1lez con 1:49, 58. 3.- Juan Alberto Lomel\u00ed Becerra con 1:52,05.<\/p>\n\n\n\n<p>VARONIL 60 Y M\u00c1S<\/p>\n\n\n\n<p>1.- Sergio Ortiz Loredo con 1:53,49. 2.- Sam Alvarado Carrillo con 2:05,38. 3.- Alejandro Corredera L\u00f3pez con 2:05,39.<\/p>\n\n\n\n<p>FEMENIL SUB 18<\/p>\n\n\n\n<p>1,- Marcela Noyola Olivares con 2:02, 48.<\/p>\n\n\n\n<p>FEMENIL 18 A 39<\/p>\n\n\n\n<p>1.- Valeria Cruz Espinoza con 1: 49, 11. 2.- Anett Rive Mart\u00ednez con 1:49, 57. 3.- Nancy Mercado S\u00e1nchez con 1:53,44.<\/p>\n\n\n\n<p>FEMENIL 40-49<\/p>\n\n\n\n<p>1:- Dulce Ram\u00edrez D\u00edaz con 2:02, 38. 2.-Mercedes Alcal\u00e1 con 2:22,21. 3.- Norma Uribe Hern\u00e1ndez con 2:30, 05.<\/p>\n\n\n\n<p>FEMENIL 50-59<\/p>\n\n\n\n<p>1.- Valeria Sutti Delga con 2:23,46. 2.- Laura Fosado Guti\u00e9rrez con 2:24,30. 3.- Alejandra Guti\u00e9rrez Sandoval con 2:44,58.<\/p>\n\n\n\n<p>FEMENIL 60 Y M\u00c1S<\/p>\n\n\n\n<p>1.- Marcela Briones Rosales con 2:35,10.<\/p>\n\n\n\n<p>MEDIO FONDO 50 KIL\u00d3METROS&nbsp;&nbsp;<\/p>\n\n\n\n<p>GENERAL FEMENIL<\/p>\n\n\n\n<p>1.- Roxana Le\u00f3n Garc\u00eda con 38:25. 2.- Laura Estefania Fuentes con 38:32. 3.- Jimena M\u00e9ndez S\u00e1nchez con 38:36.<\/p>\n\n\n\n<p>GENERAL VARONIL<\/p>\n\n\n\n<p>1.- Ignacio Salvador Zapata con 35:41. 2.- Ad\u00e1n de Jes\u00fas Charcas Mart\u00ednez con 38:19 y 3.- Miguel \u00c1ngel Vel\u00e1squez Guevara con 38:26.<\/p>\n\n\n\n<p>Cabe destacar que al concluir el evento y tras los regresos controlados, se llev\u00f3 a cabo la ceremonia de premiaci\u00f3n, en la que se otorgaron la distinciones a los ganadores.&nbsp;&nbsp;<\/p>\n","protected":false},"excerpt":{"rendered":"<p>San Luis Potos\u00ed. \u2013 La Direcci\u00f3n de Deporte Municipal del Gobierno de la Capital, reuni\u00f3 a m\u00e1s de 2 mil<\/p>\n","protected":false},"author":2,"featured_media":11814,"comment_status":"closed","ping_status":"closed","sticky":false,"template":"","format":"standard","meta":{"footnotes":""},"categories":[25,30],"tags":[],"class_list":["post-11813","post","type-post","status-publish","format-standard","has-post-thumbnail","hentry","category-local","category-portada"],"yoast_head":"<!-- This site is optimized with the Yoast SEO plugin v24.1 - https:\/\/yoast.com\/wordpress\/plugins\/seo\/ -->\n<title>\u00a0\u00c9xito total el Ra\u00fal Alcal\u00e1 Challenge: m\u00e1s de 2 mil atletas disfrutan el m\u00e1ximo evento ciclista de la regi\u00f3n - sanluisinforma.com<\/title>\n<meta name=\"robots\" content=\"index, follow, max-snippet:-1, max-image-preview:large, max-video-preview:-1\" \/>\n<link rel=\"canonical\" href=\"https:\/\/sanluisinforma.com\/?p=11813\" \/>\n<meta property=\"og:locale\" content=\"es_MX\" \/>\n<meta property=\"og:type\" content=\"article\" \/>\n<meta property=\"og:title\" content=\"\u00a0\u00c9xito total el Ra\u00fal Alcal\u00e1 Challenge: m\u00e1s de 2 mil atletas disfrutan el m\u00e1ximo evento ciclista de la regi\u00f3n - sanluisinforma.com\" \/>\n<meta property=\"og:description\" content=\"San Luis Potos\u00ed. \u2013 La Direcci\u00f3n de Deporte Municipal del Gobierno de la Capital, reuni\u00f3 a m\u00e1s de 2 mil\" \/>\n<meta property=\"og:url\" content=\"https:\/\/sanluisinforma.com\/?p=11813\" \/>\n<meta property=\"og:site_name\" content=\"sanluisinforma.com\" \/>\n<meta property=\"article:published_time\" content=\"2025-04-21T06:50:00+00:00\" \/>\n<meta property=\"article:modified_time\" content=\"2025-04-21T01:03:48+00:00\" \/>\n<meta property=\"og:image\" content=\"https:\/\/sanluisinforma.com\/wp-content\/uploads\/2025\/04\/ab22c585-12c5-437c-9bf0-4be4946ec68d.jpg\" \/>\n\t<meta property=\"og:image:width\" content=\"400\" \/>\n\t<meta property=\"og:image:height\" content=\"266\" \/>\n\t<meta property=\"og:image:type\" content=\"image\/jpeg\" \/>\n<meta name=\"author\" content=\"sanluisinforma.com\" \/>\n<meta name=\"twitter:card\" content=\"summary_large_image\" \/>\n<meta name=\"twitter:label1\" content=\"Escrito por\" \/>\n\t<meta name=\"twitter:data1\" content=\"sanluisinforma.com\" \/>\n\t<meta name=\"twitter:label2\" content=\"Tiempo de lectura\" \/>\n\t<meta name=\"twitter:data2\" content=\"3 minutos\" \/>\n<script type=\"application\/ld+json\" class=\"yoast-schema-graph\">{\"@context\":\"https:\/\/schema.org\",\"@graph\":[{\"@type\":\"Article\",\"@id\":\"https:\/\/sanluisinforma.com\/?p=11813#article\",\"isPartOf\":{\"@id\":\"https:\/\/sanluisinforma.com\/?p=11813\"},\"author\":{\"name\":\"sanluisinforma.com\",\"@id\":\"https:\/\/sanluisinforma.com\/#\/schema\/person\/c30648f71476be533b6f59d092905c8b\"},\"headline\":\"\u00a0\u00c9xito total el Ra\u00fal Alcal\u00e1 Challenge: m\u00e1s de 2 mil atletas disfrutan el m\u00e1ximo evento ciclista de la regi\u00f3n\",\"datePublished\":\"2025-04-21T06:50:00+00:00\",\"dateModified\":\"2025-04-21T01:03:48+00:00\",\"mainEntityOfPage\":{\"@id\":\"https:\/\/sanluisinforma.com\/?p=11813\"},\"wordCount\":488,\"publisher\":{\"@id\":\"https:\/\/sanluisinforma.com\/#organization\"},\"image\":{\"@id\":\"https:\/\/sanluisinforma.com\/?p=11813#primaryimage\"},\"thumbnailUrl\":\"https:\/\/sanluisinforma.com\/wp-content\/uploads\/2025\/04\/ab22c585-12c5-437c-9bf0-4be4946ec68d.jpg\",\"articleSection\":[\"Local\",\"Portada\"],\"inLanguage\":\"es\"},{\"@type\":\"WebPage\",\"@id\":\"https:\/\/sanluisinforma.com\/?p=11813\",\"url\":\"https:\/\/sanluisinforma.com\/?p=11813\",\"name\":\"\u00a0\u00c9xito total el Ra\u00fal Alcal\u00e1 Challenge: m\u00e1s de 2 mil atletas disfrutan el m\u00e1ximo evento ciclista de la regi\u00f3n - sanluisinforma.com\",\"isPartOf\":{\"@id\":\"https:\/\/sanluisinforma.com\/#website\"},\"primaryImageOfPage\":{\"@id\":\"https:\/\/sanluisinforma.com\/?p=11813#primaryimage\"},\"image\":{\"@id\":\"https:\/\/sanluisinforma.com\/?p=11813#primaryimage\"},\"thumbnailUrl\":\"https:\/\/sanluisinforma.com\/wp-content\/uploads\/2025\/04\/ab22c585-12c5-437c-9bf0-4be4946ec68d.jpg\",\"datePublished\":\"2025-04-21T06:50:00+00:00\",\"dateModified\":\"2025-04-21T01:03:48+00:00\",\"breadcrumb\":{\"@id\":\"https:\/\/sanluisinforma.com\/?p=11813#breadcrumb\"},\"inLanguage\":\"es\",\"potentialAction\":[{\"@type\":\"ReadAction\",\"target\":[\"https:\/\/sanluisinforma.com\/?p=11813\"]}]},{\"@type\":\"ImageObject\",\"inLanguage\":\"es\",\"@id\":\"https:\/\/sanluisinforma.com\/?p=11813#primaryimage\",\"url\":\"https:\/\/sanluisinforma.com\/wp-content\/uploads\/2025\/04\/ab22c585-12c5-437c-9bf0-4be4946ec68d.jpg\",\"contentUrl\":\"https:\/\/sanluisinforma.com\/wp-content\/uploads\/2025\/04\/ab22c585-12c5-437c-9bf0-4be4946ec68d.jpg\",\"width\":400,\"height\":266},{\"@type\":\"BreadcrumbList\",\"@id\":\"https:\/\/sanluisinforma.com\/?p=11813#breadcrumb\",\"itemListElement\":[{\"@type\":\"ListItem\",\"position\":1,\"name\":\"Inicio\",\"item\":\"https:\/\/sanluisinforma.com\/\"},{\"@type\":\"ListItem\",\"position\":2,\"name\":\"\u00a0\u00c9xito total el Ra\u00fal Alcal\u00e1 Challenge: m\u00e1s de 2 mil atletas disfrutan el m\u00e1ximo evento ciclista de la regi\u00f3n\"}]},{\"@type\":\"WebSite\",\"@id\":\"https:\/\/sanluisinforma.com\/#website\",\"url\":\"https:\/\/sanluisinforma.com\/\",\"name\":\"sanluisinforma.com\",\"description\":\"Periodico San Luis Informa\",\"publisher\":{\"@id\":\"https:\/\/sanluisinforma.com\/#organization\"},\"potentialAction\":[{\"@type\":\"SearchAction\",\"target\":{\"@type\":\"EntryPoint\",\"urlTemplate\":\"https:\/\/sanluisinforma.com\/?s={search_term_string}\"},\"query-input\":{\"@type\":\"PropertyValueSpecification\",\"valueRequired\":true,\"valueName\":\"search_term_string\"}}],\"inLanguage\":\"es\"},{\"@type\":\"Organization\",\"@id\":\"https:\/\/sanluisinforma.com\/#organization\",\"name\":\"sanluisinforma.com\",\"url\":\"https:\/\/sanluisinforma.com\/\",\"logo\":{\"@type\":\"ImageObject\",\"inLanguage\":\"es\",\"@id\":\"https:\/\/sanluisinforma.com\/#\/schema\/logo\/image\/\",\"url\":\"https:\/\/sanluisinforma.com\/wp-content\/uploads\/2026\/03\/sanluisinforma-V.jpg\",\"contentUrl\":\"https:\/\/sanluisinforma.com\/wp-content\/uploads\/2026\/03\/sanluisinforma-V.jpg\",\"width\":500,\"height\":156,\"caption\":\"sanluisinforma.com\"},\"image\":{\"@id\":\"https:\/\/sanluisinforma.com\/#\/schema\/logo\/image\/\"}},{\"@type\":\"Person\",\"@id\":\"https:\/\/sanluisinforma.com\/#\/schema\/person\/c30648f71476be533b6f59d092905c8b\",\"name\":\"sanluisinforma.com\",\"image\":{\"@type\":\"ImageObject\",\"inLanguage\":\"es\",\"@id\":\"https:\/\/sanluisinforma.com\/#\/schema\/person\/image\/\",\"url\":\"https:\/\/secure.gravatar.com\/avatar\/86e3114e34a1eecefb963e0a02f0093f93b092dddb2fe1517596343751081a87?s=96&d=mm&r=g\",\"contentUrl\":\"https:\/\/secure.gravatar.com\/avatar\/86e3114e34a1eecefb963e0a02f0093f93b092dddb2fe1517596343751081a87?s=96&d=mm&r=g\",\"caption\":\"sanluisinforma.com\"},\"url\":\"https:\/\/sanluisinforma.com\/?author=2\"}]}<\/script>\n<!-- \/ Yoast SEO plugin. -->","yoast_head_json":{"title":"\u00a0\u00c9xito total el Ra\u00fal Alcal\u00e1 Challenge: m\u00e1s de 2 mil atletas disfrutan el m\u00e1ximo evento ciclista de la regi\u00f3n - sanluisinforma.com","robots":{"index":"index","follow":"follow","max-snippet":"max-snippet:-1","max-image-preview":"max-image-preview:large","max-video-preview":"max-video-preview:-1"},"canonical":"https:\/\/sanluisinforma.com\/?p=11813","og_locale":"es_MX","og_type":"article","og_title":"\u00a0\u00c9xito total el Ra\u00fal Alcal\u00e1 Challenge: m\u00e1s de 2 mil atletas disfrutan el m\u00e1ximo evento ciclista de la regi\u00f3n - sanluisinforma.com","og_description":"San Luis Potos\u00ed. \u2013 La Direcci\u00f3n de Deporte Municipal del Gobierno de la Capital, reuni\u00f3 a m\u00e1s de 2 mil","og_url":"https:\/\/sanluisinforma.com\/?p=11813","og_site_name":"sanluisinforma.com","article_published_time":"2025-04-21T06:50:00+00:00","article_modified_time":"2025-04-21T01:03:48+00:00","og_image":[{"width":400,"height":266,"url":"https:\/\/sanluisinforma.com\/wp-content\/uploads\/2025\/04\/ab22c585-12c5-437c-9bf0-4be4946ec68d.jpg","type":"image\/jpeg"}],"author":"sanluisinforma.com","twitter_card":"summary_large_image","twitter_misc":{"Escrito por":"sanluisinforma.com","Tiempo de lectura":"3 minutos"},"schema":{"@context":"https:\/\/schema.org","@graph":[{"@type":"Article","@id":"https:\/\/sanluisinforma.com\/?p=11813#article","isPartOf":{"@id":"https:\/\/sanluisinforma.com\/?p=11813"},"author":{"name":"sanluisinforma.com","@id":"https:\/\/sanluisinforma.com\/#\/schema\/person\/c30648f71476be533b6f59d092905c8b"},"headline":"\u00a0\u00c9xito total el Ra\u00fal Alcal\u00e1 Challenge: m\u00e1s de 2 mil atletas disfrutan el m\u00e1ximo evento ciclista de la regi\u00f3n","datePublished":"2025-04-21T06:50:00+00:00","dateModified":"2025-04-21T01:03:48+00:00","mainEntityOfPage":{"@id":"https:\/\/sanluisinforma.com\/?p=11813"},"wordCount":488,"publisher":{"@id":"https:\/\/sanluisinforma.com\/#organization"},"image":{"@id":"https:\/\/sanluisinforma.com\/?p=11813#primaryimage"},"thumbnailUrl":"https:\/\/sanluisinforma.com\/wp-content\/uploads\/2025\/04\/ab22c585-12c5-437c-9bf0-4be4946ec68d.jpg","articleSection":["Local","Portada"],"inLanguage":"es"},{"@type":"WebPage","@id":"https:\/\/sanluisinforma.com\/?p=11813","url":"https:\/\/sanluisinforma.com\/?p=11813","name":"\u00a0\u00c9xito total el Ra\u00fal Alcal\u00e1 Challenge: m\u00e1s de 2 mil atletas disfrutan el m\u00e1ximo evento ciclista de la regi\u00f3n - sanluisinforma.com","isPartOf":{"@id":"https:\/\/sanluisinforma.com\/#website"},"primaryImageOfPage":{"@id":"https:\/\/sanluisinforma.com\/?p=11813#primaryimage"},"image":{"@id":"https:\/\/sanluisinforma.com\/?p=11813#primaryimage"},"thumbnailUrl":"https:\/\/sanluisinforma.com\/wp-content\/uploads\/2025\/04\/ab22c585-12c5-437c-9bf0-4be4946ec68d.jpg","datePublished":"2025-04-21T06:50:00+00:00","dateModified":"2025-04-21T01:03:48+00:00","breadcrumb":{"@id":"https:\/\/sanluisinforma.com\/?p=11813#breadcrumb"},"inLanguage":"es","potentialAction":[{"@type":"ReadAction","target":["https:\/\/sanluisinforma.com\/?p=11813"]}]},{"@type":"ImageObject","inLanguage":"es","@id":"https:\/\/sanluisinforma.com\/?p=11813#primaryimage","url":"https:\/\/sanluisinforma.com\/wp-content\/uploads\/2025\/04\/ab22c585-12c5-437c-9bf0-4be4946ec68d.jpg","contentUrl":"https:\/\/sanluisinforma.com\/wp-content\/uploads\/2025\/04\/ab22c585-12c5-437c-9bf0-4be4946ec68d.jpg","width":400,"height":266},{"@type":"BreadcrumbList","@id":"https:\/\/sanluisinforma.com\/?p=11813#breadcrumb","itemListElement":[{"@type":"ListItem","position":1,"name":"Inicio","item":"https:\/\/sanluisinforma.com\/"},{"@type":"ListItem","position":2,"name":"\u00a0\u00c9xito total el Ra\u00fal Alcal\u00e1 Challenge: m\u00e1s de 2 mil atletas disfrutan el m\u00e1ximo evento ciclista de la regi\u00f3n"}]},{"@type":"WebSite","@id":"https:\/\/sanluisinforma.com\/#website","url":"https:\/\/sanluisinforma.com\/","name":"sanluisinforma.com","description":"Periodico San Luis Informa","publisher":{"@id":"https:\/\/sanluisinforma.com\/#organization"},"potentialAction":[{"@type":"SearchAction","target":{"@type":"EntryPoint","urlTemplate":"https:\/\/sanluisinforma.com\/?s={search_term_string}"},"query-input":{"@type":"PropertyValueSpecification","valueRequired":true,"valueName":"search_term_string"}}],"inLanguage":"es"},{"@type":"Organization","@id":"https:\/\/sanluisinforma.com\/#organization","name":"sanluisinforma.com","url":"https:\/\/sanluisinforma.com\/","logo":{"@type":"ImageObject","inLanguage":"es","@id":"https:\/\/sanluisinforma.com\/#\/schema\/logo\/image\/","url":"https:\/\/sanluisinforma.com\/wp-content\/uploads\/2026\/03\/sanluisinforma-V.jpg","contentUrl":"https:\/\/sanluisinforma.com\/wp-content\/uploads\/2026\/03\/sanluisinforma-V.jpg","width":500,"height":156,"caption":"sanluisinforma.com"},"image":{"@id":"https:\/\/sanluisinforma.com\/#\/schema\/logo\/image\/"}},{"@type":"Person","@id":"https:\/\/sanluisinforma.com\/#\/schema\/person\/c30648f71476be533b6f59d092905c8b","name":"sanluisinforma.com","image":{"@type":"ImageObject","inLanguage":"es","@id":"https:\/\/sanluisinforma.com\/#\/schema\/person\/image\/","url":"https:\/\/secure.gravatar.com\/avatar\/86e3114e34a1eecefb963e0a02f0093f93b092dddb2fe1517596343751081a87?s=96&d=mm&r=g","contentUrl":"https:\/\/secure.gravatar.com\/avatar\/86e3114e34a1eecefb963e0a02f0093f93b092dddb2fe1517596343751081a87?s=96&d=mm&r=g","caption":"sanluisinforma.com"},"url":"https:\/\/sanluisinforma.com\/?author=2"}]}},"_links":{"self":[{"href":"https:\/\/sanluisinforma.com\/index.php?rest_route=\/wp\/v2\/posts\/11813","targetHints":{"allow":["GET"]}}],"collection":[{"href":"https:\/\/sanluisinforma.com\/index.php?rest_route=\/wp\/v2\/posts"}],"about":[{"href":"https:\/\/sanluisinforma.com\/index.php?rest_route=\/wp\/v2\/types\/post"}],"author":[{"embeddable":true,"href":"https:\/\/sanluisinforma.com\/index.php?rest_route=\/wp\/v2\/users\/2"}],"replies":[{"embeddable":true,"href":"https:\/\/sanluisinforma.com\/index.php?rest_route=%2Fwp%2Fv2%2Fcomments&post=11813"}],"version-history":[{"count":1,"href":"https:\/\/sanluisinforma.com\/index.php?rest_route=\/wp\/v2\/posts\/11813\/revisions"}],"predecessor-version":[{"id":11815,"href":"https:\/\/sanluisinforma.com\/index.php?rest_route=\/wp\/v2\/posts\/11813\/revisions\/11815"}],"wp:featuredmedia":[{"embeddable":true,"href":"https:\/\/sanluisinforma.com\/index.php?rest_route=\/wp\/v2\/media\/11814"}],"wp:attachment":[{"href":"https:\/\/sanluisinforma.com\/index.php?rest_route=%2Fwp%2Fv2%2Fmedia&parent=11813"}],"wp:term":[{"taxonomy":"category","embeddable":true,"href":"https:\/\/sanluisinforma.com\/index.php?rest_route=%2Fwp%2Fv2%2Fcategories&post=11813"},{"taxonomy":"post_tag","embeddable":true,"href":"https:\/\/sanluisinforma.com\/index.php?rest_route=%2Fwp%2Fv2%2Ftags&post=11813"}],"curies":[{"name":"wp","href":"https:\/\/api.w.org\/{rel}","templated":true}]}}