{"id":11822,"date":"2025-04-21T00:40:00","date_gmt":"2025-04-21T06:40:00","guid":{"rendered":"https:\/\/sanluisinforma.com\/?p=11822"},"modified":"2025-04-20T19:25:28","modified_gmt":"2025-04-21T01:25:28","slug":"homenaje-al-maestro-miramontes-en-el-teatro-de-la-paz","status":"publish","type":"post","link":"https:\/\/sanluisinforma.com\/?p=11822","title":{"rendered":"Homenaje al maestro Miramontes en el Teatro\u00a0 De \u00a0La Paz"},"content":{"rendered":"\n<p>Este lunes 21 de abril a las 13:00 horas recibir\u00e1 un homenaje de cuerpo presente en el Teatro de la Paz.<\/p>\n\n\n\n<p>Horas despu\u00e9s de que el maestro Jos\u00e9 Miramontes Zapata diera un concierto en el Teatro de la Paz, el R\u00e9quiem de Gabriel Faur\u00e9, falleci\u00f3 este s\u00e1bado 19 de abril por problemas card\u00edacos que padec\u00eda; fund\u00f3 y dirigi\u00f3 la Orquesta Sinf\u00f3nica de San Luis Potos\u00ed (OSSLP), promovi\u00f3 la creaci\u00f3n de coros y dio un nuevo impulso a la tradici\u00f3n orquestal que ha distinguido a la entidad.<\/p>\n\n\n\n<p>Nacido en la capital potosina en 1959, en el barrio de San Miguelito, creci\u00f3 en una casa de la calle de 5 de Mayo, entre Pascual M. Hern\u00e1ndez y Miguel Barrag\u00e1n, de una familia numerosa con talento y vocaci\u00f3n por la m\u00fasica; estudi\u00f3 en el Conservatorio de la Ciudad de M\u00e9xico y despu\u00e9s en la entonces Uni\u00f3n Sovi\u00e9tica de Rep\u00fablicas Socialistas.<\/p>\n\n\n\n<p>Regres\u00f3 a San Luis Potos\u00ed y en el 2000 present\u00f3 a la Orquesta Sinf\u00f3nica de San Luis Potos\u00ed en la Catedral la Pasi\u00f3n seg\u00fan San Mateo, de Johann Sebastian Bach, una obra de m\u00e1s tres horas de duraci\u00f3n y con una asistencia nutrida, ese d\u00eda Miramontes Zapata hizo realidad su sue\u00f1o de dirigir una orquesta en su tierra natal, la conform\u00f3 con m\u00fasicos locales y extranjeros.<\/p>\n\n\n\n<p>Cosech\u00f3 muchos triunfos con la OSSLP, con la que realiz\u00f3 varias giras en M\u00e9xico y en Europa, grab\u00f3 varios discos, rescat\u00f3 obras de Juli\u00e1n Carrillo y particip\u00f3 en festivales, logr\u00f3 involucrar al sector privado para que contribuyera con el Gobierno Estatal al financiamiento de los conciertos y llevar la m\u00fasica a todos los municipios potosinos; siempre tuvo un marcado perfil social al simpatizar con movimientos sociales y de defensa del medioambiente.<\/p>\n\n\n\n<p>Este lunes 21 de abril a las 13:00 horas el maestro Miramontes Zapata recibir\u00e1 del Gobierno Estatal y la comunidad art\u00edstica y cultural un homenaje de cuerpo presente a su legado art\u00edstico en el Teatro de la Paz, recinto donde m\u00e1s de dos d\u00e9cadas se present\u00f3 con un amplio reportorio. Descanse en paz.<\/p>\n","protected":false},"excerpt":{"rendered":"<p>Este lunes 21 de abril a las 13:00 horas recibir\u00e1 un homenaje de cuerpo presente en el Teatro de la<\/p>\n","protected":false},"author":2,"featured_media":11823,"comment_status":"closed","ping_status":"closed","sticky":false,"template":"","format":"standard","meta":{"footnotes":""},"categories":[25],"tags":[],"class_list":["post-11822","post","type-post","status-publish","format-standard","has-post-thumbnail","hentry","category-local"],"yoast_head":"<!-- This site is optimized with the Yoast SEO plugin v24.1 - https:\/\/yoast.com\/wordpress\/plugins\/seo\/ -->\n<title>Homenaje al maestro Miramontes en el Teatro\u00a0 De \u00a0La Paz - sanluisinforma.com<\/title>\n<meta name=\"robots\" content=\"index, follow, max-snippet:-1, max-image-preview:large, max-video-preview:-1\" \/>\n<link rel=\"canonical\" href=\"https:\/\/sanluisinforma.com\/?p=11822\" \/>\n<meta property=\"og:locale\" content=\"es_MX\" \/>\n<meta property=\"og:type\" content=\"article\" \/>\n<meta property=\"og:title\" content=\"Homenaje al maestro Miramontes en el Teatro\u00a0 De \u00a0La Paz - sanluisinforma.com\" \/>\n<meta property=\"og:description\" content=\"Este lunes 21 de abril a las 13:00 horas recibir\u00e1 un homenaje de cuerpo presente en el Teatro de la\" \/>\n<meta property=\"og:url\" content=\"https:\/\/sanluisinforma.com\/?p=11822\" \/>\n<meta property=\"og:site_name\" content=\"sanluisinforma.com\" \/>\n<meta property=\"article:published_time\" content=\"2025-04-21T06:40:00+00:00\" \/>\n<meta property=\"article:modified_time\" content=\"2025-04-21T01:25:28+00:00\" \/>\n<meta property=\"og:image\" content=\"https:\/\/sanluisinforma.com\/wp-content\/uploads\/2025\/04\/16df1ebe-b211-4035-9d89-d8f5ec8705d8.jpg\" \/>\n\t<meta property=\"og:image:width\" content=\"400\" \/>\n\t<meta property=\"og:image:height\" content=\"266\" \/>\n\t<meta property=\"og:image:type\" content=\"image\/jpeg\" \/>\n<meta name=\"author\" content=\"sanluisinforma.com\" \/>\n<meta name=\"twitter:card\" content=\"summary_large_image\" \/>\n<meta name=\"twitter:label1\" content=\"Escrito por\" \/>\n\t<meta name=\"twitter:data1\" content=\"sanluisinforma.com\" \/>\n\t<meta name=\"twitter:label2\" content=\"Tiempo de lectura\" \/>\n\t<meta name=\"twitter:data2\" content=\"2 minutos\" \/>\n<script type=\"application\/ld+json\" class=\"yoast-schema-graph\">{\"@context\":\"https:\/\/schema.org\",\"@graph\":[{\"@type\":\"Article\",\"@id\":\"https:\/\/sanluisinforma.com\/?p=11822#article\",\"isPartOf\":{\"@id\":\"https:\/\/sanluisinforma.com\/?p=11822\"},\"author\":{\"name\":\"sanluisinforma.com\",\"@id\":\"https:\/\/sanluisinforma.com\/#\/schema\/person\/c30648f71476be533b6f59d092905c8b\"},\"headline\":\"Homenaje al maestro Miramontes en el Teatro\u00a0 De \u00a0La Paz\",\"datePublished\":\"2025-04-21T06:40:00+00:00\",\"dateModified\":\"2025-04-21T01:25:28+00:00\",\"mainEntityOfPage\":{\"@id\":\"https:\/\/sanluisinforma.com\/?p=11822\"},\"wordCount\":371,\"publisher\":{\"@id\":\"https:\/\/sanluisinforma.com\/#organization\"},\"image\":{\"@id\":\"https:\/\/sanluisinforma.com\/?p=11822#primaryimage\"},\"thumbnailUrl\":\"https:\/\/sanluisinforma.com\/wp-content\/uploads\/2025\/04\/16df1ebe-b211-4035-9d89-d8f5ec8705d8.jpg\",\"articleSection\":[\"Local\"],\"inLanguage\":\"es\"},{\"@type\":\"WebPage\",\"@id\":\"https:\/\/sanluisinforma.com\/?p=11822\",\"url\":\"https:\/\/sanluisinforma.com\/?p=11822\",\"name\":\"Homenaje al maestro Miramontes en el Teatro\u00a0 De \u00a0La Paz - sanluisinforma.com\",\"isPartOf\":{\"@id\":\"https:\/\/sanluisinforma.com\/#website\"},\"primaryImageOfPage\":{\"@id\":\"https:\/\/sanluisinforma.com\/?p=11822#primaryimage\"},\"image\":{\"@id\":\"https:\/\/sanluisinforma.com\/?p=11822#primaryimage\"},\"thumbnailUrl\":\"https:\/\/sanluisinforma.com\/wp-content\/uploads\/2025\/04\/16df1ebe-b211-4035-9d89-d8f5ec8705d8.jpg\",\"datePublished\":\"2025-04-21T06:40:00+00:00\",\"dateModified\":\"2025-04-21T01:25:28+00:00\",\"breadcrumb\":{\"@id\":\"https:\/\/sanluisinforma.com\/?p=11822#breadcrumb\"},\"inLanguage\":\"es\",\"potentialAction\":[{\"@type\":\"ReadAction\",\"target\":[\"https:\/\/sanluisinforma.com\/?p=11822\"]}]},{\"@type\":\"ImageObject\",\"inLanguage\":\"es\",\"@id\":\"https:\/\/sanluisinforma.com\/?p=11822#primaryimage\",\"url\":\"https:\/\/sanluisinforma.com\/wp-content\/uploads\/2025\/04\/16df1ebe-b211-4035-9d89-d8f5ec8705d8.jpg\",\"contentUrl\":\"https:\/\/sanluisinforma.com\/wp-content\/uploads\/2025\/04\/16df1ebe-b211-4035-9d89-d8f5ec8705d8.jpg\",\"width\":400,\"height\":266},{\"@type\":\"BreadcrumbList\",\"@id\":\"https:\/\/sanluisinforma.com\/?p=11822#breadcrumb\",\"itemListElement\":[{\"@type\":\"ListItem\",\"position\":1,\"name\":\"Inicio\",\"item\":\"https:\/\/sanluisinforma.com\/\"},{\"@type\":\"ListItem\",\"position\":2,\"name\":\"Homenaje al maestro Miramontes en el Teatro\u00a0 De \u00a0La Paz\"}]},{\"@type\":\"WebSite\",\"@id\":\"https:\/\/sanluisinforma.com\/#website\",\"url\":\"https:\/\/sanluisinforma.com\/\",\"name\":\"sanluisinforma.com\",\"description\":\"Periodico San Luis Informa\",\"publisher\":{\"@id\":\"https:\/\/sanluisinforma.com\/#organization\"},\"potentialAction\":[{\"@type\":\"SearchAction\",\"target\":{\"@type\":\"EntryPoint\",\"urlTemplate\":\"https:\/\/sanluisinforma.com\/?s={search_term_string}\"},\"query-input\":{\"@type\":\"PropertyValueSpecification\",\"valueRequired\":true,\"valueName\":\"search_term_string\"}}],\"inLanguage\":\"es\"},{\"@type\":\"Organization\",\"@id\":\"https:\/\/sanluisinforma.com\/#organization\",\"name\":\"sanluisinforma.com\",\"url\":\"https:\/\/sanluisinforma.com\/\",\"logo\":{\"@type\":\"ImageObject\",\"inLanguage\":\"es\",\"@id\":\"https:\/\/sanluisinforma.com\/#\/schema\/logo\/image\/\",\"url\":\"https:\/\/sanluisinforma.com\/wp-content\/uploads\/2026\/03\/sanluisinforma-V.jpg\",\"contentUrl\":\"https:\/\/sanluisinforma.com\/wp-content\/uploads\/2026\/03\/sanluisinforma-V.jpg\",\"width\":500,\"height\":156,\"caption\":\"sanluisinforma.com\"},\"image\":{\"@id\":\"https:\/\/sanluisinforma.com\/#\/schema\/logo\/image\/\"}},{\"@type\":\"Person\",\"@id\":\"https:\/\/sanluisinforma.com\/#\/schema\/person\/c30648f71476be533b6f59d092905c8b\",\"name\":\"sanluisinforma.com\",\"image\":{\"@type\":\"ImageObject\",\"inLanguage\":\"es\",\"@id\":\"https:\/\/sanluisinforma.com\/#\/schema\/person\/image\/\",\"url\":\"https:\/\/secure.gravatar.com\/avatar\/86e3114e34a1eecefb963e0a02f0093f93b092dddb2fe1517596343751081a87?s=96&d=mm&r=g\",\"contentUrl\":\"https:\/\/secure.gravatar.com\/avatar\/86e3114e34a1eecefb963e0a02f0093f93b092dddb2fe1517596343751081a87?s=96&d=mm&r=g\",\"caption\":\"sanluisinforma.com\"},\"url\":\"https:\/\/sanluisinforma.com\/?author=2\"}]}<\/script>\n<!-- \/ Yoast SEO plugin. -->","yoast_head_json":{"title":"Homenaje al maestro Miramontes en el Teatro\u00a0 De \u00a0La Paz - sanluisinforma.com","robots":{"index":"index","follow":"follow","max-snippet":"max-snippet:-1","max-image-preview":"max-image-preview:large","max-video-preview":"max-video-preview:-1"},"canonical":"https:\/\/sanluisinforma.com\/?p=11822","og_locale":"es_MX","og_type":"article","og_title":"Homenaje al maestro Miramontes en el Teatro\u00a0 De \u00a0La Paz - sanluisinforma.com","og_description":"Este lunes 21 de abril a las 13:00 horas recibir\u00e1 un homenaje de cuerpo presente en el Teatro de la","og_url":"https:\/\/sanluisinforma.com\/?p=11822","og_site_name":"sanluisinforma.com","article_published_time":"2025-04-21T06:40:00+00:00","article_modified_time":"2025-04-21T01:25:28+00:00","og_image":[{"width":400,"height":266,"url":"https:\/\/sanluisinforma.com\/wp-content\/uploads\/2025\/04\/16df1ebe-b211-4035-9d89-d8f5ec8705d8.jpg","type":"image\/jpeg"}],"author":"sanluisinforma.com","twitter_card":"summary_large_image","twitter_misc":{"Escrito por":"sanluisinforma.com","Tiempo de lectura":"2 minutos"},"schema":{"@context":"https:\/\/schema.org","@graph":[{"@type":"Article","@id":"https:\/\/sanluisinforma.com\/?p=11822#article","isPartOf":{"@id":"https:\/\/sanluisinforma.com\/?p=11822"},"author":{"name":"sanluisinforma.com","@id":"https:\/\/sanluisinforma.com\/#\/schema\/person\/c30648f71476be533b6f59d092905c8b"},"headline":"Homenaje al maestro Miramontes en el Teatro\u00a0 De \u00a0La Paz","datePublished":"2025-04-21T06:40:00+00:00","dateModified":"2025-04-21T01:25:28+00:00","mainEntityOfPage":{"@id":"https:\/\/sanluisinforma.com\/?p=11822"},"wordCount":371,"publisher":{"@id":"https:\/\/sanluisinforma.com\/#organization"},"image":{"@id":"https:\/\/sanluisinforma.com\/?p=11822#primaryimage"},"thumbnailUrl":"https:\/\/sanluisinforma.com\/wp-content\/uploads\/2025\/04\/16df1ebe-b211-4035-9d89-d8f5ec8705d8.jpg","articleSection":["Local"],"inLanguage":"es"},{"@type":"WebPage","@id":"https:\/\/sanluisinforma.com\/?p=11822","url":"https:\/\/sanluisinforma.com\/?p=11822","name":"Homenaje al maestro Miramontes en el Teatro\u00a0 De \u00a0La Paz - sanluisinforma.com","isPartOf":{"@id":"https:\/\/sanluisinforma.com\/#website"},"primaryImageOfPage":{"@id":"https:\/\/sanluisinforma.com\/?p=11822#primaryimage"},"image":{"@id":"https:\/\/sanluisinforma.com\/?p=11822#primaryimage"},"thumbnailUrl":"https:\/\/sanluisinforma.com\/wp-content\/uploads\/2025\/04\/16df1ebe-b211-4035-9d89-d8f5ec8705d8.jpg","datePublished":"2025-04-21T06:40:00+00:00","dateModified":"2025-04-21T01:25:28+00:00","breadcrumb":{"@id":"https:\/\/sanluisinforma.com\/?p=11822#breadcrumb"},"inLanguage":"es","potentialAction":[{"@type":"ReadAction","target":["https:\/\/sanluisinforma.com\/?p=11822"]}]},{"@type":"ImageObject","inLanguage":"es","@id":"https:\/\/sanluisinforma.com\/?p=11822#primaryimage","url":"https:\/\/sanluisinforma.com\/wp-content\/uploads\/2025\/04\/16df1ebe-b211-4035-9d89-d8f5ec8705d8.jpg","contentUrl":"https:\/\/sanluisinforma.com\/wp-content\/uploads\/2025\/04\/16df1ebe-b211-4035-9d89-d8f5ec8705d8.jpg","width":400,"height":266},{"@type":"BreadcrumbList","@id":"https:\/\/sanluisinforma.com\/?p=11822#breadcrumb","itemListElement":[{"@type":"ListItem","position":1,"name":"Inicio","item":"https:\/\/sanluisinforma.com\/"},{"@type":"ListItem","position":2,"name":"Homenaje al maestro Miramontes en el Teatro\u00a0 De \u00a0La Paz"}]},{"@type":"WebSite","@id":"https:\/\/sanluisinforma.com\/#website","url":"https:\/\/sanluisinforma.com\/","name":"sanluisinforma.com","description":"Periodico San Luis Informa","publisher":{"@id":"https:\/\/sanluisinforma.com\/#organization"},"potentialAction":[{"@type":"SearchAction","target":{"@type":"EntryPoint","urlTemplate":"https:\/\/sanluisinforma.com\/?s={search_term_string}"},"query-input":{"@type":"PropertyValueSpecification","valueRequired":true,"valueName":"search_term_string"}}],"inLanguage":"es"},{"@type":"Organization","@id":"https:\/\/sanluisinforma.com\/#organization","name":"sanluisinforma.com","url":"https:\/\/sanluisinforma.com\/","logo":{"@type":"ImageObject","inLanguage":"es","@id":"https:\/\/sanluisinforma.com\/#\/schema\/logo\/image\/","url":"https:\/\/sanluisinforma.com\/wp-content\/uploads\/2026\/03\/sanluisinforma-V.jpg","contentUrl":"https:\/\/sanluisinforma.com\/wp-content\/uploads\/2026\/03\/sanluisinforma-V.jpg","width":500,"height":156,"caption":"sanluisinforma.com"},"image":{"@id":"https:\/\/sanluisinforma.com\/#\/schema\/logo\/image\/"}},{"@type":"Person","@id":"https:\/\/sanluisinforma.com\/#\/schema\/person\/c30648f71476be533b6f59d092905c8b","name":"sanluisinforma.com","image":{"@type":"ImageObject","inLanguage":"es","@id":"https:\/\/sanluisinforma.com\/#\/schema\/person\/image\/","url":"https:\/\/secure.gravatar.com\/avatar\/86e3114e34a1eecefb963e0a02f0093f93b092dddb2fe1517596343751081a87?s=96&d=mm&r=g","contentUrl":"https:\/\/secure.gravatar.com\/avatar\/86e3114e34a1eecefb963e0a02f0093f93b092dddb2fe1517596343751081a87?s=96&d=mm&r=g","caption":"sanluisinforma.com"},"url":"https:\/\/sanluisinforma.com\/?author=2"}]}},"_links":{"self":[{"href":"https:\/\/sanluisinforma.com\/index.php?rest_route=\/wp\/v2\/posts\/11822","targetHints":{"allow":["GET"]}}],"collection":[{"href":"https:\/\/sanluisinforma.com\/index.php?rest_route=\/wp\/v2\/posts"}],"about":[{"href":"https:\/\/sanluisinforma.com\/index.php?rest_route=\/wp\/v2\/types\/post"}],"author":[{"embeddable":true,"href":"https:\/\/sanluisinforma.com\/index.php?rest_route=\/wp\/v2\/users\/2"}],"replies":[{"embeddable":true,"href":"https:\/\/sanluisinforma.com\/index.php?rest_route=%2Fwp%2Fv2%2Fcomments&post=11822"}],"version-history":[{"count":1,"href":"https:\/\/sanluisinforma.com\/index.php?rest_route=\/wp\/v2\/posts\/11822\/revisions"}],"predecessor-version":[{"id":11824,"href":"https:\/\/sanluisinforma.com\/index.php?rest_route=\/wp\/v2\/posts\/11822\/revisions\/11824"}],"wp:featuredmedia":[{"embeddable":true,"href":"https:\/\/sanluisinforma.com\/index.php?rest_route=\/wp\/v2\/media\/11823"}],"wp:attachment":[{"href":"https:\/\/sanluisinforma.com\/index.php?rest_route=%2Fwp%2Fv2%2Fmedia&parent=11822"}],"wp:term":[{"taxonomy":"category","embeddable":true,"href":"https:\/\/sanluisinforma.com\/index.php?rest_route=%2Fwp%2Fv2%2Fcategories&post=11822"},{"taxonomy":"post_tag","embeddable":true,"href":"https:\/\/sanluisinforma.com\/index.php?rest_route=%2Fwp%2Fv2%2Ftags&post=11822"}],"curies":[{"name":"wp","href":"https:\/\/api.w.org\/{rel}","templated":true}]}}