{"id":11855,"date":"2025-04-23T00:50:00","date_gmt":"2025-04-23T06:50:00","guid":{"rendered":"https:\/\/sanluisinforma.com\/?p=11855"},"modified":"2025-04-22T18:57:40","modified_gmt":"2025-04-23T00:57:40","slug":"san-luis-capital-registra-su-cifra-mas-baja-de-homicidios-en-8-anos","status":"publish","type":"post","link":"https:\/\/sanluisinforma.com\/?p=11855","title":{"rendered":"San Luis Capital registra su cifra m\u00e1s baja de homicidios en 8 a\u00f1os"},"content":{"rendered":"\n<ul class=\"wp-block-list\">\n<li>La incidencia delictiva total disminuy\u00f3 5.4% en el primer trimestre de 2025, mientras que el robo con violencia alcanz\u00f3 su nivel m\u00e1s bajo en cuatro a\u00f1os.<\/li>\n<\/ul>\n\n\n\n<p><\/p>\n\n\n\n<p>De acuerdo con datos del Secretariado Ejecutivo del Sistema Nacional de Seguridad P\u00fablica, correspondientes a marzo de 2025, la Capital Potosina registr\u00f3 la cifra m\u00e1s baja de homicidios dolosos en ocho a\u00f1os, con solo siete carpetas de investigaci\u00f3n abiertas. Este delito tuvo una disminuci\u00f3n del 41.7% respecto al mes anterior.<\/p>\n\n\n\n<p>Adem\u00e1s, el robo con violencia tambi\u00e9n present\u00f3 una baja significativa, con 159 carpetas de investigaci\u00f3n en marzo, lo que representa la cifra m\u00e1s baja en los \u00faltimos cuatro a\u00f1os y una reducci\u00f3n del 29.6% en comparaci\u00f3n con febrero de 2025.<\/p>\n\n\n\n<p>La incidencia delictiva total en San Luis Capital baj\u00f3 5.4% al comparar el periodo enero-marzo de 2025 con el mismo periodo de 2024. Tambi\u00e9n se reportaron disminuciones en otros delitos patrimoniales: el robo a negocio baj\u00f3 27.1% y el robo a casa habitaci\u00f3n cay\u00f3 17.2% de febrero a marzo. Estos datos reflejan una tendencia sostenida a la baja en la criminalidad en la ciudad.<\/p>\n\n\n\n<p>Esta tendencia a la baja en la criminalidad es resultado del fortalecimiento de las estrategias de prevenci\u00f3n y proximidad implementadas por la Secretar\u00eda de Seguridad y Protecci\u00f3n Ciudadana de la Capital. Destacan acciones como la conformaci\u00f3n y activaci\u00f3n de Comit\u00e9s de Seguridad y Protecci\u00f3n Ciudadana en colonias y barrios; adem\u00e1s de vigilancia estrat\u00e9gica que ha permitido una respuesta m\u00e1s eficaz ante las denuncias y una mayor presencia policial en zonas prioritarias.<\/p>\n","protected":false},"excerpt":{"rendered":"<p>De acuerdo con datos del Secretariado Ejecutivo del Sistema Nacional de Seguridad P\u00fablica, correspondientes a marzo de 2025, la Capital<\/p>\n","protected":false},"author":2,"featured_media":11856,"comment_status":"closed","ping_status":"closed","sticky":false,"template":"","format":"standard","meta":{"footnotes":""},"categories":[25,30],"tags":[],"class_list":["post-11855","post","type-post","status-publish","format-standard","has-post-thumbnail","hentry","category-local","category-portada"],"yoast_head":"<!-- This site is optimized with the Yoast SEO plugin v24.1 - https:\/\/yoast.com\/wordpress\/plugins\/seo\/ -->\n<title>San Luis Capital registra su cifra m\u00e1s baja de homicidios en 8 a\u00f1os - sanluisinforma.com<\/title>\n<meta name=\"robots\" content=\"index, follow, max-snippet:-1, max-image-preview:large, max-video-preview:-1\" \/>\n<link rel=\"canonical\" href=\"https:\/\/sanluisinforma.com\/?p=11855\" \/>\n<meta property=\"og:locale\" content=\"es_MX\" \/>\n<meta property=\"og:type\" content=\"article\" \/>\n<meta property=\"og:title\" content=\"San Luis Capital registra su cifra m\u00e1s baja de homicidios en 8 a\u00f1os - sanluisinforma.com\" \/>\n<meta property=\"og:description\" content=\"De acuerdo con datos del Secretariado Ejecutivo del Sistema Nacional de Seguridad P\u00fablica, correspondientes a marzo de 2025, la Capital\" \/>\n<meta property=\"og:url\" content=\"https:\/\/sanluisinforma.com\/?p=11855\" \/>\n<meta property=\"og:site_name\" content=\"sanluisinforma.com\" \/>\n<meta property=\"article:published_time\" content=\"2025-04-23T06:50:00+00:00\" \/>\n<meta property=\"article:modified_time\" content=\"2025-04-23T00:57:40+00:00\" \/>\n<meta property=\"og:image\" content=\"https:\/\/sanluisinforma.com\/wp-content\/uploads\/2025\/04\/1df571ba-bdc0-417b-a570-41f9f43870bd.jpg\" \/>\n\t<meta property=\"og:image:width\" content=\"400\" \/>\n\t<meta property=\"og:image:height\" content=\"266\" \/>\n\t<meta property=\"og:image:type\" content=\"image\/jpeg\" \/>\n<meta name=\"author\" content=\"sanluisinforma.com\" \/>\n<meta name=\"twitter:card\" content=\"summary_large_image\" \/>\n<meta name=\"twitter:label1\" content=\"Escrito por\" \/>\n\t<meta name=\"twitter:data1\" content=\"sanluisinforma.com\" \/>\n\t<meta name=\"twitter:label2\" content=\"Tiempo de lectura\" \/>\n\t<meta name=\"twitter:data2\" content=\"2 minutos\" \/>\n<script type=\"application\/ld+json\" class=\"yoast-schema-graph\">{\"@context\":\"https:\/\/schema.org\",\"@graph\":[{\"@type\":\"Article\",\"@id\":\"https:\/\/sanluisinforma.com\/?p=11855#article\",\"isPartOf\":{\"@id\":\"https:\/\/sanluisinforma.com\/?p=11855\"},\"author\":{\"name\":\"sanluisinforma.com\",\"@id\":\"https:\/\/sanluisinforma.com\/#\/schema\/person\/c30648f71476be533b6f59d092905c8b\"},\"headline\":\"San Luis Capital registra su cifra m\u00e1s baja de homicidios en 8 a\u00f1os\",\"datePublished\":\"2025-04-23T06:50:00+00:00\",\"dateModified\":\"2025-04-23T00:57:40+00:00\",\"mainEntityOfPage\":{\"@id\":\"https:\/\/sanluisinforma.com\/?p=11855\"},\"wordCount\":279,\"publisher\":{\"@id\":\"https:\/\/sanluisinforma.com\/#organization\"},\"image\":{\"@id\":\"https:\/\/sanluisinforma.com\/?p=11855#primaryimage\"},\"thumbnailUrl\":\"https:\/\/sanluisinforma.com\/wp-content\/uploads\/2025\/04\/1df571ba-bdc0-417b-a570-41f9f43870bd.jpg\",\"articleSection\":[\"Local\",\"Portada\"],\"inLanguage\":\"es\"},{\"@type\":\"WebPage\",\"@id\":\"https:\/\/sanluisinforma.com\/?p=11855\",\"url\":\"https:\/\/sanluisinforma.com\/?p=11855\",\"name\":\"San Luis Capital registra su cifra m\u00e1s baja de homicidios en 8 a\u00f1os - sanluisinforma.com\",\"isPartOf\":{\"@id\":\"https:\/\/sanluisinforma.com\/#website\"},\"primaryImageOfPage\":{\"@id\":\"https:\/\/sanluisinforma.com\/?p=11855#primaryimage\"},\"image\":{\"@id\":\"https:\/\/sanluisinforma.com\/?p=11855#primaryimage\"},\"thumbnailUrl\":\"https:\/\/sanluisinforma.com\/wp-content\/uploads\/2025\/04\/1df571ba-bdc0-417b-a570-41f9f43870bd.jpg\",\"datePublished\":\"2025-04-23T06:50:00+00:00\",\"dateModified\":\"2025-04-23T00:57:40+00:00\",\"breadcrumb\":{\"@id\":\"https:\/\/sanluisinforma.com\/?p=11855#breadcrumb\"},\"inLanguage\":\"es\",\"potentialAction\":[{\"@type\":\"ReadAction\",\"target\":[\"https:\/\/sanluisinforma.com\/?p=11855\"]}]},{\"@type\":\"ImageObject\",\"inLanguage\":\"es\",\"@id\":\"https:\/\/sanluisinforma.com\/?p=11855#primaryimage\",\"url\":\"https:\/\/sanluisinforma.com\/wp-content\/uploads\/2025\/04\/1df571ba-bdc0-417b-a570-41f9f43870bd.jpg\",\"contentUrl\":\"https:\/\/sanluisinforma.com\/wp-content\/uploads\/2025\/04\/1df571ba-bdc0-417b-a570-41f9f43870bd.jpg\",\"width\":400,\"height\":266},{\"@type\":\"BreadcrumbList\",\"@id\":\"https:\/\/sanluisinforma.com\/?p=11855#breadcrumb\",\"itemListElement\":[{\"@type\":\"ListItem\",\"position\":1,\"name\":\"Inicio\",\"item\":\"https:\/\/sanluisinforma.com\/\"},{\"@type\":\"ListItem\",\"position\":2,\"name\":\"San Luis Capital registra su cifra m\u00e1s baja de homicidios en 8 a\u00f1os\"}]},{\"@type\":\"WebSite\",\"@id\":\"https:\/\/sanluisinforma.com\/#website\",\"url\":\"https:\/\/sanluisinforma.com\/\",\"name\":\"sanluisinforma.com\",\"description\":\"Periodico San Luis Informa\",\"publisher\":{\"@id\":\"https:\/\/sanluisinforma.com\/#organization\"},\"potentialAction\":[{\"@type\":\"SearchAction\",\"target\":{\"@type\":\"EntryPoint\",\"urlTemplate\":\"https:\/\/sanluisinforma.com\/?s={search_term_string}\"},\"query-input\":{\"@type\":\"PropertyValueSpecification\",\"valueRequired\":true,\"valueName\":\"search_term_string\"}}],\"inLanguage\":\"es\"},{\"@type\":\"Organization\",\"@id\":\"https:\/\/sanluisinforma.com\/#organization\",\"name\":\"sanluisinforma.com\",\"url\":\"https:\/\/sanluisinforma.com\/\",\"logo\":{\"@type\":\"ImageObject\",\"inLanguage\":\"es\",\"@id\":\"https:\/\/sanluisinforma.com\/#\/schema\/logo\/image\/\",\"url\":\"https:\/\/sanluisinforma.com\/wp-content\/uploads\/2026\/03\/sanluisinforma-V.jpg\",\"contentUrl\":\"https:\/\/sanluisinforma.com\/wp-content\/uploads\/2026\/03\/sanluisinforma-V.jpg\",\"width\":500,\"height\":156,\"caption\":\"sanluisinforma.com\"},\"image\":{\"@id\":\"https:\/\/sanluisinforma.com\/#\/schema\/logo\/image\/\"}},{\"@type\":\"Person\",\"@id\":\"https:\/\/sanluisinforma.com\/#\/schema\/person\/c30648f71476be533b6f59d092905c8b\",\"name\":\"sanluisinforma.com\",\"image\":{\"@type\":\"ImageObject\",\"inLanguage\":\"es\",\"@id\":\"https:\/\/sanluisinforma.com\/#\/schema\/person\/image\/\",\"url\":\"https:\/\/secure.gravatar.com\/avatar\/86e3114e34a1eecefb963e0a02f0093f93b092dddb2fe1517596343751081a87?s=96&d=mm&r=g\",\"contentUrl\":\"https:\/\/secure.gravatar.com\/avatar\/86e3114e34a1eecefb963e0a02f0093f93b092dddb2fe1517596343751081a87?s=96&d=mm&r=g\",\"caption\":\"sanluisinforma.com\"},\"url\":\"https:\/\/sanluisinforma.com\/?author=2\"}]}<\/script>\n<!-- \/ Yoast SEO plugin. -->","yoast_head_json":{"title":"San Luis Capital registra su cifra m\u00e1s baja de homicidios en 8 a\u00f1os - sanluisinforma.com","robots":{"index":"index","follow":"follow","max-snippet":"max-snippet:-1","max-image-preview":"max-image-preview:large","max-video-preview":"max-video-preview:-1"},"canonical":"https:\/\/sanluisinforma.com\/?p=11855","og_locale":"es_MX","og_type":"article","og_title":"San Luis Capital registra su cifra m\u00e1s baja de homicidios en 8 a\u00f1os - sanluisinforma.com","og_description":"De acuerdo con datos del Secretariado Ejecutivo del Sistema Nacional de Seguridad P\u00fablica, correspondientes a marzo de 2025, la Capital","og_url":"https:\/\/sanluisinforma.com\/?p=11855","og_site_name":"sanluisinforma.com","article_published_time":"2025-04-23T06:50:00+00:00","article_modified_time":"2025-04-23T00:57:40+00:00","og_image":[{"width":400,"height":266,"url":"https:\/\/sanluisinforma.com\/wp-content\/uploads\/2025\/04\/1df571ba-bdc0-417b-a570-41f9f43870bd.jpg","type":"image\/jpeg"}],"author":"sanluisinforma.com","twitter_card":"summary_large_image","twitter_misc":{"Escrito por":"sanluisinforma.com","Tiempo de lectura":"2 minutos"},"schema":{"@context":"https:\/\/schema.org","@graph":[{"@type":"Article","@id":"https:\/\/sanluisinforma.com\/?p=11855#article","isPartOf":{"@id":"https:\/\/sanluisinforma.com\/?p=11855"},"author":{"name":"sanluisinforma.com","@id":"https:\/\/sanluisinforma.com\/#\/schema\/person\/c30648f71476be533b6f59d092905c8b"},"headline":"San Luis Capital registra su cifra m\u00e1s baja de homicidios en 8 a\u00f1os","datePublished":"2025-04-23T06:50:00+00:00","dateModified":"2025-04-23T00:57:40+00:00","mainEntityOfPage":{"@id":"https:\/\/sanluisinforma.com\/?p=11855"},"wordCount":279,"publisher":{"@id":"https:\/\/sanluisinforma.com\/#organization"},"image":{"@id":"https:\/\/sanluisinforma.com\/?p=11855#primaryimage"},"thumbnailUrl":"https:\/\/sanluisinforma.com\/wp-content\/uploads\/2025\/04\/1df571ba-bdc0-417b-a570-41f9f43870bd.jpg","articleSection":["Local","Portada"],"inLanguage":"es"},{"@type":"WebPage","@id":"https:\/\/sanluisinforma.com\/?p=11855","url":"https:\/\/sanluisinforma.com\/?p=11855","name":"San Luis Capital registra su cifra m\u00e1s baja de homicidios en 8 a\u00f1os - sanluisinforma.com","isPartOf":{"@id":"https:\/\/sanluisinforma.com\/#website"},"primaryImageOfPage":{"@id":"https:\/\/sanluisinforma.com\/?p=11855#primaryimage"},"image":{"@id":"https:\/\/sanluisinforma.com\/?p=11855#primaryimage"},"thumbnailUrl":"https:\/\/sanluisinforma.com\/wp-content\/uploads\/2025\/04\/1df571ba-bdc0-417b-a570-41f9f43870bd.jpg","datePublished":"2025-04-23T06:50:00+00:00","dateModified":"2025-04-23T00:57:40+00:00","breadcrumb":{"@id":"https:\/\/sanluisinforma.com\/?p=11855#breadcrumb"},"inLanguage":"es","potentialAction":[{"@type":"ReadAction","target":["https:\/\/sanluisinforma.com\/?p=11855"]}]},{"@type":"ImageObject","inLanguage":"es","@id":"https:\/\/sanluisinforma.com\/?p=11855#primaryimage","url":"https:\/\/sanluisinforma.com\/wp-content\/uploads\/2025\/04\/1df571ba-bdc0-417b-a570-41f9f43870bd.jpg","contentUrl":"https:\/\/sanluisinforma.com\/wp-content\/uploads\/2025\/04\/1df571ba-bdc0-417b-a570-41f9f43870bd.jpg","width":400,"height":266},{"@type":"BreadcrumbList","@id":"https:\/\/sanluisinforma.com\/?p=11855#breadcrumb","itemListElement":[{"@type":"ListItem","position":1,"name":"Inicio","item":"https:\/\/sanluisinforma.com\/"},{"@type":"ListItem","position":2,"name":"San Luis Capital registra su cifra m\u00e1s baja de homicidios en 8 a\u00f1os"}]},{"@type":"WebSite","@id":"https:\/\/sanluisinforma.com\/#website","url":"https:\/\/sanluisinforma.com\/","name":"sanluisinforma.com","description":"Periodico San Luis Informa","publisher":{"@id":"https:\/\/sanluisinforma.com\/#organization"},"potentialAction":[{"@type":"SearchAction","target":{"@type":"EntryPoint","urlTemplate":"https:\/\/sanluisinforma.com\/?s={search_term_string}"},"query-input":{"@type":"PropertyValueSpecification","valueRequired":true,"valueName":"search_term_string"}}],"inLanguage":"es"},{"@type":"Organization","@id":"https:\/\/sanluisinforma.com\/#organization","name":"sanluisinforma.com","url":"https:\/\/sanluisinforma.com\/","logo":{"@type":"ImageObject","inLanguage":"es","@id":"https:\/\/sanluisinforma.com\/#\/schema\/logo\/image\/","url":"https:\/\/sanluisinforma.com\/wp-content\/uploads\/2026\/03\/sanluisinforma-V.jpg","contentUrl":"https:\/\/sanluisinforma.com\/wp-content\/uploads\/2026\/03\/sanluisinforma-V.jpg","width":500,"height":156,"caption":"sanluisinforma.com"},"image":{"@id":"https:\/\/sanluisinforma.com\/#\/schema\/logo\/image\/"}},{"@type":"Person","@id":"https:\/\/sanluisinforma.com\/#\/schema\/person\/c30648f71476be533b6f59d092905c8b","name":"sanluisinforma.com","image":{"@type":"ImageObject","inLanguage":"es","@id":"https:\/\/sanluisinforma.com\/#\/schema\/person\/image\/","url":"https:\/\/secure.gravatar.com\/avatar\/86e3114e34a1eecefb963e0a02f0093f93b092dddb2fe1517596343751081a87?s=96&d=mm&r=g","contentUrl":"https:\/\/secure.gravatar.com\/avatar\/86e3114e34a1eecefb963e0a02f0093f93b092dddb2fe1517596343751081a87?s=96&d=mm&r=g","caption":"sanluisinforma.com"},"url":"https:\/\/sanluisinforma.com\/?author=2"}]}},"_links":{"self":[{"href":"https:\/\/sanluisinforma.com\/index.php?rest_route=\/wp\/v2\/posts\/11855","targetHints":{"allow":["GET"]}}],"collection":[{"href":"https:\/\/sanluisinforma.com\/index.php?rest_route=\/wp\/v2\/posts"}],"about":[{"href":"https:\/\/sanluisinforma.com\/index.php?rest_route=\/wp\/v2\/types\/post"}],"author":[{"embeddable":true,"href":"https:\/\/sanluisinforma.com\/index.php?rest_route=\/wp\/v2\/users\/2"}],"replies":[{"embeddable":true,"href":"https:\/\/sanluisinforma.com\/index.php?rest_route=%2Fwp%2Fv2%2Fcomments&post=11855"}],"version-history":[{"count":1,"href":"https:\/\/sanluisinforma.com\/index.php?rest_route=\/wp\/v2\/posts\/11855\/revisions"}],"predecessor-version":[{"id":11857,"href":"https:\/\/sanluisinforma.com\/index.php?rest_route=\/wp\/v2\/posts\/11855\/revisions\/11857"}],"wp:featuredmedia":[{"embeddable":true,"href":"https:\/\/sanluisinforma.com\/index.php?rest_route=\/wp\/v2\/media\/11856"}],"wp:attachment":[{"href":"https:\/\/sanluisinforma.com\/index.php?rest_route=%2Fwp%2Fv2%2Fmedia&parent=11855"}],"wp:term":[{"taxonomy":"category","embeddable":true,"href":"https:\/\/sanluisinforma.com\/index.php?rest_route=%2Fwp%2Fv2%2Fcategories&post=11855"},{"taxonomy":"post_tag","embeddable":true,"href":"https:\/\/sanluisinforma.com\/index.php?rest_route=%2Fwp%2Fv2%2Ftags&post=11855"}],"curies":[{"name":"wp","href":"https:\/\/api.w.org\/{rel}","templated":true}]}}