{"id":11878,"date":"2025-04-24T00:50:00","date_gmt":"2025-04-24T06:50:00","guid":{"rendered":"https:\/\/sanluisinforma.com\/?p=11878"},"modified":"2025-04-23T18:05:44","modified_gmt":"2025-04-24T00:05:44","slug":"con-capital-al-100-gobierno-de-la-capital-mejora-jardines-del-barrio-de-san-miguelito","status":"publish","type":"post","link":"https:\/\/sanluisinforma.com\/?p=11878","title":{"rendered":"Con Capital al 100, Gobierno de la Capital mejora jardines del barrio de San Miguelito"},"content":{"rendered":"\n<ul class=\"wp-block-list\">\n<li>Alcalde Enrique Galindo encabez\u00f3 acciones de remozamiento de los espacios de convivencia de Carlos Diez Guti\u00e9rrez, Justo Corro y el jard\u00edn de la Rosa; hoy los espacios lucen cuidados, bien se\u00f1alizados con pintura, sin baches en calles circundantes y con nuevos colores en las fachadas de los alrededores.<\/li>\n<\/ul>\n\n\n\n<p><\/p>\n\n\n\n<p>Este martes, el jard\u00edn ubicado en las calles Carlos Diez Guti\u00e9rrez y Zamarripa del barrio de San Miguelito, fue el punto de reuni\u00f3n entre el Alcalde Enrique Galindo Ceballos, miembros del Cabildo y del Gabinete y vecinas y vecinos, para entregar a la comunidad los espacios de convivencia transformados en esta zona de la ciudad, entre los que se ubica un parque en la calle Justo Corro y el jard\u00edn de la Rosa.<\/p>\n\n\n\n<p>El Alcalde Enrique Galindo Ceballos instruy\u00f3 que se implemente el Alumbrado T\u00e1ctico en la zona, con reflectores que aumenten la capacidad de luz. Agreg\u00f3: \u201cestamos cumpliendo el objetivo de Capital al 100, ir a donde no hemos ido y regresar a donde ya estuvimos para revisar que el trabajo se haya hecho bien, como es el caso de hoy, porque queremos ver a la gente contenta y satisfecha\u201d, expres\u00f3.<\/p>\n\n\n\n<p>Christian Azuara Azuara, Director de Servicios Municipales, expuso que tambi\u00e9n se sustituir\u00e1n dos \u00e1rboles que presentan riesgo de caer, con cuatro especies nuevas. Mencion\u00f3 que la jornada de este d\u00eda corri\u00f3 con la anfitrion\u00eda de la Direcci\u00f3n de Parqu\u00edmetros que se sum\u00f3 a la tarea de embellecimiento de San Luis Capital.<\/p>\n\n\n\n<p>Faldeo de \u00e1rboles, la plantaci\u00f3n de una nueva palmera, pintura de banquetas, guarniciones, rampas para personas con discapacidad y fachadas; adem\u00e1s de la rehabilitaci\u00f3n de la caseta de vigilancia y bacheo en calles circundantes, fueron las acciones que cambiaron el rostro a los jardines p\u00fablicos del emblem\u00e1tico barrio de la ciudad.<\/p>\n","protected":false},"excerpt":{"rendered":"<p>Este martes, el jard\u00edn ubicado en las calles Carlos Diez Guti\u00e9rrez y Zamarripa del barrio de San Miguelito, fue el<\/p>\n","protected":false},"author":2,"featured_media":11879,"comment_status":"closed","ping_status":"closed","sticky":false,"template":"","format":"standard","meta":{"footnotes":""},"categories":[25,30],"tags":[],"class_list":["post-11878","post","type-post","status-publish","format-standard","has-post-thumbnail","hentry","category-local","category-portada"],"yoast_head":"<!-- This site is optimized with the Yoast SEO plugin v24.1 - https:\/\/yoast.com\/wordpress\/plugins\/seo\/ -->\n<title>Con Capital al 100, Gobierno de la Capital mejora jardines del barrio de San Miguelito - sanluisinforma.com<\/title>\n<meta name=\"robots\" content=\"index, follow, max-snippet:-1, max-image-preview:large, max-video-preview:-1\" \/>\n<link rel=\"canonical\" href=\"https:\/\/sanluisinforma.com\/?p=11878\" \/>\n<meta property=\"og:locale\" content=\"es_MX\" \/>\n<meta property=\"og:type\" content=\"article\" \/>\n<meta property=\"og:title\" content=\"Con Capital al 100, Gobierno de la Capital mejora jardines del barrio de San Miguelito - sanluisinforma.com\" \/>\n<meta property=\"og:description\" content=\"Este martes, el jard\u00edn ubicado en las calles Carlos Diez Guti\u00e9rrez y Zamarripa del barrio de San Miguelito, fue el\" \/>\n<meta property=\"og:url\" content=\"https:\/\/sanluisinforma.com\/?p=11878\" \/>\n<meta property=\"og:site_name\" content=\"sanluisinforma.com\" \/>\n<meta property=\"article:published_time\" content=\"2025-04-24T06:50:00+00:00\" \/>\n<meta property=\"article:modified_time\" content=\"2025-04-24T00:05:44+00:00\" \/>\n<meta property=\"og:image\" content=\"https:\/\/sanluisinforma.com\/wp-content\/uploads\/2025\/04\/a534813a-71f8-48bc-aa93-e83db14980f3.jpg\" \/>\n\t<meta property=\"og:image:width\" content=\"400\" \/>\n\t<meta property=\"og:image:height\" content=\"266\" \/>\n\t<meta property=\"og:image:type\" content=\"image\/jpeg\" \/>\n<meta name=\"author\" content=\"sanluisinforma.com\" \/>\n<meta name=\"twitter:card\" content=\"summary_large_image\" \/>\n<meta name=\"twitter:label1\" content=\"Escrito por\" \/>\n\t<meta name=\"twitter:data1\" content=\"sanluisinforma.com\" \/>\n\t<meta name=\"twitter:label2\" content=\"Tiempo de lectura\" \/>\n\t<meta name=\"twitter:data2\" content=\"2 minutos\" \/>\n<script type=\"application\/ld+json\" class=\"yoast-schema-graph\">{\"@context\":\"https:\/\/schema.org\",\"@graph\":[{\"@type\":\"Article\",\"@id\":\"https:\/\/sanluisinforma.com\/?p=11878#article\",\"isPartOf\":{\"@id\":\"https:\/\/sanluisinforma.com\/?p=11878\"},\"author\":{\"name\":\"sanluisinforma.com\",\"@id\":\"https:\/\/sanluisinforma.com\/#\/schema\/person\/c30648f71476be533b6f59d092905c8b\"},\"headline\":\"Con Capital al 100, Gobierno de la Capital mejora jardines del barrio de San Miguelito\",\"datePublished\":\"2025-04-24T06:50:00+00:00\",\"dateModified\":\"2025-04-24T00:05:44+00:00\",\"mainEntityOfPage\":{\"@id\":\"https:\/\/sanluisinforma.com\/?p=11878\"},\"wordCount\":324,\"publisher\":{\"@id\":\"https:\/\/sanluisinforma.com\/#organization\"},\"image\":{\"@id\":\"https:\/\/sanluisinforma.com\/?p=11878#primaryimage\"},\"thumbnailUrl\":\"https:\/\/sanluisinforma.com\/wp-content\/uploads\/2025\/04\/a534813a-71f8-48bc-aa93-e83db14980f3.jpg\",\"articleSection\":[\"Local\",\"Portada\"],\"inLanguage\":\"es\"},{\"@type\":\"WebPage\",\"@id\":\"https:\/\/sanluisinforma.com\/?p=11878\",\"url\":\"https:\/\/sanluisinforma.com\/?p=11878\",\"name\":\"Con Capital al 100, Gobierno de la Capital mejora jardines del barrio de San Miguelito - sanluisinforma.com\",\"isPartOf\":{\"@id\":\"https:\/\/sanluisinforma.com\/#website\"},\"primaryImageOfPage\":{\"@id\":\"https:\/\/sanluisinforma.com\/?p=11878#primaryimage\"},\"image\":{\"@id\":\"https:\/\/sanluisinforma.com\/?p=11878#primaryimage\"},\"thumbnailUrl\":\"https:\/\/sanluisinforma.com\/wp-content\/uploads\/2025\/04\/a534813a-71f8-48bc-aa93-e83db14980f3.jpg\",\"datePublished\":\"2025-04-24T06:50:00+00:00\",\"dateModified\":\"2025-04-24T00:05:44+00:00\",\"breadcrumb\":{\"@id\":\"https:\/\/sanluisinforma.com\/?p=11878#breadcrumb\"},\"inLanguage\":\"es\",\"potentialAction\":[{\"@type\":\"ReadAction\",\"target\":[\"https:\/\/sanluisinforma.com\/?p=11878\"]}]},{\"@type\":\"ImageObject\",\"inLanguage\":\"es\",\"@id\":\"https:\/\/sanluisinforma.com\/?p=11878#primaryimage\",\"url\":\"https:\/\/sanluisinforma.com\/wp-content\/uploads\/2025\/04\/a534813a-71f8-48bc-aa93-e83db14980f3.jpg\",\"contentUrl\":\"https:\/\/sanluisinforma.com\/wp-content\/uploads\/2025\/04\/a534813a-71f8-48bc-aa93-e83db14980f3.jpg\",\"width\":400,\"height\":266},{\"@type\":\"BreadcrumbList\",\"@id\":\"https:\/\/sanluisinforma.com\/?p=11878#breadcrumb\",\"itemListElement\":[{\"@type\":\"ListItem\",\"position\":1,\"name\":\"Inicio\",\"item\":\"https:\/\/sanluisinforma.com\/\"},{\"@type\":\"ListItem\",\"position\":2,\"name\":\"Con Capital al 100, Gobierno de la Capital mejora jardines del barrio de San Miguelito\"}]},{\"@type\":\"WebSite\",\"@id\":\"https:\/\/sanluisinforma.com\/#website\",\"url\":\"https:\/\/sanluisinforma.com\/\",\"name\":\"sanluisinforma.com\",\"description\":\"Periodico San Luis Informa\",\"publisher\":{\"@id\":\"https:\/\/sanluisinforma.com\/#organization\"},\"potentialAction\":[{\"@type\":\"SearchAction\",\"target\":{\"@type\":\"EntryPoint\",\"urlTemplate\":\"https:\/\/sanluisinforma.com\/?s={search_term_string}\"},\"query-input\":{\"@type\":\"PropertyValueSpecification\",\"valueRequired\":true,\"valueName\":\"search_term_string\"}}],\"inLanguage\":\"es\"},{\"@type\":\"Organization\",\"@id\":\"https:\/\/sanluisinforma.com\/#organization\",\"name\":\"sanluisinforma.com\",\"url\":\"https:\/\/sanluisinforma.com\/\",\"logo\":{\"@type\":\"ImageObject\",\"inLanguage\":\"es\",\"@id\":\"https:\/\/sanluisinforma.com\/#\/schema\/logo\/image\/\",\"url\":\"https:\/\/sanluisinforma.com\/wp-content\/uploads\/2026\/03\/sanluisinforma-V.jpg\",\"contentUrl\":\"https:\/\/sanluisinforma.com\/wp-content\/uploads\/2026\/03\/sanluisinforma-V.jpg\",\"width\":500,\"height\":156,\"caption\":\"sanluisinforma.com\"},\"image\":{\"@id\":\"https:\/\/sanluisinforma.com\/#\/schema\/logo\/image\/\"}},{\"@type\":\"Person\",\"@id\":\"https:\/\/sanluisinforma.com\/#\/schema\/person\/c30648f71476be533b6f59d092905c8b\",\"name\":\"sanluisinforma.com\",\"image\":{\"@type\":\"ImageObject\",\"inLanguage\":\"es\",\"@id\":\"https:\/\/sanluisinforma.com\/#\/schema\/person\/image\/\",\"url\":\"https:\/\/secure.gravatar.com\/avatar\/86e3114e34a1eecefb963e0a02f0093f93b092dddb2fe1517596343751081a87?s=96&d=mm&r=g\",\"contentUrl\":\"https:\/\/secure.gravatar.com\/avatar\/86e3114e34a1eecefb963e0a02f0093f93b092dddb2fe1517596343751081a87?s=96&d=mm&r=g\",\"caption\":\"sanluisinforma.com\"},\"url\":\"https:\/\/sanluisinforma.com\/?author=2\"}]}<\/script>\n<!-- \/ Yoast SEO plugin. -->","yoast_head_json":{"title":"Con Capital al 100, Gobierno de la Capital mejora jardines del barrio de San Miguelito - sanluisinforma.com","robots":{"index":"index","follow":"follow","max-snippet":"max-snippet:-1","max-image-preview":"max-image-preview:large","max-video-preview":"max-video-preview:-1"},"canonical":"https:\/\/sanluisinforma.com\/?p=11878","og_locale":"es_MX","og_type":"article","og_title":"Con Capital al 100, Gobierno de la Capital mejora jardines del barrio de San Miguelito - sanluisinforma.com","og_description":"Este martes, el jard\u00edn ubicado en las calles Carlos Diez Guti\u00e9rrez y Zamarripa del barrio de San Miguelito, fue el","og_url":"https:\/\/sanluisinforma.com\/?p=11878","og_site_name":"sanluisinforma.com","article_published_time":"2025-04-24T06:50:00+00:00","article_modified_time":"2025-04-24T00:05:44+00:00","og_image":[{"width":400,"height":266,"url":"https:\/\/sanluisinforma.com\/wp-content\/uploads\/2025\/04\/a534813a-71f8-48bc-aa93-e83db14980f3.jpg","type":"image\/jpeg"}],"author":"sanluisinforma.com","twitter_card":"summary_large_image","twitter_misc":{"Escrito por":"sanluisinforma.com","Tiempo de lectura":"2 minutos"},"schema":{"@context":"https:\/\/schema.org","@graph":[{"@type":"Article","@id":"https:\/\/sanluisinforma.com\/?p=11878#article","isPartOf":{"@id":"https:\/\/sanluisinforma.com\/?p=11878"},"author":{"name":"sanluisinforma.com","@id":"https:\/\/sanluisinforma.com\/#\/schema\/person\/c30648f71476be533b6f59d092905c8b"},"headline":"Con Capital al 100, Gobierno de la Capital mejora jardines del barrio de San Miguelito","datePublished":"2025-04-24T06:50:00+00:00","dateModified":"2025-04-24T00:05:44+00:00","mainEntityOfPage":{"@id":"https:\/\/sanluisinforma.com\/?p=11878"},"wordCount":324,"publisher":{"@id":"https:\/\/sanluisinforma.com\/#organization"},"image":{"@id":"https:\/\/sanluisinforma.com\/?p=11878#primaryimage"},"thumbnailUrl":"https:\/\/sanluisinforma.com\/wp-content\/uploads\/2025\/04\/a534813a-71f8-48bc-aa93-e83db14980f3.jpg","articleSection":["Local","Portada"],"inLanguage":"es"},{"@type":"WebPage","@id":"https:\/\/sanluisinforma.com\/?p=11878","url":"https:\/\/sanluisinforma.com\/?p=11878","name":"Con Capital al 100, Gobierno de la Capital mejora jardines del barrio de San Miguelito - sanluisinforma.com","isPartOf":{"@id":"https:\/\/sanluisinforma.com\/#website"},"primaryImageOfPage":{"@id":"https:\/\/sanluisinforma.com\/?p=11878#primaryimage"},"image":{"@id":"https:\/\/sanluisinforma.com\/?p=11878#primaryimage"},"thumbnailUrl":"https:\/\/sanluisinforma.com\/wp-content\/uploads\/2025\/04\/a534813a-71f8-48bc-aa93-e83db14980f3.jpg","datePublished":"2025-04-24T06:50:00+00:00","dateModified":"2025-04-24T00:05:44+00:00","breadcrumb":{"@id":"https:\/\/sanluisinforma.com\/?p=11878#breadcrumb"},"inLanguage":"es","potentialAction":[{"@type":"ReadAction","target":["https:\/\/sanluisinforma.com\/?p=11878"]}]},{"@type":"ImageObject","inLanguage":"es","@id":"https:\/\/sanluisinforma.com\/?p=11878#primaryimage","url":"https:\/\/sanluisinforma.com\/wp-content\/uploads\/2025\/04\/a534813a-71f8-48bc-aa93-e83db14980f3.jpg","contentUrl":"https:\/\/sanluisinforma.com\/wp-content\/uploads\/2025\/04\/a534813a-71f8-48bc-aa93-e83db14980f3.jpg","width":400,"height":266},{"@type":"BreadcrumbList","@id":"https:\/\/sanluisinforma.com\/?p=11878#breadcrumb","itemListElement":[{"@type":"ListItem","position":1,"name":"Inicio","item":"https:\/\/sanluisinforma.com\/"},{"@type":"ListItem","position":2,"name":"Con Capital al 100, Gobierno de la Capital mejora jardines del barrio de San Miguelito"}]},{"@type":"WebSite","@id":"https:\/\/sanluisinforma.com\/#website","url":"https:\/\/sanluisinforma.com\/","name":"sanluisinforma.com","description":"Periodico San Luis Informa","publisher":{"@id":"https:\/\/sanluisinforma.com\/#organization"},"potentialAction":[{"@type":"SearchAction","target":{"@type":"EntryPoint","urlTemplate":"https:\/\/sanluisinforma.com\/?s={search_term_string}"},"query-input":{"@type":"PropertyValueSpecification","valueRequired":true,"valueName":"search_term_string"}}],"inLanguage":"es"},{"@type":"Organization","@id":"https:\/\/sanluisinforma.com\/#organization","name":"sanluisinforma.com","url":"https:\/\/sanluisinforma.com\/","logo":{"@type":"ImageObject","inLanguage":"es","@id":"https:\/\/sanluisinforma.com\/#\/schema\/logo\/image\/","url":"https:\/\/sanluisinforma.com\/wp-content\/uploads\/2026\/03\/sanluisinforma-V.jpg","contentUrl":"https:\/\/sanluisinforma.com\/wp-content\/uploads\/2026\/03\/sanluisinforma-V.jpg","width":500,"height":156,"caption":"sanluisinforma.com"},"image":{"@id":"https:\/\/sanluisinforma.com\/#\/schema\/logo\/image\/"}},{"@type":"Person","@id":"https:\/\/sanluisinforma.com\/#\/schema\/person\/c30648f71476be533b6f59d092905c8b","name":"sanluisinforma.com","image":{"@type":"ImageObject","inLanguage":"es","@id":"https:\/\/sanluisinforma.com\/#\/schema\/person\/image\/","url":"https:\/\/secure.gravatar.com\/avatar\/86e3114e34a1eecefb963e0a02f0093f93b092dddb2fe1517596343751081a87?s=96&d=mm&r=g","contentUrl":"https:\/\/secure.gravatar.com\/avatar\/86e3114e34a1eecefb963e0a02f0093f93b092dddb2fe1517596343751081a87?s=96&d=mm&r=g","caption":"sanluisinforma.com"},"url":"https:\/\/sanluisinforma.com\/?author=2"}]}},"_links":{"self":[{"href":"https:\/\/sanluisinforma.com\/index.php?rest_route=\/wp\/v2\/posts\/11878","targetHints":{"allow":["GET"]}}],"collection":[{"href":"https:\/\/sanluisinforma.com\/index.php?rest_route=\/wp\/v2\/posts"}],"about":[{"href":"https:\/\/sanluisinforma.com\/index.php?rest_route=\/wp\/v2\/types\/post"}],"author":[{"embeddable":true,"href":"https:\/\/sanluisinforma.com\/index.php?rest_route=\/wp\/v2\/users\/2"}],"replies":[{"embeddable":true,"href":"https:\/\/sanluisinforma.com\/index.php?rest_route=%2Fwp%2Fv2%2Fcomments&post=11878"}],"version-history":[{"count":1,"href":"https:\/\/sanluisinforma.com\/index.php?rest_route=\/wp\/v2\/posts\/11878\/revisions"}],"predecessor-version":[{"id":11880,"href":"https:\/\/sanluisinforma.com\/index.php?rest_route=\/wp\/v2\/posts\/11878\/revisions\/11880"}],"wp:featuredmedia":[{"embeddable":true,"href":"https:\/\/sanluisinforma.com\/index.php?rest_route=\/wp\/v2\/media\/11879"}],"wp:attachment":[{"href":"https:\/\/sanluisinforma.com\/index.php?rest_route=%2Fwp%2Fv2%2Fmedia&parent=11878"}],"wp:term":[{"taxonomy":"category","embeddable":true,"href":"https:\/\/sanluisinforma.com\/index.php?rest_route=%2Fwp%2Fv2%2Fcategories&post=11878"},{"taxonomy":"post_tag","embeddable":true,"href":"https:\/\/sanluisinforma.com\/index.php?rest_route=%2Fwp%2Fv2%2Ftags&post=11878"}],"curies":[{"name":"wp","href":"https:\/\/api.w.org\/{rel}","templated":true}]}}