{"id":11881,"date":"2025-04-24T00:45:00","date_gmt":"2025-04-24T06:45:00","guid":{"rendered":"https:\/\/sanluisinforma.com\/?p=11881"},"modified":"2025-04-23T18:14:10","modified_gmt":"2025-04-24T00:14:10","slug":"con-cabildo-infantil-gobierno-de-la-capital-fomenta-participacion-civica-y-democratica-en-la-ninez-potosina","status":"publish","type":"post","link":"https:\/\/sanluisinforma.com\/?p=11881","title":{"rendered":"Con Cabildo Infantil, Gobierno de la Capital fomenta participaci\u00f3n c\u00edvica y democr\u00e1tica en la ni\u00f1ez potosina"},"content":{"rendered":"\n<ul class=\"wp-block-list\">\n<li>Integrado por alumnos de 5\u00ba y 6\u00ba grados, el Cabildo Infantil 2025 sesionar\u00e1 el 30 de abril en el marco de las actividades del D\u00eda de la Ni\u00f1ez.<\/li>\n<\/ul>\n\n\n\n<p><\/p>\n\n\n\n<p>Con el objetivo de fomentar la participaci\u00f3n c\u00edvica y democr\u00e1tica en la ni\u00f1ez potosina, el Gobierno de la Capital llev\u00f3 a cabo el proceso de selecci\u00f3n del&nbsp;Cabildo Infantil 2025, cuyos integrantes expondr\u00e1n sus inquietudes y la problem\u00e1tica de sus comunidades en la sesi\u00f3n que tendr\u00e1 lugar el 30 de abril, en Palacio Municipal, como parte de las actividades del D\u00eda de la Ni\u00f1ez.<\/p>\n\n\n\n<p>El Director de Educaci\u00f3n Municipal, Joel Ram\u00edrez D\u00edaz, se\u00f1al\u00f3 que el Cabildo Infantil es un espacio donde las ni\u00f1as y ni\u00f1os podr\u00e1n fortalecer sus valores c\u00edvicos, vivir el esp\u00edritu democr\u00e1tico y contribuir con ideas que abonen al bienestar de nuestra ciudad.<\/p>\n\n\n\n<p>El Cabildo Infantil 2025 qued\u00f3 integrado por: Ana Paula \u00c1lvarez Huerta, Presidenta Municipal,&nbsp; del Colegio Juan de Dios Peza &#8220;Sagrado Coraz\u00f3n&#8221;; mientras que como secretario general fue designado&nbsp; N\u00e9stor Abdiel Hern\u00e1ndez Reyes, de la&nbsp;Escuela Antonio D\u00edaz Soto y Gama.<\/p>\n\n\n\n<p>Como s\u00edndicos fungir\u00e1n Aylin Carolina Santoyo Torre y Joel Garc\u00eda Guerrero, de la Escuela Aurelio Manrique; y como s\u00edndicos Tadeo Garc\u00eda Torres, de la Escuela Manuel M. Serna; Britanny Dailyn Mart\u00ednez Reyna, de la Primaria Municipal Ni\u00f1os H\u00e9roes de Chapultepec; Yael Garc\u00eda Guerrero, Escuela Aurelio Manrique; Sara Elena C\u00e1rdenas L\u00f3pez,&nbsp; Colegio Itzae; Santiago Acosta Cerda,&nbsp; Esc. Profa. Juana Marfil Castro; Massiel Sof\u00eda Arteaga Garc\u00eda, Instituto Avance; David Mois\u00e9s Morales V\u00e1zquez,&nbsp; Primaria Municipal Ni\u00f1os H\u00e9roes de Chapultepec; Karla Valeria Reyes Pe\u00f1a, Primaria Municipal Vicente Guerrero; Leonardo Uriel Mart\u00ednez Garc\u00eda,&nbsp; Esc. Aurelio Manrique; Romina Nicole Galindo Baena, Esc. Profa. Juana Marfil Castro; \u00d3scar Enrique Banda Estrada, Primaria Municipal \u00c1lvaro Obreg\u00f3n; Rosa Ashley Mota Arista, Esc. Salvador D\u00edaz Mir\u00f3n; Kevin Emanuel Torrez Mu\u00f1oz,&nbsp; Primaria Municipal Ni\u00f1os H\u00e9roes de Chapultepec; Mia Grisel Amaya L\u00f3pez, Esc. Leona Vicario; y Justin Alexis Aguilar Puente,&nbsp; de la Primaria Municipal Guadalupe Victoria.<\/p>\n\n\n\n<p>Asimismo, destac\u00f3 la entusiasta participaci\u00f3n de alumnos y maestros de las escuelas primarias del Sistema Municipal de Educaci\u00f3n Ni\u00f1os H\u00e9roes de Chapultepec, Vicente Guerrero, Alvaro Obreg\u00f3n, Guadalupe Victoria, Presidente Cardenas, Juan Sarabia y Manuel Muro.<\/p>\n\n\n\n<p>Inform\u00f3 que en el proceso participaron estudiantes de quinto y sexto grado de las escuelas primarias del Sistema Educativo Municipal, quienes realizaron un video con las tem\u00e1ticas de respeto a los derechos (medio ambiente, derechos de la infancia, cuidado animal), cultura de paz (m\u00fasica, resoluci\u00f3n pac\u00edfica de conflictos, expresiones art\u00edsticas, valores y principios), seguridad p\u00fablica (ciberseguridad en redes sociales), inclusi\u00f3n (pueblos ind\u00edgenas, personas con discapacidad, equidad de g\u00e9nero), educaci\u00f3n y tecnolog\u00eda, o espacios recreativos y deporte.<\/p>\n\n\n\n<p>La selecci\u00f3n de participantes estuvo a cargo de la&nbsp;Comisi\u00f3n de Educaci\u00f3n y Bibliotecas P\u00fablicas del Cabildo, que preside el Regidor Alejandro Fern\u00e1ndez Hern\u00e1ndez, en colaboraci\u00f3n con la Direcci\u00f3n de Educaci\u00f3n Municipal, con base en los criterios establecidos en la convocatoria.<\/p>\n","protected":false},"excerpt":{"rendered":"<p>Con el objetivo de fomentar la participaci\u00f3n c\u00edvica y democr\u00e1tica en la ni\u00f1ez potosina, el Gobierno de la Capital llev\u00f3<\/p>\n","protected":false},"author":2,"featured_media":11882,"comment_status":"closed","ping_status":"closed","sticky":false,"template":"","format":"standard","meta":{"footnotes":""},"categories":[25,30],"tags":[],"class_list":["post-11881","post","type-post","status-publish","format-standard","has-post-thumbnail","hentry","category-local","category-portada"],"yoast_head":"<!-- This site is optimized with the Yoast SEO plugin v24.1 - https:\/\/yoast.com\/wordpress\/plugins\/seo\/ -->\n<title>Con Cabildo Infantil, Gobierno de la Capital fomenta participaci\u00f3n c\u00edvica y democr\u00e1tica en la ni\u00f1ez potosina - sanluisinforma.com<\/title>\n<meta name=\"robots\" content=\"index, follow, max-snippet:-1, max-image-preview:large, max-video-preview:-1\" \/>\n<link rel=\"canonical\" href=\"https:\/\/sanluisinforma.com\/?p=11881\" \/>\n<meta property=\"og:locale\" content=\"es_MX\" \/>\n<meta property=\"og:type\" content=\"article\" \/>\n<meta property=\"og:title\" content=\"Con Cabildo Infantil, Gobierno de la Capital fomenta participaci\u00f3n c\u00edvica y democr\u00e1tica en la ni\u00f1ez potosina - sanluisinforma.com\" \/>\n<meta property=\"og:description\" content=\"Con el objetivo de fomentar la participaci\u00f3n c\u00edvica y democr\u00e1tica en la ni\u00f1ez potosina, el Gobierno de la Capital llev\u00f3\" \/>\n<meta property=\"og:url\" content=\"https:\/\/sanluisinforma.com\/?p=11881\" \/>\n<meta property=\"og:site_name\" content=\"sanluisinforma.com\" \/>\n<meta property=\"article:published_time\" content=\"2025-04-24T06:45:00+00:00\" \/>\n<meta property=\"article:modified_time\" content=\"2025-04-24T00:14:10+00:00\" \/>\n<meta property=\"og:image\" content=\"https:\/\/sanluisinforma.com\/wp-content\/uploads\/2025\/04\/c98d14ba-8ea1-4f69-9757-5f5ba414bdde.jpg\" \/>\n\t<meta property=\"og:image:width\" content=\"400\" \/>\n\t<meta property=\"og:image:height\" content=\"266\" \/>\n\t<meta property=\"og:image:type\" content=\"image\/jpeg\" \/>\n<meta name=\"author\" content=\"sanluisinforma.com\" \/>\n<meta name=\"twitter:card\" content=\"summary_large_image\" \/>\n<meta name=\"twitter:label1\" content=\"Escrito por\" \/>\n\t<meta name=\"twitter:data1\" content=\"sanluisinforma.com\" \/>\n\t<meta name=\"twitter:label2\" content=\"Tiempo de lectura\" \/>\n\t<meta name=\"twitter:data2\" content=\"3 minutos\" \/>\n<script type=\"application\/ld+json\" class=\"yoast-schema-graph\">{\"@context\":\"https:\/\/schema.org\",\"@graph\":[{\"@type\":\"Article\",\"@id\":\"https:\/\/sanluisinforma.com\/?p=11881#article\",\"isPartOf\":{\"@id\":\"https:\/\/sanluisinforma.com\/?p=11881\"},\"author\":{\"name\":\"sanluisinforma.com\",\"@id\":\"https:\/\/sanluisinforma.com\/#\/schema\/person\/c30648f71476be533b6f59d092905c8b\"},\"headline\":\"Con Cabildo Infantil, Gobierno de la Capital fomenta participaci\u00f3n c\u00edvica y democr\u00e1tica en la ni\u00f1ez potosina\",\"datePublished\":\"2025-04-24T06:45:00+00:00\",\"dateModified\":\"2025-04-24T00:14:10+00:00\",\"mainEntityOfPage\":{\"@id\":\"https:\/\/sanluisinforma.com\/?p=11881\"},\"wordCount\":571,\"publisher\":{\"@id\":\"https:\/\/sanluisinforma.com\/#organization\"},\"image\":{\"@id\":\"https:\/\/sanluisinforma.com\/?p=11881#primaryimage\"},\"thumbnailUrl\":\"https:\/\/sanluisinforma.com\/wp-content\/uploads\/2025\/04\/c98d14ba-8ea1-4f69-9757-5f5ba414bdde.jpg\",\"articleSection\":[\"Local\",\"Portada\"],\"inLanguage\":\"es\"},{\"@type\":\"WebPage\",\"@id\":\"https:\/\/sanluisinforma.com\/?p=11881\",\"url\":\"https:\/\/sanluisinforma.com\/?p=11881\",\"name\":\"Con Cabildo Infantil, Gobierno de la Capital fomenta participaci\u00f3n c\u00edvica y democr\u00e1tica en la ni\u00f1ez potosina - sanluisinforma.com\",\"isPartOf\":{\"@id\":\"https:\/\/sanluisinforma.com\/#website\"},\"primaryImageOfPage\":{\"@id\":\"https:\/\/sanluisinforma.com\/?p=11881#primaryimage\"},\"image\":{\"@id\":\"https:\/\/sanluisinforma.com\/?p=11881#primaryimage\"},\"thumbnailUrl\":\"https:\/\/sanluisinforma.com\/wp-content\/uploads\/2025\/04\/c98d14ba-8ea1-4f69-9757-5f5ba414bdde.jpg\",\"datePublished\":\"2025-04-24T06:45:00+00:00\",\"dateModified\":\"2025-04-24T00:14:10+00:00\",\"breadcrumb\":{\"@id\":\"https:\/\/sanluisinforma.com\/?p=11881#breadcrumb\"},\"inLanguage\":\"es\",\"potentialAction\":[{\"@type\":\"ReadAction\",\"target\":[\"https:\/\/sanluisinforma.com\/?p=11881\"]}]},{\"@type\":\"ImageObject\",\"inLanguage\":\"es\",\"@id\":\"https:\/\/sanluisinforma.com\/?p=11881#primaryimage\",\"url\":\"https:\/\/sanluisinforma.com\/wp-content\/uploads\/2025\/04\/c98d14ba-8ea1-4f69-9757-5f5ba414bdde.jpg\",\"contentUrl\":\"https:\/\/sanluisinforma.com\/wp-content\/uploads\/2025\/04\/c98d14ba-8ea1-4f69-9757-5f5ba414bdde.jpg\",\"width\":400,\"height\":266},{\"@type\":\"BreadcrumbList\",\"@id\":\"https:\/\/sanluisinforma.com\/?p=11881#breadcrumb\",\"itemListElement\":[{\"@type\":\"ListItem\",\"position\":1,\"name\":\"Inicio\",\"item\":\"https:\/\/sanluisinforma.com\/\"},{\"@type\":\"ListItem\",\"position\":2,\"name\":\"Con Cabildo Infantil, Gobierno de la Capital fomenta participaci\u00f3n c\u00edvica y democr\u00e1tica en la ni\u00f1ez potosina\"}]},{\"@type\":\"WebSite\",\"@id\":\"https:\/\/sanluisinforma.com\/#website\",\"url\":\"https:\/\/sanluisinforma.com\/\",\"name\":\"sanluisinforma.com\",\"description\":\"Periodico San Luis Informa\",\"publisher\":{\"@id\":\"https:\/\/sanluisinforma.com\/#organization\"},\"potentialAction\":[{\"@type\":\"SearchAction\",\"target\":{\"@type\":\"EntryPoint\",\"urlTemplate\":\"https:\/\/sanluisinforma.com\/?s={search_term_string}\"},\"query-input\":{\"@type\":\"PropertyValueSpecification\",\"valueRequired\":true,\"valueName\":\"search_term_string\"}}],\"inLanguage\":\"es\"},{\"@type\":\"Organization\",\"@id\":\"https:\/\/sanluisinforma.com\/#organization\",\"name\":\"sanluisinforma.com\",\"url\":\"https:\/\/sanluisinforma.com\/\",\"logo\":{\"@type\":\"ImageObject\",\"inLanguage\":\"es\",\"@id\":\"https:\/\/sanluisinforma.com\/#\/schema\/logo\/image\/\",\"url\":\"https:\/\/sanluisinforma.com\/wp-content\/uploads\/2026\/03\/sanluisinforma-V.jpg\",\"contentUrl\":\"https:\/\/sanluisinforma.com\/wp-content\/uploads\/2026\/03\/sanluisinforma-V.jpg\",\"width\":500,\"height\":156,\"caption\":\"sanluisinforma.com\"},\"image\":{\"@id\":\"https:\/\/sanluisinforma.com\/#\/schema\/logo\/image\/\"}},{\"@type\":\"Person\",\"@id\":\"https:\/\/sanluisinforma.com\/#\/schema\/person\/c30648f71476be533b6f59d092905c8b\",\"name\":\"sanluisinforma.com\",\"image\":{\"@type\":\"ImageObject\",\"inLanguage\":\"es\",\"@id\":\"https:\/\/sanluisinforma.com\/#\/schema\/person\/image\/\",\"url\":\"https:\/\/secure.gravatar.com\/avatar\/86e3114e34a1eecefb963e0a02f0093f93b092dddb2fe1517596343751081a87?s=96&d=mm&r=g\",\"contentUrl\":\"https:\/\/secure.gravatar.com\/avatar\/86e3114e34a1eecefb963e0a02f0093f93b092dddb2fe1517596343751081a87?s=96&d=mm&r=g\",\"caption\":\"sanluisinforma.com\"},\"url\":\"https:\/\/sanluisinforma.com\/?author=2\"}]}<\/script>\n<!-- \/ Yoast SEO plugin. -->","yoast_head_json":{"title":"Con Cabildo Infantil, Gobierno de la Capital fomenta participaci\u00f3n c\u00edvica y democr\u00e1tica en la ni\u00f1ez potosina - sanluisinforma.com","robots":{"index":"index","follow":"follow","max-snippet":"max-snippet:-1","max-image-preview":"max-image-preview:large","max-video-preview":"max-video-preview:-1"},"canonical":"https:\/\/sanluisinforma.com\/?p=11881","og_locale":"es_MX","og_type":"article","og_title":"Con Cabildo Infantil, Gobierno de la Capital fomenta participaci\u00f3n c\u00edvica y democr\u00e1tica en la ni\u00f1ez potosina - sanluisinforma.com","og_description":"Con el objetivo de fomentar la participaci\u00f3n c\u00edvica y democr\u00e1tica en la ni\u00f1ez potosina, el Gobierno de la Capital llev\u00f3","og_url":"https:\/\/sanluisinforma.com\/?p=11881","og_site_name":"sanluisinforma.com","article_published_time":"2025-04-24T06:45:00+00:00","article_modified_time":"2025-04-24T00:14:10+00:00","og_image":[{"width":400,"height":266,"url":"https:\/\/sanluisinforma.com\/wp-content\/uploads\/2025\/04\/c98d14ba-8ea1-4f69-9757-5f5ba414bdde.jpg","type":"image\/jpeg"}],"author":"sanluisinforma.com","twitter_card":"summary_large_image","twitter_misc":{"Escrito por":"sanluisinforma.com","Tiempo de lectura":"3 minutos"},"schema":{"@context":"https:\/\/schema.org","@graph":[{"@type":"Article","@id":"https:\/\/sanluisinforma.com\/?p=11881#article","isPartOf":{"@id":"https:\/\/sanluisinforma.com\/?p=11881"},"author":{"name":"sanluisinforma.com","@id":"https:\/\/sanluisinforma.com\/#\/schema\/person\/c30648f71476be533b6f59d092905c8b"},"headline":"Con Cabildo Infantil, Gobierno de la Capital fomenta participaci\u00f3n c\u00edvica y democr\u00e1tica en la ni\u00f1ez potosina","datePublished":"2025-04-24T06:45:00+00:00","dateModified":"2025-04-24T00:14:10+00:00","mainEntityOfPage":{"@id":"https:\/\/sanluisinforma.com\/?p=11881"},"wordCount":571,"publisher":{"@id":"https:\/\/sanluisinforma.com\/#organization"},"image":{"@id":"https:\/\/sanluisinforma.com\/?p=11881#primaryimage"},"thumbnailUrl":"https:\/\/sanluisinforma.com\/wp-content\/uploads\/2025\/04\/c98d14ba-8ea1-4f69-9757-5f5ba414bdde.jpg","articleSection":["Local","Portada"],"inLanguage":"es"},{"@type":"WebPage","@id":"https:\/\/sanluisinforma.com\/?p=11881","url":"https:\/\/sanluisinforma.com\/?p=11881","name":"Con Cabildo Infantil, Gobierno de la Capital fomenta participaci\u00f3n c\u00edvica y democr\u00e1tica en la ni\u00f1ez potosina - sanluisinforma.com","isPartOf":{"@id":"https:\/\/sanluisinforma.com\/#website"},"primaryImageOfPage":{"@id":"https:\/\/sanluisinforma.com\/?p=11881#primaryimage"},"image":{"@id":"https:\/\/sanluisinforma.com\/?p=11881#primaryimage"},"thumbnailUrl":"https:\/\/sanluisinforma.com\/wp-content\/uploads\/2025\/04\/c98d14ba-8ea1-4f69-9757-5f5ba414bdde.jpg","datePublished":"2025-04-24T06:45:00+00:00","dateModified":"2025-04-24T00:14:10+00:00","breadcrumb":{"@id":"https:\/\/sanluisinforma.com\/?p=11881#breadcrumb"},"inLanguage":"es","potentialAction":[{"@type":"ReadAction","target":["https:\/\/sanluisinforma.com\/?p=11881"]}]},{"@type":"ImageObject","inLanguage":"es","@id":"https:\/\/sanluisinforma.com\/?p=11881#primaryimage","url":"https:\/\/sanluisinforma.com\/wp-content\/uploads\/2025\/04\/c98d14ba-8ea1-4f69-9757-5f5ba414bdde.jpg","contentUrl":"https:\/\/sanluisinforma.com\/wp-content\/uploads\/2025\/04\/c98d14ba-8ea1-4f69-9757-5f5ba414bdde.jpg","width":400,"height":266},{"@type":"BreadcrumbList","@id":"https:\/\/sanluisinforma.com\/?p=11881#breadcrumb","itemListElement":[{"@type":"ListItem","position":1,"name":"Inicio","item":"https:\/\/sanluisinforma.com\/"},{"@type":"ListItem","position":2,"name":"Con Cabildo Infantil, Gobierno de la Capital fomenta participaci\u00f3n c\u00edvica y democr\u00e1tica en la ni\u00f1ez potosina"}]},{"@type":"WebSite","@id":"https:\/\/sanluisinforma.com\/#website","url":"https:\/\/sanluisinforma.com\/","name":"sanluisinforma.com","description":"Periodico San Luis Informa","publisher":{"@id":"https:\/\/sanluisinforma.com\/#organization"},"potentialAction":[{"@type":"SearchAction","target":{"@type":"EntryPoint","urlTemplate":"https:\/\/sanluisinforma.com\/?s={search_term_string}"},"query-input":{"@type":"PropertyValueSpecification","valueRequired":true,"valueName":"search_term_string"}}],"inLanguage":"es"},{"@type":"Organization","@id":"https:\/\/sanluisinforma.com\/#organization","name":"sanluisinforma.com","url":"https:\/\/sanluisinforma.com\/","logo":{"@type":"ImageObject","inLanguage":"es","@id":"https:\/\/sanluisinforma.com\/#\/schema\/logo\/image\/","url":"https:\/\/sanluisinforma.com\/wp-content\/uploads\/2026\/03\/sanluisinforma-V.jpg","contentUrl":"https:\/\/sanluisinforma.com\/wp-content\/uploads\/2026\/03\/sanluisinforma-V.jpg","width":500,"height":156,"caption":"sanluisinforma.com"},"image":{"@id":"https:\/\/sanluisinforma.com\/#\/schema\/logo\/image\/"}},{"@type":"Person","@id":"https:\/\/sanluisinforma.com\/#\/schema\/person\/c30648f71476be533b6f59d092905c8b","name":"sanluisinforma.com","image":{"@type":"ImageObject","inLanguage":"es","@id":"https:\/\/sanluisinforma.com\/#\/schema\/person\/image\/","url":"https:\/\/secure.gravatar.com\/avatar\/86e3114e34a1eecefb963e0a02f0093f93b092dddb2fe1517596343751081a87?s=96&d=mm&r=g","contentUrl":"https:\/\/secure.gravatar.com\/avatar\/86e3114e34a1eecefb963e0a02f0093f93b092dddb2fe1517596343751081a87?s=96&d=mm&r=g","caption":"sanluisinforma.com"},"url":"https:\/\/sanluisinforma.com\/?author=2"}]}},"_links":{"self":[{"href":"https:\/\/sanluisinforma.com\/index.php?rest_route=\/wp\/v2\/posts\/11881","targetHints":{"allow":["GET"]}}],"collection":[{"href":"https:\/\/sanluisinforma.com\/index.php?rest_route=\/wp\/v2\/posts"}],"about":[{"href":"https:\/\/sanluisinforma.com\/index.php?rest_route=\/wp\/v2\/types\/post"}],"author":[{"embeddable":true,"href":"https:\/\/sanluisinforma.com\/index.php?rest_route=\/wp\/v2\/users\/2"}],"replies":[{"embeddable":true,"href":"https:\/\/sanluisinforma.com\/index.php?rest_route=%2Fwp%2Fv2%2Fcomments&post=11881"}],"version-history":[{"count":1,"href":"https:\/\/sanluisinforma.com\/index.php?rest_route=\/wp\/v2\/posts\/11881\/revisions"}],"predecessor-version":[{"id":11883,"href":"https:\/\/sanluisinforma.com\/index.php?rest_route=\/wp\/v2\/posts\/11881\/revisions\/11883"}],"wp:featuredmedia":[{"embeddable":true,"href":"https:\/\/sanluisinforma.com\/index.php?rest_route=\/wp\/v2\/media\/11882"}],"wp:attachment":[{"href":"https:\/\/sanluisinforma.com\/index.php?rest_route=%2Fwp%2Fv2%2Fmedia&parent=11881"}],"wp:term":[{"taxonomy":"category","embeddable":true,"href":"https:\/\/sanluisinforma.com\/index.php?rest_route=%2Fwp%2Fv2%2Fcategories&post=11881"},{"taxonomy":"post_tag","embeddable":true,"href":"https:\/\/sanluisinforma.com\/index.php?rest_route=%2Fwp%2Fv2%2Ftags&post=11881"}],"curies":[{"name":"wp","href":"https:\/\/api.w.org\/{rel}","templated":true}]}}