{"id":11884,"date":"2025-04-24T00:30:00","date_gmt":"2025-04-24T06:30:00","guid":{"rendered":"https:\/\/sanluisinforma.com\/?p=11884"},"modified":"2025-04-23T18:17:00","modified_gmt":"2025-04-24T00:17:00","slug":"festival-san-luis-en-primavera-fortalece-la-economia-local-durante-semana-santa-canaco","status":"publish","type":"post","link":"https:\/\/sanluisinforma.com\/?p=11884","title":{"rendered":"Festival San Luis en Primavera fortalece la econom\u00eda local durante Semana Santa: Canaco"},"content":{"rendered":"\n<ul class=\"wp-block-list\">\n<li>Fernando D\u00edaz de Le\u00f3n, Presidente de este organismo empresarial, asegur\u00f3 que el Festival beneficia directamente al comercio y la ocupaci\u00f3n hotelera en San Luis Capital.<\/li>\n<\/ul>\n\n\n\n<p><\/p>\n\n\n\n<p>Fernando D\u00edaz de Le\u00f3n, Presidente de la C\u00e1mara Nacional de Comercio, Servicios y Turismo (Canaco-Servytur), afirm\u00f3 que el Festival San Luis en Primavera representa una estrategia eficaz del Gobierno Municipal para atraer turistas durante la Semana Mayor, ya que impulsa la econom\u00eda local gracias a su oferta cultural, art\u00edstica y religiosa, que ya es reconocida a nivel nacional.<\/p>\n\n\n\n<p>Canaco-Servytur inform\u00f3 que los d\u00edas de mayor movimiento tur\u00edstico son Jueves Santo, Viernes Santo y S\u00e1bado de Gloria, cuando la ocupaci\u00f3n hotelera supera el 85%; adem\u00e1s se\u00f1al\u00f3 que durante estas fechas los comercios del Centro Hist\u00f3rico registran un importante incremento en sus ventas gracias al arribo de visitantes nacionales y extranjeros.<\/p>\n\n\n\n<p>D\u00edaz de Le\u00f3n indic\u00f3 que el Gobierno Municipal de San Luis Capital, encabezado por el Alcalde Enrique Galindo Ceballos, ha sabido aprovechar el periodo vacacional de Semana Santa con una oferta atractiva para el turismo religioso y cultural.<\/p>\n","protected":false},"excerpt":{"rendered":"<p>Fernando D\u00edaz de Le\u00f3n, Presidente de la C\u00e1mara Nacional de Comercio, Servicios y Turismo (Canaco-Servytur), afirm\u00f3 que el Festival San<\/p>\n","protected":false},"author":2,"featured_media":11885,"comment_status":"closed","ping_status":"closed","sticky":false,"template":"","format":"standard","meta":{"footnotes":""},"categories":[25],"tags":[],"class_list":["post-11884","post","type-post","status-publish","format-standard","has-post-thumbnail","hentry","category-local"],"yoast_head":"<!-- This site is optimized with the Yoast SEO plugin v24.1 - https:\/\/yoast.com\/wordpress\/plugins\/seo\/ -->\n<title>Festival San Luis en Primavera fortalece la econom\u00eda local durante Semana Santa: Canaco - sanluisinforma.com<\/title>\n<meta name=\"robots\" content=\"index, follow, max-snippet:-1, max-image-preview:large, max-video-preview:-1\" \/>\n<link rel=\"canonical\" href=\"https:\/\/sanluisinforma.com\/?p=11884\" \/>\n<meta property=\"og:locale\" content=\"es_MX\" \/>\n<meta property=\"og:type\" content=\"article\" \/>\n<meta property=\"og:title\" content=\"Festival San Luis en Primavera fortalece la econom\u00eda local durante Semana Santa: Canaco - sanluisinforma.com\" \/>\n<meta property=\"og:description\" content=\"Fernando D\u00edaz de Le\u00f3n, Presidente de la C\u00e1mara Nacional de Comercio, Servicios y Turismo (Canaco-Servytur), afirm\u00f3 que el Festival San\" \/>\n<meta property=\"og:url\" content=\"https:\/\/sanluisinforma.com\/?p=11884\" \/>\n<meta property=\"og:site_name\" content=\"sanluisinforma.com\" \/>\n<meta property=\"article:published_time\" content=\"2025-04-24T06:30:00+00:00\" \/>\n<meta property=\"article:modified_time\" content=\"2025-04-24T00:17:00+00:00\" \/>\n<meta property=\"og:image\" content=\"https:\/\/sanluisinforma.com\/wp-content\/uploads\/2025\/04\/56bb7be2-62cb-4d64-a6dc-6ef15b8ecfbd.jpg\" \/>\n\t<meta property=\"og:image:width\" content=\"400\" \/>\n\t<meta property=\"og:image:height\" content=\"224\" \/>\n\t<meta property=\"og:image:type\" content=\"image\/jpeg\" \/>\n<meta name=\"author\" content=\"sanluisinforma.com\" \/>\n<meta name=\"twitter:card\" content=\"summary_large_image\" \/>\n<meta name=\"twitter:label1\" content=\"Escrito por\" \/>\n\t<meta name=\"twitter:data1\" content=\"sanluisinforma.com\" \/>\n\t<meta name=\"twitter:label2\" content=\"Tiempo de lectura\" \/>\n\t<meta name=\"twitter:data2\" content=\"1 minuto\" \/>\n<script type=\"application\/ld+json\" class=\"yoast-schema-graph\">{\"@context\":\"https:\/\/schema.org\",\"@graph\":[{\"@type\":\"Article\",\"@id\":\"https:\/\/sanluisinforma.com\/?p=11884#article\",\"isPartOf\":{\"@id\":\"https:\/\/sanluisinforma.com\/?p=11884\"},\"author\":{\"name\":\"sanluisinforma.com\",\"@id\":\"https:\/\/sanluisinforma.com\/#\/schema\/person\/c30648f71476be533b6f59d092905c8b\"},\"headline\":\"Festival San Luis en Primavera fortalece la econom\u00eda local durante Semana Santa: Canaco\",\"datePublished\":\"2025-04-24T06:30:00+00:00\",\"dateModified\":\"2025-04-24T00:17:00+00:00\",\"mainEntityOfPage\":{\"@id\":\"https:\/\/sanluisinforma.com\/?p=11884\"},\"wordCount\":202,\"publisher\":{\"@id\":\"https:\/\/sanluisinforma.com\/#organization\"},\"image\":{\"@id\":\"https:\/\/sanluisinforma.com\/?p=11884#primaryimage\"},\"thumbnailUrl\":\"https:\/\/sanluisinforma.com\/wp-content\/uploads\/2025\/04\/56bb7be2-62cb-4d64-a6dc-6ef15b8ecfbd.jpg\",\"articleSection\":[\"Local\"],\"inLanguage\":\"es\"},{\"@type\":\"WebPage\",\"@id\":\"https:\/\/sanluisinforma.com\/?p=11884\",\"url\":\"https:\/\/sanluisinforma.com\/?p=11884\",\"name\":\"Festival San Luis en Primavera fortalece la econom\u00eda local durante Semana Santa: Canaco - sanluisinforma.com\",\"isPartOf\":{\"@id\":\"https:\/\/sanluisinforma.com\/#website\"},\"primaryImageOfPage\":{\"@id\":\"https:\/\/sanluisinforma.com\/?p=11884#primaryimage\"},\"image\":{\"@id\":\"https:\/\/sanluisinforma.com\/?p=11884#primaryimage\"},\"thumbnailUrl\":\"https:\/\/sanluisinforma.com\/wp-content\/uploads\/2025\/04\/56bb7be2-62cb-4d64-a6dc-6ef15b8ecfbd.jpg\",\"datePublished\":\"2025-04-24T06:30:00+00:00\",\"dateModified\":\"2025-04-24T00:17:00+00:00\",\"breadcrumb\":{\"@id\":\"https:\/\/sanluisinforma.com\/?p=11884#breadcrumb\"},\"inLanguage\":\"es\",\"potentialAction\":[{\"@type\":\"ReadAction\",\"target\":[\"https:\/\/sanluisinforma.com\/?p=11884\"]}]},{\"@type\":\"ImageObject\",\"inLanguage\":\"es\",\"@id\":\"https:\/\/sanluisinforma.com\/?p=11884#primaryimage\",\"url\":\"https:\/\/sanluisinforma.com\/wp-content\/uploads\/2025\/04\/56bb7be2-62cb-4d64-a6dc-6ef15b8ecfbd.jpg\",\"contentUrl\":\"https:\/\/sanluisinforma.com\/wp-content\/uploads\/2025\/04\/56bb7be2-62cb-4d64-a6dc-6ef15b8ecfbd.jpg\",\"width\":400,\"height\":224},{\"@type\":\"BreadcrumbList\",\"@id\":\"https:\/\/sanluisinforma.com\/?p=11884#breadcrumb\",\"itemListElement\":[{\"@type\":\"ListItem\",\"position\":1,\"name\":\"Inicio\",\"item\":\"https:\/\/sanluisinforma.com\/\"},{\"@type\":\"ListItem\",\"position\":2,\"name\":\"Festival San Luis en Primavera fortalece la econom\u00eda local durante Semana Santa: Canaco\"}]},{\"@type\":\"WebSite\",\"@id\":\"https:\/\/sanluisinforma.com\/#website\",\"url\":\"https:\/\/sanluisinforma.com\/\",\"name\":\"sanluisinforma.com\",\"description\":\"Periodico San Luis Informa\",\"publisher\":{\"@id\":\"https:\/\/sanluisinforma.com\/#organization\"},\"potentialAction\":[{\"@type\":\"SearchAction\",\"target\":{\"@type\":\"EntryPoint\",\"urlTemplate\":\"https:\/\/sanluisinforma.com\/?s={search_term_string}\"},\"query-input\":{\"@type\":\"PropertyValueSpecification\",\"valueRequired\":true,\"valueName\":\"search_term_string\"}}],\"inLanguage\":\"es\"},{\"@type\":\"Organization\",\"@id\":\"https:\/\/sanluisinforma.com\/#organization\",\"name\":\"sanluisinforma.com\",\"url\":\"https:\/\/sanluisinforma.com\/\",\"logo\":{\"@type\":\"ImageObject\",\"inLanguage\":\"es\",\"@id\":\"https:\/\/sanluisinforma.com\/#\/schema\/logo\/image\/\",\"url\":\"https:\/\/sanluisinforma.com\/wp-content\/uploads\/2026\/03\/sanluisinforma-V.jpg\",\"contentUrl\":\"https:\/\/sanluisinforma.com\/wp-content\/uploads\/2026\/03\/sanluisinforma-V.jpg\",\"width\":500,\"height\":156,\"caption\":\"sanluisinforma.com\"},\"image\":{\"@id\":\"https:\/\/sanluisinforma.com\/#\/schema\/logo\/image\/\"}},{\"@type\":\"Person\",\"@id\":\"https:\/\/sanluisinforma.com\/#\/schema\/person\/c30648f71476be533b6f59d092905c8b\",\"name\":\"sanluisinforma.com\",\"image\":{\"@type\":\"ImageObject\",\"inLanguage\":\"es\",\"@id\":\"https:\/\/sanluisinforma.com\/#\/schema\/person\/image\/\",\"url\":\"https:\/\/secure.gravatar.com\/avatar\/86e3114e34a1eecefb963e0a02f0093f93b092dddb2fe1517596343751081a87?s=96&d=mm&r=g\",\"contentUrl\":\"https:\/\/secure.gravatar.com\/avatar\/86e3114e34a1eecefb963e0a02f0093f93b092dddb2fe1517596343751081a87?s=96&d=mm&r=g\",\"caption\":\"sanluisinforma.com\"},\"url\":\"https:\/\/sanluisinforma.com\/?author=2\"}]}<\/script>\n<!-- \/ Yoast SEO plugin. -->","yoast_head_json":{"title":"Festival San Luis en Primavera fortalece la econom\u00eda local durante Semana Santa: Canaco - sanluisinforma.com","robots":{"index":"index","follow":"follow","max-snippet":"max-snippet:-1","max-image-preview":"max-image-preview:large","max-video-preview":"max-video-preview:-1"},"canonical":"https:\/\/sanluisinforma.com\/?p=11884","og_locale":"es_MX","og_type":"article","og_title":"Festival San Luis en Primavera fortalece la econom\u00eda local durante Semana Santa: Canaco - sanluisinforma.com","og_description":"Fernando D\u00edaz de Le\u00f3n, Presidente de la C\u00e1mara Nacional de Comercio, Servicios y Turismo (Canaco-Servytur), afirm\u00f3 que el Festival San","og_url":"https:\/\/sanluisinforma.com\/?p=11884","og_site_name":"sanluisinforma.com","article_published_time":"2025-04-24T06:30:00+00:00","article_modified_time":"2025-04-24T00:17:00+00:00","og_image":[{"width":400,"height":224,"url":"https:\/\/sanluisinforma.com\/wp-content\/uploads\/2025\/04\/56bb7be2-62cb-4d64-a6dc-6ef15b8ecfbd.jpg","type":"image\/jpeg"}],"author":"sanluisinforma.com","twitter_card":"summary_large_image","twitter_misc":{"Escrito por":"sanluisinforma.com","Tiempo de lectura":"1 minuto"},"schema":{"@context":"https:\/\/schema.org","@graph":[{"@type":"Article","@id":"https:\/\/sanluisinforma.com\/?p=11884#article","isPartOf":{"@id":"https:\/\/sanluisinforma.com\/?p=11884"},"author":{"name":"sanluisinforma.com","@id":"https:\/\/sanluisinforma.com\/#\/schema\/person\/c30648f71476be533b6f59d092905c8b"},"headline":"Festival San Luis en Primavera fortalece la econom\u00eda local durante Semana Santa: Canaco","datePublished":"2025-04-24T06:30:00+00:00","dateModified":"2025-04-24T00:17:00+00:00","mainEntityOfPage":{"@id":"https:\/\/sanluisinforma.com\/?p=11884"},"wordCount":202,"publisher":{"@id":"https:\/\/sanluisinforma.com\/#organization"},"image":{"@id":"https:\/\/sanluisinforma.com\/?p=11884#primaryimage"},"thumbnailUrl":"https:\/\/sanluisinforma.com\/wp-content\/uploads\/2025\/04\/56bb7be2-62cb-4d64-a6dc-6ef15b8ecfbd.jpg","articleSection":["Local"],"inLanguage":"es"},{"@type":"WebPage","@id":"https:\/\/sanluisinforma.com\/?p=11884","url":"https:\/\/sanluisinforma.com\/?p=11884","name":"Festival San Luis en Primavera fortalece la econom\u00eda local durante Semana Santa: Canaco - sanluisinforma.com","isPartOf":{"@id":"https:\/\/sanluisinforma.com\/#website"},"primaryImageOfPage":{"@id":"https:\/\/sanluisinforma.com\/?p=11884#primaryimage"},"image":{"@id":"https:\/\/sanluisinforma.com\/?p=11884#primaryimage"},"thumbnailUrl":"https:\/\/sanluisinforma.com\/wp-content\/uploads\/2025\/04\/56bb7be2-62cb-4d64-a6dc-6ef15b8ecfbd.jpg","datePublished":"2025-04-24T06:30:00+00:00","dateModified":"2025-04-24T00:17:00+00:00","breadcrumb":{"@id":"https:\/\/sanluisinforma.com\/?p=11884#breadcrumb"},"inLanguage":"es","potentialAction":[{"@type":"ReadAction","target":["https:\/\/sanluisinforma.com\/?p=11884"]}]},{"@type":"ImageObject","inLanguage":"es","@id":"https:\/\/sanluisinforma.com\/?p=11884#primaryimage","url":"https:\/\/sanluisinforma.com\/wp-content\/uploads\/2025\/04\/56bb7be2-62cb-4d64-a6dc-6ef15b8ecfbd.jpg","contentUrl":"https:\/\/sanluisinforma.com\/wp-content\/uploads\/2025\/04\/56bb7be2-62cb-4d64-a6dc-6ef15b8ecfbd.jpg","width":400,"height":224},{"@type":"BreadcrumbList","@id":"https:\/\/sanluisinforma.com\/?p=11884#breadcrumb","itemListElement":[{"@type":"ListItem","position":1,"name":"Inicio","item":"https:\/\/sanluisinforma.com\/"},{"@type":"ListItem","position":2,"name":"Festival San Luis en Primavera fortalece la econom\u00eda local durante Semana Santa: Canaco"}]},{"@type":"WebSite","@id":"https:\/\/sanluisinforma.com\/#website","url":"https:\/\/sanluisinforma.com\/","name":"sanluisinforma.com","description":"Periodico San Luis Informa","publisher":{"@id":"https:\/\/sanluisinforma.com\/#organization"},"potentialAction":[{"@type":"SearchAction","target":{"@type":"EntryPoint","urlTemplate":"https:\/\/sanluisinforma.com\/?s={search_term_string}"},"query-input":{"@type":"PropertyValueSpecification","valueRequired":true,"valueName":"search_term_string"}}],"inLanguage":"es"},{"@type":"Organization","@id":"https:\/\/sanluisinforma.com\/#organization","name":"sanluisinforma.com","url":"https:\/\/sanluisinforma.com\/","logo":{"@type":"ImageObject","inLanguage":"es","@id":"https:\/\/sanluisinforma.com\/#\/schema\/logo\/image\/","url":"https:\/\/sanluisinforma.com\/wp-content\/uploads\/2026\/03\/sanluisinforma-V.jpg","contentUrl":"https:\/\/sanluisinforma.com\/wp-content\/uploads\/2026\/03\/sanluisinforma-V.jpg","width":500,"height":156,"caption":"sanluisinforma.com"},"image":{"@id":"https:\/\/sanluisinforma.com\/#\/schema\/logo\/image\/"}},{"@type":"Person","@id":"https:\/\/sanluisinforma.com\/#\/schema\/person\/c30648f71476be533b6f59d092905c8b","name":"sanluisinforma.com","image":{"@type":"ImageObject","inLanguage":"es","@id":"https:\/\/sanluisinforma.com\/#\/schema\/person\/image\/","url":"https:\/\/secure.gravatar.com\/avatar\/86e3114e34a1eecefb963e0a02f0093f93b092dddb2fe1517596343751081a87?s=96&d=mm&r=g","contentUrl":"https:\/\/secure.gravatar.com\/avatar\/86e3114e34a1eecefb963e0a02f0093f93b092dddb2fe1517596343751081a87?s=96&d=mm&r=g","caption":"sanluisinforma.com"},"url":"https:\/\/sanluisinforma.com\/?author=2"}]}},"_links":{"self":[{"href":"https:\/\/sanluisinforma.com\/index.php?rest_route=\/wp\/v2\/posts\/11884","targetHints":{"allow":["GET"]}}],"collection":[{"href":"https:\/\/sanluisinforma.com\/index.php?rest_route=\/wp\/v2\/posts"}],"about":[{"href":"https:\/\/sanluisinforma.com\/index.php?rest_route=\/wp\/v2\/types\/post"}],"author":[{"embeddable":true,"href":"https:\/\/sanluisinforma.com\/index.php?rest_route=\/wp\/v2\/users\/2"}],"replies":[{"embeddable":true,"href":"https:\/\/sanluisinforma.com\/index.php?rest_route=%2Fwp%2Fv2%2Fcomments&post=11884"}],"version-history":[{"count":1,"href":"https:\/\/sanluisinforma.com\/index.php?rest_route=\/wp\/v2\/posts\/11884\/revisions"}],"predecessor-version":[{"id":11886,"href":"https:\/\/sanluisinforma.com\/index.php?rest_route=\/wp\/v2\/posts\/11884\/revisions\/11886"}],"wp:featuredmedia":[{"embeddable":true,"href":"https:\/\/sanluisinforma.com\/index.php?rest_route=\/wp\/v2\/media\/11885"}],"wp:attachment":[{"href":"https:\/\/sanluisinforma.com\/index.php?rest_route=%2Fwp%2Fv2%2Fmedia&parent=11884"}],"wp:term":[{"taxonomy":"category","embeddable":true,"href":"https:\/\/sanluisinforma.com\/index.php?rest_route=%2Fwp%2Fv2%2Fcategories&post=11884"},{"taxonomy":"post_tag","embeddable":true,"href":"https:\/\/sanluisinforma.com\/index.php?rest_route=%2Fwp%2Fv2%2Ftags&post=11884"}],"curies":[{"name":"wp","href":"https:\/\/api.w.org\/{rel}","templated":true}]}}