{"id":11896,"date":"2025-04-24T00:40:00","date_gmt":"2025-04-24T06:40:00","guid":{"rendered":"https:\/\/sanluisinforma.com\/?p=11896"},"modified":"2025-04-23T18:52:25","modified_gmt":"2025-04-24T00:52:25","slug":"inicia-red-nacional-de-tejedoras-de-la-patria-con-el-objetivo-de-que-las-mujeres-nos-protejamos-todas-presidenta-claudia-sheinbaum","status":"publish","type":"post","link":"https:\/\/sanluisinforma.com\/?p=11896","title":{"rendered":"Inicia Red Nacional de Tejedoras de la Patria con el objetivo de que las mujeres nos protejamos todas: Presidenta Claudia Sheinbaum"},"content":{"rendered":"\n<p><\/p>\n\n\n\n<p>* Como parte de las Pol\u00edticas de Bienestar para las Mujeres, se crear\u00e1n este a\u00f1o 678 Centros LIBRE en todo el pa\u00eds; a partir del 1 de mayo se habilita la L\u00ednea de las Mujeres 079 opci\u00f3n 1 para atender a mexicanas que vivan violencias y comienza registro de las Abogadas de las Mujeres<\/p>\n\n\n\n<p>* De mayo a julio arrancar\u00e1n las primeras 300 Asambleas de Mujeres en municipios donde se registra mayor violencia hacia las mujeres<\/p>\n\n\n\n<p>Ciudad de M\u00e9xico, 23 de abril de 2025.- La Presidenta de M\u00e9xico, Claudia Sheinbaum Pardo, anunci\u00f3 la puesta en marcha de Pol\u00edticas de Bienestar para las Mujeres con el inicio de la Red Nacional de Tejedoras de la Patria; la creaci\u00f3n este a\u00f1o de 678 Centros LIBRE para las Mujeres en todo el pa\u00eds con apoyo de las y los gobernadores; adem\u00e1s de que a partir del 1\u00b0 de mayo se pondr\u00e1 en operaci\u00f3n la nueva L\u00ednea de las Mujeres 079 opci\u00f3n 1; comenzar\u00e1 el registro para las Abogadas de las Mujeres y se realizar\u00e1n de mayo a julio las primeras 300 Asambleas de Mujeres \u201cVoces por la igualdad y contra las violencias\u201d en lugares donde se registra mayor violencia de g\u00e9nero.<\/p>\n\n\n\n<p>\u201cInicia la Red de Mujeres Tejedoras de la Patria. Cualquier mujer mexicana puede inscribirse en nuestro territorio o fuera de nuestro territorio; y el objetivo de esta red, que es de voluntarias, es tener grupos de mujeres que nos protejamos entre nosotras y que podamos desarrollarnos. Ese es el primero. El segundo, Centro LIBRE para las Mujeres, con el apoyo de todas las gobernadoras y gobernadores del pa\u00eds, que van a ser Centros de Atenci\u00f3n a las Mujeres de M\u00e9xico. El tercero, la l\u00ednea 079, opci\u00f3n \u201c1\u201d, que va a empezar a funcionar a partir del 1\u00ba de mayo, para atenci\u00f3n a las mujeres que viven violencias. El cuarto, abogadas de las mujeres. Abogadas que quieran ser parte de la Secretar\u00eda de las Mujeres e incorporarse como abogadas de mujeres que viven violencias, pueden inscribirse y ah\u00ed van a ser seleccionadas para ser abogadas de las mujeres&#8221;.<\/p>\n\n\n\n<p>\u201cAdem\u00e1s, asambleas en todo el pa\u00eds. En los municipios, vamos a iniciar en los municipios de mayor o que tienen registrada mayor violencia contra mujeres, para que ah\u00ed las mujeres puedan hablar, decir qu\u00e9 necesitan, c\u00f3mo apoyarlas y generar otros apoyos. Y la Cartilla de Derechos de las Mujeres, que ustedes ya la conocen que, por lo pronto, se han editado 10 millones de cartillas que van a ser distribuidas en todo el territorio\u201d, explic\u00f3 en la conferencia matutina: \u201cLas ma\u00f1aneras del pueblo\u201d.<\/p>\n\n\n\n<p>Destac\u00f3 que, a estas pol\u00edticas se suma la Pensi\u00f3n Mujeres Bienestar, que ya beneficia un mill\u00f3n 107 mil 69 mujeres y cuyo registro para todas las mexicanas entre 60 y 64 a\u00f1os abre del 4 al 30 de agosto, con lo que se estima que a finales de a\u00f1o se tengan 3 millones de beneficiarias. En tanto que a partir del 30 de abril iniciar\u00e1 la construcci\u00f3n de los primeros cinco Centros de Educaci\u00f3n y Cuidado Infantil (CECI) del Instituto Mexicano del Seguro Social (IMSS) en Ciudad Ju\u00e1rez, Chihuahua, de un total de 200 que ser\u00e1n edificados en todo el pa\u00eds en beneficio de las mujeres trabajadoras.<\/p>\n\n\n\n<p>Durante la conferencia matutina, se realiz\u00f3 un enlace con los gobernadores y gobernadoras de Oaxaca, Salom\u00f3n Jara Cruz; de Nuevo Le\u00f3n, Samuel Garc\u00eda Sep\u00falveda; de Colima, Indira Vizca\u00edno Silva; de Baja California, Marina del Pilar Avila Olmeda; de Morelos, Margarita Gonz\u00e1lez Saravia; de Chiapas, Eduardo Ram\u00edrez Aguilar; de Puebla, Alejandro Armenta Mier; y de Guanajuato, Libia Denisse Garc\u00eda Mu\u00f1oz Ledo, quienes reafirmaron su compromiso de sumarse a las pol\u00edticas de bienestar en favor de las mujeres.<\/p>\n\n\n\n<p>La secretaria de Mujeres, Citlalli Hern\u00e1ndez Mora, explic\u00f3 que la Red Nacional de Tejedoras de la Patria busca convocar a mujeres en territorio que inciden para transformar sus comunidades y que a trav\u00e9s de ellas, se informe sobre los servicios de atenci\u00f3n y programas que existen para las mujeres; podr\u00e1n registrarse a trav\u00e9s de la p\u00e1gina tejedorasdelapatria.mujeres.gob.mx\/. Destac\u00f3 que la meta es encontrar 100 mil Tejedoras de la Patria que entre sus actividades recibir\u00e1n y entregar\u00e1n la Cartilla de Derechos de las Mujeres; invitar\u00e1n a cinco mujeres a ser parte de esta red; se reunir\u00e1n para compartir saberes y experiencias. Adem\u00e1s, recibir\u00e1n un reconocimiento firmado por la Presidenta para reconocer su labor.<\/p>\n\n\n\n<p>Precis\u00f3 que en los 678 Centros LIBRE para las Mujeres \u2014que se construir\u00e1n este a\u00f1o con una inversi\u00f3n de 754 millones 538 mil 872 pesos\u2014, se promover\u00e1n derechos; contar\u00e1n con atenci\u00f3n integral para las mujeres particularmente para quienes viven violencias por lo que contar\u00e1n con trabajadoras sociales; abogadas; se otorgar\u00e1 atenci\u00f3n psicol\u00f3gica y asesor\u00edas jur\u00eddicas. Adem\u00e1s, las mujeres podr\u00e1n participar activamente ya que ser\u00e1n ellas quienes decidan en qu\u00e9 destinar los recursos a trav\u00e9s de \u201cEl LIBRE es Nuestro\u201d. A\u00f1adi\u00f3 que la L\u00ednea de las Mujeres 079 opci\u00f3n 1 fue desarrollada con el apoyo de la Agencia de Transformaci\u00f3n Digital; mientras que para la conformaci\u00f3n de las Abogadas de las Mujeres el registro ser\u00e1 en abogadas.mujeres.gob.mx\/, a partir del 1 de mayo y se estima que se integren al menos 800 mujeres que acompa\u00f1en a otras mujeres en sus procesos legales.<\/p>\n\n\n\n<p>La secretaria del Bienestar, Ariadna Montiel Reyes, inform\u00f3 que a marzo de este a\u00f1o se han invertido 5 mil 566.4 millones de pesos en beneficio de un mill\u00f3n 107 mil 69 mujeres derechohabientes de la Pensi\u00f3n Mujeres Bienestar. Destac\u00f3 que desde el lunes 21 y hasta el 30 de abril se entregan las tarjetas a quienes se registraron en febrero. Por otra parte, se\u00f1al\u00f3 que al mes de marzo son 18 millones 673 mil 101 mujeres beneficiarias de los Programas para el Bienestar del Gobierno de M\u00e9xico, por lo que representan el 58.7 por ciento de los derechohabientes de todo el pa\u00eds.<\/p>\n\n\n\n<p>El director general del IMSS, Zo\u00e9 Robledo Aburto, explic\u00f3 que los nuevos CECI\u00b4s dejan atr\u00e1s el modelo de guarder\u00eda subrogada, ya que contar\u00e1n con un nuevo modelo pedag\u00f3gico y de prevenci\u00f3n en el que se promociona el autocuidado en materia de salud mental, lactancia y expresi\u00f3n art\u00edstica. Adem\u00e1s, se pondr\u00e1 un mayor \u00e9nfasis en garantizar la seguridad dentro de las instalaciones al contar con un mayor n\u00famero de educadoras y se crea la figura de Mentora Educativa.<\/p>\n\n\n\n<p>Los CECIs estar\u00e1n construidos en terrenos de mil metros cuadrados (m2) con un costo promedio de 36 millones de pesos, un periodo de construcci\u00f3n de 150 d\u00edas, tendr\u00e1n una capacidad de atenci\u00f3n de 110 a 250 menores; contar\u00e1n con laboratorio de leche, almac\u00e9n de v\u00edveres, sala de usos m\u00faltiples; salas de preescolar y de educaci\u00f3n inicial; \u00e1reas de juegos, bodegas generales, talleres de conservaci\u00f3n, lavander\u00eda, cocina, \u00e1rea de fomento a la salud, \u00e1reas de recepci\u00f3n y control de administraci\u00f3n; y toda la parte de pedagog\u00eda. Su edificaci\u00f3n comienza el 30 de abril con los primeros cinco CECIs en Ciudad Ju\u00e1rez, Chihuahua, en terrenos donados por el municipio en: Las Gladiolas Etapa II; Municipio Libre; Paraje Oriente 17; Senderos de San Isidro Etapa VIII; y Urbivilla del Cedro, Secci\u00f3n IV, Etapa 10.<\/p>\n","protected":false},"excerpt":{"rendered":"<p>* Como parte de las Pol\u00edticas de Bienestar para las Mujeres, se crear\u00e1n este a\u00f1o 678 Centros LIBRE en todo<\/p>\n","protected":false},"author":2,"featured_media":11897,"comment_status":"closed","ping_status":"closed","sticky":false,"template":"","format":"standard","meta":{"footnotes":""},"categories":[26],"tags":[],"class_list":["post-11896","post","type-post","status-publish","format-standard","has-post-thumbnail","hentry","category-nacional"],"yoast_head":"<!-- This site is optimized with the Yoast SEO plugin v24.1 - https:\/\/yoast.com\/wordpress\/plugins\/seo\/ -->\n<title>Inicia Red Nacional de Tejedoras de la Patria con el objetivo de que las mujeres nos protejamos todas: Presidenta Claudia Sheinbaum - sanluisinforma.com<\/title>\n<meta name=\"robots\" content=\"index, follow, max-snippet:-1, max-image-preview:large, max-video-preview:-1\" \/>\n<link rel=\"canonical\" href=\"https:\/\/sanluisinforma.com\/?p=11896\" \/>\n<meta property=\"og:locale\" content=\"es_MX\" \/>\n<meta property=\"og:type\" content=\"article\" \/>\n<meta property=\"og:title\" content=\"Inicia Red Nacional de Tejedoras de la Patria con el objetivo de que las mujeres nos protejamos todas: Presidenta Claudia Sheinbaum - sanluisinforma.com\" \/>\n<meta property=\"og:description\" content=\"* Como parte de las Pol\u00edticas de Bienestar para las Mujeres, se crear\u00e1n este a\u00f1o 678 Centros LIBRE en todo\" \/>\n<meta property=\"og:url\" content=\"https:\/\/sanluisinforma.com\/?p=11896\" \/>\n<meta property=\"og:site_name\" content=\"sanluisinforma.com\" \/>\n<meta property=\"article:published_time\" content=\"2025-04-24T06:40:00+00:00\" \/>\n<meta property=\"article:modified_time\" content=\"2025-04-24T00:52:25+00:00\" \/>\n<meta property=\"og:image\" content=\"https:\/\/sanluisinforma.com\/wp-content\/uploads\/2025\/04\/71c5fe01-6719-4929-b520-6377b54e63d9.jpg\" \/>\n\t<meta property=\"og:image:width\" content=\"400\" \/>\n\t<meta property=\"og:image:height\" content=\"266\" \/>\n\t<meta property=\"og:image:type\" content=\"image\/jpeg\" \/>\n<meta name=\"author\" content=\"sanluisinforma.com\" \/>\n<meta name=\"twitter:card\" content=\"summary_large_image\" \/>\n<meta name=\"twitter:label1\" content=\"Escrito por\" \/>\n\t<meta name=\"twitter:data1\" content=\"sanluisinforma.com\" \/>\n\t<meta name=\"twitter:label2\" content=\"Tiempo de lectura\" \/>\n\t<meta name=\"twitter:data2\" content=\"6 minutos\" \/>\n<script type=\"application\/ld+json\" class=\"yoast-schema-graph\">{\"@context\":\"https:\/\/schema.org\",\"@graph\":[{\"@type\":\"Article\",\"@id\":\"https:\/\/sanluisinforma.com\/?p=11896#article\",\"isPartOf\":{\"@id\":\"https:\/\/sanluisinforma.com\/?p=11896\"},\"author\":{\"name\":\"sanluisinforma.com\",\"@id\":\"https:\/\/sanluisinforma.com\/#\/schema\/person\/c30648f71476be533b6f59d092905c8b\"},\"headline\":\"Inicia Red Nacional de Tejedoras de la Patria con el objetivo de que las mujeres nos protejamos todas: Presidenta Claudia Sheinbaum\",\"datePublished\":\"2025-04-24T06:40:00+00:00\",\"dateModified\":\"2025-04-24T00:52:25+00:00\",\"mainEntityOfPage\":{\"@id\":\"https:\/\/sanluisinforma.com\/?p=11896\"},\"wordCount\":1266,\"publisher\":{\"@id\":\"https:\/\/sanluisinforma.com\/#organization\"},\"image\":{\"@id\":\"https:\/\/sanluisinforma.com\/?p=11896#primaryimage\"},\"thumbnailUrl\":\"https:\/\/sanluisinforma.com\/wp-content\/uploads\/2025\/04\/71c5fe01-6719-4929-b520-6377b54e63d9.jpg\",\"articleSection\":[\"Nacional\"],\"inLanguage\":\"es\"},{\"@type\":\"WebPage\",\"@id\":\"https:\/\/sanluisinforma.com\/?p=11896\",\"url\":\"https:\/\/sanluisinforma.com\/?p=11896\",\"name\":\"Inicia Red Nacional de Tejedoras de la Patria con el objetivo de que las mujeres nos protejamos todas: Presidenta Claudia Sheinbaum - sanluisinforma.com\",\"isPartOf\":{\"@id\":\"https:\/\/sanluisinforma.com\/#website\"},\"primaryImageOfPage\":{\"@id\":\"https:\/\/sanluisinforma.com\/?p=11896#primaryimage\"},\"image\":{\"@id\":\"https:\/\/sanluisinforma.com\/?p=11896#primaryimage\"},\"thumbnailUrl\":\"https:\/\/sanluisinforma.com\/wp-content\/uploads\/2025\/04\/71c5fe01-6719-4929-b520-6377b54e63d9.jpg\",\"datePublished\":\"2025-04-24T06:40:00+00:00\",\"dateModified\":\"2025-04-24T00:52:25+00:00\",\"breadcrumb\":{\"@id\":\"https:\/\/sanluisinforma.com\/?p=11896#breadcrumb\"},\"inLanguage\":\"es\",\"potentialAction\":[{\"@type\":\"ReadAction\",\"target\":[\"https:\/\/sanluisinforma.com\/?p=11896\"]}]},{\"@type\":\"ImageObject\",\"inLanguage\":\"es\",\"@id\":\"https:\/\/sanluisinforma.com\/?p=11896#primaryimage\",\"url\":\"https:\/\/sanluisinforma.com\/wp-content\/uploads\/2025\/04\/71c5fe01-6719-4929-b520-6377b54e63d9.jpg\",\"contentUrl\":\"https:\/\/sanluisinforma.com\/wp-content\/uploads\/2025\/04\/71c5fe01-6719-4929-b520-6377b54e63d9.jpg\",\"width\":400,\"height\":266},{\"@type\":\"BreadcrumbList\",\"@id\":\"https:\/\/sanluisinforma.com\/?p=11896#breadcrumb\",\"itemListElement\":[{\"@type\":\"ListItem\",\"position\":1,\"name\":\"Inicio\",\"item\":\"https:\/\/sanluisinforma.com\/\"},{\"@type\":\"ListItem\",\"position\":2,\"name\":\"Inicia Red Nacional de Tejedoras de la Patria con el objetivo de que las mujeres nos protejamos todas: Presidenta Claudia Sheinbaum\"}]},{\"@type\":\"WebSite\",\"@id\":\"https:\/\/sanluisinforma.com\/#website\",\"url\":\"https:\/\/sanluisinforma.com\/\",\"name\":\"sanluisinforma.com\",\"description\":\"Periodico San Luis Informa\",\"publisher\":{\"@id\":\"https:\/\/sanluisinforma.com\/#organization\"},\"potentialAction\":[{\"@type\":\"SearchAction\",\"target\":{\"@type\":\"EntryPoint\",\"urlTemplate\":\"https:\/\/sanluisinforma.com\/?s={search_term_string}\"},\"query-input\":{\"@type\":\"PropertyValueSpecification\",\"valueRequired\":true,\"valueName\":\"search_term_string\"}}],\"inLanguage\":\"es\"},{\"@type\":\"Organization\",\"@id\":\"https:\/\/sanluisinforma.com\/#organization\",\"name\":\"sanluisinforma.com\",\"url\":\"https:\/\/sanluisinforma.com\/\",\"logo\":{\"@type\":\"ImageObject\",\"inLanguage\":\"es\",\"@id\":\"https:\/\/sanluisinforma.com\/#\/schema\/logo\/image\/\",\"url\":\"https:\/\/sanluisinforma.com\/wp-content\/uploads\/2026\/03\/sanluisinforma-V.jpg\",\"contentUrl\":\"https:\/\/sanluisinforma.com\/wp-content\/uploads\/2026\/03\/sanluisinforma-V.jpg\",\"width\":500,\"height\":156,\"caption\":\"sanluisinforma.com\"},\"image\":{\"@id\":\"https:\/\/sanluisinforma.com\/#\/schema\/logo\/image\/\"}},{\"@type\":\"Person\",\"@id\":\"https:\/\/sanluisinforma.com\/#\/schema\/person\/c30648f71476be533b6f59d092905c8b\",\"name\":\"sanluisinforma.com\",\"image\":{\"@type\":\"ImageObject\",\"inLanguage\":\"es\",\"@id\":\"https:\/\/sanluisinforma.com\/#\/schema\/person\/image\/\",\"url\":\"https:\/\/secure.gravatar.com\/avatar\/86e3114e34a1eecefb963e0a02f0093f93b092dddb2fe1517596343751081a87?s=96&d=mm&r=g\",\"contentUrl\":\"https:\/\/secure.gravatar.com\/avatar\/86e3114e34a1eecefb963e0a02f0093f93b092dddb2fe1517596343751081a87?s=96&d=mm&r=g\",\"caption\":\"sanluisinforma.com\"},\"url\":\"https:\/\/sanluisinforma.com\/?author=2\"}]}<\/script>\n<!-- \/ Yoast SEO plugin. -->","yoast_head_json":{"title":"Inicia Red Nacional de Tejedoras de la Patria con el objetivo de que las mujeres nos protejamos todas: Presidenta Claudia Sheinbaum - sanluisinforma.com","robots":{"index":"index","follow":"follow","max-snippet":"max-snippet:-1","max-image-preview":"max-image-preview:large","max-video-preview":"max-video-preview:-1"},"canonical":"https:\/\/sanluisinforma.com\/?p=11896","og_locale":"es_MX","og_type":"article","og_title":"Inicia Red Nacional de Tejedoras de la Patria con el objetivo de que las mujeres nos protejamos todas: Presidenta Claudia Sheinbaum - sanluisinforma.com","og_description":"* Como parte de las Pol\u00edticas de Bienestar para las Mujeres, se crear\u00e1n este a\u00f1o 678 Centros LIBRE en todo","og_url":"https:\/\/sanluisinforma.com\/?p=11896","og_site_name":"sanluisinforma.com","article_published_time":"2025-04-24T06:40:00+00:00","article_modified_time":"2025-04-24T00:52:25+00:00","og_image":[{"width":400,"height":266,"url":"https:\/\/sanluisinforma.com\/wp-content\/uploads\/2025\/04\/71c5fe01-6719-4929-b520-6377b54e63d9.jpg","type":"image\/jpeg"}],"author":"sanluisinforma.com","twitter_card":"summary_large_image","twitter_misc":{"Escrito por":"sanluisinforma.com","Tiempo de lectura":"6 minutos"},"schema":{"@context":"https:\/\/schema.org","@graph":[{"@type":"Article","@id":"https:\/\/sanluisinforma.com\/?p=11896#article","isPartOf":{"@id":"https:\/\/sanluisinforma.com\/?p=11896"},"author":{"name":"sanluisinforma.com","@id":"https:\/\/sanluisinforma.com\/#\/schema\/person\/c30648f71476be533b6f59d092905c8b"},"headline":"Inicia Red Nacional de Tejedoras de la Patria con el objetivo de que las mujeres nos protejamos todas: Presidenta Claudia Sheinbaum","datePublished":"2025-04-24T06:40:00+00:00","dateModified":"2025-04-24T00:52:25+00:00","mainEntityOfPage":{"@id":"https:\/\/sanluisinforma.com\/?p=11896"},"wordCount":1266,"publisher":{"@id":"https:\/\/sanluisinforma.com\/#organization"},"image":{"@id":"https:\/\/sanluisinforma.com\/?p=11896#primaryimage"},"thumbnailUrl":"https:\/\/sanluisinforma.com\/wp-content\/uploads\/2025\/04\/71c5fe01-6719-4929-b520-6377b54e63d9.jpg","articleSection":["Nacional"],"inLanguage":"es"},{"@type":"WebPage","@id":"https:\/\/sanluisinforma.com\/?p=11896","url":"https:\/\/sanluisinforma.com\/?p=11896","name":"Inicia Red Nacional de Tejedoras de la Patria con el objetivo de que las mujeres nos protejamos todas: Presidenta Claudia Sheinbaum - sanluisinforma.com","isPartOf":{"@id":"https:\/\/sanluisinforma.com\/#website"},"primaryImageOfPage":{"@id":"https:\/\/sanluisinforma.com\/?p=11896#primaryimage"},"image":{"@id":"https:\/\/sanluisinforma.com\/?p=11896#primaryimage"},"thumbnailUrl":"https:\/\/sanluisinforma.com\/wp-content\/uploads\/2025\/04\/71c5fe01-6719-4929-b520-6377b54e63d9.jpg","datePublished":"2025-04-24T06:40:00+00:00","dateModified":"2025-04-24T00:52:25+00:00","breadcrumb":{"@id":"https:\/\/sanluisinforma.com\/?p=11896#breadcrumb"},"inLanguage":"es","potentialAction":[{"@type":"ReadAction","target":["https:\/\/sanluisinforma.com\/?p=11896"]}]},{"@type":"ImageObject","inLanguage":"es","@id":"https:\/\/sanluisinforma.com\/?p=11896#primaryimage","url":"https:\/\/sanluisinforma.com\/wp-content\/uploads\/2025\/04\/71c5fe01-6719-4929-b520-6377b54e63d9.jpg","contentUrl":"https:\/\/sanluisinforma.com\/wp-content\/uploads\/2025\/04\/71c5fe01-6719-4929-b520-6377b54e63d9.jpg","width":400,"height":266},{"@type":"BreadcrumbList","@id":"https:\/\/sanluisinforma.com\/?p=11896#breadcrumb","itemListElement":[{"@type":"ListItem","position":1,"name":"Inicio","item":"https:\/\/sanluisinforma.com\/"},{"@type":"ListItem","position":2,"name":"Inicia Red Nacional de Tejedoras de la Patria con el objetivo de que las mujeres nos protejamos todas: Presidenta Claudia Sheinbaum"}]},{"@type":"WebSite","@id":"https:\/\/sanluisinforma.com\/#website","url":"https:\/\/sanluisinforma.com\/","name":"sanluisinforma.com","description":"Periodico San Luis Informa","publisher":{"@id":"https:\/\/sanluisinforma.com\/#organization"},"potentialAction":[{"@type":"SearchAction","target":{"@type":"EntryPoint","urlTemplate":"https:\/\/sanluisinforma.com\/?s={search_term_string}"},"query-input":{"@type":"PropertyValueSpecification","valueRequired":true,"valueName":"search_term_string"}}],"inLanguage":"es"},{"@type":"Organization","@id":"https:\/\/sanluisinforma.com\/#organization","name":"sanluisinforma.com","url":"https:\/\/sanluisinforma.com\/","logo":{"@type":"ImageObject","inLanguage":"es","@id":"https:\/\/sanluisinforma.com\/#\/schema\/logo\/image\/","url":"https:\/\/sanluisinforma.com\/wp-content\/uploads\/2026\/03\/sanluisinforma-V.jpg","contentUrl":"https:\/\/sanluisinforma.com\/wp-content\/uploads\/2026\/03\/sanluisinforma-V.jpg","width":500,"height":156,"caption":"sanluisinforma.com"},"image":{"@id":"https:\/\/sanluisinforma.com\/#\/schema\/logo\/image\/"}},{"@type":"Person","@id":"https:\/\/sanluisinforma.com\/#\/schema\/person\/c30648f71476be533b6f59d092905c8b","name":"sanluisinforma.com","image":{"@type":"ImageObject","inLanguage":"es","@id":"https:\/\/sanluisinforma.com\/#\/schema\/person\/image\/","url":"https:\/\/secure.gravatar.com\/avatar\/86e3114e34a1eecefb963e0a02f0093f93b092dddb2fe1517596343751081a87?s=96&d=mm&r=g","contentUrl":"https:\/\/secure.gravatar.com\/avatar\/86e3114e34a1eecefb963e0a02f0093f93b092dddb2fe1517596343751081a87?s=96&d=mm&r=g","caption":"sanluisinforma.com"},"url":"https:\/\/sanluisinforma.com\/?author=2"}]}},"_links":{"self":[{"href":"https:\/\/sanluisinforma.com\/index.php?rest_route=\/wp\/v2\/posts\/11896","targetHints":{"allow":["GET"]}}],"collection":[{"href":"https:\/\/sanluisinforma.com\/index.php?rest_route=\/wp\/v2\/posts"}],"about":[{"href":"https:\/\/sanluisinforma.com\/index.php?rest_route=\/wp\/v2\/types\/post"}],"author":[{"embeddable":true,"href":"https:\/\/sanluisinforma.com\/index.php?rest_route=\/wp\/v2\/users\/2"}],"replies":[{"embeddable":true,"href":"https:\/\/sanluisinforma.com\/index.php?rest_route=%2Fwp%2Fv2%2Fcomments&post=11896"}],"version-history":[{"count":1,"href":"https:\/\/sanluisinforma.com\/index.php?rest_route=\/wp\/v2\/posts\/11896\/revisions"}],"predecessor-version":[{"id":11898,"href":"https:\/\/sanluisinforma.com\/index.php?rest_route=\/wp\/v2\/posts\/11896\/revisions\/11898"}],"wp:featuredmedia":[{"embeddable":true,"href":"https:\/\/sanluisinforma.com\/index.php?rest_route=\/wp\/v2\/media\/11897"}],"wp:attachment":[{"href":"https:\/\/sanluisinforma.com\/index.php?rest_route=%2Fwp%2Fv2%2Fmedia&parent=11896"}],"wp:term":[{"taxonomy":"category","embeddable":true,"href":"https:\/\/sanluisinforma.com\/index.php?rest_route=%2Fwp%2Fv2%2Fcategories&post=11896"},{"taxonomy":"post_tag","embeddable":true,"href":"https:\/\/sanluisinforma.com\/index.php?rest_route=%2Fwp%2Fv2%2Ftags&post=11896"}],"curies":[{"name":"wp","href":"https:\/\/api.w.org\/{rel}","templated":true}]}}