{"id":11918,"date":"2025-04-25T00:45:00","date_gmt":"2025-04-25T06:45:00","guid":{"rendered":"https:\/\/sanluisinforma.com\/?p=11918"},"modified":"2025-04-24T23:09:40","modified_gmt":"2025-04-25T05:09:40","slug":"antena-3-internacional-promociona-la-capital-americana-de-la-cultura-san-luis-potosi-2025","status":"publish","type":"post","link":"https:\/\/sanluisinforma.com\/?p=11918","title":{"rendered":"Antena 3 Internacional promociona la Capital Americana de la Cultura San Luis Potos\u00ed 2025"},"content":{"rendered":"\n<p>El canal internacional de Atresmedia emitir\u00e1 varios spots en los que se resaltan la riqueza hist\u00f3rica y el acervo cultural de municipio mexicano San Lu\u00eds Potos\u00ed<\/p>\n\n\n\n<p>Desde 2001, Antena 3 Internacional contribuye a mejorar y proyectar el conocimiento del territorio que, cada a\u00f1o, es elegido Capital Americana de la Cultura<\/p>\n\n\n\n<p>Antena 3 Internacional promociona el municipio mexicano de San Luis Potos\u00ed, en su condici\u00f3n de Capital Americana de la Cultura 2025.<\/p>\n\n\n\n<p>El canal internacional de Atresmedia emitir\u00e1 varios spots en los que se resaltan la riqueza hist\u00f3rica y el acervo cultural de San Lu\u00eds Potos\u00ed, en una treinta pa\u00edses que reciben la se\u00f1al.<\/p>\n\n\n\n<p>Desde el a\u00f1o 2001, Antena 3 Internacional contribuye a mejorar y proyectar el conocimiento del territorio que, cada a\u00f1o, es elegido Capital Americana de la Cultura.<\/p>\n\n\n\n<p>Desde Atresmedia Internacional, su directora general, Mar Mart\u00ednez-Raposo, asegura que \u201cdesde hace 24 a\u00f1os mantenemos nuestro compromiso con la Capital Americana de la Cultura dando visibilidad a una iniciativa que enriquece esta regi\u00f3n que es parte tambi\u00e9n de nuestra propia esencia\u201d.<\/p>\n\n\n\n<p>La Capital Americana de la Cultura se fund\u00f3 en 1998 con el objetivo de mejorar el conocimiento entre los pueblos del continente americano respetando su diversidad; poniendo de relieve el patrimonio cultural; estableciendo nuevos puentes de cooperaci\u00f3n con las capitales culturales del mundo, y proyectando internacionalmente el territorio designado cada a\u00f1o.<\/p>\n\n\n\n<p>La promoci\u00f3n en Antena 3 Internacional, que se prolongar\u00e1 hasta la finalizaci\u00f3n de la Capital Americana de la Cultura San Lu\u00eds Potos\u00ed, se puede ver en Argentina, Bolivia, Canad\u00e1, Chile, Colombia, Costa Rica, Ecuador, El Salvador, Estados Unidos, Guatemala, Honduras, M\u00e9xico, Nicaragua, Panam\u00e1, Paraguay, Per\u00fa, Puerto Rico, Rep\u00fablica Dominicana, Uruguay, Venezuela, Islas V\u00edrgenes, Trinidad y Tobago, Cura\u00e7ao y Aruba. Y en otros pa\u00edses como Holanda, Francia, Suiza, Reino Unido, Bulgaria y Australia.<\/p>\n\n\n\n<p>ACCEDE AQU\u00cd AL LISTADO DE OPERADORES QUE INCLUYE ANTENA 3 INTERNACIONAL EN SU OFERTA<\/p>\n\n\n\n<p>Sobre Atresmedia Internacional<\/p>\n\n\n\n<p>Atresmedia Internacional es la direcci\u00f3n del grupo Atresmedia que integra sus cuatro canales internacionales: Antena 3, Atreseries, Atrescine y \u00a1HOLA! TV, adem\u00e1s de la plataforma internacional de v\u00eddeo online Atresplayer y tres canales FAST. Posicionado como uno de los l\u00edderes mundiales en la producci\u00f3n y distribuci\u00f3n de contenidos en espa\u00f1ol, Atresmedia es tambi\u00e9n el operador privado europeo con m\u00e1s se\u00f1ales y mayor n\u00famero de suscriptores fuera de sus fronteras, destacando su presencia en todos los pa\u00edses de habla hispana de Latinoam\u00e9rica, adem\u00e1s de EE. UU., Canad\u00e1 y Europa.&nbsp; Atresmedia Internacional apuesta por la calidad y la variedad, dotando a sus canales de personalidad propia y reconocible mediante una oferta de contenidos para toda la familia, que incluye actualidad, entretenimiento, series de estreno, as\u00ed como acceso exclusivo a miembros de la realeza, celebridades, \u00faltimas tendencias del mundo de la moda y estilo de vida.<\/p>\n\n\n\n<p>www.atresmediainternacional.com<\/p>\n","protected":false},"excerpt":{"rendered":"<p>El canal internacional de Atresmedia emitir\u00e1 varios spots en los que se resaltan la riqueza hist\u00f3rica y el acervo cultural<\/p>\n","protected":false},"author":2,"featured_media":11919,"comment_status":"closed","ping_status":"closed","sticky":false,"template":"","format":"standard","meta":{"footnotes":""},"categories":[25],"tags":[],"class_list":["post-11918","post","type-post","status-publish","format-standard","has-post-thumbnail","hentry","category-local"],"yoast_head":"<!-- This site is optimized with the Yoast SEO plugin v24.1 - https:\/\/yoast.com\/wordpress\/plugins\/seo\/ -->\n<title>Antena 3 Internacional promociona la Capital Americana de la Cultura San Luis Potos\u00ed 2025 - sanluisinforma.com<\/title>\n<meta name=\"robots\" content=\"index, follow, max-snippet:-1, max-image-preview:large, max-video-preview:-1\" \/>\n<link rel=\"canonical\" href=\"https:\/\/sanluisinforma.com\/?p=11918\" \/>\n<meta property=\"og:locale\" content=\"es_MX\" \/>\n<meta property=\"og:type\" content=\"article\" \/>\n<meta property=\"og:title\" content=\"Antena 3 Internacional promociona la Capital Americana de la Cultura San Luis Potos\u00ed 2025 - sanluisinforma.com\" \/>\n<meta property=\"og:description\" content=\"El canal internacional de Atresmedia emitir\u00e1 varios spots en los que se resaltan la riqueza hist\u00f3rica y el acervo cultural\" \/>\n<meta property=\"og:url\" content=\"https:\/\/sanluisinforma.com\/?p=11918\" \/>\n<meta property=\"og:site_name\" content=\"sanluisinforma.com\" \/>\n<meta property=\"article:published_time\" content=\"2025-04-25T06:45:00+00:00\" \/>\n<meta property=\"article:modified_time\" content=\"2025-04-25T05:09:40+00:00\" \/>\n<meta property=\"og:image\" content=\"https:\/\/sanluisinforma.com\/wp-content\/uploads\/2025\/04\/cbad0ec1-d763-4f72-8437-d3eae14c3fae.jpg\" \/>\n\t<meta property=\"og:image:width\" content=\"400\" \/>\n\t<meta property=\"og:image:height\" content=\"300\" \/>\n\t<meta property=\"og:image:type\" content=\"image\/jpeg\" \/>\n<meta name=\"author\" content=\"sanluisinforma.com\" \/>\n<meta name=\"twitter:card\" content=\"summary_large_image\" \/>\n<meta name=\"twitter:label1\" content=\"Escrito por\" \/>\n\t<meta name=\"twitter:data1\" content=\"sanluisinforma.com\" \/>\n\t<meta name=\"twitter:label2\" content=\"Tiempo de lectura\" \/>\n\t<meta name=\"twitter:data2\" content=\"3 minutos\" \/>\n<script type=\"application\/ld+json\" class=\"yoast-schema-graph\">{\"@context\":\"https:\/\/schema.org\",\"@graph\":[{\"@type\":\"Article\",\"@id\":\"https:\/\/sanluisinforma.com\/?p=11918#article\",\"isPartOf\":{\"@id\":\"https:\/\/sanluisinforma.com\/?p=11918\"},\"author\":{\"name\":\"sanluisinforma.com\",\"@id\":\"https:\/\/sanluisinforma.com\/#\/schema\/person\/c30648f71476be533b6f59d092905c8b\"},\"headline\":\"Antena 3 Internacional promociona la Capital Americana de la Cultura San Luis Potos\u00ed 2025\",\"datePublished\":\"2025-04-25T06:45:00+00:00\",\"dateModified\":\"2025-04-25T05:09:40+00:00\",\"mainEntityOfPage\":{\"@id\":\"https:\/\/sanluisinforma.com\/?p=11918\"},\"wordCount\":496,\"publisher\":{\"@id\":\"https:\/\/sanluisinforma.com\/#organization\"},\"image\":{\"@id\":\"https:\/\/sanluisinforma.com\/?p=11918#primaryimage\"},\"thumbnailUrl\":\"https:\/\/sanluisinforma.com\/wp-content\/uploads\/2025\/04\/cbad0ec1-d763-4f72-8437-d3eae14c3fae.jpg\",\"articleSection\":[\"Local\"],\"inLanguage\":\"es\"},{\"@type\":\"WebPage\",\"@id\":\"https:\/\/sanluisinforma.com\/?p=11918\",\"url\":\"https:\/\/sanluisinforma.com\/?p=11918\",\"name\":\"Antena 3 Internacional promociona la Capital Americana de la Cultura San Luis Potos\u00ed 2025 - sanluisinforma.com\",\"isPartOf\":{\"@id\":\"https:\/\/sanluisinforma.com\/#website\"},\"primaryImageOfPage\":{\"@id\":\"https:\/\/sanluisinforma.com\/?p=11918#primaryimage\"},\"image\":{\"@id\":\"https:\/\/sanluisinforma.com\/?p=11918#primaryimage\"},\"thumbnailUrl\":\"https:\/\/sanluisinforma.com\/wp-content\/uploads\/2025\/04\/cbad0ec1-d763-4f72-8437-d3eae14c3fae.jpg\",\"datePublished\":\"2025-04-25T06:45:00+00:00\",\"dateModified\":\"2025-04-25T05:09:40+00:00\",\"breadcrumb\":{\"@id\":\"https:\/\/sanluisinforma.com\/?p=11918#breadcrumb\"},\"inLanguage\":\"es\",\"potentialAction\":[{\"@type\":\"ReadAction\",\"target\":[\"https:\/\/sanluisinforma.com\/?p=11918\"]}]},{\"@type\":\"ImageObject\",\"inLanguage\":\"es\",\"@id\":\"https:\/\/sanluisinforma.com\/?p=11918#primaryimage\",\"url\":\"https:\/\/sanluisinforma.com\/wp-content\/uploads\/2025\/04\/cbad0ec1-d763-4f72-8437-d3eae14c3fae.jpg\",\"contentUrl\":\"https:\/\/sanluisinforma.com\/wp-content\/uploads\/2025\/04\/cbad0ec1-d763-4f72-8437-d3eae14c3fae.jpg\",\"width\":400,\"height\":300},{\"@type\":\"BreadcrumbList\",\"@id\":\"https:\/\/sanluisinforma.com\/?p=11918#breadcrumb\",\"itemListElement\":[{\"@type\":\"ListItem\",\"position\":1,\"name\":\"Inicio\",\"item\":\"https:\/\/sanluisinforma.com\/\"},{\"@type\":\"ListItem\",\"position\":2,\"name\":\"Antena 3 Internacional promociona la Capital Americana de la Cultura San Luis Potos\u00ed 2025\"}]},{\"@type\":\"WebSite\",\"@id\":\"https:\/\/sanluisinforma.com\/#website\",\"url\":\"https:\/\/sanluisinforma.com\/\",\"name\":\"sanluisinforma.com\",\"description\":\"Periodico San Luis Informa\",\"publisher\":{\"@id\":\"https:\/\/sanluisinforma.com\/#organization\"},\"potentialAction\":[{\"@type\":\"SearchAction\",\"target\":{\"@type\":\"EntryPoint\",\"urlTemplate\":\"https:\/\/sanluisinforma.com\/?s={search_term_string}\"},\"query-input\":{\"@type\":\"PropertyValueSpecification\",\"valueRequired\":true,\"valueName\":\"search_term_string\"}}],\"inLanguage\":\"es\"},{\"@type\":\"Organization\",\"@id\":\"https:\/\/sanluisinforma.com\/#organization\",\"name\":\"sanluisinforma.com\",\"url\":\"https:\/\/sanluisinforma.com\/\",\"logo\":{\"@type\":\"ImageObject\",\"inLanguage\":\"es\",\"@id\":\"https:\/\/sanluisinforma.com\/#\/schema\/logo\/image\/\",\"url\":\"https:\/\/sanluisinforma.com\/wp-content\/uploads\/2026\/03\/sanluisinforma-V.jpg\",\"contentUrl\":\"https:\/\/sanluisinforma.com\/wp-content\/uploads\/2026\/03\/sanluisinforma-V.jpg\",\"width\":500,\"height\":156,\"caption\":\"sanluisinforma.com\"},\"image\":{\"@id\":\"https:\/\/sanluisinforma.com\/#\/schema\/logo\/image\/\"}},{\"@type\":\"Person\",\"@id\":\"https:\/\/sanluisinforma.com\/#\/schema\/person\/c30648f71476be533b6f59d092905c8b\",\"name\":\"sanluisinforma.com\",\"image\":{\"@type\":\"ImageObject\",\"inLanguage\":\"es\",\"@id\":\"https:\/\/sanluisinforma.com\/#\/schema\/person\/image\/\",\"url\":\"https:\/\/secure.gravatar.com\/avatar\/86e3114e34a1eecefb963e0a02f0093f93b092dddb2fe1517596343751081a87?s=96&d=mm&r=g\",\"contentUrl\":\"https:\/\/secure.gravatar.com\/avatar\/86e3114e34a1eecefb963e0a02f0093f93b092dddb2fe1517596343751081a87?s=96&d=mm&r=g\",\"caption\":\"sanluisinforma.com\"},\"url\":\"https:\/\/sanluisinforma.com\/?author=2\"}]}<\/script>\n<!-- \/ Yoast SEO plugin. -->","yoast_head_json":{"title":"Antena 3 Internacional promociona la Capital Americana de la Cultura San Luis Potos\u00ed 2025 - sanluisinforma.com","robots":{"index":"index","follow":"follow","max-snippet":"max-snippet:-1","max-image-preview":"max-image-preview:large","max-video-preview":"max-video-preview:-1"},"canonical":"https:\/\/sanluisinforma.com\/?p=11918","og_locale":"es_MX","og_type":"article","og_title":"Antena 3 Internacional promociona la Capital Americana de la Cultura San Luis Potos\u00ed 2025 - sanluisinforma.com","og_description":"El canal internacional de Atresmedia emitir\u00e1 varios spots en los que se resaltan la riqueza hist\u00f3rica y el acervo cultural","og_url":"https:\/\/sanluisinforma.com\/?p=11918","og_site_name":"sanluisinforma.com","article_published_time":"2025-04-25T06:45:00+00:00","article_modified_time":"2025-04-25T05:09:40+00:00","og_image":[{"width":400,"height":300,"url":"https:\/\/sanluisinforma.com\/wp-content\/uploads\/2025\/04\/cbad0ec1-d763-4f72-8437-d3eae14c3fae.jpg","type":"image\/jpeg"}],"author":"sanluisinforma.com","twitter_card":"summary_large_image","twitter_misc":{"Escrito por":"sanluisinforma.com","Tiempo de lectura":"3 minutos"},"schema":{"@context":"https:\/\/schema.org","@graph":[{"@type":"Article","@id":"https:\/\/sanluisinforma.com\/?p=11918#article","isPartOf":{"@id":"https:\/\/sanluisinforma.com\/?p=11918"},"author":{"name":"sanluisinforma.com","@id":"https:\/\/sanluisinforma.com\/#\/schema\/person\/c30648f71476be533b6f59d092905c8b"},"headline":"Antena 3 Internacional promociona la Capital Americana de la Cultura San Luis Potos\u00ed 2025","datePublished":"2025-04-25T06:45:00+00:00","dateModified":"2025-04-25T05:09:40+00:00","mainEntityOfPage":{"@id":"https:\/\/sanluisinforma.com\/?p=11918"},"wordCount":496,"publisher":{"@id":"https:\/\/sanluisinforma.com\/#organization"},"image":{"@id":"https:\/\/sanluisinforma.com\/?p=11918#primaryimage"},"thumbnailUrl":"https:\/\/sanluisinforma.com\/wp-content\/uploads\/2025\/04\/cbad0ec1-d763-4f72-8437-d3eae14c3fae.jpg","articleSection":["Local"],"inLanguage":"es"},{"@type":"WebPage","@id":"https:\/\/sanluisinforma.com\/?p=11918","url":"https:\/\/sanluisinforma.com\/?p=11918","name":"Antena 3 Internacional promociona la Capital Americana de la Cultura San Luis Potos\u00ed 2025 - sanluisinforma.com","isPartOf":{"@id":"https:\/\/sanluisinforma.com\/#website"},"primaryImageOfPage":{"@id":"https:\/\/sanluisinforma.com\/?p=11918#primaryimage"},"image":{"@id":"https:\/\/sanluisinforma.com\/?p=11918#primaryimage"},"thumbnailUrl":"https:\/\/sanluisinforma.com\/wp-content\/uploads\/2025\/04\/cbad0ec1-d763-4f72-8437-d3eae14c3fae.jpg","datePublished":"2025-04-25T06:45:00+00:00","dateModified":"2025-04-25T05:09:40+00:00","breadcrumb":{"@id":"https:\/\/sanluisinforma.com\/?p=11918#breadcrumb"},"inLanguage":"es","potentialAction":[{"@type":"ReadAction","target":["https:\/\/sanluisinforma.com\/?p=11918"]}]},{"@type":"ImageObject","inLanguage":"es","@id":"https:\/\/sanluisinforma.com\/?p=11918#primaryimage","url":"https:\/\/sanluisinforma.com\/wp-content\/uploads\/2025\/04\/cbad0ec1-d763-4f72-8437-d3eae14c3fae.jpg","contentUrl":"https:\/\/sanluisinforma.com\/wp-content\/uploads\/2025\/04\/cbad0ec1-d763-4f72-8437-d3eae14c3fae.jpg","width":400,"height":300},{"@type":"BreadcrumbList","@id":"https:\/\/sanluisinforma.com\/?p=11918#breadcrumb","itemListElement":[{"@type":"ListItem","position":1,"name":"Inicio","item":"https:\/\/sanluisinforma.com\/"},{"@type":"ListItem","position":2,"name":"Antena 3 Internacional promociona la Capital Americana de la Cultura San Luis Potos\u00ed 2025"}]},{"@type":"WebSite","@id":"https:\/\/sanluisinforma.com\/#website","url":"https:\/\/sanluisinforma.com\/","name":"sanluisinforma.com","description":"Periodico San Luis Informa","publisher":{"@id":"https:\/\/sanluisinforma.com\/#organization"},"potentialAction":[{"@type":"SearchAction","target":{"@type":"EntryPoint","urlTemplate":"https:\/\/sanluisinforma.com\/?s={search_term_string}"},"query-input":{"@type":"PropertyValueSpecification","valueRequired":true,"valueName":"search_term_string"}}],"inLanguage":"es"},{"@type":"Organization","@id":"https:\/\/sanluisinforma.com\/#organization","name":"sanluisinforma.com","url":"https:\/\/sanluisinforma.com\/","logo":{"@type":"ImageObject","inLanguage":"es","@id":"https:\/\/sanluisinforma.com\/#\/schema\/logo\/image\/","url":"https:\/\/sanluisinforma.com\/wp-content\/uploads\/2026\/03\/sanluisinforma-V.jpg","contentUrl":"https:\/\/sanluisinforma.com\/wp-content\/uploads\/2026\/03\/sanluisinforma-V.jpg","width":500,"height":156,"caption":"sanluisinforma.com"},"image":{"@id":"https:\/\/sanluisinforma.com\/#\/schema\/logo\/image\/"}},{"@type":"Person","@id":"https:\/\/sanluisinforma.com\/#\/schema\/person\/c30648f71476be533b6f59d092905c8b","name":"sanluisinforma.com","image":{"@type":"ImageObject","inLanguage":"es","@id":"https:\/\/sanluisinforma.com\/#\/schema\/person\/image\/","url":"https:\/\/secure.gravatar.com\/avatar\/86e3114e34a1eecefb963e0a02f0093f93b092dddb2fe1517596343751081a87?s=96&d=mm&r=g","contentUrl":"https:\/\/secure.gravatar.com\/avatar\/86e3114e34a1eecefb963e0a02f0093f93b092dddb2fe1517596343751081a87?s=96&d=mm&r=g","caption":"sanluisinforma.com"},"url":"https:\/\/sanluisinforma.com\/?author=2"}]}},"_links":{"self":[{"href":"https:\/\/sanluisinforma.com\/index.php?rest_route=\/wp\/v2\/posts\/11918","targetHints":{"allow":["GET"]}}],"collection":[{"href":"https:\/\/sanluisinforma.com\/index.php?rest_route=\/wp\/v2\/posts"}],"about":[{"href":"https:\/\/sanluisinforma.com\/index.php?rest_route=\/wp\/v2\/types\/post"}],"author":[{"embeddable":true,"href":"https:\/\/sanluisinforma.com\/index.php?rest_route=\/wp\/v2\/users\/2"}],"replies":[{"embeddable":true,"href":"https:\/\/sanluisinforma.com\/index.php?rest_route=%2Fwp%2Fv2%2Fcomments&post=11918"}],"version-history":[{"count":1,"href":"https:\/\/sanluisinforma.com\/index.php?rest_route=\/wp\/v2\/posts\/11918\/revisions"}],"predecessor-version":[{"id":11920,"href":"https:\/\/sanluisinforma.com\/index.php?rest_route=\/wp\/v2\/posts\/11918\/revisions\/11920"}],"wp:featuredmedia":[{"embeddable":true,"href":"https:\/\/sanluisinforma.com\/index.php?rest_route=\/wp\/v2\/media\/11919"}],"wp:attachment":[{"href":"https:\/\/sanluisinforma.com\/index.php?rest_route=%2Fwp%2Fv2%2Fmedia&parent=11918"}],"wp:term":[{"taxonomy":"category","embeddable":true,"href":"https:\/\/sanluisinforma.com\/index.php?rest_route=%2Fwp%2Fv2%2Fcategories&post=11918"},{"taxonomy":"post_tag","embeddable":true,"href":"https:\/\/sanluisinforma.com\/index.php?rest_route=%2Fwp%2Fv2%2Ftags&post=11918"}],"curies":[{"name":"wp","href":"https:\/\/api.w.org\/{rel}","templated":true}]}}